{"id":529,"date":"2008-07-11T09:22:22","date_gmt":"2008-07-11T07:22:22","guid":{"rendered":"http:\/\/www.article-marketing.eu\/comunicati\/senza-categoria\/vacanze-tempo-di-mare-e-comodit%e0\/"},"modified":"2018-06-04T20:08:02","modified_gmt":"2018-06-04T18:08:02","slug":"vacanze-tempo-di-mare-e-comodit%e0","status":"publish","type":"post","link":"https:\/\/www.article-marketing.eu\/comunicati\/viaggi-e-vacanze\/viaggi-e-turismo\/vacanze-tempo-di-mare-e-comodit%e0\/","title":{"rendered":"Vacanze: tempo di mare e comodit\u00e0"},"content":{"rendered":"<p>Distese di sabbia e acque cristalline sia che la nostra vacanza sia sulle nostre coste italiane sia che siamo fra i fortunati che raggiungeranno qualche bella isola per un soggiorno da favola, non vorremo di certo sfigurare in termini di abbigliamento. <\/p>\n<p>Cos\u00ec per trascorrere ore distesi a prendere il sole fra un tuffo in acqua e l&#8217;altro, la scelta del nuovo costume che deve seguire le nuove tendenze della moda da spiaggia diventa obbligata. Per una donna troviamo le nuove linee di bikini dai colori forti, per ricreare un \u201carcobaleno\u201d sulla spiaggia, affiancati dai moderni costumi da bagno semi interi che giocano sul vedere e non vedere, fino ad arrivare ai semplici abiti a spallina stretta, con scollature sulla schiena da indossare anche per le passeggiate o di sera per godere a pieno della brezza marina, con il proprio bikini femminile, magari seguendo la tendenza del momento, acquistato direttamente online.<\/p>\n<p>Anche per l&#8217;uomo tinte forti per i costumi a slip e calzoncini da mare per tutti i gusti, fantasie hawaiane che richiamano le spiagge straniere ma anche colori pi\u00f9 sobri per gli amanti dello stile classico.<br \/>\nNon manca il conosciuto pareo, comodo per lei ma utilizzato anche da lui, magari in tinta con il costume, risulta sempre l&#8217;indumento pi\u00f9 veloce e pratico per la spiaggia e non solo.<\/p>\n<p>Voglia di mare e voglia di stare comodi, anche nel camminare quindi come non utilizzare le semplici ciabatte infradito, comode magari anche sulla riva della spiaggia ma soprattutto molto apprezzate anche per girare nelle vie della citt\u00e0, dalle pi\u00f9 spartane, in gomma e plastica fino alle pi\u00f9 eleganti, perfette anche per l&#8217;uscita serale, con strass, rifiniture color argento e oro, insieme al leggero abito estivo, ne completano perfettamente l&#8217;abito.<\/p>\n<p>Comoda dal momento della partenza fino all&#8217;arrivo sulla spiaggia e pratica anche durante il nostro shopping nel centro citt\u00e0, non pu\u00f2 mancare la borsa sacca, il nostro bagaglio a mano che ci da l&#8217;aria un po&#8217; nomade e chic che contiene tutto quello che ci serve in un intero giorno, da mattina a sera;<br \/>\nQuando siamo stesi in spiaggia e vogliamo un bel cuscino basta riempirla un po&#8217; e la sacca di tela risulter\u00e0 pratica anche in questo!<\/p>\n<p>La moda mare di quest&#8217;anno accontenta davvero tutti e per chi non ama le infradito anche di sera, ma non vuole sandali con tacchi stravaganti e non ama le alte zeppe, ecco gli ultrapiatti dal sapore metallico, i sandali rasoterra sono l&#8217;accessorio pi\u00f9 usato di questa estate. Tanti modelli per la comodit\u00e0 di tutte, l&#8217;importante \u00e8 che siano scintillanti come l&#8217;oro e l&#8217;argento.<\/p>\n<p>Insomma voglia di vacanza e di abbigliamento giusto e quest&#8217;anno l&#8217;offerta accontenta tutti, dagli accessori, come gli occhiali, magari con montatura color ebano e avorio che richiamano uno stile prezioso, fino alla semplicit\u00e0 delle infradito in gomma colorata apprezzate anche dall&#8217;uomo per la loro comodit\u00e0. Asciugamani dai mille colori per prendere il sole in allegria ma anche vestiti leggeri ed eleganti da sera per le serate all&#8217;aria aperta. Per la vacanza di lei e di lui la scelta dell&#8217;abbigliamento comodo, semplice ed estivo davvero non manca.<\/p>\n","protected":false},"excerpt":{"rendered":"<p>Estate, tempo di vacanze e la meta privilegiata \u00e8 sicuramente il mare.<\/p>\n","protected":false},"author":10,"featured_media":0,"comment_status":"open","ping_status":"open","sticky":false,"template":"","format":"standard","meta":{"cybocfi_hide_featured_image":"","footnotes":""},"categories":[2],"tags":[3],"class_list":["post-529","post","type-post","status-publish","format-standard","hentry","category-viaggi-e-turismo","tag-vacanze"],"yoast_head":"<!-- This site is optimized with the Yoast SEO plugin v27.0 - https:\/\/yoast.com\/product\/yoast-seo-wordpress\/ -->\n<title>Vacanze: tempo di mare e comodit\u00e0 - Article Marketing<\/title>\n<meta name=\"robots\" content=\"index, follow, max-snippet:-1, max-image-preview:large, max-video-preview:-1\" \/>\n<link rel=\"canonical\" href=\"https:\/\/www.article-marketing.eu\/comunicati\/viaggi-e-vacanze\/viaggi-e-turismo\/vacanze-tempo-di-mare-e-comodit?\/\" \/>\n<meta property=\"og:locale\" content=\"it_IT\" \/>\n<meta property=\"og:type\" content=\"article\" \/>\n<meta property=\"og:title\" content=\"Vacanze: tempo di mare e comodit\u00e0 - Article Marketing\" \/>\n<meta property=\"og:description\" content=\"Estate, tempo di vacanze e la meta privilegiata \u00e8 sicuramente il mare.\" \/>\n<meta property=\"og:url\" content=\"\" \/>\n<meta property=\"og:site_name\" content=\"Article Marketing\" \/>\n<meta property=\"article:published_time\" content=\"2008-07-11T07:22:22+00:00\" \/>\n<meta property=\"article:modified_time\" content=\"2018-06-04T18:08:02+00:00\" \/>\n<meta name=\"author\" content=\"Redazione Comunicati Stampa\" \/>\n<meta name=\"twitter:card\" content=\"summary_large_image\" \/>\n<meta name=\"twitter:label1\" content=\"Scritto da\" \/>\n\t<meta name=\"twitter:data1\" content=\"Redazione Comunicati Stampa\" \/>\n\t<meta name=\"twitter:label2\" content=\"Tempo di lettura stimato\" \/>\n\t<meta name=\"twitter:data2\" content=\"3 minuti\" \/>\n<script type=\"application\/ld+json\" class=\"yoast-schema-graph\">{\"@context\":\"https:\/\/schema.org\",\"@graph\":[{\"@type\":\"Article\",\"@id\":\"https:\/\/www.article-marketing.eu\/comunicati\/viaggi-e-vacanze\/viaggi-e-turismo\/vacanze-tempo-di-mare-e-comodit%e0\/#article\",\"isPartOf\":{\"@id\":\"https:\/\/www.article-marketing.eu\/comunicati\/viaggi-e-vacanze\/viaggi-e-turismo\/vacanze-tempo-di-mare-e-comodit%e0\/\"},\"author\":{\"name\":\"Redazione Comunicati Stampa\",\"@id\":\"https:\/\/www.article-marketing.eu\/comunicati\/#\/schema\/person\/44372e4d4d0fa797b18e03ed1ace9017\"},\"headline\":\"Vacanze: tempo di mare e comodit\u00e0\",\"datePublished\":\"2008-07-11T07:22:22+00:00\",\"dateModified\":\"2018-06-04T18:08:02+00:00\",\"mainEntityOfPage\":{\"@id\":\"https:\/\/www.article-marketing.eu\/comunicati\/viaggi-e-vacanze\/viaggi-e-turismo\/vacanze-tempo-di-mare-e-comodit%e0\/\"},\"wordCount\":519,\"commentCount\":0,\"keywords\":[\"vacanze\"],\"articleSection\":[\"Viaggi e Turismo\"],\"inLanguage\":\"it-IT\",\"potentialAction\":[{\"@type\":\"CommentAction\",\"name\":\"Comment\",\"target\":[\"https:\/\/www.article-marketing.eu\/comunicati\/viaggi-e-vacanze\/viaggi-e-turismo\/vacanze-tempo-di-mare-e-comodit%e0\/#respond\"]}]},{\"@type\":\"WebPage\",\"@id\":\"https:\/\/www.article-marketing.eu\/comunicati\/viaggi-e-vacanze\/viaggi-e-turismo\/vacanze-tempo-di-mare-e-comodit%e0\/\",\"url\":\"https:\/\/www.article-marketing.eu\/comunicati\/viaggi-e-vacanze\/viaggi-e-turismo\/vacanze-tempo-di-mare-e-comodit%e0\/\",\"name\":\"Vacanze: tempo di mare e comodit\u00e0 - Article Marketing\",\"isPartOf\":{\"@id\":\"https:\/\/www.article-marketing.eu\/comunicati\/#website\"},\"datePublished\":\"2008-07-11T07:22:22+00:00\",\"dateModified\":\"2018-06-04T18:08:02+00:00\",\"author\":{\"@id\":\"https:\/\/www.article-marketing.eu\/comunicati\/#\/schema\/person\/44372e4d4d0fa797b18e03ed1ace9017\"},\"breadcrumb\":{\"@id\":\"https:\/\/www.article-marketing.eu\/comunicati\/viaggi-e-vacanze\/viaggi-e-turismo\/vacanze-tempo-di-mare-e-comodit%e0\/#breadcrumb\"},\"inLanguage\":\"it-IT\",\"potentialAction\":[{\"@type\":\"ReadAction\",\"target\":[\"https:\/\/www.article-marketing.eu\/comunicati\/viaggi-e-vacanze\/viaggi-e-turismo\/vacanze-tempo-di-mare-e-comodit%e0\/\"]}]},{\"@type\":\"BreadcrumbList\",\"@id\":\"https:\/\/www.article-marketing.eu\/comunicati\/viaggi-e-vacanze\/viaggi-e-turismo\/vacanze-tempo-di-mare-e-comodit%e0\/#breadcrumb\",\"itemListElement\":[{\"@type\":\"ListItem\",\"position\":1,\"name\":\"Home\",\"item\":\"https:\/\/www.article-marketing.eu\/comunicati\/\"},{\"@type\":\"ListItem\",\"position\":2,\"name\":\"Vacanze: tempo di mare e comodit\u00e0\"}]},{\"@type\":\"WebSite\",\"@id\":\"https:\/\/www.article-marketing.eu\/comunicati\/#website\",\"url\":\"https:\/\/www.article-marketing.eu\/comunicati\/\",\"name\":\"Article Marketing\",\"description\":\"article marketing &amp; press release\",\"potentialAction\":[{\"@type\":\"SearchAction\",\"target\":{\"@type\":\"EntryPoint\",\"urlTemplate\":\"https:\/\/www.article-marketing.eu\/comunicati\/?s={search_term_string}\"},\"query-input\":{\"@type\":\"PropertyValueSpecification\",\"valueRequired\":true,\"valueName\":\"search_term_string\"}}],\"inLanguage\":\"it-IT\"},{\"@type\":\"Person\",\"@id\":\"https:\/\/www.article-marketing.eu\/comunicati\/#\/schema\/person\/44372e4d4d0fa797b18e03ed1ace9017\",\"name\":\"Redazione Comunicati Stampa\",\"image\":{\"@type\":\"ImageObject\",\"inLanguage\":\"it-IT\",\"@id\":\"https:\/\/www.article-marketing.eu\/comunicati\/#\/schema\/person\/image\/\",\"url\":\"https:\/\/secure.gravatar.com\/avatar\/50e5c6421d3072f42e7ace803501602c60d75233d34e29fd05feb91c8760b792?s=96&d=mm&r=g\",\"contentUrl\":\"https:\/\/secure.gravatar.com\/avatar\/50e5c6421d3072f42e7ace803501602c60d75233d34e29fd05feb91c8760b792?s=96&d=mm&r=g\",\"caption\":\"Redazione Comunicati Stampa\"},\"url\":\"https:\/\/www.article-marketing.eu\/comunicati\/author\/redazione-comunicati-stampa\/\"}]}<\/script>\n<!-- \/ Yoast SEO plugin. -->","yoast_head_json":{"title":"Vacanze: tempo di mare e comodit\u00e0 - Article Marketing","robots":{"index":"index","follow":"follow","max-snippet":"max-snippet:-1","max-image-preview":"max-image-preview:large","max-video-preview":"max-video-preview:-1"},"canonical":"https:\/\/www.article-marketing.eu\/comunicati\/viaggi-e-vacanze\/viaggi-e-turismo\/vacanze-tempo-di-mare-e-comodit?\/","og_locale":"it_IT","og_type":"article","og_title":"Vacanze: tempo di mare e comodit\u00e0 - Article Marketing","og_description":"Estate, tempo di vacanze e la meta privilegiata \u00e8 sicuramente il mare.","og_url":"https:\/\/www.article-marketing.eu\/comunicati\/viaggi-e-vacanze\/viaggi-e-turismo\/vacanze-tempo-di-mare-e-comodit?\/","og_site_name":"Article Marketing","article_published_time":"2008-07-11T07:22:22+00:00","article_modified_time":"2018-06-04T18:08:02+00:00","author":"Redazione Comunicati Stampa","twitter_card":"summary_large_image","twitter_misc":{"Scritto da":"Redazione Comunicati Stampa","Tempo di lettura stimato":"3 minuti"},"schema":{"@context":"https:\/\/schema.org","@graph":[{"@type":"Article","@id":"https:\/\/www.article-marketing.eu\/comunicati\/viaggi-e-vacanze\/viaggi-e-turismo\/vacanze-tempo-di-mare-e-comodit%e0\/#article","isPartOf":{"@id":"https:\/\/www.article-marketing.eu\/comunicati\/viaggi-e-vacanze\/viaggi-e-turismo\/vacanze-tempo-di-mare-e-comodit%e0\/"},"author":{"name":"Redazione Comunicati Stampa","@id":"https:\/\/www.article-marketing.eu\/comunicati\/#\/schema\/person\/44372e4d4d0fa797b18e03ed1ace9017"},"headline":"Vacanze: tempo di mare e comodit\u00e0","datePublished":"2008-07-11T07:22:22+00:00","dateModified":"2018-06-04T18:08:02+00:00","mainEntityOfPage":{"@id":"https:\/\/www.article-marketing.eu\/comunicati\/viaggi-e-vacanze\/viaggi-e-turismo\/vacanze-tempo-di-mare-e-comodit%e0\/"},"wordCount":519,"commentCount":0,"keywords":["vacanze"],"articleSection":["Viaggi e Turismo"],"inLanguage":"it-IT","potentialAction":[{"@type":"CommentAction","name":"Comment","target":["https:\/\/www.article-marketing.eu\/comunicati\/viaggi-e-vacanze\/viaggi-e-turismo\/vacanze-tempo-di-mare-e-comodit%e0\/#respond"]}]},{"@type":"WebPage","@id":"https:\/\/www.article-marketing.eu\/comunicati\/viaggi-e-vacanze\/viaggi-e-turismo\/vacanze-tempo-di-mare-e-comodit%e0\/","url":"https:\/\/www.article-marketing.eu\/comunicati\/viaggi-e-vacanze\/viaggi-e-turismo\/vacanze-tempo-di-mare-e-comodit%e0\/","name":"Vacanze: tempo di mare e comodit\u00e0 - Article Marketing","isPartOf":{"@id":"https:\/\/www.article-marketing.eu\/comunicati\/#website"},"datePublished":"2008-07-11T07:22:22+00:00","dateModified":"2018-06-04T18:08:02+00:00","author":{"@id":"https:\/\/www.article-marketing.eu\/comunicati\/#\/schema\/person\/44372e4d4d0fa797b18e03ed1ace9017"},"breadcrumb":{"@id":"https:\/\/www.article-marketing.eu\/comunicati\/viaggi-e-vacanze\/viaggi-e-turismo\/vacanze-tempo-di-mare-e-comodit%e0\/#breadcrumb"},"inLanguage":"it-IT","potentialAction":[{"@type":"ReadAction","target":["https:\/\/www.article-marketing.eu\/comunicati\/viaggi-e-vacanze\/viaggi-e-turismo\/vacanze-tempo-di-mare-e-comodit%e0\/"]}]},{"@type":"BreadcrumbList","@id":"https:\/\/www.article-marketing.eu\/comunicati\/viaggi-e-vacanze\/viaggi-e-turismo\/vacanze-tempo-di-mare-e-comodit%e0\/#breadcrumb","itemListElement":[{"@type":"ListItem","position":1,"name":"Home","item":"https:\/\/www.article-marketing.eu\/comunicati\/"},{"@type":"ListItem","position":2,"name":"Vacanze: tempo di mare e comodit\u00e0"}]},{"@type":"WebSite","@id":"https:\/\/www.article-marketing.eu\/comunicati\/#website","url":"https:\/\/www.article-marketing.eu\/comunicati\/","name":"Article Marketing","description":"article marketing &amp; press release","potentialAction":[{"@type":"SearchAction","target":{"@type":"EntryPoint","urlTemplate":"https:\/\/www.article-marketing.eu\/comunicati\/?s={search_term_string}"},"query-input":{"@type":"PropertyValueSpecification","valueRequired":true,"valueName":"search_term_string"}}],"inLanguage":"it-IT"},{"@type":"Person","@id":"https:\/\/www.article-marketing.eu\/comunicati\/#\/schema\/person\/44372e4d4d0fa797b18e03ed1ace9017","name":"Redazione Comunicati Stampa","image":{"@type":"ImageObject","inLanguage":"it-IT","@id":"https:\/\/www.article-marketing.eu\/comunicati\/#\/schema\/person\/image\/","url":"https:\/\/secure.gravatar.com\/avatar\/50e5c6421d3072f42e7ace803501602c60d75233d34e29fd05feb91c8760b792?s=96&d=mm&r=g","contentUrl":"https:\/\/secure.gravatar.com\/avatar\/50e5c6421d3072f42e7ace803501602c60d75233d34e29fd05feb91c8760b792?s=96&d=mm&r=g","caption":"Redazione Comunicati Stampa"},"url":"https:\/\/www.article-marketing.eu\/comunicati\/author\/redazione-comunicati-stampa\/"}]}},"_links":{"self":[{"href":"https:\/\/www.article-marketing.eu\/comunicati\/wp-json\/wp\/v2\/posts\/529","targetHints":{"allow":["GET"]}}],"collection":[{"href":"https:\/\/www.article-marketing.eu\/comunicati\/wp-json\/wp\/v2\/posts"}],"about":[{"href":"https:\/\/www.article-marketing.eu\/comunicati\/wp-json\/wp\/v2\/types\/post"}],"author":[{"embeddable":true,"href":"https:\/\/www.article-marketing.eu\/comunicati\/wp-json\/wp\/v2\/users\/10"}],"replies":[{"embeddable":true,"href":"https:\/\/www.article-marketing.eu\/comunicati\/wp-json\/wp\/v2\/comments?post=529"}],"version-history":[{"count":1,"href":"https:\/\/www.article-marketing.eu\/comunicati\/wp-json\/wp\/v2\/posts\/529\/revisions"}],"predecessor-version":[{"id":55094,"href":"https:\/\/www.article-marketing.eu\/comunicati\/wp-json\/wp\/v2\/posts\/529\/revisions\/55094"}],"wp:attachment":[{"href":"https:\/\/www.article-marketing.eu\/comunicati\/wp-json\/wp\/v2\/media?parent=529"}],"wp:term":[{"taxonomy":"category","embeddable":true,"href":"https:\/\/www.article-marketing.eu\/comunicati\/wp-json\/wp\/v2\/categories?post=529"},{"taxonomy":"post_tag","embeddable":true,"href":"https:\/\/www.article-marketing.eu\/comunicati\/wp-json\/wp\/v2\/tags?post=529"}],"curies":[{"name":"wp","href":"https:\/\/api.w.org\/{rel}","templated":true}]}}