{"id":52949,"date":"2016-07-11T16:31:12","date_gmt":"2016-07-11T14:31:12","guid":{"rendered":"http:\/\/www.article-marketing.eu\/comunicati\/senza-categoria\/un-caff%25c3%25a8-al-giorno-toglie-il-medico-di-torno\/"},"modified":"2016-07-11T16:31:12","modified_gmt":"2016-07-11T14:31:12","slug":"un-caff%25c3%25a8-al-giorno-toglie-il-medico-di-torno","status":"publish","type":"post","link":"https:\/\/www.article-marketing.eu\/comunicati\/salute-e-benessere\/un-caff%25c3%25a8-al-giorno-toglie-il-medico-di-torno\/","title":{"rendered":"Un caff\u00e8 al giorno toglie il medico di torno"},"content":{"rendered":"<p>Negli anni si &egrave; discusso molto riguardo la possibilit&agrave; che il consumo di caff&egrave; potesse essere una delle cause legate alla comparsa di tumori, ma tutti i precedenti studi, che sembravano confermare l&rsquo;esistenza di questo lato oscuro del caff&egrave;, sono stati finalmente smentiti. L&rsquo;Oms, insieme all&rsquo;Agenzia internazionale per la Ricerca sul cancro, lo Iarc di Lione, ha infatti <strong style=\"font-family: inherit; box-sizing: border-box; margin: 0px; padding: 0px; border: 0px; font-style: inherit; font-variant: inherit; font-stretch: inherit; line-height: 1.5; vertical-align: baseline; color: #333333;\">scagionato il caff&egrave;<\/strong>che venticinque anni fa, nel 1991, era stato valutato possibilmente cancerogeno (classificato come 2b) per il cancro alla vescica. Oggi, <strong style=\"font-family: inherit; box-sizing: border-box; margin: 0px; padding: 0px; border: 0px; font-style: inherit; font-variant: inherit; font-stretch: inherit; line-height: 1.5; vertical-align: baseline; color: #333333;\">grazie ai nuovi test e analizzati ben 500 studi<\/strong>, ogni dubbio &egrave; stato allontanato. <strong style=\"font-family: inherit; box-sizing: border-box; margin: 0px; padding: 0px; border: 0px; font-style: inherit; font-variant: inherit; font-stretch: inherit; line-height: 1.5; vertical-align: baseline; color: #333333;\">Non solo<\/strong>. Alla bevanda pi&ugrave; amata dagli italiani, come testimoniano le pubblicazioni scientifiche, &egrave; stato anche associato un possibile ruolo protettivo nei confronti di alcune forme di cancro, ad esempio quello al fegato e all&rsquo;endometrio. Inoltre, un&rsquo;assunzione moderata di caff&egrave;, 3-5 tazzine al giorno, come indicato dall&rsquo;Autorit&agrave; Europea per la Sicurezza Alimentare (EFSA), viene associata a<strong style=\"font-family: inherit; box-sizing: border-box; margin: 0px; padding: 0px; border: 0px; font-style: inherit; font-variant: inherit; font-stretch: inherit; line-height: 1.5; vertical-align: baseline; color: #333333;\"> numerosi benefici associati <\/strong>alla memoria, alla concentrazione e alla performance fisica, inoltre l&rsquo;espresso sembrerebbe anche rallentare il fisiologico declino cognitivo legato all&rsquo;et&agrave;, ridurre del rischio di malattie neurodegenerative (come ad esempio il morbo di Alzheimer e la malattia di Parkinson) e prevenire il diabete di tipo 2 e alcune malattie del fegato, tra cui cirrosi, steatosi ed epatite.<br \/>Gli studi che attestano i benefici del caff&egrave; quindi non mancano, ma dal Journal of Agricultural and Food Chemistry arriva la notizia di un <strong style=\"font-family: inherit; box-sizing: border-box; margin: 0px; padding: 0px; border: 0px; font-style: inherit; font-variant: inherit; font-stretch: inherit; font-size: inherit; line-height: inherit; vertical-align: baseline; color: #333333;\">nuovo effetto positivo<\/strong>, ovvero la <strong style=\"font-family: inherit; box-sizing: border-box; margin: 0px; padding: 0px; border: 0px; font-style: inherit; font-variant: inherit; font-stretch: inherit; font-size: inherit; line-height: inherit; vertical-align: baseline; color: #333333;\">prevenzione del deterioramento della vista<\/strong>, scongiurando in parte il rischio di cecit&agrave; che segue, ad esempio, un glaucoma, il diabete o il naturale invecchiamento. A fare questa scoperta sono stati i ricercatori della Cornell University statunitense che hanno deciso di testare uno dei composti del caff&egrave;, l&rsquo;acido clorogenico (CLA), potente antiossidante. I test sono stati effettuati su topi destinati a subire una degenerazione della retina, struttura dell&rsquo;occhio fondamentale per la visione e una delle pi&ugrave; sensibili all&rsquo;invecchiamento biologico e funzionale. Risultato: i topi a cui &egrave; stato dato l&rsquo;estratto di caff&egrave; non hanno riportato i danni alla retina che ci si aspettava. Nonostante gli ottimi risultati, gli scienziati sanno che il CLA e i suoi metaboliti vengono assorbiti nel sistema digestivo degli esseri umani. Il prossimo passo sar&agrave; dunque capire come trasformare questo &ldquo;sottoprodotto&rdquo; del caff&egrave; in una soluzione da instillare, come collirio, direttamente negli occhi per mantenerli sani pi&ugrave; a lungo.<br \/>Insomma, la nostra bevanda nazionale, oltre a essere buona, &egrave; anche un&rsquo;incredibile <strong style=\"font-family: inherit; box-sizing: border-box; margin: 0px; padding: 0px; border: 0px; font-style: inherit; font-variant: inherit; font-stretch: inherit; font-size: inherit; line-height: inherit; vertical-align: baseline; color: #333333;\">ricetta per aiutare noi e il nostro organismo a stare bene<\/strong>.<\/p>\n","protected":false},"excerpt":{"rendered":"<p>L\u2019Oms, insieme all\u2019Agenzia internazionale per la Ricerca sul cancro, lo Iarc di Lione, ha infatti scagionato il caff\u00e8 che venticinque anni fa, nel 1991, era stato valutato possibilmente cancerogeno. Oggi, grazie ai nuovi test e analizzati ben 500 studi, ogni dubbio \u00e8 stato allontanato. Non solo. Alla bevanda pi\u00f9 amata dagli italiani, come testimoniano le pubblicazioni scientifiche, \u00e8 stato anche associato un possibile ruolo protettivo nei confronti di alcune forme di cancro, ad esempio quello al fegato e all\u2019endometrio.<\/p>\n","protected":false},"author":10,"featured_media":0,"comment_status":"open","ping_status":"open","sticky":false,"template":"","format":"standard","meta":{"cybocfi_hide_featured_image":"","footnotes":""},"categories":[265],"tags":[4164,19675,243],"class_list":["post-52949","post","type-post","status-publish","format-standard","hentry","category-salute-e-benessere","tag-caffe","tag-oms","tag-salute"],"yoast_head":"<!-- This site is optimized with the Yoast SEO plugin v27.0 - https:\/\/yoast.com\/product\/yoast-seo-wordpress\/ -->\n<title>Un caff\u00e8 al giorno toglie il medico di torno - Article Marketing<\/title>\n<meta name=\"robots\" content=\"index, follow, max-snippet:-1, max-image-preview:large, max-video-preview:-1\" \/>\n<link rel=\"canonical\" href=\"https:\/\/www.article-marketing.eu\/comunicati\/salute-e-benessere\/un-caff%c3%a8-al-giorno-toglie-il-medico-di-torno\/\" \/>\n<meta property=\"og:locale\" content=\"it_IT\" \/>\n<meta property=\"og:type\" content=\"article\" \/>\n<meta property=\"og:title\" content=\"Un caff\u00e8 al giorno toglie il medico di torno - Article Marketing\" \/>\n<meta property=\"og:description\" content=\"L\u2019Oms, insieme all\u2019Agenzia internazionale per la Ricerca sul cancro, lo Iarc di Lione, ha infatti scagionato il caff\u00e8 che venticinque anni fa, nel 1991, era stato valutato possibilmente cancerogeno. Oggi, grazie ai nuovi test e analizzati ben 500 studi, ogni dubbio \u00e8 stato allontanato. Non solo. Alla bevanda pi\u00f9 amata dagli italiani, come testimoniano le pubblicazioni scientifiche, \u00e8 stato anche associato un possibile ruolo protettivo nei confronti di alcune forme di cancro, ad esempio quello al fegato e all\u2019endometrio.\" \/>\n<meta property=\"og:url\" content=\"https:\/\/www.article-marketing.eu\/comunicati\/salute-e-benessere\/un-caff%c3%a8-al-giorno-toglie-il-medico-di-torno\/\" \/>\n<meta property=\"og:site_name\" content=\"Article Marketing\" \/>\n<meta property=\"article:published_time\" content=\"2016-07-11T14:31:12+00:00\" \/>\n<meta name=\"author\" content=\"Redazione Comunicati Stampa\" \/>\n<meta name=\"twitter:card\" content=\"summary_large_image\" \/>\n<meta name=\"twitter:label1\" content=\"Scritto da\" \/>\n\t<meta name=\"twitter:data1\" content=\"Redazione Comunicati Stampa\" \/>\n\t<meta name=\"twitter:label2\" content=\"Tempo di lettura stimato\" \/>\n\t<meta name=\"twitter:data2\" content=\"2 minuti\" \/>\n<script type=\"application\/ld+json\" class=\"yoast-schema-graph\">{\"@context\":\"https:\/\/schema.org\",\"@graph\":[{\"@type\":\"Article\",\"@id\":\"https:\/\/www.article-marketing.eu\/comunicati\/salute-e-benessere\/un-caff%25c3%25a8-al-giorno-toglie-il-medico-di-torno\/#article\",\"isPartOf\":{\"@id\":\"https:\/\/www.article-marketing.eu\/comunicati\/salute-e-benessere\/un-caff%25c3%25a8-al-giorno-toglie-il-medico-di-torno\/\"},\"author\":{\"name\":\"Redazione Comunicati Stampa\",\"@id\":\"https:\/\/www.article-marketing.eu\/comunicati\/#\/schema\/person\/44372e4d4d0fa797b18e03ed1ace9017\"},\"headline\":\"Un caff\u00e8 al giorno toglie il medico di torno\",\"datePublished\":\"2016-07-11T14:31:12+00:00\",\"mainEntityOfPage\":{\"@id\":\"https:\/\/www.article-marketing.eu\/comunicati\/salute-e-benessere\/un-caff%25c3%25a8-al-giorno-toglie-il-medico-di-torno\/\"},\"wordCount\":463,\"commentCount\":0,\"keywords\":[\"caff\u00e8\",\"OMS\",\"salute\"],\"articleSection\":[\"Salute e benessere\"],\"inLanguage\":\"it-IT\",\"potentialAction\":[{\"@type\":\"CommentAction\",\"name\":\"Comment\",\"target\":[\"https:\/\/www.article-marketing.eu\/comunicati\/salute-e-benessere\/un-caff%25c3%25a8-al-giorno-toglie-il-medico-di-torno\/#respond\"]}]},{\"@type\":\"WebPage\",\"@id\":\"https:\/\/www.article-marketing.eu\/comunicati\/salute-e-benessere\/un-caff%25c3%25a8-al-giorno-toglie-il-medico-di-torno\/\",\"url\":\"https:\/\/www.article-marketing.eu\/comunicati\/salute-e-benessere\/un-caff%25c3%25a8-al-giorno-toglie-il-medico-di-torno\/\",\"name\":\"Un caff\u00e8 al giorno toglie il medico di torno - Article Marketing\",\"isPartOf\":{\"@id\":\"https:\/\/www.article-marketing.eu\/comunicati\/#website\"},\"datePublished\":\"2016-07-11T14:31:12+00:00\",\"author\":{\"@id\":\"https:\/\/www.article-marketing.eu\/comunicati\/#\/schema\/person\/44372e4d4d0fa797b18e03ed1ace9017\"},\"breadcrumb\":{\"@id\":\"https:\/\/www.article-marketing.eu\/comunicati\/salute-e-benessere\/un-caff%25c3%25a8-al-giorno-toglie-il-medico-di-torno\/#breadcrumb\"},\"inLanguage\":\"it-IT\",\"potentialAction\":[{\"@type\":\"ReadAction\",\"target\":[\"https:\/\/www.article-marketing.eu\/comunicati\/salute-e-benessere\/un-caff%25c3%25a8-al-giorno-toglie-il-medico-di-torno\/\"]}]},{\"@type\":\"BreadcrumbList\",\"@id\":\"https:\/\/www.article-marketing.eu\/comunicati\/salute-e-benessere\/un-caff%25c3%25a8-al-giorno-toglie-il-medico-di-torno\/#breadcrumb\",\"itemListElement\":[{\"@type\":\"ListItem\",\"position\":1,\"name\":\"Home\",\"item\":\"https:\/\/www.article-marketing.eu\/comunicati\/\"},{\"@type\":\"ListItem\",\"position\":2,\"name\":\"Un caff\u00e8 al giorno toglie il medico di torno\"}]},{\"@type\":\"WebSite\",\"@id\":\"https:\/\/www.article-marketing.eu\/comunicati\/#website\",\"url\":\"https:\/\/www.article-marketing.eu\/comunicati\/\",\"name\":\"Article Marketing\",\"description\":\"article marketing &amp; press release\",\"potentialAction\":[{\"@type\":\"SearchAction\",\"target\":{\"@type\":\"EntryPoint\",\"urlTemplate\":\"https:\/\/www.article-marketing.eu\/comunicati\/?s={search_term_string}\"},\"query-input\":{\"@type\":\"PropertyValueSpecification\",\"valueRequired\":true,\"valueName\":\"search_term_string\"}}],\"inLanguage\":\"it-IT\"},{\"@type\":\"Person\",\"@id\":\"https:\/\/www.article-marketing.eu\/comunicati\/#\/schema\/person\/44372e4d4d0fa797b18e03ed1ace9017\",\"name\":\"Redazione Comunicati Stampa\",\"image\":{\"@type\":\"ImageObject\",\"inLanguage\":\"it-IT\",\"@id\":\"https:\/\/www.article-marketing.eu\/comunicati\/#\/schema\/person\/image\/\",\"url\":\"https:\/\/secure.gravatar.com\/avatar\/50e5c6421d3072f42e7ace803501602c60d75233d34e29fd05feb91c8760b792?s=96&d=mm&r=g\",\"contentUrl\":\"https:\/\/secure.gravatar.com\/avatar\/50e5c6421d3072f42e7ace803501602c60d75233d34e29fd05feb91c8760b792?s=96&d=mm&r=g\",\"caption\":\"Redazione Comunicati Stampa\"},\"url\":\"https:\/\/www.article-marketing.eu\/comunicati\/author\/redazione-comunicati-stampa\/\"}]}<\/script>\n<!-- \/ Yoast SEO plugin. -->","yoast_head_json":{"title":"Un caff\u00e8 al giorno toglie il medico di torno - Article Marketing","robots":{"index":"index","follow":"follow","max-snippet":"max-snippet:-1","max-image-preview":"max-image-preview:large","max-video-preview":"max-video-preview:-1"},"canonical":"https:\/\/www.article-marketing.eu\/comunicati\/salute-e-benessere\/un-caff%c3%a8-al-giorno-toglie-il-medico-di-torno\/","og_locale":"it_IT","og_type":"article","og_title":"Un caff\u00e8 al giorno toglie il medico di torno - Article Marketing","og_description":"L\u2019Oms, insieme all\u2019Agenzia internazionale per la Ricerca sul cancro, lo Iarc di Lione, ha infatti scagionato il caff\u00e8 che venticinque anni fa, nel 1991, era stato valutato possibilmente cancerogeno. Oggi, grazie ai nuovi test e analizzati ben 500 studi, ogni dubbio \u00e8 stato allontanato. Non solo. Alla bevanda pi\u00f9 amata dagli italiani, come testimoniano le pubblicazioni scientifiche, \u00e8 stato anche associato un possibile ruolo protettivo nei confronti di alcune forme di cancro, ad esempio quello al fegato e all\u2019endometrio.","og_url":"https:\/\/www.article-marketing.eu\/comunicati\/salute-e-benessere\/un-caff%c3%a8-al-giorno-toglie-il-medico-di-torno\/","og_site_name":"Article Marketing","article_published_time":"2016-07-11T14:31:12+00:00","author":"Redazione Comunicati Stampa","twitter_card":"summary_large_image","twitter_misc":{"Scritto da":"Redazione Comunicati Stampa","Tempo di lettura stimato":"2 minuti"},"schema":{"@context":"https:\/\/schema.org","@graph":[{"@type":"Article","@id":"https:\/\/www.article-marketing.eu\/comunicati\/salute-e-benessere\/un-caff%25c3%25a8-al-giorno-toglie-il-medico-di-torno\/#article","isPartOf":{"@id":"https:\/\/www.article-marketing.eu\/comunicati\/salute-e-benessere\/un-caff%25c3%25a8-al-giorno-toglie-il-medico-di-torno\/"},"author":{"name":"Redazione Comunicati Stampa","@id":"https:\/\/www.article-marketing.eu\/comunicati\/#\/schema\/person\/44372e4d4d0fa797b18e03ed1ace9017"},"headline":"Un caff\u00e8 al giorno toglie il medico di torno","datePublished":"2016-07-11T14:31:12+00:00","mainEntityOfPage":{"@id":"https:\/\/www.article-marketing.eu\/comunicati\/salute-e-benessere\/un-caff%25c3%25a8-al-giorno-toglie-il-medico-di-torno\/"},"wordCount":463,"commentCount":0,"keywords":["caff\u00e8","OMS","salute"],"articleSection":["Salute e benessere"],"inLanguage":"it-IT","potentialAction":[{"@type":"CommentAction","name":"Comment","target":["https:\/\/www.article-marketing.eu\/comunicati\/salute-e-benessere\/un-caff%25c3%25a8-al-giorno-toglie-il-medico-di-torno\/#respond"]}]},{"@type":"WebPage","@id":"https:\/\/www.article-marketing.eu\/comunicati\/salute-e-benessere\/un-caff%25c3%25a8-al-giorno-toglie-il-medico-di-torno\/","url":"https:\/\/www.article-marketing.eu\/comunicati\/salute-e-benessere\/un-caff%25c3%25a8-al-giorno-toglie-il-medico-di-torno\/","name":"Un caff\u00e8 al giorno toglie il medico di torno - Article Marketing","isPartOf":{"@id":"https:\/\/www.article-marketing.eu\/comunicati\/#website"},"datePublished":"2016-07-11T14:31:12+00:00","author":{"@id":"https:\/\/www.article-marketing.eu\/comunicati\/#\/schema\/person\/44372e4d4d0fa797b18e03ed1ace9017"},"breadcrumb":{"@id":"https:\/\/www.article-marketing.eu\/comunicati\/salute-e-benessere\/un-caff%25c3%25a8-al-giorno-toglie-il-medico-di-torno\/#breadcrumb"},"inLanguage":"it-IT","potentialAction":[{"@type":"ReadAction","target":["https:\/\/www.article-marketing.eu\/comunicati\/salute-e-benessere\/un-caff%25c3%25a8-al-giorno-toglie-il-medico-di-torno\/"]}]},{"@type":"BreadcrumbList","@id":"https:\/\/www.article-marketing.eu\/comunicati\/salute-e-benessere\/un-caff%25c3%25a8-al-giorno-toglie-il-medico-di-torno\/#breadcrumb","itemListElement":[{"@type":"ListItem","position":1,"name":"Home","item":"https:\/\/www.article-marketing.eu\/comunicati\/"},{"@type":"ListItem","position":2,"name":"Un caff\u00e8 al giorno toglie il medico di torno"}]},{"@type":"WebSite","@id":"https:\/\/www.article-marketing.eu\/comunicati\/#website","url":"https:\/\/www.article-marketing.eu\/comunicati\/","name":"Article Marketing","description":"article marketing &amp; press release","potentialAction":[{"@type":"SearchAction","target":{"@type":"EntryPoint","urlTemplate":"https:\/\/www.article-marketing.eu\/comunicati\/?s={search_term_string}"},"query-input":{"@type":"PropertyValueSpecification","valueRequired":true,"valueName":"search_term_string"}}],"inLanguage":"it-IT"},{"@type":"Person","@id":"https:\/\/www.article-marketing.eu\/comunicati\/#\/schema\/person\/44372e4d4d0fa797b18e03ed1ace9017","name":"Redazione Comunicati Stampa","image":{"@type":"ImageObject","inLanguage":"it-IT","@id":"https:\/\/www.article-marketing.eu\/comunicati\/#\/schema\/person\/image\/","url":"https:\/\/secure.gravatar.com\/avatar\/50e5c6421d3072f42e7ace803501602c60d75233d34e29fd05feb91c8760b792?s=96&d=mm&r=g","contentUrl":"https:\/\/secure.gravatar.com\/avatar\/50e5c6421d3072f42e7ace803501602c60d75233d34e29fd05feb91c8760b792?s=96&d=mm&r=g","caption":"Redazione Comunicati Stampa"},"url":"https:\/\/www.article-marketing.eu\/comunicati\/author\/redazione-comunicati-stampa\/"}]}},"_links":{"self":[{"href":"https:\/\/www.article-marketing.eu\/comunicati\/wp-json\/wp\/v2\/posts\/52949","targetHints":{"allow":["GET"]}}],"collection":[{"href":"https:\/\/www.article-marketing.eu\/comunicati\/wp-json\/wp\/v2\/posts"}],"about":[{"href":"https:\/\/www.article-marketing.eu\/comunicati\/wp-json\/wp\/v2\/types\/post"}],"author":[{"embeddable":true,"href":"https:\/\/www.article-marketing.eu\/comunicati\/wp-json\/wp\/v2\/users\/10"}],"replies":[{"embeddable":true,"href":"https:\/\/www.article-marketing.eu\/comunicati\/wp-json\/wp\/v2\/comments?post=52949"}],"version-history":[{"count":0,"href":"https:\/\/www.article-marketing.eu\/comunicati\/wp-json\/wp\/v2\/posts\/52949\/revisions"}],"wp:attachment":[{"href":"https:\/\/www.article-marketing.eu\/comunicati\/wp-json\/wp\/v2\/media?parent=52949"}],"wp:term":[{"taxonomy":"category","embeddable":true,"href":"https:\/\/www.article-marketing.eu\/comunicati\/wp-json\/wp\/v2\/categories?post=52949"},{"taxonomy":"post_tag","embeddable":true,"href":"https:\/\/www.article-marketing.eu\/comunicati\/wp-json\/wp\/v2\/tags?post=52949"}],"curies":[{"name":"wp","href":"https:\/\/api.w.org\/{rel}","templated":true}]}}