{"id":53,"date":"2007-10-18T10:58:26","date_gmt":"2007-10-18T08:58:26","guid":{"rendered":"http:\/\/www.article-marketing.eu\/comunicati\/senza-categoria\/il-comune-di-ravenna-presenta-sanitaxi-con-lagenzia-abc\/"},"modified":"2018-06-04T20:05:16","modified_gmt":"2018-06-04T18:05:16","slug":"il-comune-di-ravenna-presenta-sanitaxi-con-lagenzia-abc","status":"publish","type":"post","link":"https:\/\/www.article-marketing.eu\/comunicati\/comunicati-stampa\/il-comune-di-ravenna-presenta-sanitaxi-con-lagenzia-abc\/","title":{"rendered":"Il Comune di Ravenna presenta saniTAXI con l&#8217;agenzia ABC"},"content":{"rendered":"<p>La campagna \u00e8 stata realizzata da Federico Minguzzi (art) e Silvia Scuterini (copy) con la direzione creativa di Roberto Gallamini.<br \/>\nABC ha \u2018battezzato\u2019 l\u2019iniziativa saniTAXI ed ha sviluppato il progetto puntando su un\u2019immagine grafica che unisce in modo immediato il taxi all\u2019idea della visita e della professione medica. Tale concept \u00e8 reso mediante l\u2019utilizzo dell\u2019immagine di uno stetoscopio acustico biauricolare, volutamente giallo, che nella forma assume la sagoma di un taxi.<br \/>\nLa campagna \u00e8 declinata su manifesti, locandine e cartoline e pianificata su stampa e affissioni nella citt\u00e0 a partire dal mese di ottobre. Il materiale informativo sar\u00e0 distribuito nelle sedi e negli ambulatori dell\u2019AUSL di Ravenna, presso i medici di base ed i pediatri.<br \/>\nL\u2019iniziativa \u00e8 frutto dell&#8217;accordo tra Comune di Ravenna &#8211; Assessorato all&#8217;Artigianato, e le associazioni di categoria CNA e Confartigianato.<br \/>\nSanitaxi<\/p>\n","protected":false},"excerpt":{"rendered":"<p>Il Comune di Ravenna \u2013 Assessorato all\u2019Artigianato &#8211; ha affidato all\u2019agenzia di comunicazione ravennate ABC la realizzazione di una campagna informativa sulla tariffa agevolata taxi che consente ai cittadini di raggiungere l\u2019Ospedale ed il Centro di Medicina Preventiva al costo fisso di 5 euro.<\/p>\n","protected":false},"author":10,"featured_media":0,"comment_status":"open","ping_status":"open","sticky":false,"template":"","format":"standard","meta":{"cybocfi_hide_featured_image":"","footnotes":""},"categories":[190],"tags":[198,200,201,199,195,197,196],"class_list":["post-53","post","type-post","status-publish","format-standard","hentry","category-comunicati-stampa","tag-abc","tag-campagna-informativa","tag-comune-di-ravenna","tag-comunicazione","tag-sanitaxi","tag-tariffe-agevolate","tag-taxi"],"yoast_head":"<!-- This site is optimized with the Yoast SEO plugin v27.0 - https:\/\/yoast.com\/product\/yoast-seo-wordpress\/ -->\n<title>Il Comune di Ravenna presenta saniTAXI con l&#039;agenzia ABC - Article Marketing<\/title>\n<meta name=\"robots\" content=\"index, follow, max-snippet:-1, max-image-preview:large, max-video-preview:-1\" \/>\n<link rel=\"canonical\" href=\"https:\/\/www.article-marketing.eu\/comunicati\/comunicati-stampa\/il-comune-di-ravenna-presenta-sanitaxi-con-lagenzia-abc\/\" \/>\n<meta property=\"og:locale\" content=\"it_IT\" \/>\n<meta property=\"og:type\" content=\"article\" \/>\n<meta property=\"og:title\" content=\"Il Comune di Ravenna presenta saniTAXI con l&#039;agenzia ABC - Article Marketing\" \/>\n<meta property=\"og:description\" content=\"Il Comune di Ravenna \u2013 Assessorato all\u2019Artigianato - ha affidato all\u2019agenzia di comunicazione ravennate ABC la realizzazione di una campagna informativa sulla tariffa agevolata taxi che consente ai cittadini di raggiungere l\u2019Ospedale ed il Centro di Medicina Preventiva al costo fisso di 5 euro.\" \/>\n<meta property=\"og:url\" content=\"https:\/\/www.article-marketing.eu\/comunicati\/comunicati-stampa\/il-comune-di-ravenna-presenta-sanitaxi-con-lagenzia-abc\/\" \/>\n<meta property=\"og:site_name\" content=\"Article Marketing\" \/>\n<meta property=\"article:published_time\" content=\"2007-10-18T08:58:26+00:00\" \/>\n<meta property=\"article:modified_time\" content=\"2018-06-04T18:05:16+00:00\" \/>\n<meta name=\"author\" content=\"Redazione Comunicati Stampa\" \/>\n<meta name=\"twitter:card\" content=\"summary_large_image\" \/>\n<meta name=\"twitter:label1\" content=\"Scritto da\" \/>\n\t<meta name=\"twitter:data1\" content=\"Redazione Comunicati Stampa\" \/>\n\t<meta name=\"twitter:label2\" content=\"Tempo di lettura stimato\" \/>\n\t<meta name=\"twitter:data2\" content=\"1 minuto\" \/>\n<script type=\"application\/ld+json\" class=\"yoast-schema-graph\">{\"@context\":\"https:\/\/schema.org\",\"@graph\":[{\"@type\":\"Article\",\"@id\":\"https:\/\/www.article-marketing.eu\/comunicati\/comunicati-stampa\/il-comune-di-ravenna-presenta-sanitaxi-con-lagenzia-abc\/#article\",\"isPartOf\":{\"@id\":\"https:\/\/www.article-marketing.eu\/comunicati\/comunicati-stampa\/il-comune-di-ravenna-presenta-sanitaxi-con-lagenzia-abc\/\"},\"author\":{\"name\":\"Redazione Comunicati Stampa\",\"@id\":\"https:\/\/www.article-marketing.eu\/comunicati\/#\/schema\/person\/44372e4d4d0fa797b18e03ed1ace9017\"},\"headline\":\"Il Comune di Ravenna presenta saniTAXI con l&#8217;agenzia ABC\",\"datePublished\":\"2007-10-18T08:58:26+00:00\",\"dateModified\":\"2018-06-04T18:05:16+00:00\",\"mainEntityOfPage\":{\"@id\":\"https:\/\/www.article-marketing.eu\/comunicati\/comunicati-stampa\/il-comune-di-ravenna-presenta-sanitaxi-con-lagenzia-abc\/\"},\"wordCount\":147,\"commentCount\":0,\"keywords\":[\"ABC\",\"campagna informativa\",\"comune di Ravenna\",\"comunicazione\",\"SaniTaxi\",\"tariffe agevolate\",\"Taxi\"],\"articleSection\":[\"Comunicati stampa\"],\"inLanguage\":\"it-IT\",\"potentialAction\":[{\"@type\":\"CommentAction\",\"name\":\"Comment\",\"target\":[\"https:\/\/www.article-marketing.eu\/comunicati\/comunicati-stampa\/il-comune-di-ravenna-presenta-sanitaxi-con-lagenzia-abc\/#respond\"]}]},{\"@type\":\"WebPage\",\"@id\":\"https:\/\/www.article-marketing.eu\/comunicati\/comunicati-stampa\/il-comune-di-ravenna-presenta-sanitaxi-con-lagenzia-abc\/\",\"url\":\"https:\/\/www.article-marketing.eu\/comunicati\/comunicati-stampa\/il-comune-di-ravenna-presenta-sanitaxi-con-lagenzia-abc\/\",\"name\":\"Il Comune di Ravenna presenta saniTAXI con l'agenzia ABC - Article Marketing\",\"isPartOf\":{\"@id\":\"https:\/\/www.article-marketing.eu\/comunicati\/#website\"},\"datePublished\":\"2007-10-18T08:58:26+00:00\",\"dateModified\":\"2018-06-04T18:05:16+00:00\",\"author\":{\"@id\":\"https:\/\/www.article-marketing.eu\/comunicati\/#\/schema\/person\/44372e4d4d0fa797b18e03ed1ace9017\"},\"breadcrumb\":{\"@id\":\"https:\/\/www.article-marketing.eu\/comunicati\/comunicati-stampa\/il-comune-di-ravenna-presenta-sanitaxi-con-lagenzia-abc\/#breadcrumb\"},\"inLanguage\":\"it-IT\",\"potentialAction\":[{\"@type\":\"ReadAction\",\"target\":[\"https:\/\/www.article-marketing.eu\/comunicati\/comunicati-stampa\/il-comune-di-ravenna-presenta-sanitaxi-con-lagenzia-abc\/\"]}]},{\"@type\":\"BreadcrumbList\",\"@id\":\"https:\/\/www.article-marketing.eu\/comunicati\/comunicati-stampa\/il-comune-di-ravenna-presenta-sanitaxi-con-lagenzia-abc\/#breadcrumb\",\"itemListElement\":[{\"@type\":\"ListItem\",\"position\":1,\"name\":\"Home\",\"item\":\"https:\/\/www.article-marketing.eu\/comunicati\/\"},{\"@type\":\"ListItem\",\"position\":2,\"name\":\"Il Comune di Ravenna presenta saniTAXI con l&#8217;agenzia ABC\"}]},{\"@type\":\"WebSite\",\"@id\":\"https:\/\/www.article-marketing.eu\/comunicati\/#website\",\"url\":\"https:\/\/www.article-marketing.eu\/comunicati\/\",\"name\":\"Article Marketing\",\"description\":\"article marketing &amp; press release\",\"potentialAction\":[{\"@type\":\"SearchAction\",\"target\":{\"@type\":\"EntryPoint\",\"urlTemplate\":\"https:\/\/www.article-marketing.eu\/comunicati\/?s={search_term_string}\"},\"query-input\":{\"@type\":\"PropertyValueSpecification\",\"valueRequired\":true,\"valueName\":\"search_term_string\"}}],\"inLanguage\":\"it-IT\"},{\"@type\":\"Person\",\"@id\":\"https:\/\/www.article-marketing.eu\/comunicati\/#\/schema\/person\/44372e4d4d0fa797b18e03ed1ace9017\",\"name\":\"Redazione Comunicati Stampa\",\"image\":{\"@type\":\"ImageObject\",\"inLanguage\":\"it-IT\",\"@id\":\"https:\/\/www.article-marketing.eu\/comunicati\/#\/schema\/person\/image\/\",\"url\":\"https:\/\/secure.gravatar.com\/avatar\/50e5c6421d3072f42e7ace803501602c60d75233d34e29fd05feb91c8760b792?s=96&d=mm&r=g\",\"contentUrl\":\"https:\/\/secure.gravatar.com\/avatar\/50e5c6421d3072f42e7ace803501602c60d75233d34e29fd05feb91c8760b792?s=96&d=mm&r=g\",\"caption\":\"Redazione Comunicati Stampa\"},\"url\":\"https:\/\/www.article-marketing.eu\/comunicati\/author\/redazione-comunicati-stampa\/\"}]}<\/script>\n<!-- \/ Yoast SEO plugin. -->","yoast_head_json":{"title":"Il Comune di Ravenna presenta saniTAXI con l'agenzia ABC - Article Marketing","robots":{"index":"index","follow":"follow","max-snippet":"max-snippet:-1","max-image-preview":"max-image-preview:large","max-video-preview":"max-video-preview:-1"},"canonical":"https:\/\/www.article-marketing.eu\/comunicati\/comunicati-stampa\/il-comune-di-ravenna-presenta-sanitaxi-con-lagenzia-abc\/","og_locale":"it_IT","og_type":"article","og_title":"Il Comune di Ravenna presenta saniTAXI con l'agenzia ABC - Article Marketing","og_description":"Il Comune di Ravenna \u2013 Assessorato all\u2019Artigianato - ha affidato all\u2019agenzia di comunicazione ravennate ABC la realizzazione di una campagna informativa sulla tariffa agevolata taxi che consente ai cittadini di raggiungere l\u2019Ospedale ed il Centro di Medicina Preventiva al costo fisso di 5 euro.","og_url":"https:\/\/www.article-marketing.eu\/comunicati\/comunicati-stampa\/il-comune-di-ravenna-presenta-sanitaxi-con-lagenzia-abc\/","og_site_name":"Article Marketing","article_published_time":"2007-10-18T08:58:26+00:00","article_modified_time":"2018-06-04T18:05:16+00:00","author":"Redazione Comunicati Stampa","twitter_card":"summary_large_image","twitter_misc":{"Scritto da":"Redazione Comunicati Stampa","Tempo di lettura stimato":"1 minuto"},"schema":{"@context":"https:\/\/schema.org","@graph":[{"@type":"Article","@id":"https:\/\/www.article-marketing.eu\/comunicati\/comunicati-stampa\/il-comune-di-ravenna-presenta-sanitaxi-con-lagenzia-abc\/#article","isPartOf":{"@id":"https:\/\/www.article-marketing.eu\/comunicati\/comunicati-stampa\/il-comune-di-ravenna-presenta-sanitaxi-con-lagenzia-abc\/"},"author":{"name":"Redazione Comunicati Stampa","@id":"https:\/\/www.article-marketing.eu\/comunicati\/#\/schema\/person\/44372e4d4d0fa797b18e03ed1ace9017"},"headline":"Il Comune di Ravenna presenta saniTAXI con l&#8217;agenzia ABC","datePublished":"2007-10-18T08:58:26+00:00","dateModified":"2018-06-04T18:05:16+00:00","mainEntityOfPage":{"@id":"https:\/\/www.article-marketing.eu\/comunicati\/comunicati-stampa\/il-comune-di-ravenna-presenta-sanitaxi-con-lagenzia-abc\/"},"wordCount":147,"commentCount":0,"keywords":["ABC","campagna informativa","comune di Ravenna","comunicazione","SaniTaxi","tariffe agevolate","Taxi"],"articleSection":["Comunicati stampa"],"inLanguage":"it-IT","potentialAction":[{"@type":"CommentAction","name":"Comment","target":["https:\/\/www.article-marketing.eu\/comunicati\/comunicati-stampa\/il-comune-di-ravenna-presenta-sanitaxi-con-lagenzia-abc\/#respond"]}]},{"@type":"WebPage","@id":"https:\/\/www.article-marketing.eu\/comunicati\/comunicati-stampa\/il-comune-di-ravenna-presenta-sanitaxi-con-lagenzia-abc\/","url":"https:\/\/www.article-marketing.eu\/comunicati\/comunicati-stampa\/il-comune-di-ravenna-presenta-sanitaxi-con-lagenzia-abc\/","name":"Il Comune di Ravenna presenta saniTAXI con l'agenzia ABC - Article Marketing","isPartOf":{"@id":"https:\/\/www.article-marketing.eu\/comunicati\/#website"},"datePublished":"2007-10-18T08:58:26+00:00","dateModified":"2018-06-04T18:05:16+00:00","author":{"@id":"https:\/\/www.article-marketing.eu\/comunicati\/#\/schema\/person\/44372e4d4d0fa797b18e03ed1ace9017"},"breadcrumb":{"@id":"https:\/\/www.article-marketing.eu\/comunicati\/comunicati-stampa\/il-comune-di-ravenna-presenta-sanitaxi-con-lagenzia-abc\/#breadcrumb"},"inLanguage":"it-IT","potentialAction":[{"@type":"ReadAction","target":["https:\/\/www.article-marketing.eu\/comunicati\/comunicati-stampa\/il-comune-di-ravenna-presenta-sanitaxi-con-lagenzia-abc\/"]}]},{"@type":"BreadcrumbList","@id":"https:\/\/www.article-marketing.eu\/comunicati\/comunicati-stampa\/il-comune-di-ravenna-presenta-sanitaxi-con-lagenzia-abc\/#breadcrumb","itemListElement":[{"@type":"ListItem","position":1,"name":"Home","item":"https:\/\/www.article-marketing.eu\/comunicati\/"},{"@type":"ListItem","position":2,"name":"Il Comune di Ravenna presenta saniTAXI con l&#8217;agenzia ABC"}]},{"@type":"WebSite","@id":"https:\/\/www.article-marketing.eu\/comunicati\/#website","url":"https:\/\/www.article-marketing.eu\/comunicati\/","name":"Article Marketing","description":"article marketing &amp; press release","potentialAction":[{"@type":"SearchAction","target":{"@type":"EntryPoint","urlTemplate":"https:\/\/www.article-marketing.eu\/comunicati\/?s={search_term_string}"},"query-input":{"@type":"PropertyValueSpecification","valueRequired":true,"valueName":"search_term_string"}}],"inLanguage":"it-IT"},{"@type":"Person","@id":"https:\/\/www.article-marketing.eu\/comunicati\/#\/schema\/person\/44372e4d4d0fa797b18e03ed1ace9017","name":"Redazione Comunicati Stampa","image":{"@type":"ImageObject","inLanguage":"it-IT","@id":"https:\/\/www.article-marketing.eu\/comunicati\/#\/schema\/person\/image\/","url":"https:\/\/secure.gravatar.com\/avatar\/50e5c6421d3072f42e7ace803501602c60d75233d34e29fd05feb91c8760b792?s=96&d=mm&r=g","contentUrl":"https:\/\/secure.gravatar.com\/avatar\/50e5c6421d3072f42e7ace803501602c60d75233d34e29fd05feb91c8760b792?s=96&d=mm&r=g","caption":"Redazione Comunicati Stampa"},"url":"https:\/\/www.article-marketing.eu\/comunicati\/author\/redazione-comunicati-stampa\/"}]}},"_links":{"self":[{"href":"https:\/\/www.article-marketing.eu\/comunicati\/wp-json\/wp\/v2\/posts\/53","targetHints":{"allow":["GET"]}}],"collection":[{"href":"https:\/\/www.article-marketing.eu\/comunicati\/wp-json\/wp\/v2\/posts"}],"about":[{"href":"https:\/\/www.article-marketing.eu\/comunicati\/wp-json\/wp\/v2\/types\/post"}],"author":[{"embeddable":true,"href":"https:\/\/www.article-marketing.eu\/comunicati\/wp-json\/wp\/v2\/users\/10"}],"replies":[{"embeddable":true,"href":"https:\/\/www.article-marketing.eu\/comunicati\/wp-json\/wp\/v2\/comments?post=53"}],"version-history":[{"count":1,"href":"https:\/\/www.article-marketing.eu\/comunicati\/wp-json\/wp\/v2\/posts\/53\/revisions"}],"predecessor-version":[{"id":54982,"href":"https:\/\/www.article-marketing.eu\/comunicati\/wp-json\/wp\/v2\/posts\/53\/revisions\/54982"}],"wp:attachment":[{"href":"https:\/\/www.article-marketing.eu\/comunicati\/wp-json\/wp\/v2\/media?parent=53"}],"wp:term":[{"taxonomy":"category","embeddable":true,"href":"https:\/\/www.article-marketing.eu\/comunicati\/wp-json\/wp\/v2\/categories?post=53"},{"taxonomy":"post_tag","embeddable":true,"href":"https:\/\/www.article-marketing.eu\/comunicati\/wp-json\/wp\/v2\/tags?post=53"}],"curies":[{"name":"wp","href":"https:\/\/api.w.org\/{rel}","templated":true}]}}