{"id":5304,"date":"2010-06-01T16:13:47","date_gmt":"2010-06-01T14:13:47","guid":{"rendered":"http:\/\/www.article-marketing.eu\/comunicati\/senza-categoria\/phase-one-sinar-e-broncolor-in-una-presentazione-unica\/"},"modified":"2010-06-01T16:13:47","modified_gmt":"2010-06-01T14:13:47","slug":"phase-one-sinar-e-broncolor-in-una-presentazione-unica","status":"publish","type":"post","link":"https:\/\/www.article-marketing.eu\/comunicati\/comunicati-stampa\/eventi\/phase-one-sinar-e-broncolor-in-una-presentazione-unica\/","title":{"rendered":"Phase One, Sinar e Broncolor in una presentazione unica!"},"content":{"rendered":"<p>Il 6 Giugno ad Olbia si terr\u00e0 una presentazione e prova delle fotocamere Phase One, Sinar e delle luci Broncolor. Tutti brand di altissimo livello utilizzati dai professionisti del settore.<br \/>\nQuesto evento \u00e8 organizzato dalla Photocommunity Firinaiu ed \u00e8 a iscrizione assolutamente gratuita.<br \/>\nSi avr\u00e0 la possibilit\u00e0 di vedere in funzione e toccare con mano questi prodotti fantastici, in particolare verr\u00e0 presentata la nuova Sinar ArTec.<br \/>\nVerr\u00e0 inoltre tenuta una dimostrazione del software Capture One di Phase One, un programma innovativo in grado di gestire non solo il formato RAW delle fotocamere Phase One, ma tra le altre cose tutti i formati RAW, compresi quelli di Canon e i NEF Nikon.<br \/>\nSar\u00e0 possibile provare le fotocamere in un set allestito per l&#8217;occasione con le luci Broncolor.<br \/>\nUn occasione imperdibile per tutti gli amanti della fotografia, che siano essi professionisti o semplici appassionati, in quanto le occasioni di poter provare i prodotti di marchi di questo livello sono veramente rare.<\/p>\n<p>La presentazione sar\u00e0 strutturata in due turni tra cui scegliere:<br \/>\nIl primo inizier\u00e0 alle ore 10:30<br \/>\nIl secondo inizier\u00e0 alle ore16:30<br \/>\nL\u2019evento si terr\u00e0 al conference center del Delta center di Olbia in Zona industriale settore 4, via Capo Verde. <\/p>\n<p>Ci saranno tre eventi principali:<\/p>\n<p>-Presentazione e dimostrazone del software Phase One Capture One.<br \/>\n-Presentazione e dimostrazione del sistema Phase One.<br \/>\n-Presentazione e dimostrazione del sistema Sinar arTec.<\/p>\n<p>Nella sala congressi si terr\u00e0 la presentazone del software Phase One Capture One.<br \/>\nQui verr\u00e0 allestita una sala posa in cui verranno eseguiti gli scatti in diretta e gestiti col software Capture One.<br \/>\nLa presentazione del software verr\u00e0 tenuta da un tecnico Phase One.<br \/>\nNel patio verr\u00e0 inoltre allestita una seconda sala prova in cui si potranno provare le luci Broncolor e le macchine phase One e Sinar.<br \/>\nSar\u00e0 inoltre realizzata una mostra con le foto inviateci dagli utenti che si sono iscritti gratuitamente alla nostra  Photocommunity.<br \/>\nFar parte di questa community non costa niente e avr\u00e0 ovviamente dei vantaggi per coloro che vorranno farne parte, per esempio:<br \/>\nLa possibilit\u00e0 di partecipare alle frequenti manifestazioni organizzate in collaborazione con le aziende pi\u00f9 importanti del settore fotografico.<br \/>\nLe varie manifestazioni verranno annunciate nella categoria eventi del blog. Gli iscritti alla photocommunity verranno anche avvisati tramite mail.<br \/>\nPresentazione in esclusiva delle novit\u00e0:<br \/>\nIn occasione dell\u2019uscita di nuovi prodotti, gli iscritti verranno invitati a una presentazione.<br \/>\nCorsi base di fotografia:<br \/>\nDedicato a tutti coloro che si avvicinano al mondo della fotografia e vogliono conoscerne le tecniche.<br \/>\nMercatino:<br \/>\nGli utenti della photocommunity avranno la possibilit\u00e0 di esporre e vendere il proprio usato all\u2019interno della community.<br \/>\nPossibilit\u00e0 di pubblicare le proprie foto nel blog:<br \/>\nInviando le vostre fotografie tramite l\u2019apposito form verranno pubblicate a cadenza settimanale e potranno essere commentate dagli utenti.<br \/>\nOfferte Photocommunity:<br \/>\nAll\u2019interno di questa categoria gli iscritti possono trovare le offerte a loro dedicate.<br \/>\nTutti sono invitati a farne parte, dal principiante al professionista, dal semplice curioso all\u2019appassionato esperto.<br \/>\nPer maggiori informazioni e iscrizioni gratuite si pu\u00f2 visitare il sito http:\/\/www.fotofirinaiu.com\/blog<\/p>\n","protected":false},"excerpt":{"rendered":"<p>Un evento gratuito imperdibile per tutti gli amanti della fotografia, siano essi professionisti o semplici appassionati<\/p>\n","protected":false},"author":10,"featured_media":0,"comment_status":"open","ping_status":"open","sticky":false,"template":"","format":"standard","meta":{"cybocfi_hide_featured_image":"","footnotes":""},"categories":[388],"tags":[14898,456,14899,318,14901,6652,14900,2984,14896,14895,1086,14897],"class_list":["post-5304","post","type-post","status-publish","format-standard","hentry","category-eventi","tag-broncolor","tag-eventi","tag-fotocomere","tag-fotografia","tag-fotografiche","tag-macchine","tag-migliori","tag-olbia","tag-one","tag-phase","tag-sardegna","tag-sinar"],"yoast_head":"<!-- This site is optimized with the Yoast SEO plugin v27.0 - https:\/\/yoast.com\/product\/yoast-seo-wordpress\/ -->\n<title>Phase One, Sinar e Broncolor in una presentazione unica! - Article Marketing<\/title>\n<meta name=\"robots\" content=\"index, follow, max-snippet:-1, max-image-preview:large, max-video-preview:-1\" \/>\n<link rel=\"canonical\" href=\"https:\/\/www.article-marketing.eu\/comunicati\/comunicati-stampa\/eventi\/phase-one-sinar-e-broncolor-in-una-presentazione-unica\/\" \/>\n<meta property=\"og:locale\" content=\"it_IT\" \/>\n<meta property=\"og:type\" content=\"article\" \/>\n<meta property=\"og:title\" content=\"Phase One, Sinar e Broncolor in una presentazione unica! - Article Marketing\" \/>\n<meta property=\"og:description\" content=\"Un evento gratuito imperdibile per tutti gli amanti della fotografia, siano essi professionisti o semplici appassionati\" \/>\n<meta property=\"og:url\" content=\"https:\/\/www.article-marketing.eu\/comunicati\/comunicati-stampa\/eventi\/phase-one-sinar-e-broncolor-in-una-presentazione-unica\/\" \/>\n<meta property=\"og:site_name\" content=\"Article Marketing\" \/>\n<meta property=\"article:published_time\" content=\"2010-06-01T14:13:47+00:00\" \/>\n<meta name=\"author\" content=\"Redazione Comunicati Stampa\" \/>\n<meta name=\"twitter:card\" content=\"summary_large_image\" \/>\n<meta name=\"twitter:label1\" content=\"Scritto da\" \/>\n\t<meta name=\"twitter:data1\" content=\"Redazione Comunicati Stampa\" \/>\n\t<meta name=\"twitter:label2\" content=\"Tempo di lettura stimato\" \/>\n\t<meta name=\"twitter:data2\" content=\"3 minuti\" \/>\n<script type=\"application\/ld+json\" class=\"yoast-schema-graph\">{\"@context\":\"https:\/\/schema.org\",\"@graph\":[{\"@type\":\"Article\",\"@id\":\"https:\/\/www.article-marketing.eu\/comunicati\/comunicati-stampa\/eventi\/phase-one-sinar-e-broncolor-in-una-presentazione-unica\/#article\",\"isPartOf\":{\"@id\":\"https:\/\/www.article-marketing.eu\/comunicati\/comunicati-stampa\/eventi\/phase-one-sinar-e-broncolor-in-una-presentazione-unica\/\"},\"author\":{\"name\":\"Redazione Comunicati Stampa\",\"@id\":\"https:\/\/www.article-marketing.eu\/comunicati\/#\/schema\/person\/44372e4d4d0fa797b18e03ed1ace9017\"},\"headline\":\"Phase One, Sinar e Broncolor in una presentazione unica!\",\"datePublished\":\"2010-06-01T14:13:47+00:00\",\"mainEntityOfPage\":{\"@id\":\"https:\/\/www.article-marketing.eu\/comunicati\/comunicati-stampa\/eventi\/phase-one-sinar-e-broncolor-in-una-presentazione-unica\/\"},\"wordCount\":510,\"commentCount\":0,\"keywords\":[\"Broncolor\",\"eventi\",\"Fotocomere\",\"fotografia\",\"fotografiche\",\"macchine\",\"Migliori\",\"olbia\",\"One\",\"Phase\",\"sardegna\",\"Sinar\"],\"articleSection\":[\"Eventi\"],\"inLanguage\":\"it-IT\",\"potentialAction\":[{\"@type\":\"CommentAction\",\"name\":\"Comment\",\"target\":[\"https:\/\/www.article-marketing.eu\/comunicati\/comunicati-stampa\/eventi\/phase-one-sinar-e-broncolor-in-una-presentazione-unica\/#respond\"]}]},{\"@type\":\"WebPage\",\"@id\":\"https:\/\/www.article-marketing.eu\/comunicati\/comunicati-stampa\/eventi\/phase-one-sinar-e-broncolor-in-una-presentazione-unica\/\",\"url\":\"https:\/\/www.article-marketing.eu\/comunicati\/comunicati-stampa\/eventi\/phase-one-sinar-e-broncolor-in-una-presentazione-unica\/\",\"name\":\"Phase One, Sinar e Broncolor in una presentazione unica! - Article Marketing\",\"isPartOf\":{\"@id\":\"https:\/\/www.article-marketing.eu\/comunicati\/#website\"},\"datePublished\":\"2010-06-01T14:13:47+00:00\",\"author\":{\"@id\":\"https:\/\/www.article-marketing.eu\/comunicati\/#\/schema\/person\/44372e4d4d0fa797b18e03ed1ace9017\"},\"breadcrumb\":{\"@id\":\"https:\/\/www.article-marketing.eu\/comunicati\/comunicati-stampa\/eventi\/phase-one-sinar-e-broncolor-in-una-presentazione-unica\/#breadcrumb\"},\"inLanguage\":\"it-IT\",\"potentialAction\":[{\"@type\":\"ReadAction\",\"target\":[\"https:\/\/www.article-marketing.eu\/comunicati\/comunicati-stampa\/eventi\/phase-one-sinar-e-broncolor-in-una-presentazione-unica\/\"]}]},{\"@type\":\"BreadcrumbList\",\"@id\":\"https:\/\/www.article-marketing.eu\/comunicati\/comunicati-stampa\/eventi\/phase-one-sinar-e-broncolor-in-una-presentazione-unica\/#breadcrumb\",\"itemListElement\":[{\"@type\":\"ListItem\",\"position\":1,\"name\":\"Home\",\"item\":\"https:\/\/www.article-marketing.eu\/comunicati\/\"},{\"@type\":\"ListItem\",\"position\":2,\"name\":\"Phase One, Sinar e Broncolor in una presentazione unica!\"}]},{\"@type\":\"WebSite\",\"@id\":\"https:\/\/www.article-marketing.eu\/comunicati\/#website\",\"url\":\"https:\/\/www.article-marketing.eu\/comunicati\/\",\"name\":\"Article Marketing\",\"description\":\"article marketing &amp; press release\",\"potentialAction\":[{\"@type\":\"SearchAction\",\"target\":{\"@type\":\"EntryPoint\",\"urlTemplate\":\"https:\/\/www.article-marketing.eu\/comunicati\/?s={search_term_string}\"},\"query-input\":{\"@type\":\"PropertyValueSpecification\",\"valueRequired\":true,\"valueName\":\"search_term_string\"}}],\"inLanguage\":\"it-IT\"},{\"@type\":\"Person\",\"@id\":\"https:\/\/www.article-marketing.eu\/comunicati\/#\/schema\/person\/44372e4d4d0fa797b18e03ed1ace9017\",\"name\":\"Redazione Comunicati Stampa\",\"image\":{\"@type\":\"ImageObject\",\"inLanguage\":\"it-IT\",\"@id\":\"https:\/\/www.article-marketing.eu\/comunicati\/#\/schema\/person\/image\/\",\"url\":\"https:\/\/secure.gravatar.com\/avatar\/50e5c6421d3072f42e7ace803501602c60d75233d34e29fd05feb91c8760b792?s=96&d=mm&r=g\",\"contentUrl\":\"https:\/\/secure.gravatar.com\/avatar\/50e5c6421d3072f42e7ace803501602c60d75233d34e29fd05feb91c8760b792?s=96&d=mm&r=g\",\"caption\":\"Redazione Comunicati Stampa\"},\"url\":\"https:\/\/www.article-marketing.eu\/comunicati\/author\/redazione-comunicati-stampa\/\"}]}<\/script>\n<!-- \/ Yoast SEO plugin. -->","yoast_head_json":{"title":"Phase One, Sinar e Broncolor in una presentazione unica! - Article Marketing","robots":{"index":"index","follow":"follow","max-snippet":"max-snippet:-1","max-image-preview":"max-image-preview:large","max-video-preview":"max-video-preview:-1"},"canonical":"https:\/\/www.article-marketing.eu\/comunicati\/comunicati-stampa\/eventi\/phase-one-sinar-e-broncolor-in-una-presentazione-unica\/","og_locale":"it_IT","og_type":"article","og_title":"Phase One, Sinar e Broncolor in una presentazione unica! - Article Marketing","og_description":"Un evento gratuito imperdibile per tutti gli amanti della fotografia, siano essi professionisti o semplici appassionati","og_url":"https:\/\/www.article-marketing.eu\/comunicati\/comunicati-stampa\/eventi\/phase-one-sinar-e-broncolor-in-una-presentazione-unica\/","og_site_name":"Article Marketing","article_published_time":"2010-06-01T14:13:47+00:00","author":"Redazione Comunicati Stampa","twitter_card":"summary_large_image","twitter_misc":{"Scritto da":"Redazione Comunicati Stampa","Tempo di lettura stimato":"3 minuti"},"schema":{"@context":"https:\/\/schema.org","@graph":[{"@type":"Article","@id":"https:\/\/www.article-marketing.eu\/comunicati\/comunicati-stampa\/eventi\/phase-one-sinar-e-broncolor-in-una-presentazione-unica\/#article","isPartOf":{"@id":"https:\/\/www.article-marketing.eu\/comunicati\/comunicati-stampa\/eventi\/phase-one-sinar-e-broncolor-in-una-presentazione-unica\/"},"author":{"name":"Redazione Comunicati Stampa","@id":"https:\/\/www.article-marketing.eu\/comunicati\/#\/schema\/person\/44372e4d4d0fa797b18e03ed1ace9017"},"headline":"Phase One, Sinar e Broncolor in una presentazione unica!","datePublished":"2010-06-01T14:13:47+00:00","mainEntityOfPage":{"@id":"https:\/\/www.article-marketing.eu\/comunicati\/comunicati-stampa\/eventi\/phase-one-sinar-e-broncolor-in-una-presentazione-unica\/"},"wordCount":510,"commentCount":0,"keywords":["Broncolor","eventi","Fotocomere","fotografia","fotografiche","macchine","Migliori","olbia","One","Phase","sardegna","Sinar"],"articleSection":["Eventi"],"inLanguage":"it-IT","potentialAction":[{"@type":"CommentAction","name":"Comment","target":["https:\/\/www.article-marketing.eu\/comunicati\/comunicati-stampa\/eventi\/phase-one-sinar-e-broncolor-in-una-presentazione-unica\/#respond"]}]},{"@type":"WebPage","@id":"https:\/\/www.article-marketing.eu\/comunicati\/comunicati-stampa\/eventi\/phase-one-sinar-e-broncolor-in-una-presentazione-unica\/","url":"https:\/\/www.article-marketing.eu\/comunicati\/comunicati-stampa\/eventi\/phase-one-sinar-e-broncolor-in-una-presentazione-unica\/","name":"Phase One, Sinar e Broncolor in una presentazione unica! - Article Marketing","isPartOf":{"@id":"https:\/\/www.article-marketing.eu\/comunicati\/#website"},"datePublished":"2010-06-01T14:13:47+00:00","author":{"@id":"https:\/\/www.article-marketing.eu\/comunicati\/#\/schema\/person\/44372e4d4d0fa797b18e03ed1ace9017"},"breadcrumb":{"@id":"https:\/\/www.article-marketing.eu\/comunicati\/comunicati-stampa\/eventi\/phase-one-sinar-e-broncolor-in-una-presentazione-unica\/#breadcrumb"},"inLanguage":"it-IT","potentialAction":[{"@type":"ReadAction","target":["https:\/\/www.article-marketing.eu\/comunicati\/comunicati-stampa\/eventi\/phase-one-sinar-e-broncolor-in-una-presentazione-unica\/"]}]},{"@type":"BreadcrumbList","@id":"https:\/\/www.article-marketing.eu\/comunicati\/comunicati-stampa\/eventi\/phase-one-sinar-e-broncolor-in-una-presentazione-unica\/#breadcrumb","itemListElement":[{"@type":"ListItem","position":1,"name":"Home","item":"https:\/\/www.article-marketing.eu\/comunicati\/"},{"@type":"ListItem","position":2,"name":"Phase One, Sinar e Broncolor in una presentazione unica!"}]},{"@type":"WebSite","@id":"https:\/\/www.article-marketing.eu\/comunicati\/#website","url":"https:\/\/www.article-marketing.eu\/comunicati\/","name":"Article Marketing","description":"article marketing &amp; press release","potentialAction":[{"@type":"SearchAction","target":{"@type":"EntryPoint","urlTemplate":"https:\/\/www.article-marketing.eu\/comunicati\/?s={search_term_string}"},"query-input":{"@type":"PropertyValueSpecification","valueRequired":true,"valueName":"search_term_string"}}],"inLanguage":"it-IT"},{"@type":"Person","@id":"https:\/\/www.article-marketing.eu\/comunicati\/#\/schema\/person\/44372e4d4d0fa797b18e03ed1ace9017","name":"Redazione Comunicati Stampa","image":{"@type":"ImageObject","inLanguage":"it-IT","@id":"https:\/\/www.article-marketing.eu\/comunicati\/#\/schema\/person\/image\/","url":"https:\/\/secure.gravatar.com\/avatar\/50e5c6421d3072f42e7ace803501602c60d75233d34e29fd05feb91c8760b792?s=96&d=mm&r=g","contentUrl":"https:\/\/secure.gravatar.com\/avatar\/50e5c6421d3072f42e7ace803501602c60d75233d34e29fd05feb91c8760b792?s=96&d=mm&r=g","caption":"Redazione Comunicati Stampa"},"url":"https:\/\/www.article-marketing.eu\/comunicati\/author\/redazione-comunicati-stampa\/"}]}},"_links":{"self":[{"href":"https:\/\/www.article-marketing.eu\/comunicati\/wp-json\/wp\/v2\/posts\/5304","targetHints":{"allow":["GET"]}}],"collection":[{"href":"https:\/\/www.article-marketing.eu\/comunicati\/wp-json\/wp\/v2\/posts"}],"about":[{"href":"https:\/\/www.article-marketing.eu\/comunicati\/wp-json\/wp\/v2\/types\/post"}],"author":[{"embeddable":true,"href":"https:\/\/www.article-marketing.eu\/comunicati\/wp-json\/wp\/v2\/users\/10"}],"replies":[{"embeddable":true,"href":"https:\/\/www.article-marketing.eu\/comunicati\/wp-json\/wp\/v2\/comments?post=5304"}],"version-history":[{"count":0,"href":"https:\/\/www.article-marketing.eu\/comunicati\/wp-json\/wp\/v2\/posts\/5304\/revisions"}],"wp:attachment":[{"href":"https:\/\/www.article-marketing.eu\/comunicati\/wp-json\/wp\/v2\/media?parent=5304"}],"wp:term":[{"taxonomy":"category","embeddable":true,"href":"https:\/\/www.article-marketing.eu\/comunicati\/wp-json\/wp\/v2\/categories?post=5304"},{"taxonomy":"post_tag","embeddable":true,"href":"https:\/\/www.article-marketing.eu\/comunicati\/wp-json\/wp\/v2\/tags?post=5304"}],"curies":[{"name":"wp","href":"https:\/\/api.w.org\/{rel}","templated":true}]}}