{"id":531,"date":"2008-07-12T14:19:23","date_gmt":"2008-07-12T12:19:23","guid":{"rendered":"http:\/\/www.article-marketing.eu\/comunicati\/senza-categoria\/via-col-vento-di-momo-a-francavilla-al-mare-evento-spazi-evasi-2008\/"},"modified":"2008-07-12T14:19:23","modified_gmt":"2008-07-12T12:19:23","slug":"via-col-vento-di-momo-a-francavilla-al-mare-evento-spazi-evasi-2008","status":"publish","type":"post","link":"https:\/\/www.article-marketing.eu\/comunicati\/arte-e-cultura\/via-col-vento-di-momo-a-francavilla-al-mare-evento-spazi-evasi-2008\/","title":{"rendered":"Via col vento di Mom\u00f2 a Francavilla al Mare-Evento Spazi Evasi 2008"},"content":{"rendered":"<p>SPAZI EVASI 08<\/p>\n<p>19 luglio &#8211; 2 agosto 2008 &#8211; Francavilla al mare<\/p>\n<p>Spazi Evasi, che giunge quest\u2019anno alla quinta edizione, \u00e8 un evento culturale ideato dall\u2019Associazione Culturale La.Li.P\u00e9, con il patrocinio del Comune di Francavilla al mare, della Provincia di Chieti, della Regione Abruzzo e della Fondazione Carichieti. La manifestazione, che verr\u00e0 inaugurata il 19 luglio 2008 a Francavilla al mare per poi prendere vita in altri centri dell\u2019area metropolitana, si presenta come un evento complesso, in cui ricerca artistica, spettacoli e musica si innestano nel tessuto sociale e architettonico della Citt\u00e0.Quest\u2019anno il tema della manifestazione \u201cSpazi Evasi 08\u201d \u00e8 rappresentato dalla riflessione sulle risorse energetiche come fonte primaria di vita, come forza che muove il mondo, come risorsa di un Pianeta sottoposto ai limiti di carico.<\/p>\n<p>VIA COL VENTO<br \/>\nL&#8217;installazione<br \/>\ndi<br \/>\nMom\u00f2 Calascibetta<br \/>\nvuole evidenziare il mondo dell\u2019aria, elemento invisibile la sua forza \u00e8 utilizzabile per far muovere macchine che producono energia elettrica. A questo mondo appartengono gli uccelli e innumerevoli insetti, gli aerei, gli asciugacapelli, i deltaplani e i paracadute, le bolle di sapone, i profumi dei fiori e i deodoranti, i gas inquinanti e quelli che ci servono, il fumo degli incendi e delle sigarette, il vapore dei soffioni e quelli del caff\u00e8 bollenti, i coriandoli e le cerbottane. L&#8217; aria \u00e8 cio\u2019 che tutto avvolge e permea, \u00e8 lo spazio intangibile che tutto unisce, \u00e8 l\u2019energia vitale che i taoisti chiamano chi, gli induisti chiamano prana (dal sanscrito forza-luce) e noi chiamiamo etere. E\u2019 la sostanza invisibile che pervade l\u2019intero universo e che noi assorbiamo dall\u2019ambiente circostante attraverso il respiro necessario alla vita degli Esseri. <\/p>\n<p>Il progetto di  Mom\u00f2  consiste in un grande volume piramidale, sospeso a 5 metri e mezzo da terra e realizzato con cannucce da  bibita , versatile  famiglia di materiali \u201cplasticosi\u201d. Trasparente e leggerissimo, un autentico miracolo visivo, per raccontare e mettere in luce il mondo dell\u2019aria  e la sua presenza che al minimo soffio, al primo alito di vento fa ruotare la struttura. L\u2019aria \u00e8 respiro, indispensabile alla vita. L\u2019aria, nell\u2019atto di inspirazione, partecipa all\u2019energia vitale degli esseri e alla sua comunicazione perch\u00e9 il respiro \u00e8 anche ritmo, veicolo di suoni e parole.<\/p>\n<p>Si tratta di una costruzione sul concetto delle \u201ctravature reticolari\u201d, autoportante, basata sull\u2019aggregazione di moduli geometrici (in questo caso il tetraedro), e realizzata con circa 20.000 cannucce alimentari  e filo di cotone. Ogni modulo \u00e8 costituito da sei elementi; l\u2019aggregazione di quattro moduli da luogo ad una piramide pi\u00f9 grande e cos\u00ec via. La modularit\u00e0 dell\u2019elemento permette di costruire quasi all\u2019infinito l\u2019installazione.La dimensione finale sar\u00e0 in questo caso una grande piramide  di metri 6.60 per ogni lato. La leggerissima struttura, sospesa in aria  per mezzo di un filo di naylon dar\u00e0 l\u2019impressione di volare. Tre elementi tipo piccole vele ai tre angoli di base permetteranno all\u2019aria di muovere la struttura interaggendo visivamente con il luogo dove \u00e8 posizionata. <\/p>\n<p>Nell&#8217;opera di Mom\u00f2 Calascibetta, da Mario De Micheli a Giorgio Soavi, da Leonardo Sciascia a Vincenzo Consolo e Bufalino, da Fabrizio Dentice a Testori, sono state individuate le caratteristiche e i canoni del grande e raro disegnatore satirico di razza; Nel 2002 presenta alla Fondazione Mudima  la mostra \u201cTerromnia\u201d, una grande mostra-evento,che lo impone definitivamente nel panorama artistico italiano. L&#8217; artista nato a Palermo e trasferitosi a Milano nel 1982, \u00e8 stato  ospite nella trasmissione &#8221; Passepartout&#8221;  di Philippe Daverio su Rai Tre  dal titolo &#8220;l&#8217;eterno barocco siciliano&#8221;, dove sono stati evidenziati i caratteri e i temi fondamentali della sua produzione artistica. Ha partecipato al progetto Plotart nel 2005 a cura di Gianluca Marziani e Massimo Lupoli, che lo ha visto presente in quindici citt\u00e0 europee con opere in digitale. Nel 2007 una mostra antologica al museo Mandralisca di Cefal\u00f9, a Parma con la mostra\u201dMai dire Mao\u201d a cura di Gherardo Frassa e al Museo Michetti di Francavilla al mare ,\u201cLaboratorio Italia\u201da cura di Philippe Daverio. Recentemente al Museo di Villa Silva a Domodossola nella mostra &#8220;Il mio nome \u00e8 Nessuno&#8221; con l&#8217;opera &#8220;Minuetto a villa Palagonia&#8221;<\/p>\n<p>Inaugurazione:     19 luglio 2008 spazio Museo Michetti <\/p>\n<p>                          Piazza San Domenico 1, 66023 &#8211; Francavilla al mare<\/p>\n<p>Informazioni       info@lalipe.org &#8211; Tel.085\/491042   <\/p>\n<p>Durata                19 luglio &#8211; 2 agosto 2008<\/p>\n<p>a cura:               Associazione Culturale La.Li.P\u00e8.<\/p>\n<p>                          Via Civitella snc, Torre Ciarrapico<\/p>\n<p>                          66023 Francavilla al mare (CH)<\/p>\n<p>info@artmomo.com<\/p>\n","protected":false},"excerpt":{"rendered":"<p>Singolare installazione di Mom\u00f2 Calascibetta,realizzata con cannucce,a Francavilla al mare<\/p>\n","protected":false},"author":10,"featured_media":0,"comment_status":"open","ping_status":"open","sticky":false,"template":"","format":"standard","meta":{"cybocfi_hide_featured_image":"","footnotes":""},"categories":[27],"tags":[113,1871,1870,1872],"class_list":["post-531","post","type-post","status-publish","format-standard","hentry","category-arte-e-cultura","tag-energia","tag-francavilla-installazioni","tag-michetti","tag-momo"],"yoast_head":"<!-- This site is optimized with the Yoast SEO plugin v27.0 - https:\/\/yoast.com\/product\/yoast-seo-wordpress\/ -->\n<title>Via col vento di Mom\u00f2 a Francavilla al Mare-Evento Spazi Evasi 2008 - Article Marketing<\/title>\n<meta name=\"robots\" content=\"index, follow, max-snippet:-1, max-image-preview:large, max-video-preview:-1\" \/>\n<link rel=\"canonical\" href=\"https:\/\/www.article-marketing.eu\/comunicati\/arte-e-cultura\/via-col-vento-di-momo-a-francavilla-al-mare-evento-spazi-evasi-2008\/\" \/>\n<meta property=\"og:locale\" content=\"it_IT\" \/>\n<meta property=\"og:type\" content=\"article\" \/>\n<meta property=\"og:title\" content=\"Via col vento di Mom\u00f2 a Francavilla al Mare-Evento Spazi Evasi 2008 - Article Marketing\" \/>\n<meta property=\"og:description\" content=\"Singolare installazione di Mom\u00f2 Calascibetta,realizzata con cannucce,a Francavilla al mare\" \/>\n<meta property=\"og:url\" content=\"https:\/\/www.article-marketing.eu\/comunicati\/arte-e-cultura\/via-col-vento-di-momo-a-francavilla-al-mare-evento-spazi-evasi-2008\/\" \/>\n<meta property=\"og:site_name\" content=\"Article Marketing\" \/>\n<meta property=\"article:published_time\" content=\"2008-07-12T12:19:23+00:00\" \/>\n<meta name=\"author\" content=\"Redazione Comunicati Stampa\" \/>\n<meta name=\"twitter:card\" content=\"summary_large_image\" \/>\n<meta name=\"twitter:label1\" content=\"Scritto da\" \/>\n\t<meta name=\"twitter:data1\" content=\"Redazione Comunicati Stampa\" \/>\n\t<meta name=\"twitter:label2\" content=\"Tempo di lettura stimato\" \/>\n\t<meta name=\"twitter:data2\" content=\"4 minuti\" \/>\n<script type=\"application\/ld+json\" class=\"yoast-schema-graph\">{\"@context\":\"https:\/\/schema.org\",\"@graph\":[{\"@type\":\"Article\",\"@id\":\"https:\/\/www.article-marketing.eu\/comunicati\/arte-e-cultura\/via-col-vento-di-momo-a-francavilla-al-mare-evento-spazi-evasi-2008\/#article\",\"isPartOf\":{\"@id\":\"https:\/\/www.article-marketing.eu\/comunicati\/arte-e-cultura\/via-col-vento-di-momo-a-francavilla-al-mare-evento-spazi-evasi-2008\/\"},\"author\":{\"name\":\"Redazione Comunicati Stampa\",\"@id\":\"https:\/\/www.article-marketing.eu\/comunicati\/#\/schema\/person\/44372e4d4d0fa797b18e03ed1ace9017\"},\"headline\":\"Via col vento di Mom\u00f2 a Francavilla al Mare-Evento Spazi Evasi 2008\",\"datePublished\":\"2008-07-12T12:19:23+00:00\",\"mainEntityOfPage\":{\"@id\":\"https:\/\/www.article-marketing.eu\/comunicati\/arte-e-cultura\/via-col-vento-di-momo-a-francavilla-al-mare-evento-spazi-evasi-2008\/\"},\"wordCount\":719,\"commentCount\":0,\"keywords\":[\"energia\",\"francavilla. installazioni\",\"michetti\",\"mom\u00f2\"],\"articleSection\":[\"Arte e cultura\"],\"inLanguage\":\"it-IT\",\"potentialAction\":[{\"@type\":\"CommentAction\",\"name\":\"Comment\",\"target\":[\"https:\/\/www.article-marketing.eu\/comunicati\/arte-e-cultura\/via-col-vento-di-momo-a-francavilla-al-mare-evento-spazi-evasi-2008\/#respond\"]}]},{\"@type\":\"WebPage\",\"@id\":\"https:\/\/www.article-marketing.eu\/comunicati\/arte-e-cultura\/via-col-vento-di-momo-a-francavilla-al-mare-evento-spazi-evasi-2008\/\",\"url\":\"https:\/\/www.article-marketing.eu\/comunicati\/arte-e-cultura\/via-col-vento-di-momo-a-francavilla-al-mare-evento-spazi-evasi-2008\/\",\"name\":\"Via col vento di Mom\u00f2 a Francavilla al Mare-Evento Spazi Evasi 2008 - Article Marketing\",\"isPartOf\":{\"@id\":\"https:\/\/www.article-marketing.eu\/comunicati\/#website\"},\"datePublished\":\"2008-07-12T12:19:23+00:00\",\"author\":{\"@id\":\"https:\/\/www.article-marketing.eu\/comunicati\/#\/schema\/person\/44372e4d4d0fa797b18e03ed1ace9017\"},\"breadcrumb\":{\"@id\":\"https:\/\/www.article-marketing.eu\/comunicati\/arte-e-cultura\/via-col-vento-di-momo-a-francavilla-al-mare-evento-spazi-evasi-2008\/#breadcrumb\"},\"inLanguage\":\"it-IT\",\"potentialAction\":[{\"@type\":\"ReadAction\",\"target\":[\"https:\/\/www.article-marketing.eu\/comunicati\/arte-e-cultura\/via-col-vento-di-momo-a-francavilla-al-mare-evento-spazi-evasi-2008\/\"]}]},{\"@type\":\"BreadcrumbList\",\"@id\":\"https:\/\/www.article-marketing.eu\/comunicati\/arte-e-cultura\/via-col-vento-di-momo-a-francavilla-al-mare-evento-spazi-evasi-2008\/#breadcrumb\",\"itemListElement\":[{\"@type\":\"ListItem\",\"position\":1,\"name\":\"Home\",\"item\":\"https:\/\/www.article-marketing.eu\/comunicati\/\"},{\"@type\":\"ListItem\",\"position\":2,\"name\":\"Via col vento di Mom\u00f2 a Francavilla al Mare-Evento Spazi Evasi 2008\"}]},{\"@type\":\"WebSite\",\"@id\":\"https:\/\/www.article-marketing.eu\/comunicati\/#website\",\"url\":\"https:\/\/www.article-marketing.eu\/comunicati\/\",\"name\":\"Article Marketing\",\"description\":\"article marketing &amp; press release\",\"potentialAction\":[{\"@type\":\"SearchAction\",\"target\":{\"@type\":\"EntryPoint\",\"urlTemplate\":\"https:\/\/www.article-marketing.eu\/comunicati\/?s={search_term_string}\"},\"query-input\":{\"@type\":\"PropertyValueSpecification\",\"valueRequired\":true,\"valueName\":\"search_term_string\"}}],\"inLanguage\":\"it-IT\"},{\"@type\":\"Person\",\"@id\":\"https:\/\/www.article-marketing.eu\/comunicati\/#\/schema\/person\/44372e4d4d0fa797b18e03ed1ace9017\",\"name\":\"Redazione Comunicati Stampa\",\"image\":{\"@type\":\"ImageObject\",\"inLanguage\":\"it-IT\",\"@id\":\"https:\/\/www.article-marketing.eu\/comunicati\/#\/schema\/person\/image\/\",\"url\":\"https:\/\/secure.gravatar.com\/avatar\/50e5c6421d3072f42e7ace803501602c60d75233d34e29fd05feb91c8760b792?s=96&d=mm&r=g\",\"contentUrl\":\"https:\/\/secure.gravatar.com\/avatar\/50e5c6421d3072f42e7ace803501602c60d75233d34e29fd05feb91c8760b792?s=96&d=mm&r=g\",\"caption\":\"Redazione Comunicati Stampa\"},\"url\":\"https:\/\/www.article-marketing.eu\/comunicati\/author\/redazione-comunicati-stampa\/\"}]}<\/script>\n<!-- \/ Yoast SEO plugin. -->","yoast_head_json":{"title":"Via col vento di Mom\u00f2 a Francavilla al Mare-Evento Spazi Evasi 2008 - Article Marketing","robots":{"index":"index","follow":"follow","max-snippet":"max-snippet:-1","max-image-preview":"max-image-preview:large","max-video-preview":"max-video-preview:-1"},"canonical":"https:\/\/www.article-marketing.eu\/comunicati\/arte-e-cultura\/via-col-vento-di-momo-a-francavilla-al-mare-evento-spazi-evasi-2008\/","og_locale":"it_IT","og_type":"article","og_title":"Via col vento di Mom\u00f2 a Francavilla al Mare-Evento Spazi Evasi 2008 - Article Marketing","og_description":"Singolare installazione di Mom\u00f2 Calascibetta,realizzata con cannucce,a Francavilla al mare","og_url":"https:\/\/www.article-marketing.eu\/comunicati\/arte-e-cultura\/via-col-vento-di-momo-a-francavilla-al-mare-evento-spazi-evasi-2008\/","og_site_name":"Article Marketing","article_published_time":"2008-07-12T12:19:23+00:00","author":"Redazione Comunicati Stampa","twitter_card":"summary_large_image","twitter_misc":{"Scritto da":"Redazione Comunicati Stampa","Tempo di lettura stimato":"4 minuti"},"schema":{"@context":"https:\/\/schema.org","@graph":[{"@type":"Article","@id":"https:\/\/www.article-marketing.eu\/comunicati\/arte-e-cultura\/via-col-vento-di-momo-a-francavilla-al-mare-evento-spazi-evasi-2008\/#article","isPartOf":{"@id":"https:\/\/www.article-marketing.eu\/comunicati\/arte-e-cultura\/via-col-vento-di-momo-a-francavilla-al-mare-evento-spazi-evasi-2008\/"},"author":{"name":"Redazione Comunicati Stampa","@id":"https:\/\/www.article-marketing.eu\/comunicati\/#\/schema\/person\/44372e4d4d0fa797b18e03ed1ace9017"},"headline":"Via col vento di Mom\u00f2 a Francavilla al Mare-Evento Spazi Evasi 2008","datePublished":"2008-07-12T12:19:23+00:00","mainEntityOfPage":{"@id":"https:\/\/www.article-marketing.eu\/comunicati\/arte-e-cultura\/via-col-vento-di-momo-a-francavilla-al-mare-evento-spazi-evasi-2008\/"},"wordCount":719,"commentCount":0,"keywords":["energia","francavilla. installazioni","michetti","mom\u00f2"],"articleSection":["Arte e cultura"],"inLanguage":"it-IT","potentialAction":[{"@type":"CommentAction","name":"Comment","target":["https:\/\/www.article-marketing.eu\/comunicati\/arte-e-cultura\/via-col-vento-di-momo-a-francavilla-al-mare-evento-spazi-evasi-2008\/#respond"]}]},{"@type":"WebPage","@id":"https:\/\/www.article-marketing.eu\/comunicati\/arte-e-cultura\/via-col-vento-di-momo-a-francavilla-al-mare-evento-spazi-evasi-2008\/","url":"https:\/\/www.article-marketing.eu\/comunicati\/arte-e-cultura\/via-col-vento-di-momo-a-francavilla-al-mare-evento-spazi-evasi-2008\/","name":"Via col vento di Mom\u00f2 a Francavilla al Mare-Evento Spazi Evasi 2008 - Article Marketing","isPartOf":{"@id":"https:\/\/www.article-marketing.eu\/comunicati\/#website"},"datePublished":"2008-07-12T12:19:23+00:00","author":{"@id":"https:\/\/www.article-marketing.eu\/comunicati\/#\/schema\/person\/44372e4d4d0fa797b18e03ed1ace9017"},"breadcrumb":{"@id":"https:\/\/www.article-marketing.eu\/comunicati\/arte-e-cultura\/via-col-vento-di-momo-a-francavilla-al-mare-evento-spazi-evasi-2008\/#breadcrumb"},"inLanguage":"it-IT","potentialAction":[{"@type":"ReadAction","target":["https:\/\/www.article-marketing.eu\/comunicati\/arte-e-cultura\/via-col-vento-di-momo-a-francavilla-al-mare-evento-spazi-evasi-2008\/"]}]},{"@type":"BreadcrumbList","@id":"https:\/\/www.article-marketing.eu\/comunicati\/arte-e-cultura\/via-col-vento-di-momo-a-francavilla-al-mare-evento-spazi-evasi-2008\/#breadcrumb","itemListElement":[{"@type":"ListItem","position":1,"name":"Home","item":"https:\/\/www.article-marketing.eu\/comunicati\/"},{"@type":"ListItem","position":2,"name":"Via col vento di Mom\u00f2 a Francavilla al Mare-Evento Spazi Evasi 2008"}]},{"@type":"WebSite","@id":"https:\/\/www.article-marketing.eu\/comunicati\/#website","url":"https:\/\/www.article-marketing.eu\/comunicati\/","name":"Article Marketing","description":"article marketing &amp; press release","potentialAction":[{"@type":"SearchAction","target":{"@type":"EntryPoint","urlTemplate":"https:\/\/www.article-marketing.eu\/comunicati\/?s={search_term_string}"},"query-input":{"@type":"PropertyValueSpecification","valueRequired":true,"valueName":"search_term_string"}}],"inLanguage":"it-IT"},{"@type":"Person","@id":"https:\/\/www.article-marketing.eu\/comunicati\/#\/schema\/person\/44372e4d4d0fa797b18e03ed1ace9017","name":"Redazione Comunicati Stampa","image":{"@type":"ImageObject","inLanguage":"it-IT","@id":"https:\/\/www.article-marketing.eu\/comunicati\/#\/schema\/person\/image\/","url":"https:\/\/secure.gravatar.com\/avatar\/50e5c6421d3072f42e7ace803501602c60d75233d34e29fd05feb91c8760b792?s=96&d=mm&r=g","contentUrl":"https:\/\/secure.gravatar.com\/avatar\/50e5c6421d3072f42e7ace803501602c60d75233d34e29fd05feb91c8760b792?s=96&d=mm&r=g","caption":"Redazione Comunicati Stampa"},"url":"https:\/\/www.article-marketing.eu\/comunicati\/author\/redazione-comunicati-stampa\/"}]}},"_links":{"self":[{"href":"https:\/\/www.article-marketing.eu\/comunicati\/wp-json\/wp\/v2\/posts\/531","targetHints":{"allow":["GET"]}}],"collection":[{"href":"https:\/\/www.article-marketing.eu\/comunicati\/wp-json\/wp\/v2\/posts"}],"about":[{"href":"https:\/\/www.article-marketing.eu\/comunicati\/wp-json\/wp\/v2\/types\/post"}],"author":[{"embeddable":true,"href":"https:\/\/www.article-marketing.eu\/comunicati\/wp-json\/wp\/v2\/users\/10"}],"replies":[{"embeddable":true,"href":"https:\/\/www.article-marketing.eu\/comunicati\/wp-json\/wp\/v2\/comments?post=531"}],"version-history":[{"count":0,"href":"https:\/\/www.article-marketing.eu\/comunicati\/wp-json\/wp\/v2\/posts\/531\/revisions"}],"wp:attachment":[{"href":"https:\/\/www.article-marketing.eu\/comunicati\/wp-json\/wp\/v2\/media?parent=531"}],"wp:term":[{"taxonomy":"category","embeddable":true,"href":"https:\/\/www.article-marketing.eu\/comunicati\/wp-json\/wp\/v2\/categories?post=531"},{"taxonomy":"post_tag","embeddable":true,"href":"https:\/\/www.article-marketing.eu\/comunicati\/wp-json\/wp\/v2\/tags?post=531"}],"curies":[{"name":"wp","href":"https:\/\/api.w.org\/{rel}","templated":true}]}}