{"id":532,"date":"2008-07-14T14:20:33","date_gmt":"2008-07-14T12:20:33","guid":{"rendered":"http:\/\/www.article-marketing.eu\/comunicati\/senza-categoria\/venezia-la-citt%e0-incantata-dal-vetro-splendente\/"},"modified":"2008-07-14T14:20:33","modified_gmt":"2008-07-14T12:20:33","slug":"venezia-la-citt%e0-incantata-dal-vetro-splendente","status":"publish","type":"post","link":"https:\/\/www.article-marketing.eu\/comunicati\/viaggi-e-vacanze\/viaggi-e-turismo\/venezia-la-citt%e0-incantata-dal-vetro-splendente\/","title":{"rendered":"Venezia: la citt\u00e0 incantata dal vetro splendente"},"content":{"rendered":"<p>Il suo territorio lagunare \u00e8 costituito da numerose isole che accolgono varie manifestazioni ed eventi oltrech\u00e8 nascondere passati storici e monumenti architettonici di pregio e gli immancabili e tantissimi <a href=\"http:\/\/www.hotelala.it\/ita\/hotel.htm\">hotel Venezia<\/a>. Fra le isole pi\u00f9 conosciute, che ogni hanno accolgono il maggiore flusso turistico, il Lido di Venezia, d\u00e0 vita alla parte di costa che segna il confine con l\u2019Adriatico; \u00e8 qui che sorgono i maggiori stabilimenti balneari e si trovano le spiagge affollate dai turisti mentre ogni anno si ripete la Mostra internazionale d\u2019arte cinematografica di Venezia che accoglie un gran numero di celebrit\u00e0. A nord-est di Venezia, sorge silenziosa ma rilevante, l\u2019isola di Murano; un piccolo gruppo di sette isolette, collegate fra loro da ponti, conosciuto in tutto il mondo per l\u2019attivit\u00e0 che da secoli qui si svolge: l\u2019artigianato del vetro. L\u2019arte vetraria veneziana ha origini infatti molto antiche, i ritrovamenti fanno pensare gi\u00e0 al VII secolo a.C.. Amurianum, come veniva denominata Murano un tempo, \u00e8 cresciuta nei secoli per la sua arte vetraria, unica e particolare, sviluppatasi con il maestro Angelo Barovier che segn\u00f2 il passaggio verso il \u2018400 all\u2019uso del vetro bianco molto simile al cristallo. Oggi con il vero vetro di Murano, garantito dal suo marchio di autenticit\u00e0, sorto con la legge regionale nel 1994, sono prodotti splendidi oggetti di raffinato artigianato, lampadari, vasi e molto altro, che si distinguono per l\u2019accuratezza delle forme e la lucentezza dei cristalli. Molto significativa per il turista \u00e8 la visita alle fornaci, dove si pu\u00f2 ammirare davvero la magia del processo produttivo che porta alla creazione di questo particolare vetro di Venezia. L\u2019artigianato veneziano \u00e8 solo una delle tante caratteristiche che rendono la citt\u00e0 conosciuta in tutto il mondo. Venezia \u00e8 citt\u00e0 ricca d\u2019arte e come tale racchiude in s\u00e9 le originali opere di molti artisti italiani, e semplicemente passeggiando per la citt\u00e0 troveremo monumenti e chiese ricchi di storia, inoltre \u00e8 semplicissimo trovare un albergo Venezia storico ed in tipico stile artistico veneziano. L\u2019evento pi\u00f9 stravagante e maestoso, il Carnevale di Venezia, ricrea un magia unica per le vie e le piazze della citt\u00e0 che per dieci giorni vengono colorate dalle maschere e costumi veneziani, in un incontro unico di musica e divertimento.Molto significativa per il turista \u00e8 la visita alle fornaci, dove si pu\u00f2 ammirare davvero la magia del processo produttivo che porta alla creazione di questo particolare vetro di Venezia. La mancanza dell\u2019uso dell\u2019auto e la sola possibilit\u00e0 di girare la citt\u00e0 a piedi o nella caratteristica \u201cgondola\u201d, attraversando i canali veneziani, fanno di Venezia anche la \u201cCitt\u00e0 degli innamorati\u201d, dove si possono compiere lunghe passeggiate affiancate dal dolce rumore dell\u2019acqua. Venezia un mix unico al mondo, che tutti vogliono visitare e dove trovare anche tantissime offerte hotel Venezia, una citt\u00e0 incantata che regala ai suoi visitatori un soggiorno da fiaba.<\/p>\n","protected":false},"excerpt":{"rendered":"<p>Venezia, capoluogo della regione Veneto, dichiarata patrimonio dell\u2019umanit\u00e0  dall\u2019Unesco, si impone sulla laguna veneta come quella citt\u00e0 magica e speciale  che si fa ricordare per la sua particolarit\u00e0 e splendore.<\/p>\n","protected":false},"author":10,"featured_media":0,"comment_status":"open","ping_status":"open","sticky":false,"template":"","format":"standard","meta":{"cybocfi_hide_featured_image":"","footnotes":""},"categories":[2],"tags":[1358],"class_list":["post-532","post","type-post","status-publish","format-standard","hentry","category-viaggi-e-turismo","tag-venezia"],"yoast_head":"<!-- This site is optimized with the Yoast SEO plugin v27.0 - https:\/\/yoast.com\/product\/yoast-seo-wordpress\/ -->\n<title>Venezia: la citt\u00e0 incantata dal vetro splendente - Article Marketing<\/title>\n<meta name=\"robots\" content=\"index, follow, max-snippet:-1, max-image-preview:large, max-video-preview:-1\" \/>\n<link rel=\"canonical\" href=\"https:\/\/www.article-marketing.eu\/comunicati\/viaggi-e-vacanze\/viaggi-e-turismo\/venezia-la-citt?-incantata-dal-vetro-splendente\/\" \/>\n<meta property=\"og:locale\" content=\"it_IT\" \/>\n<meta property=\"og:type\" content=\"article\" \/>\n<meta property=\"og:title\" content=\"Venezia: la citt\u00e0 incantata dal vetro splendente - Article Marketing\" \/>\n<meta property=\"og:description\" content=\"Venezia, capoluogo della regione Veneto, dichiarata patrimonio dell\u2019umanit\u00e0 dall\u2019Unesco, si impone sulla laguna veneta come quella citt\u00e0 magica e speciale che si fa ricordare per la sua particolarit\u00e0 e splendore.\" \/>\n<meta property=\"og:url\" content=\"\" \/>\n<meta property=\"og:site_name\" content=\"Article Marketing\" \/>\n<meta property=\"article:published_time\" content=\"2008-07-14T12:20:33+00:00\" \/>\n<meta name=\"author\" content=\"Redazione Comunicati Stampa\" \/>\n<meta name=\"twitter:card\" content=\"summary_large_image\" \/>\n<meta name=\"twitter:label1\" content=\"Scritto da\" \/>\n\t<meta name=\"twitter:data1\" content=\"Redazione Comunicati Stampa\" \/>\n\t<meta name=\"twitter:label2\" content=\"Tempo di lettura stimato\" \/>\n\t<meta name=\"twitter:data2\" content=\"2 minuti\" \/>\n<script type=\"application\/ld+json\" class=\"yoast-schema-graph\">{\"@context\":\"https:\/\/schema.org\",\"@graph\":[{\"@type\":\"Article\",\"@id\":\"https:\/\/www.article-marketing.eu\/comunicati\/viaggi-e-vacanze\/viaggi-e-turismo\/venezia-la-citt%e0-incantata-dal-vetro-splendente\/#article\",\"isPartOf\":{\"@id\":\"https:\/\/www.article-marketing.eu\/comunicati\/viaggi-e-vacanze\/viaggi-e-turismo\/venezia-la-citt%e0-incantata-dal-vetro-splendente\/\"},\"author\":{\"name\":\"Redazione Comunicati Stampa\",\"@id\":\"https:\/\/www.article-marketing.eu\/comunicati\/#\/schema\/person\/44372e4d4d0fa797b18e03ed1ace9017\"},\"headline\":\"Venezia: la citt\u00e0 incantata dal vetro splendente\",\"datePublished\":\"2008-07-14T12:20:33+00:00\",\"mainEntityOfPage\":{\"@id\":\"https:\/\/www.article-marketing.eu\/comunicati\/viaggi-e-vacanze\/viaggi-e-turismo\/venezia-la-citt%e0-incantata-dal-vetro-splendente\/\"},\"wordCount\":479,\"commentCount\":0,\"keywords\":[\"venezia\"],\"articleSection\":[\"Viaggi e Turismo\"],\"inLanguage\":\"it-IT\",\"potentialAction\":[{\"@type\":\"CommentAction\",\"name\":\"Comment\",\"target\":[\"https:\/\/www.article-marketing.eu\/comunicati\/viaggi-e-vacanze\/viaggi-e-turismo\/venezia-la-citt%e0-incantata-dal-vetro-splendente\/#respond\"]}]},{\"@type\":\"WebPage\",\"@id\":\"https:\/\/www.article-marketing.eu\/comunicati\/viaggi-e-vacanze\/viaggi-e-turismo\/venezia-la-citt%e0-incantata-dal-vetro-splendente\/\",\"url\":\"https:\/\/www.article-marketing.eu\/comunicati\/viaggi-e-vacanze\/viaggi-e-turismo\/venezia-la-citt%e0-incantata-dal-vetro-splendente\/\",\"name\":\"Venezia: la citt\u00e0 incantata dal vetro splendente - Article Marketing\",\"isPartOf\":{\"@id\":\"https:\/\/www.article-marketing.eu\/comunicati\/#website\"},\"datePublished\":\"2008-07-14T12:20:33+00:00\",\"author\":{\"@id\":\"https:\/\/www.article-marketing.eu\/comunicati\/#\/schema\/person\/44372e4d4d0fa797b18e03ed1ace9017\"},\"breadcrumb\":{\"@id\":\"https:\/\/www.article-marketing.eu\/comunicati\/viaggi-e-vacanze\/viaggi-e-turismo\/venezia-la-citt%e0-incantata-dal-vetro-splendente\/#breadcrumb\"},\"inLanguage\":\"it-IT\",\"potentialAction\":[{\"@type\":\"ReadAction\",\"target\":[\"https:\/\/www.article-marketing.eu\/comunicati\/viaggi-e-vacanze\/viaggi-e-turismo\/venezia-la-citt%e0-incantata-dal-vetro-splendente\/\"]}]},{\"@type\":\"BreadcrumbList\",\"@id\":\"https:\/\/www.article-marketing.eu\/comunicati\/viaggi-e-vacanze\/viaggi-e-turismo\/venezia-la-citt%e0-incantata-dal-vetro-splendente\/#breadcrumb\",\"itemListElement\":[{\"@type\":\"ListItem\",\"position\":1,\"name\":\"Home\",\"item\":\"https:\/\/www.article-marketing.eu\/comunicati\/\"},{\"@type\":\"ListItem\",\"position\":2,\"name\":\"Venezia: la citt\u00e0 incantata dal vetro splendente\"}]},{\"@type\":\"WebSite\",\"@id\":\"https:\/\/www.article-marketing.eu\/comunicati\/#website\",\"url\":\"https:\/\/www.article-marketing.eu\/comunicati\/\",\"name\":\"Article Marketing\",\"description\":\"article marketing &amp; press release\",\"potentialAction\":[{\"@type\":\"SearchAction\",\"target\":{\"@type\":\"EntryPoint\",\"urlTemplate\":\"https:\/\/www.article-marketing.eu\/comunicati\/?s={search_term_string}\"},\"query-input\":{\"@type\":\"PropertyValueSpecification\",\"valueRequired\":true,\"valueName\":\"search_term_string\"}}],\"inLanguage\":\"it-IT\"},{\"@type\":\"Person\",\"@id\":\"https:\/\/www.article-marketing.eu\/comunicati\/#\/schema\/person\/44372e4d4d0fa797b18e03ed1ace9017\",\"name\":\"Redazione Comunicati Stampa\",\"image\":{\"@type\":\"ImageObject\",\"inLanguage\":\"it-IT\",\"@id\":\"https:\/\/www.article-marketing.eu\/comunicati\/#\/schema\/person\/image\/\",\"url\":\"https:\/\/secure.gravatar.com\/avatar\/50e5c6421d3072f42e7ace803501602c60d75233d34e29fd05feb91c8760b792?s=96&d=mm&r=g\",\"contentUrl\":\"https:\/\/secure.gravatar.com\/avatar\/50e5c6421d3072f42e7ace803501602c60d75233d34e29fd05feb91c8760b792?s=96&d=mm&r=g\",\"caption\":\"Redazione Comunicati Stampa\"},\"url\":\"https:\/\/www.article-marketing.eu\/comunicati\/author\/redazione-comunicati-stampa\/\"}]}<\/script>\n<!-- \/ Yoast SEO plugin. -->","yoast_head_json":{"title":"Venezia: la citt\u00e0 incantata dal vetro splendente - Article Marketing","robots":{"index":"index","follow":"follow","max-snippet":"max-snippet:-1","max-image-preview":"max-image-preview:large","max-video-preview":"max-video-preview:-1"},"canonical":"https:\/\/www.article-marketing.eu\/comunicati\/viaggi-e-vacanze\/viaggi-e-turismo\/venezia-la-citt?-incantata-dal-vetro-splendente\/","og_locale":"it_IT","og_type":"article","og_title":"Venezia: la citt\u00e0 incantata dal vetro splendente - Article Marketing","og_description":"Venezia, capoluogo della regione Veneto, dichiarata patrimonio dell\u2019umanit\u00e0 dall\u2019Unesco, si impone sulla laguna veneta come quella citt\u00e0 magica e speciale che si fa ricordare per la sua particolarit\u00e0 e splendore.","og_url":"https:\/\/www.article-marketing.eu\/comunicati\/viaggi-e-vacanze\/viaggi-e-turismo\/venezia-la-citt?-incantata-dal-vetro-splendente\/","og_site_name":"Article Marketing","article_published_time":"2008-07-14T12:20:33+00:00","author":"Redazione Comunicati Stampa","twitter_card":"summary_large_image","twitter_misc":{"Scritto da":"Redazione Comunicati Stampa","Tempo di lettura stimato":"2 minuti"},"schema":{"@context":"https:\/\/schema.org","@graph":[{"@type":"Article","@id":"https:\/\/www.article-marketing.eu\/comunicati\/viaggi-e-vacanze\/viaggi-e-turismo\/venezia-la-citt%e0-incantata-dal-vetro-splendente\/#article","isPartOf":{"@id":"https:\/\/www.article-marketing.eu\/comunicati\/viaggi-e-vacanze\/viaggi-e-turismo\/venezia-la-citt%e0-incantata-dal-vetro-splendente\/"},"author":{"name":"Redazione Comunicati Stampa","@id":"https:\/\/www.article-marketing.eu\/comunicati\/#\/schema\/person\/44372e4d4d0fa797b18e03ed1ace9017"},"headline":"Venezia: la citt\u00e0 incantata dal vetro splendente","datePublished":"2008-07-14T12:20:33+00:00","mainEntityOfPage":{"@id":"https:\/\/www.article-marketing.eu\/comunicati\/viaggi-e-vacanze\/viaggi-e-turismo\/venezia-la-citt%e0-incantata-dal-vetro-splendente\/"},"wordCount":479,"commentCount":0,"keywords":["venezia"],"articleSection":["Viaggi e Turismo"],"inLanguage":"it-IT","potentialAction":[{"@type":"CommentAction","name":"Comment","target":["https:\/\/www.article-marketing.eu\/comunicati\/viaggi-e-vacanze\/viaggi-e-turismo\/venezia-la-citt%e0-incantata-dal-vetro-splendente\/#respond"]}]},{"@type":"WebPage","@id":"https:\/\/www.article-marketing.eu\/comunicati\/viaggi-e-vacanze\/viaggi-e-turismo\/venezia-la-citt%e0-incantata-dal-vetro-splendente\/","url":"https:\/\/www.article-marketing.eu\/comunicati\/viaggi-e-vacanze\/viaggi-e-turismo\/venezia-la-citt%e0-incantata-dal-vetro-splendente\/","name":"Venezia: la citt\u00e0 incantata dal vetro splendente - Article Marketing","isPartOf":{"@id":"https:\/\/www.article-marketing.eu\/comunicati\/#website"},"datePublished":"2008-07-14T12:20:33+00:00","author":{"@id":"https:\/\/www.article-marketing.eu\/comunicati\/#\/schema\/person\/44372e4d4d0fa797b18e03ed1ace9017"},"breadcrumb":{"@id":"https:\/\/www.article-marketing.eu\/comunicati\/viaggi-e-vacanze\/viaggi-e-turismo\/venezia-la-citt%e0-incantata-dal-vetro-splendente\/#breadcrumb"},"inLanguage":"it-IT","potentialAction":[{"@type":"ReadAction","target":["https:\/\/www.article-marketing.eu\/comunicati\/viaggi-e-vacanze\/viaggi-e-turismo\/venezia-la-citt%e0-incantata-dal-vetro-splendente\/"]}]},{"@type":"BreadcrumbList","@id":"https:\/\/www.article-marketing.eu\/comunicati\/viaggi-e-vacanze\/viaggi-e-turismo\/venezia-la-citt%e0-incantata-dal-vetro-splendente\/#breadcrumb","itemListElement":[{"@type":"ListItem","position":1,"name":"Home","item":"https:\/\/www.article-marketing.eu\/comunicati\/"},{"@type":"ListItem","position":2,"name":"Venezia: la citt\u00e0 incantata dal vetro splendente"}]},{"@type":"WebSite","@id":"https:\/\/www.article-marketing.eu\/comunicati\/#website","url":"https:\/\/www.article-marketing.eu\/comunicati\/","name":"Article Marketing","description":"article marketing &amp; press release","potentialAction":[{"@type":"SearchAction","target":{"@type":"EntryPoint","urlTemplate":"https:\/\/www.article-marketing.eu\/comunicati\/?s={search_term_string}"},"query-input":{"@type":"PropertyValueSpecification","valueRequired":true,"valueName":"search_term_string"}}],"inLanguage":"it-IT"},{"@type":"Person","@id":"https:\/\/www.article-marketing.eu\/comunicati\/#\/schema\/person\/44372e4d4d0fa797b18e03ed1ace9017","name":"Redazione Comunicati Stampa","image":{"@type":"ImageObject","inLanguage":"it-IT","@id":"https:\/\/www.article-marketing.eu\/comunicati\/#\/schema\/person\/image\/","url":"https:\/\/secure.gravatar.com\/avatar\/50e5c6421d3072f42e7ace803501602c60d75233d34e29fd05feb91c8760b792?s=96&d=mm&r=g","contentUrl":"https:\/\/secure.gravatar.com\/avatar\/50e5c6421d3072f42e7ace803501602c60d75233d34e29fd05feb91c8760b792?s=96&d=mm&r=g","caption":"Redazione Comunicati Stampa"},"url":"https:\/\/www.article-marketing.eu\/comunicati\/author\/redazione-comunicati-stampa\/"}]}},"_links":{"self":[{"href":"https:\/\/www.article-marketing.eu\/comunicati\/wp-json\/wp\/v2\/posts\/532","targetHints":{"allow":["GET"]}}],"collection":[{"href":"https:\/\/www.article-marketing.eu\/comunicati\/wp-json\/wp\/v2\/posts"}],"about":[{"href":"https:\/\/www.article-marketing.eu\/comunicati\/wp-json\/wp\/v2\/types\/post"}],"author":[{"embeddable":true,"href":"https:\/\/www.article-marketing.eu\/comunicati\/wp-json\/wp\/v2\/users\/10"}],"replies":[{"embeddable":true,"href":"https:\/\/www.article-marketing.eu\/comunicati\/wp-json\/wp\/v2\/comments?post=532"}],"version-history":[{"count":0,"href":"https:\/\/www.article-marketing.eu\/comunicati\/wp-json\/wp\/v2\/posts\/532\/revisions"}],"wp:attachment":[{"href":"https:\/\/www.article-marketing.eu\/comunicati\/wp-json\/wp\/v2\/media?parent=532"}],"wp:term":[{"taxonomy":"category","embeddable":true,"href":"https:\/\/www.article-marketing.eu\/comunicati\/wp-json\/wp\/v2\/categories?post=532"},{"taxonomy":"post_tag","embeddable":true,"href":"https:\/\/www.article-marketing.eu\/comunicati\/wp-json\/wp\/v2\/tags?post=532"}],"curies":[{"name":"wp","href":"https:\/\/api.w.org\/{rel}","templated":true}]}}