{"id":53269,"date":"2016-08-10T14:49:57","date_gmt":"2016-08-10T12:49:57","guid":{"rendered":"http:\/\/www.article-marketing.eu\/comunicati\/senza-categoria\/lo-chef-carlo-cracco-sceglie-la%80%99affidabilit%c3%80-di-wega\/"},"modified":"2016-08-10T14:49:57","modified_gmt":"2016-08-10T12:49:57","slug":"lo-chef-carlo-cracco-sceglie-la%80%99affidabilit%c3%80-di-wega","status":"publish","type":"post","link":"https:\/\/www.article-marketing.eu\/comunicati\/casa\/cucina\/lo-chef-carlo-cracco-sceglie-la%80%99affidabilit%c3%80-di-wega\/","title":{"rendered":"LO CHEF CARLO CRACCO SCEGLIE L\u2019AFFIDABILIT\u00c0 DI WEGA"},"content":{"rendered":"<ul class=\"slides\" style=\"font-family: inherit; box-sizing: border-box; margin: 0px; padding: 0px; border: 0px; font-style: inherit; font-variant: inherit; font-weight: inherit; font-stretch: inherit; line-height: 1.2; vertical-align: baseline; list-style: none; zoom: 1; width: 5082px; transition-duration: 0s; transform: translate3d(-847px, 0px, 0px);\"><\/p>\n<li class=\"flex-active-slide\" style=\"font-family: inherit; box-sizing: border-box; margin: 0px 0px 12px; padding: 0px; border: 0px; font-style: inherit; font-variant: inherit; font-weight: inherit; font-stretch: inherit; line-height: 18px; vertical-align: baseline; display: block; backface-visibility: hidden; width: 847px; float: left;\"><img loading=\"lazy\" decoding=\"async\" class=\"attachment-blog size-blog wp-post-image\" src=\"http:\/\/www.xn--cafstival-23a.com\/wp-content\/uploads\/2016\/08\/cafestival_wegacarlocracco.jpg\" border=\"0\" alt=\"cafestival_wegacarlocracco\" width=\"890\" height=\"330\" \/><\/li>\n<p><\/p>\n<li class=\"clone\" style=\"font-family: inherit; box-sizing: border-box; margin: 0px 0px 12px; padding: 0px; border: 0px; font-style: inherit; font-variant: inherit; font-weight: inherit; font-stretch: inherit; line-height: 18px; vertical-align: baseline; display: block; backface-visibility: hidden; width: 847px; float: left;\"><img loading=\"lazy\" decoding=\"async\" class=\"attachment-blog size-blog wp-post-image\" src=\"http:\/\/www.xn--cafstival-23a.com\/wp-content\/uploads\/2016\/08\/cafestival_wegacarlocracco.jpg\" border=\"0\" alt=\"cafestival_wegacarlocracco\" width=\"890\" height=\"330\" \/><\/li>\n<p><\/ul>\n<p>Carlo Cracco, famoso e influente Chef nonch&eacute; coffee addicted, per il <strong style=\"font-family: inherit; box-sizing: border-box; margin: 0px; padding: 0px; border: 0px; font-style: inherit; font-variant: inherit; font-stretch: inherit; font-size: inherit; line-height: inherit; vertical-align: baseline; color: #333333;\">Ristorante Cracco in zona Duomo a Milano<\/strong>, entrato per 4 volte nella classifica dei migliori 50 ristoranti del mondo, ha scelto la qualit&agrave; e affidabilit&agrave; delle <strong style=\"font-family: inherit; box-sizing: border-box; margin: 0px; padding: 0px; border: 0px; font-style: inherit; font-variant: inherit; font-stretch: inherit; font-size: inherit; line-height: inherit; vertical-align: baseline; color: #333333;\">macchine per caff&egrave; Wega<\/strong>.<br \/>Wega &egrave; azienda leader nella produzione di macchine professionali per caff&egrave; espresso. Le macchine Wega sono espressione di innovazione, estetica, praticit&agrave; e sono attente al risparmio energetico, anche nei momenti di maggiore lavoro la resa in tazza &egrave; sempre garantita.<br \/>La macchina scelta da Cracco &egrave; la <strong style=\"font-family: inherit; box-sizing: border-box; margin: 0px; padding: 0px; border: 0px; font-style: inherit; font-variant: inherit; font-stretch: inherit; font-size: inherit; line-height: inherit; vertical-align: baseline; color: #333333;\">My Concept<\/strong>, caratterizzata da una <strong style=\"font-family: inherit; box-sizing: border-box; margin: 0px; padding: 0px; border: 0px; font-style: inherit; font-variant: inherit; font-stretch: inherit; font-size: inherit; line-height: inherit; vertical-align: baseline; color: #333333;\">pulsantiera touch<\/strong> e da un&rsquo;interfaccia mobile like che permette il caricamento, tramite chiavetta USB, di loghi, claim, men&ugrave; e foto con l&rsquo;ulteriore vantaggio di poterle visualizzare su pi&ugrave; macchine contemporaneamente. My Concept, oltre ad essere personalizzabile al 100%, ha un&rsquo;anima green, infatti garantisce un risparmio energetico certificato del 47,6% in condizioni di riposo e del 30% in fase operativa..<br \/>Per il locale Carlo e Camilla in Segheria, Cracco invece ha scelto la <strong style=\"font-family: inherit; box-sizing: border-box; margin: 0px; padding: 0px; border: 0px; font-style: inherit; font-variant: inherit; font-stretch: inherit; font-size: inherit; line-height: inherit; vertical-align: baseline; color: #333333;\">Mininova Classic<\/strong>: bella, funzionale, dalla grande personalit&agrave;, capace di riempire lo spazio con eleganza e versatilit&agrave;. Si sposa perfettamente al design della location, caratterizzata da un ambiente essenziale, contemporaneo, realizzato dalla ristrutturazione di un ex fabbrica per la lavorazione del legno.<br \/>Come afferma lo Chef: &ldquo;<strong style=\"font-family: inherit; box-sizing: border-box; margin: 0px; padding: 0px; border: 0px; font-style: inherit; font-variant: inherit; font-stretch: inherit; font-size: inherit; line-height: inherit; vertical-align: baseline; color: #333333;\">il caff&egrave; &egrave; parte integrante di un pasto<\/strong>. Arriva alla fine della degustazione e deve lasciare un buon ricordo dell&rsquo;esperienza appena vissuta&rdquo;.<br style=\"box-sizing: border-box;\" \/>&ldquo;Siamo molto soddisfatti di annunciare questa partnership di eccellenza &ndash; dice <strong style=\"font-family: inherit; box-sizing: border-box; margin: 0px; padding: 0px; border: 0px; font-style: inherit; font-variant: inherit; font-stretch: inherit; font-size: inherit; line-height: inherit; vertical-align: baseline; color: #333333;\">Paolo Nadalet, Amministratore Delegato di Wega Macchine per Caff&egrave;<\/strong>. &ndash; Con Carlo Cracco condividiamo la stessa passione: soddisfare i palati pi&ugrave; fini regalando loro un&rsquo;esperienza sensoriale davvero unica attraverso prodotti di qualit&agrave;.&rdquo;<br \/>Nasce cos&igrave; un nuovo sodalizio che unisce due eccellenze del gusto <strong style=\"font-family: inherit; box-sizing: border-box; margin: 0px; padding: 0px; border: 0px; font-style: inherit; font-variant: inherit; font-stretch: inherit; font-size: inherit; line-height: inherit; vertical-align: baseline; color: #333333;\">Made in Italy.<\/strong><br style=\"box-sizing: border-box;\" \/>Ricordiamo che Wega sar&agrave; tra gli espositori del Caf&egrave;stival e i visitatori potranno ammirare le loro macchine durante la due giorni a Palazzo Albergati.<\/p>\n","protected":false},"excerpt":{"rendered":"<p>Carlo Cracco, famoso e influente Chef nonch\u00e9 coffee addicted, per il Ristorante Cracco in zona Duomo a Milano, entrato per 4 volte nella classifica dei migliori 50 ristoranti del mondo, ha scelto la qualit\u00e0 e affidabilit\u00e0 delle macchine per caff\u00e8 Wega.<\/p>\n","protected":false},"author":10,"featured_media":0,"comment_status":"open","ping_status":"open","sticky":false,"template":"","format":"standard","meta":{"cybocfi_hide_featured_image":"","footnotes":""},"categories":[944],"tags":[],"class_list":["post-53269","post","type-post","status-publish","format-standard","hentry","category-cucina"],"yoast_head":"<!-- This site is optimized with the Yoast SEO plugin v27.0 - https:\/\/yoast.com\/product\/yoast-seo-wordpress\/ -->\n<title>LO CHEF CARLO CRACCO SCEGLIE L\u2019AFFIDABILIT\u00c0 DI WEGA - Article Marketing<\/title>\n<meta name=\"robots\" content=\"index, follow, max-snippet:-1, max-image-preview:large, max-video-preview:-1\" \/>\n<link rel=\"canonical\" href=\"https:\/\/www.article-marketing.eu\/comunicati\/casa\/cucina\/lo-chef-carlo-cracco-sceglie-la??affidabilit\u00c0-di-wega\/\" \/>\n<meta property=\"og:locale\" content=\"it_IT\" \/>\n<meta property=\"og:type\" content=\"article\" \/>\n<meta property=\"og:title\" content=\"LO CHEF CARLO CRACCO SCEGLIE L\u2019AFFIDABILIT\u00c0 DI WEGA - Article Marketing\" \/>\n<meta property=\"og:description\" content=\"Carlo Cracco, famoso e influente Chef nonch\u00e9 coffee addicted, per il Ristorante Cracco in zona Duomo a Milano, entrato per 4 volte nella classifica dei migliori 50 ristoranti del mondo, ha scelto la qualit\u00e0 e affidabilit\u00e0 delle macchine per caff\u00e8 Wega.\" \/>\n<meta property=\"og:url\" content=\"\" \/>\n<meta property=\"og:site_name\" content=\"Article Marketing\" \/>\n<meta property=\"article:published_time\" content=\"2016-08-10T12:49:57+00:00\" \/>\n<meta property=\"og:image\" content=\"http:\/\/www.xn--cafstival-23a.com\/wp-content\/uploads\/2016\/08\/cafestival_wegacarlocracco.jpg\" \/>\n<meta name=\"author\" content=\"Redazione Comunicati Stampa\" \/>\n<meta name=\"twitter:card\" content=\"summary_large_image\" \/>\n<meta name=\"twitter:label1\" content=\"Scritto da\" \/>\n\t<meta name=\"twitter:data1\" content=\"Redazione Comunicati Stampa\" \/>\n\t<meta name=\"twitter:label2\" content=\"Tempo di lettura stimato\" \/>\n\t<meta name=\"twitter:data2\" content=\"2 minuti\" \/>\n<script type=\"application\/ld+json\" class=\"yoast-schema-graph\">{\"@context\":\"https:\/\/schema.org\",\"@graph\":[{\"@type\":\"Article\",\"@id\":\"https:\/\/www.article-marketing.eu\/comunicati\/casa\/cucina\/lo-chef-carlo-cracco-sceglie-la%80%99affidabilit%c3%80-di-wega\/#article\",\"isPartOf\":{\"@id\":\"https:\/\/www.article-marketing.eu\/comunicati\/casa\/cucina\/lo-chef-carlo-cracco-sceglie-la%80%99affidabilit%c3%80-di-wega\/\"},\"author\":{\"name\":\"Redazione Comunicati Stampa\",\"@id\":\"https:\/\/www.article-marketing.eu\/comunicati\/#\/schema\/person\/44372e4d4d0fa797b18e03ed1ace9017\"},\"headline\":\"LO CHEF CARLO CRACCO SCEGLIE L\u2019AFFIDABILIT\u00c0 DI WEGA\",\"datePublished\":\"2016-08-10T12:49:57+00:00\",\"mainEntityOfPage\":{\"@id\":\"https:\/\/www.article-marketing.eu\/comunicati\/casa\/cucina\/lo-chef-carlo-cracco-sceglie-la%80%99affidabilit%c3%80-di-wega\/\"},\"wordCount\":349,\"commentCount\":0,\"image\":{\"@id\":\"https:\/\/www.article-marketing.eu\/comunicati\/casa\/cucina\/lo-chef-carlo-cracco-sceglie-la%80%99affidabilit%c3%80-di-wega\/#primaryimage\"},\"thumbnailUrl\":\"http:\/\/www.xn--cafstival-23a.com\/wp-content\/uploads\/2016\/08\/cafestival_wegacarlocracco.jpg\",\"articleSection\":[\"Cucina\"],\"inLanguage\":\"it-IT\",\"potentialAction\":[{\"@type\":\"CommentAction\",\"name\":\"Comment\",\"target\":[\"https:\/\/www.article-marketing.eu\/comunicati\/casa\/cucina\/lo-chef-carlo-cracco-sceglie-la%80%99affidabilit%c3%80-di-wega\/#respond\"]}]},{\"@type\":\"WebPage\",\"@id\":\"https:\/\/www.article-marketing.eu\/comunicati\/casa\/cucina\/lo-chef-carlo-cracco-sceglie-la%80%99affidabilit%c3%80-di-wega\/\",\"url\":\"https:\/\/www.article-marketing.eu\/comunicati\/casa\/cucina\/lo-chef-carlo-cracco-sceglie-la%80%99affidabilit%c3%80-di-wega\/\",\"name\":\"LO CHEF CARLO CRACCO SCEGLIE L\u2019AFFIDABILIT\u00c0 DI WEGA - Article Marketing\",\"isPartOf\":{\"@id\":\"https:\/\/www.article-marketing.eu\/comunicati\/#website\"},\"primaryImageOfPage\":{\"@id\":\"https:\/\/www.article-marketing.eu\/comunicati\/casa\/cucina\/lo-chef-carlo-cracco-sceglie-la%80%99affidabilit%c3%80-di-wega\/#primaryimage\"},\"image\":{\"@id\":\"https:\/\/www.article-marketing.eu\/comunicati\/casa\/cucina\/lo-chef-carlo-cracco-sceglie-la%80%99affidabilit%c3%80-di-wega\/#primaryimage\"},\"thumbnailUrl\":\"http:\/\/www.xn--cafstival-23a.com\/wp-content\/uploads\/2016\/08\/cafestival_wegacarlocracco.jpg\",\"datePublished\":\"2016-08-10T12:49:57+00:00\",\"author\":{\"@id\":\"https:\/\/www.article-marketing.eu\/comunicati\/#\/schema\/person\/44372e4d4d0fa797b18e03ed1ace9017\"},\"breadcrumb\":{\"@id\":\"https:\/\/www.article-marketing.eu\/comunicati\/casa\/cucina\/lo-chef-carlo-cracco-sceglie-la%80%99affidabilit%c3%80-di-wega\/#breadcrumb\"},\"inLanguage\":\"it-IT\",\"potentialAction\":[{\"@type\":\"ReadAction\",\"target\":[\"https:\/\/www.article-marketing.eu\/comunicati\/casa\/cucina\/lo-chef-carlo-cracco-sceglie-la%80%99affidabilit%c3%80-di-wega\/\"]}]},{\"@type\":\"ImageObject\",\"inLanguage\":\"it-IT\",\"@id\":\"https:\/\/www.article-marketing.eu\/comunicati\/casa\/cucina\/lo-chef-carlo-cracco-sceglie-la%80%99affidabilit%c3%80-di-wega\/#primaryimage\",\"url\":\"http:\/\/www.xn--cafstival-23a.com\/wp-content\/uploads\/2016\/08\/cafestival_wegacarlocracco.jpg\",\"contentUrl\":\"http:\/\/www.xn--cafstival-23a.com\/wp-content\/uploads\/2016\/08\/cafestival_wegacarlocracco.jpg\"},{\"@type\":\"BreadcrumbList\",\"@id\":\"https:\/\/www.article-marketing.eu\/comunicati\/casa\/cucina\/lo-chef-carlo-cracco-sceglie-la%80%99affidabilit%c3%80-di-wega\/#breadcrumb\",\"itemListElement\":[{\"@type\":\"ListItem\",\"position\":1,\"name\":\"Home\",\"item\":\"https:\/\/www.article-marketing.eu\/comunicati\/\"},{\"@type\":\"ListItem\",\"position\":2,\"name\":\"LO CHEF CARLO CRACCO SCEGLIE L\u2019AFFIDABILIT\u00c0 DI WEGA\"}]},{\"@type\":\"WebSite\",\"@id\":\"https:\/\/www.article-marketing.eu\/comunicati\/#website\",\"url\":\"https:\/\/www.article-marketing.eu\/comunicati\/\",\"name\":\"Article Marketing\",\"description\":\"article marketing &amp; press release\",\"potentialAction\":[{\"@type\":\"SearchAction\",\"target\":{\"@type\":\"EntryPoint\",\"urlTemplate\":\"https:\/\/www.article-marketing.eu\/comunicati\/?s={search_term_string}\"},\"query-input\":{\"@type\":\"PropertyValueSpecification\",\"valueRequired\":true,\"valueName\":\"search_term_string\"}}],\"inLanguage\":\"it-IT\"},{\"@type\":\"Person\",\"@id\":\"https:\/\/www.article-marketing.eu\/comunicati\/#\/schema\/person\/44372e4d4d0fa797b18e03ed1ace9017\",\"name\":\"Redazione Comunicati Stampa\",\"image\":{\"@type\":\"ImageObject\",\"inLanguage\":\"it-IT\",\"@id\":\"https:\/\/www.article-marketing.eu\/comunicati\/#\/schema\/person\/image\/\",\"url\":\"https:\/\/secure.gravatar.com\/avatar\/50e5c6421d3072f42e7ace803501602c60d75233d34e29fd05feb91c8760b792?s=96&d=mm&r=g\",\"contentUrl\":\"https:\/\/secure.gravatar.com\/avatar\/50e5c6421d3072f42e7ace803501602c60d75233d34e29fd05feb91c8760b792?s=96&d=mm&r=g\",\"caption\":\"Redazione Comunicati Stampa\"},\"url\":\"https:\/\/www.article-marketing.eu\/comunicati\/author\/redazione-comunicati-stampa\/\"}]}<\/script>\n<!-- \/ Yoast SEO plugin. -->","yoast_head_json":{"title":"LO CHEF CARLO CRACCO SCEGLIE L\u2019AFFIDABILIT\u00c0 DI WEGA - Article Marketing","robots":{"index":"index","follow":"follow","max-snippet":"max-snippet:-1","max-image-preview":"max-image-preview:large","max-video-preview":"max-video-preview:-1"},"canonical":"https:\/\/www.article-marketing.eu\/comunicati\/casa\/cucina\/lo-chef-carlo-cracco-sceglie-la??affidabilit\u00c0-di-wega\/","og_locale":"it_IT","og_type":"article","og_title":"LO CHEF CARLO CRACCO SCEGLIE L\u2019AFFIDABILIT\u00c0 DI WEGA - Article Marketing","og_description":"Carlo Cracco, famoso e influente Chef nonch\u00e9 coffee addicted, per il Ristorante Cracco in zona Duomo a Milano, entrato per 4 volte nella classifica dei migliori 50 ristoranti del mondo, ha scelto la qualit\u00e0 e affidabilit\u00e0 delle macchine per caff\u00e8 Wega.","og_url":"https:\/\/www.article-marketing.eu\/comunicati\/casa\/cucina\/lo-chef-carlo-cracco-sceglie-la??affidabilit\u00c0-di-wega\/","og_site_name":"Article Marketing","article_published_time":"2016-08-10T12:49:57+00:00","og_image":[{"url":"http:\/\/www.xn--cafstival-23a.com\/wp-content\/uploads\/2016\/08\/cafestival_wegacarlocracco.jpg","type":"","width":"","height":""}],"author":"Redazione Comunicati Stampa","twitter_card":"summary_large_image","twitter_misc":{"Scritto da":"Redazione Comunicati Stampa","Tempo di lettura stimato":"2 minuti"},"schema":{"@context":"https:\/\/schema.org","@graph":[{"@type":"Article","@id":"https:\/\/www.article-marketing.eu\/comunicati\/casa\/cucina\/lo-chef-carlo-cracco-sceglie-la%80%99affidabilit%c3%80-di-wega\/#article","isPartOf":{"@id":"https:\/\/www.article-marketing.eu\/comunicati\/casa\/cucina\/lo-chef-carlo-cracco-sceglie-la%80%99affidabilit%c3%80-di-wega\/"},"author":{"name":"Redazione Comunicati Stampa","@id":"https:\/\/www.article-marketing.eu\/comunicati\/#\/schema\/person\/44372e4d4d0fa797b18e03ed1ace9017"},"headline":"LO CHEF CARLO CRACCO SCEGLIE L\u2019AFFIDABILIT\u00c0 DI WEGA","datePublished":"2016-08-10T12:49:57+00:00","mainEntityOfPage":{"@id":"https:\/\/www.article-marketing.eu\/comunicati\/casa\/cucina\/lo-chef-carlo-cracco-sceglie-la%80%99affidabilit%c3%80-di-wega\/"},"wordCount":349,"commentCount":0,"image":{"@id":"https:\/\/www.article-marketing.eu\/comunicati\/casa\/cucina\/lo-chef-carlo-cracco-sceglie-la%80%99affidabilit%c3%80-di-wega\/#primaryimage"},"thumbnailUrl":"http:\/\/www.xn--cafstival-23a.com\/wp-content\/uploads\/2016\/08\/cafestival_wegacarlocracco.jpg","articleSection":["Cucina"],"inLanguage":"it-IT","potentialAction":[{"@type":"CommentAction","name":"Comment","target":["https:\/\/www.article-marketing.eu\/comunicati\/casa\/cucina\/lo-chef-carlo-cracco-sceglie-la%80%99affidabilit%c3%80-di-wega\/#respond"]}]},{"@type":"WebPage","@id":"https:\/\/www.article-marketing.eu\/comunicati\/casa\/cucina\/lo-chef-carlo-cracco-sceglie-la%80%99affidabilit%c3%80-di-wega\/","url":"https:\/\/www.article-marketing.eu\/comunicati\/casa\/cucina\/lo-chef-carlo-cracco-sceglie-la%80%99affidabilit%c3%80-di-wega\/","name":"LO CHEF CARLO CRACCO SCEGLIE L\u2019AFFIDABILIT\u00c0 DI WEGA - Article Marketing","isPartOf":{"@id":"https:\/\/www.article-marketing.eu\/comunicati\/#website"},"primaryImageOfPage":{"@id":"https:\/\/www.article-marketing.eu\/comunicati\/casa\/cucina\/lo-chef-carlo-cracco-sceglie-la%80%99affidabilit%c3%80-di-wega\/#primaryimage"},"image":{"@id":"https:\/\/www.article-marketing.eu\/comunicati\/casa\/cucina\/lo-chef-carlo-cracco-sceglie-la%80%99affidabilit%c3%80-di-wega\/#primaryimage"},"thumbnailUrl":"http:\/\/www.xn--cafstival-23a.com\/wp-content\/uploads\/2016\/08\/cafestival_wegacarlocracco.jpg","datePublished":"2016-08-10T12:49:57+00:00","author":{"@id":"https:\/\/www.article-marketing.eu\/comunicati\/#\/schema\/person\/44372e4d4d0fa797b18e03ed1ace9017"},"breadcrumb":{"@id":"https:\/\/www.article-marketing.eu\/comunicati\/casa\/cucina\/lo-chef-carlo-cracco-sceglie-la%80%99affidabilit%c3%80-di-wega\/#breadcrumb"},"inLanguage":"it-IT","potentialAction":[{"@type":"ReadAction","target":["https:\/\/www.article-marketing.eu\/comunicati\/casa\/cucina\/lo-chef-carlo-cracco-sceglie-la%80%99affidabilit%c3%80-di-wega\/"]}]},{"@type":"ImageObject","inLanguage":"it-IT","@id":"https:\/\/www.article-marketing.eu\/comunicati\/casa\/cucina\/lo-chef-carlo-cracco-sceglie-la%80%99affidabilit%c3%80-di-wega\/#primaryimage","url":"http:\/\/www.xn--cafstival-23a.com\/wp-content\/uploads\/2016\/08\/cafestival_wegacarlocracco.jpg","contentUrl":"http:\/\/www.xn--cafstival-23a.com\/wp-content\/uploads\/2016\/08\/cafestival_wegacarlocracco.jpg"},{"@type":"BreadcrumbList","@id":"https:\/\/www.article-marketing.eu\/comunicati\/casa\/cucina\/lo-chef-carlo-cracco-sceglie-la%80%99affidabilit%c3%80-di-wega\/#breadcrumb","itemListElement":[{"@type":"ListItem","position":1,"name":"Home","item":"https:\/\/www.article-marketing.eu\/comunicati\/"},{"@type":"ListItem","position":2,"name":"LO CHEF CARLO CRACCO SCEGLIE L\u2019AFFIDABILIT\u00c0 DI WEGA"}]},{"@type":"WebSite","@id":"https:\/\/www.article-marketing.eu\/comunicati\/#website","url":"https:\/\/www.article-marketing.eu\/comunicati\/","name":"Article Marketing","description":"article marketing &amp; press release","potentialAction":[{"@type":"SearchAction","target":{"@type":"EntryPoint","urlTemplate":"https:\/\/www.article-marketing.eu\/comunicati\/?s={search_term_string}"},"query-input":{"@type":"PropertyValueSpecification","valueRequired":true,"valueName":"search_term_string"}}],"inLanguage":"it-IT"},{"@type":"Person","@id":"https:\/\/www.article-marketing.eu\/comunicati\/#\/schema\/person\/44372e4d4d0fa797b18e03ed1ace9017","name":"Redazione Comunicati Stampa","image":{"@type":"ImageObject","inLanguage":"it-IT","@id":"https:\/\/www.article-marketing.eu\/comunicati\/#\/schema\/person\/image\/","url":"https:\/\/secure.gravatar.com\/avatar\/50e5c6421d3072f42e7ace803501602c60d75233d34e29fd05feb91c8760b792?s=96&d=mm&r=g","contentUrl":"https:\/\/secure.gravatar.com\/avatar\/50e5c6421d3072f42e7ace803501602c60d75233d34e29fd05feb91c8760b792?s=96&d=mm&r=g","caption":"Redazione Comunicati Stampa"},"url":"https:\/\/www.article-marketing.eu\/comunicati\/author\/redazione-comunicati-stampa\/"}]}},"_links":{"self":[{"href":"https:\/\/www.article-marketing.eu\/comunicati\/wp-json\/wp\/v2\/posts\/53269","targetHints":{"allow":["GET"]}}],"collection":[{"href":"https:\/\/www.article-marketing.eu\/comunicati\/wp-json\/wp\/v2\/posts"}],"about":[{"href":"https:\/\/www.article-marketing.eu\/comunicati\/wp-json\/wp\/v2\/types\/post"}],"author":[{"embeddable":true,"href":"https:\/\/www.article-marketing.eu\/comunicati\/wp-json\/wp\/v2\/users\/10"}],"replies":[{"embeddable":true,"href":"https:\/\/www.article-marketing.eu\/comunicati\/wp-json\/wp\/v2\/comments?post=53269"}],"version-history":[{"count":0,"href":"https:\/\/www.article-marketing.eu\/comunicati\/wp-json\/wp\/v2\/posts\/53269\/revisions"}],"wp:attachment":[{"href":"https:\/\/www.article-marketing.eu\/comunicati\/wp-json\/wp\/v2\/media?parent=53269"}],"wp:term":[{"taxonomy":"category","embeddable":true,"href":"https:\/\/www.article-marketing.eu\/comunicati\/wp-json\/wp\/v2\/categories?post=53269"},{"taxonomy":"post_tag","embeddable":true,"href":"https:\/\/www.article-marketing.eu\/comunicati\/wp-json\/wp\/v2\/tags?post=53269"}],"curies":[{"name":"wp","href":"https:\/\/api.w.org\/{rel}","templated":true}]}}