{"id":53399,"date":"2016-10-21T11:09:57","date_gmt":"2016-10-21T09:09:57","guid":{"rendered":"http:\/\/www.article-marketing.eu\/comunicati\/senza-categoria\/eventi-pubblico-come-scegliere-le-sedute-adatte-al-tuo-evento-2\/"},"modified":"2016-10-21T11:09:57","modified_gmt":"2016-10-21T09:09:57","slug":"eventi-pubblico-come-scegliere-le-sedute-adatte-al-tuo-evento-2","status":"publish","type":"post","link":"https:\/\/www.article-marketing.eu\/comunicati\/comunicati-stampa\/eventi\/eventi-pubblico-come-scegliere-le-sedute-adatte-al-tuo-evento-2\/","title":{"rendered":"Eventi, pubblico, come scegliere le sedute adatte al tuo evento."},"content":{"rendered":"<p>Un evento \u00e8 il frutto di uno studio accurato su progetti e scalette che rappresentano l&rsquo;obbiettivo dell&rsquo;evento stesso. Il budget \u00e8 un parametro fondamentale, spesso difficile da rispettare, e deve tenere conto di tutti gli allestimenti previsti tra luci, audio, location, personale eccetera, sicuramente troveremo anche la voce sedie. Perch\u00e9 un <a href=\"http:\/\/www.nosilence.it\/allestimenti-per-eventi-roma\/noleggio-sedie-e-tavoli\/\" title=\"tavoli e sedie per eventi\">evento se prevede un pubblico \u00e8 quasi scontato che preveda anche come farlo accomodare<\/a>, ecco quindi una panoramica sui modelli pi\u00f9 utilizzati e quali caratteristiche li contraddistinguono rispetto agli altri concorrenti. <br \/>Partiamo dalle pi\u00f9 diffuse, ognuno di noi sicuramente ci si sar\u00e0 seduto una volta nella vita, le sedie Conference. Queste sedia hanno il pregio di essere modulabili per creare file ordinate come lunghe panche, inoltre anno la possibilit\u00e0 di montare un bracciolo monolato dove poter scrivere o dove poter appoggiare un pc o un device mobile. Il punto forte \u00e8 senz&rsquo;altro l&rsquo;imbottitura che le rende pi\u00f9 comode di molte altre, rendendole particolarmente indicate per eventi lunghi dove c&rsquo;\u00e8 bisogno di ascoltare molto. Stesso concetto ma realizzate in modo pratico \u00e8 quello delle sedie Monoscocca, pensate come le conference, perci\u00f2 modulabili, in colori piuttosto istituzionali ma con la caratteristica di essere pi\u00f9 essenziali, quindi meno soggette al deterioramento e molto pi\u00f9 leggere. La loro essenzialit\u00e0 le rende molto adatte ad eventi all&rsquo;esterno come cinema estivi, rassegne e concerti, inoltre la loro struttura in plastica fa si che siano resistenti ad agenti atmosferici e che siano facilmente impilabili tra di loro riducendo di molto lo spazio occupato rispetto alle Conference. <br \/>Lasciamo la praticit\u00e0 e concentriamoci sullo stile, che contraddistingue i prossimi modelli come le Parigine o le Chiavarine, ma quelle degne di nota anche perch\u00e9 molto popolari sono le Kartell. Queste sedie sono il simbolo dell&rsquo;eleganza mixata al design per eventi e sono realizzate i plexiglass trasparente, una soluzione insolita e piacevole, che dona personalit\u00e0 l&rsquo;evento stesso. Ecco quindi una panoramica sintetica delle sedie utilizzate per gli eventi, un aiuto per comprendere come scegliere le sedie per il vostro prossimo evento.<\/p>\n","protected":false},"excerpt":{"rendered":"<p>Un evento \u00e8 il frutto di uno studio accurato su progetti e scalette che rappresentano l\u2019obbiettivo dell\u2019evento stesso. Il budget \u00e8 un parametro fondamentale, spesso difficile da rispettare, e deve tenere conto di tutti gli allestimenti previsti tra luci, audio, location, personale eccetera, sicuramente troveremo anche la voce sedie&#8230;<\/p>\n","protected":false},"author":10,"featured_media":0,"comment_status":"open","ping_status":"open","sticky":false,"template":"","format":"standard","meta":{"cybocfi_hide_featured_image":"","footnotes":""},"categories":[388],"tags":[55367,55366,55365],"class_list":["post-53399","post","type-post","status-publish","format-standard","hentry","category-eventi","tag-noleggio-sedie","tag-sedie-per-eventi","tag-tavole-sedie"],"yoast_head":"<!-- This site is optimized with the Yoast SEO plugin v27.0 - https:\/\/yoast.com\/product\/yoast-seo-wordpress\/ -->\n<title>Eventi, pubblico, come scegliere le sedute adatte al tuo evento. - Article Marketing<\/title>\n<meta name=\"robots\" content=\"index, follow, max-snippet:-1, max-image-preview:large, max-video-preview:-1\" \/>\n<link rel=\"canonical\" href=\"https:\/\/www.article-marketing.eu\/comunicati\/comunicati-stampa\/eventi\/eventi-pubblico-come-scegliere-le-sedute-adatte-al-tuo-evento-2\/\" \/>\n<meta property=\"og:locale\" content=\"it_IT\" \/>\n<meta property=\"og:type\" content=\"article\" \/>\n<meta property=\"og:title\" content=\"Eventi, pubblico, come scegliere le sedute adatte al tuo evento. - Article Marketing\" \/>\n<meta property=\"og:description\" content=\"Un evento \u00e8 il frutto di uno studio accurato su progetti e scalette che rappresentano l\u2019obbiettivo dell\u2019evento stesso. Il budget \u00e8 un parametro fondamentale, spesso difficile da rispettare, e deve tenere conto di tutti gli allestimenti previsti tra luci, audio, location, personale eccetera, sicuramente troveremo anche la voce sedie...\" \/>\n<meta property=\"og:url\" content=\"https:\/\/www.article-marketing.eu\/comunicati\/comunicati-stampa\/eventi\/eventi-pubblico-come-scegliere-le-sedute-adatte-al-tuo-evento-2\/\" \/>\n<meta property=\"og:site_name\" content=\"Article Marketing\" \/>\n<meta property=\"article:published_time\" content=\"2016-10-21T09:09:57+00:00\" \/>\n<meta name=\"author\" content=\"Redazione Comunicati Stampa\" \/>\n<meta name=\"twitter:card\" content=\"summary_large_image\" \/>\n<meta name=\"twitter:label1\" content=\"Scritto da\" \/>\n\t<meta name=\"twitter:data1\" content=\"Redazione Comunicati Stampa\" \/>\n\t<meta name=\"twitter:label2\" content=\"Tempo di lettura stimato\" \/>\n\t<meta name=\"twitter:data2\" content=\"2 minuti\" \/>\n<script type=\"application\/ld+json\" class=\"yoast-schema-graph\">{\"@context\":\"https:\/\/schema.org\",\"@graph\":[{\"@type\":\"Article\",\"@id\":\"https:\/\/www.article-marketing.eu\/comunicati\/comunicati-stampa\/eventi\/eventi-pubblico-come-scegliere-le-sedute-adatte-al-tuo-evento-2\/#article\",\"isPartOf\":{\"@id\":\"https:\/\/www.article-marketing.eu\/comunicati\/comunicati-stampa\/eventi\/eventi-pubblico-come-scegliere-le-sedute-adatte-al-tuo-evento-2\/\"},\"author\":{\"name\":\"Redazione Comunicati Stampa\",\"@id\":\"https:\/\/www.article-marketing.eu\/comunicati\/#\/schema\/person\/44372e4d4d0fa797b18e03ed1ace9017\"},\"headline\":\"Eventi, pubblico, come scegliere le sedute adatte al tuo evento.\",\"datePublished\":\"2016-10-21T09:09:57+00:00\",\"mainEntityOfPage\":{\"@id\":\"https:\/\/www.article-marketing.eu\/comunicati\/comunicati-stampa\/eventi\/eventi-pubblico-come-scegliere-le-sedute-adatte-al-tuo-evento-2\/\"},\"wordCount\":351,\"commentCount\":0,\"keywords\":[\"noleggio sedie\",\"sedie per eventi\",\"tavole sedie\"],\"articleSection\":[\"Eventi\"],\"inLanguage\":\"it-IT\",\"potentialAction\":[{\"@type\":\"CommentAction\",\"name\":\"Comment\",\"target\":[\"https:\/\/www.article-marketing.eu\/comunicati\/comunicati-stampa\/eventi\/eventi-pubblico-come-scegliere-le-sedute-adatte-al-tuo-evento-2\/#respond\"]}]},{\"@type\":\"WebPage\",\"@id\":\"https:\/\/www.article-marketing.eu\/comunicati\/comunicati-stampa\/eventi\/eventi-pubblico-come-scegliere-le-sedute-adatte-al-tuo-evento-2\/\",\"url\":\"https:\/\/www.article-marketing.eu\/comunicati\/comunicati-stampa\/eventi\/eventi-pubblico-come-scegliere-le-sedute-adatte-al-tuo-evento-2\/\",\"name\":\"Eventi, pubblico, come scegliere le sedute adatte al tuo evento. - Article Marketing\",\"isPartOf\":{\"@id\":\"https:\/\/www.article-marketing.eu\/comunicati\/#website\"},\"datePublished\":\"2016-10-21T09:09:57+00:00\",\"author\":{\"@id\":\"https:\/\/www.article-marketing.eu\/comunicati\/#\/schema\/person\/44372e4d4d0fa797b18e03ed1ace9017\"},\"breadcrumb\":{\"@id\":\"https:\/\/www.article-marketing.eu\/comunicati\/comunicati-stampa\/eventi\/eventi-pubblico-come-scegliere-le-sedute-adatte-al-tuo-evento-2\/#breadcrumb\"},\"inLanguage\":\"it-IT\",\"potentialAction\":[{\"@type\":\"ReadAction\",\"target\":[\"https:\/\/www.article-marketing.eu\/comunicati\/comunicati-stampa\/eventi\/eventi-pubblico-come-scegliere-le-sedute-adatte-al-tuo-evento-2\/\"]}]},{\"@type\":\"BreadcrumbList\",\"@id\":\"https:\/\/www.article-marketing.eu\/comunicati\/comunicati-stampa\/eventi\/eventi-pubblico-come-scegliere-le-sedute-adatte-al-tuo-evento-2\/#breadcrumb\",\"itemListElement\":[{\"@type\":\"ListItem\",\"position\":1,\"name\":\"Home\",\"item\":\"https:\/\/www.article-marketing.eu\/comunicati\/\"},{\"@type\":\"ListItem\",\"position\":2,\"name\":\"Eventi, pubblico, come scegliere le sedute adatte al tuo evento.\"}]},{\"@type\":\"WebSite\",\"@id\":\"https:\/\/www.article-marketing.eu\/comunicati\/#website\",\"url\":\"https:\/\/www.article-marketing.eu\/comunicati\/\",\"name\":\"Article Marketing\",\"description\":\"article marketing &amp; press release\",\"potentialAction\":[{\"@type\":\"SearchAction\",\"target\":{\"@type\":\"EntryPoint\",\"urlTemplate\":\"https:\/\/www.article-marketing.eu\/comunicati\/?s={search_term_string}\"},\"query-input\":{\"@type\":\"PropertyValueSpecification\",\"valueRequired\":true,\"valueName\":\"search_term_string\"}}],\"inLanguage\":\"it-IT\"},{\"@type\":\"Person\",\"@id\":\"https:\/\/www.article-marketing.eu\/comunicati\/#\/schema\/person\/44372e4d4d0fa797b18e03ed1ace9017\",\"name\":\"Redazione Comunicati Stampa\",\"image\":{\"@type\":\"ImageObject\",\"inLanguage\":\"it-IT\",\"@id\":\"https:\/\/www.article-marketing.eu\/comunicati\/#\/schema\/person\/image\/\",\"url\":\"https:\/\/secure.gravatar.com\/avatar\/50e5c6421d3072f42e7ace803501602c60d75233d34e29fd05feb91c8760b792?s=96&d=mm&r=g\",\"contentUrl\":\"https:\/\/secure.gravatar.com\/avatar\/50e5c6421d3072f42e7ace803501602c60d75233d34e29fd05feb91c8760b792?s=96&d=mm&r=g\",\"caption\":\"Redazione Comunicati Stampa\"},\"url\":\"https:\/\/www.article-marketing.eu\/comunicati\/author\/redazione-comunicati-stampa\/\"}]}<\/script>\n<!-- \/ Yoast SEO plugin. -->","yoast_head_json":{"title":"Eventi, pubblico, come scegliere le sedute adatte al tuo evento. - Article Marketing","robots":{"index":"index","follow":"follow","max-snippet":"max-snippet:-1","max-image-preview":"max-image-preview:large","max-video-preview":"max-video-preview:-1"},"canonical":"https:\/\/www.article-marketing.eu\/comunicati\/comunicati-stampa\/eventi\/eventi-pubblico-come-scegliere-le-sedute-adatte-al-tuo-evento-2\/","og_locale":"it_IT","og_type":"article","og_title":"Eventi, pubblico, come scegliere le sedute adatte al tuo evento. - Article Marketing","og_description":"Un evento \u00e8 il frutto di uno studio accurato su progetti e scalette che rappresentano l\u2019obbiettivo dell\u2019evento stesso. Il budget \u00e8 un parametro fondamentale, spesso difficile da rispettare, e deve tenere conto di tutti gli allestimenti previsti tra luci, audio, location, personale eccetera, sicuramente troveremo anche la voce sedie...","og_url":"https:\/\/www.article-marketing.eu\/comunicati\/comunicati-stampa\/eventi\/eventi-pubblico-come-scegliere-le-sedute-adatte-al-tuo-evento-2\/","og_site_name":"Article Marketing","article_published_time":"2016-10-21T09:09:57+00:00","author":"Redazione Comunicati Stampa","twitter_card":"summary_large_image","twitter_misc":{"Scritto da":"Redazione Comunicati Stampa","Tempo di lettura stimato":"2 minuti"},"schema":{"@context":"https:\/\/schema.org","@graph":[{"@type":"Article","@id":"https:\/\/www.article-marketing.eu\/comunicati\/comunicati-stampa\/eventi\/eventi-pubblico-come-scegliere-le-sedute-adatte-al-tuo-evento-2\/#article","isPartOf":{"@id":"https:\/\/www.article-marketing.eu\/comunicati\/comunicati-stampa\/eventi\/eventi-pubblico-come-scegliere-le-sedute-adatte-al-tuo-evento-2\/"},"author":{"name":"Redazione Comunicati Stampa","@id":"https:\/\/www.article-marketing.eu\/comunicati\/#\/schema\/person\/44372e4d4d0fa797b18e03ed1ace9017"},"headline":"Eventi, pubblico, come scegliere le sedute adatte al tuo evento.","datePublished":"2016-10-21T09:09:57+00:00","mainEntityOfPage":{"@id":"https:\/\/www.article-marketing.eu\/comunicati\/comunicati-stampa\/eventi\/eventi-pubblico-come-scegliere-le-sedute-adatte-al-tuo-evento-2\/"},"wordCount":351,"commentCount":0,"keywords":["noleggio sedie","sedie per eventi","tavole sedie"],"articleSection":["Eventi"],"inLanguage":"it-IT","potentialAction":[{"@type":"CommentAction","name":"Comment","target":["https:\/\/www.article-marketing.eu\/comunicati\/comunicati-stampa\/eventi\/eventi-pubblico-come-scegliere-le-sedute-adatte-al-tuo-evento-2\/#respond"]}]},{"@type":"WebPage","@id":"https:\/\/www.article-marketing.eu\/comunicati\/comunicati-stampa\/eventi\/eventi-pubblico-come-scegliere-le-sedute-adatte-al-tuo-evento-2\/","url":"https:\/\/www.article-marketing.eu\/comunicati\/comunicati-stampa\/eventi\/eventi-pubblico-come-scegliere-le-sedute-adatte-al-tuo-evento-2\/","name":"Eventi, pubblico, come scegliere le sedute adatte al tuo evento. - Article Marketing","isPartOf":{"@id":"https:\/\/www.article-marketing.eu\/comunicati\/#website"},"datePublished":"2016-10-21T09:09:57+00:00","author":{"@id":"https:\/\/www.article-marketing.eu\/comunicati\/#\/schema\/person\/44372e4d4d0fa797b18e03ed1ace9017"},"breadcrumb":{"@id":"https:\/\/www.article-marketing.eu\/comunicati\/comunicati-stampa\/eventi\/eventi-pubblico-come-scegliere-le-sedute-adatte-al-tuo-evento-2\/#breadcrumb"},"inLanguage":"it-IT","potentialAction":[{"@type":"ReadAction","target":["https:\/\/www.article-marketing.eu\/comunicati\/comunicati-stampa\/eventi\/eventi-pubblico-come-scegliere-le-sedute-adatte-al-tuo-evento-2\/"]}]},{"@type":"BreadcrumbList","@id":"https:\/\/www.article-marketing.eu\/comunicati\/comunicati-stampa\/eventi\/eventi-pubblico-come-scegliere-le-sedute-adatte-al-tuo-evento-2\/#breadcrumb","itemListElement":[{"@type":"ListItem","position":1,"name":"Home","item":"https:\/\/www.article-marketing.eu\/comunicati\/"},{"@type":"ListItem","position":2,"name":"Eventi, pubblico, come scegliere le sedute adatte al tuo evento."}]},{"@type":"WebSite","@id":"https:\/\/www.article-marketing.eu\/comunicati\/#website","url":"https:\/\/www.article-marketing.eu\/comunicati\/","name":"Article Marketing","description":"article marketing &amp; press release","potentialAction":[{"@type":"SearchAction","target":{"@type":"EntryPoint","urlTemplate":"https:\/\/www.article-marketing.eu\/comunicati\/?s={search_term_string}"},"query-input":{"@type":"PropertyValueSpecification","valueRequired":true,"valueName":"search_term_string"}}],"inLanguage":"it-IT"},{"@type":"Person","@id":"https:\/\/www.article-marketing.eu\/comunicati\/#\/schema\/person\/44372e4d4d0fa797b18e03ed1ace9017","name":"Redazione Comunicati Stampa","image":{"@type":"ImageObject","inLanguage":"it-IT","@id":"https:\/\/www.article-marketing.eu\/comunicati\/#\/schema\/person\/image\/","url":"https:\/\/secure.gravatar.com\/avatar\/50e5c6421d3072f42e7ace803501602c60d75233d34e29fd05feb91c8760b792?s=96&d=mm&r=g","contentUrl":"https:\/\/secure.gravatar.com\/avatar\/50e5c6421d3072f42e7ace803501602c60d75233d34e29fd05feb91c8760b792?s=96&d=mm&r=g","caption":"Redazione Comunicati Stampa"},"url":"https:\/\/www.article-marketing.eu\/comunicati\/author\/redazione-comunicati-stampa\/"}]}},"_links":{"self":[{"href":"https:\/\/www.article-marketing.eu\/comunicati\/wp-json\/wp\/v2\/posts\/53399","targetHints":{"allow":["GET"]}}],"collection":[{"href":"https:\/\/www.article-marketing.eu\/comunicati\/wp-json\/wp\/v2\/posts"}],"about":[{"href":"https:\/\/www.article-marketing.eu\/comunicati\/wp-json\/wp\/v2\/types\/post"}],"author":[{"embeddable":true,"href":"https:\/\/www.article-marketing.eu\/comunicati\/wp-json\/wp\/v2\/users\/10"}],"replies":[{"embeddable":true,"href":"https:\/\/www.article-marketing.eu\/comunicati\/wp-json\/wp\/v2\/comments?post=53399"}],"version-history":[{"count":0,"href":"https:\/\/www.article-marketing.eu\/comunicati\/wp-json\/wp\/v2\/posts\/53399\/revisions"}],"wp:attachment":[{"href":"https:\/\/www.article-marketing.eu\/comunicati\/wp-json\/wp\/v2\/media?parent=53399"}],"wp:term":[{"taxonomy":"category","embeddable":true,"href":"https:\/\/www.article-marketing.eu\/comunicati\/wp-json\/wp\/v2\/categories?post=53399"},{"taxonomy":"post_tag","embeddable":true,"href":"https:\/\/www.article-marketing.eu\/comunicati\/wp-json\/wp\/v2\/tags?post=53399"}],"curies":[{"name":"wp","href":"https:\/\/api.w.org\/{rel}","templated":true}]}}