{"id":5345,"date":"2010-06-05T19:45:48","date_gmt":"2010-06-05T17:45:48","guid":{"rendered":"http:\/\/www.article-marketing.eu\/comunicati\/senza-categoria\/bologna-me-la-guida-online-sulla-citt%e0-di-bologna-e-provincia\/"},"modified":"2018-07-10T04:48:50","modified_gmt":"2018-07-10T02:48:50","slug":"bologna-me-la-guida-online-sulla-citt%e0-di-bologna-e-provincia","status":"publish","type":"post","link":"https:\/\/www.article-marketing.eu\/comunicati\/viaggi-e-vacanze\/viaggi-e-turismo\/bologna-me-la-guida-online-sulla-citt%e0-di-bologna-e-provincia\/","title":{"rendered":"Bologna.me, la guida online sulla citt\u00e0 di Bologna e provincia"},"content":{"rendered":"<p>\nBologna \u00e8 definita da secoli &quot;dotta&quot; per l&#8217;antica Universit\u00e0, &quot;grassa&quot; per le deliziose pietanze della sua cucina e &quot;rossa&quot; per il colore delle terraccotte che decorano gli edifici storici della citt\u00e0. Il cuore di Bologna \u00e8 Piazza Maggiore con gli splendidi edifici di Palazzo del Podest\u00e0 e Palazzo Comunale, con le due torri e San Petronio. <\/p>\n<p>Nei pressi della citt\u00e0 ci si pu\u00f2 imbattere nel complesso monumentale del monastero di San Michele in Bosco, per poi rilassarsi nel verde e nella tranquillit\u00e0 del Parco Regionale dei Gessi, l&#8217;area naturalistica pi\u00f9 bella dell&#8217;Appennino.<\/p>\n<p>Simbolo della citt\u00e0 sono le due torri innalzate nell\u2019antico punto di ingresso della citt\u00e0. La <strong>torre Garisenda<\/strong>,<br \/>\ndella famiglia Garisendi, inizialmente era alta 60 metri ma fu<br \/>\nabbassata di 20 metri nel XIV secolo a causa di un cedimento del<br \/>\nterreno che la rese obliqua e pericolante. Era gi\u00e0 pendente ai tempi di<br \/>\nDante tanto che egli nel XXXI canto dell\u2019Inferno la paragona ad Anteo<br \/>\nchinato.<\/p>\n<p>La contemporanea <strong>torre degli Asinelli<\/strong>, edificata<br \/>\ndall\u2019omonima famiglia, \u00e8 la pi\u00f9 alta di Bologna con i suoi 97 metri. Al<br \/>\nsuo interno una scalinata di 498 gradini&nbsp; risale fino in cima, da cui<br \/>\nsi pu\u00f2 godere di una magnifica vista. Un\u2019antica superstizione vieta<br \/>\nagli studenti universitari di salirvi prima della laurea: il rischio \u00e8<br \/>\nquello di non&nbsp; terminare gli studi. Si dice che la costruzione fosse<br \/>\nvoluta da Giovanni Visconti, Duca di Milano, per tenere meglio d&#8217;occhio<br \/>\nil turbolento Mercato di Mezzo e poter sedare per tempo eventuali<br \/>\nrivolte. All&#8217;epoca i Visconti avevano preso il potere in Bologna in<br \/>\nseguito alla decadenza della Signoria dei Pepoli, e quindi erano invisi<br \/>\nalla popolazione. Durante la seconda guerra mondiale, tra il 1943 e il<br \/>\n1945, la torre fu utilizzata con funzioni di avvistamento: quattro<br \/>\nvolontari si appostavano in cima alla torre durante i bombardamenti al<br \/>\nfine di indirizzare i soccorsi verso i luoghi colpiti dalle bombe<br \/>\nalleate. La torre degli Asinelli \u00e8 nota in quanto torre pendente pi\u00f9<br \/>\nalta d&#8217;Italia.<\/p>\n<p>Cultura, arte e tradizione sono gli elementi che contraddistinguono<br \/>\nl&#8217;Universit\u00e0 di Bologna, la pi\u00f9 antica del mondo occidentale che oggi<br \/>\nconta circa 23 facolt\u00e0 con pi\u00f9 di 100 mila studenti&nbsp; provenienti da<br \/>\ntutte le parti del mondo.<\/p>\n<p>L&#8217;Universit\u00e0 di Bologna rappresenta<br \/>\nuna istituzione di grande prestigio ed un punto di riferimento in campo<br \/>\nnazionale ed internazionale.<\/p>\n<p>Bologna \u00e8 anche divertimento tra note musicali all&#8217;avanguardia e una cucina ricca di golosi&nbsp; e ricchi piatti, dove troneggiano i tortellini, le lasagne e la pasta fresca con il rag\u00f9.<\/p>\n<p>Il sito web Bologna.me \u00e8 il primo portale su <strong>BOLOGNA<\/strong> e provincia, che ti tiene aggiornato su news, meteo, cinema, traffico, ricette, festival, eventi e tanti itinerari interessanti sulla citt\u00e0.<\/p>\n<p>Alberghi, residence, appartamenti e ristoranti sono raccolti all\u2019interno del portale, e suddivisi per categorie. Se, invece si preferisce scoprire le bellezze artistico-culturali e conoscere la storia di Bologna \u00e8 possibile affidarsi alla sezione itinerari in cui sono presenti una serie di interessanti e suggestivi luoghi della citt\u00e0 consigliati dal nostro staff.\n <\/p>\n","protected":false},"excerpt":{"rendered":"<p>Il primo portale su BOLOGNA e provincia, che ti tiene aggiornato su news, meteo, cinema, traffico, ricette, festival, eventi e tanti itinerari interessanti sulla citt\u00e0.<\/p>\n","protected":false},"author":10,"featured_media":0,"comment_status":"open","ping_status":"open","sticky":false,"template":"","format":"standard","meta":{"cybocfi_hide_featured_image":"","footnotes":""},"categories":[2],"tags":[14996,14994,15003,2556,15005,14997,15010,14995,15007,15006,15000,13862,14998,15009,15001,15008,15004,15002,14999],"class_list":["post-5345","post","type-post","status-publish","format-standard","hentry","category-viaggi-e-turismo","tag-aeroporto-bologna","tag-alberghi-bologna","tag-bakeca-bologna","tag-bologna","tag-bologna-calcio","tag-cinema-bologna","tag-citta-bologna","tag-comune-di-bologna","tag-concerti-a-bologna","tag-eventi-a-bologna","tag-fiera-bologna","tag-hotel-bologna","tag-lavoro-bologna","tag-locali-bologna","tag-meteo-bologna","tag-mostre-a-bologna","tag-notizie-bologna","tag-provincia-bologna","tag-universita-bologna"],"yoast_head":"<!-- This site is optimized with the Yoast SEO plugin v27.0 - https:\/\/yoast.com\/product\/yoast-seo-wordpress\/ -->\n<title>Bologna.me, la guida online sulla citt\u00e0 di Bologna e provincia - Article Marketing<\/title>\n<meta name=\"robots\" content=\"index, follow, max-snippet:-1, max-image-preview:large, max-video-preview:-1\" \/>\n<link rel=\"canonical\" href=\"https:\/\/www.article-marketing.eu\/comunicati\/viaggi-e-vacanze\/viaggi-e-turismo\/bologna-me-la-guida-online-sulla-citt?-di-bologna-e-provincia\/\" \/>\n<meta property=\"og:locale\" content=\"it_IT\" \/>\n<meta property=\"og:type\" content=\"article\" \/>\n<meta property=\"og:title\" content=\"Bologna.me, la guida online sulla citt\u00e0 di Bologna e provincia - Article Marketing\" \/>\n<meta property=\"og:description\" content=\"Il primo portale su BOLOGNA e provincia, che ti tiene aggiornato su news, meteo, cinema, traffico, ricette, festival, eventi e tanti itinerari interessanti sulla citt\u00e0.\" \/>\n<meta property=\"og:url\" content=\"\" \/>\n<meta property=\"og:site_name\" content=\"Article Marketing\" \/>\n<meta property=\"article:published_time\" content=\"2010-06-05T17:45:48+00:00\" \/>\n<meta property=\"article:modified_time\" content=\"2018-07-10T02:48:50+00:00\" \/>\n<meta name=\"author\" content=\"Redazione Comunicati Stampa\" \/>\n<meta name=\"twitter:card\" content=\"summary_large_image\" \/>\n<meta name=\"twitter:label1\" content=\"Scritto da\" \/>\n\t<meta name=\"twitter:data1\" content=\"Redazione Comunicati Stampa\" \/>\n\t<meta name=\"twitter:label2\" content=\"Tempo di lettura stimato\" \/>\n\t<meta name=\"twitter:data2\" content=\"2 minuti\" \/>\n<script type=\"application\/ld+json\" class=\"yoast-schema-graph\">{\"@context\":\"https:\/\/schema.org\",\"@graph\":[{\"@type\":\"Article\",\"@id\":\"https:\/\/www.article-marketing.eu\/comunicati\/viaggi-e-vacanze\/viaggi-e-turismo\/bologna-me-la-guida-online-sulla-citt%e0-di-bologna-e-provincia\/#article\",\"isPartOf\":{\"@id\":\"https:\/\/www.article-marketing.eu\/comunicati\/viaggi-e-vacanze\/viaggi-e-turismo\/bologna-me-la-guida-online-sulla-citt%e0-di-bologna-e-provincia\/\"},\"author\":{\"name\":\"Redazione Comunicati Stampa\",\"@id\":\"https:\/\/www.article-marketing.eu\/comunicati\/#\/schema\/person\/44372e4d4d0fa797b18e03ed1ace9017\"},\"headline\":\"Bologna.me, la guida online sulla citt\u00e0 di Bologna e provincia\",\"datePublished\":\"2010-06-05T17:45:48+00:00\",\"dateModified\":\"2018-07-10T02:48:50+00:00\",\"mainEntityOfPage\":{\"@id\":\"https:\/\/www.article-marketing.eu\/comunicati\/viaggi-e-vacanze\/viaggi-e-turismo\/bologna-me-la-guida-online-sulla-citt%e0-di-bologna-e-provincia\/\"},\"wordCount\":504,\"commentCount\":0,\"keywords\":[\"Aeroporto Bologna\",\"Alberghi Bologna\",\"Bakeca Bologna\",\"Bologna\",\"Bologna Calcio\",\"Cinema Bologna\",\"Citt\u00e0 Bologna\",\"Comune di Bologna\",\"Concerti a Bologna\",\"Eventi a Bologna\",\"Fiera Bologna\",\"hotel bologna\",\"Lavoro Bologna\",\"Locali Bologna\",\"Meteo Bologna\",\"Mostre a Bologna\",\"Notizie Bologna\",\"Provincia Bologna\",\"Universit\u00e0 Bologna\"],\"articleSection\":[\"Viaggi e Turismo\"],\"inLanguage\":\"it-IT\",\"potentialAction\":[{\"@type\":\"CommentAction\",\"name\":\"Comment\",\"target\":[\"https:\/\/www.article-marketing.eu\/comunicati\/viaggi-e-vacanze\/viaggi-e-turismo\/bologna-me-la-guida-online-sulla-citt%e0-di-bologna-e-provincia\/#respond\"]}]},{\"@type\":\"WebPage\",\"@id\":\"https:\/\/www.article-marketing.eu\/comunicati\/viaggi-e-vacanze\/viaggi-e-turismo\/bologna-me-la-guida-online-sulla-citt%e0-di-bologna-e-provincia\/\",\"url\":\"https:\/\/www.article-marketing.eu\/comunicati\/viaggi-e-vacanze\/viaggi-e-turismo\/bologna-me-la-guida-online-sulla-citt%e0-di-bologna-e-provincia\/\",\"name\":\"Bologna.me, la guida online sulla citt\u00e0 di Bologna e provincia - Article Marketing\",\"isPartOf\":{\"@id\":\"https:\/\/www.article-marketing.eu\/comunicati\/#website\"},\"datePublished\":\"2010-06-05T17:45:48+00:00\",\"dateModified\":\"2018-07-10T02:48:50+00:00\",\"author\":{\"@id\":\"https:\/\/www.article-marketing.eu\/comunicati\/#\/schema\/person\/44372e4d4d0fa797b18e03ed1ace9017\"},\"breadcrumb\":{\"@id\":\"https:\/\/www.article-marketing.eu\/comunicati\/viaggi-e-vacanze\/viaggi-e-turismo\/bologna-me-la-guida-online-sulla-citt%e0-di-bologna-e-provincia\/#breadcrumb\"},\"inLanguage\":\"it-IT\",\"potentialAction\":[{\"@type\":\"ReadAction\",\"target\":[\"https:\/\/www.article-marketing.eu\/comunicati\/viaggi-e-vacanze\/viaggi-e-turismo\/bologna-me-la-guida-online-sulla-citt%e0-di-bologna-e-provincia\/\"]}]},{\"@type\":\"BreadcrumbList\",\"@id\":\"https:\/\/www.article-marketing.eu\/comunicati\/viaggi-e-vacanze\/viaggi-e-turismo\/bologna-me-la-guida-online-sulla-citt%e0-di-bologna-e-provincia\/#breadcrumb\",\"itemListElement\":[{\"@type\":\"ListItem\",\"position\":1,\"name\":\"Home\",\"item\":\"https:\/\/www.article-marketing.eu\/comunicati\/\"},{\"@type\":\"ListItem\",\"position\":2,\"name\":\"Bologna.me, la guida online sulla citt\u00e0 di Bologna e provincia\"}]},{\"@type\":\"WebSite\",\"@id\":\"https:\/\/www.article-marketing.eu\/comunicati\/#website\",\"url\":\"https:\/\/www.article-marketing.eu\/comunicati\/\",\"name\":\"Article Marketing\",\"description\":\"article marketing &amp; press release\",\"potentialAction\":[{\"@type\":\"SearchAction\",\"target\":{\"@type\":\"EntryPoint\",\"urlTemplate\":\"https:\/\/www.article-marketing.eu\/comunicati\/?s={search_term_string}\"},\"query-input\":{\"@type\":\"PropertyValueSpecification\",\"valueRequired\":true,\"valueName\":\"search_term_string\"}}],\"inLanguage\":\"it-IT\"},{\"@type\":\"Person\",\"@id\":\"https:\/\/www.article-marketing.eu\/comunicati\/#\/schema\/person\/44372e4d4d0fa797b18e03ed1ace9017\",\"name\":\"Redazione Comunicati Stampa\",\"image\":{\"@type\":\"ImageObject\",\"inLanguage\":\"it-IT\",\"@id\":\"https:\/\/www.article-marketing.eu\/comunicati\/#\/schema\/person\/image\/\",\"url\":\"https:\/\/secure.gravatar.com\/avatar\/50e5c6421d3072f42e7ace803501602c60d75233d34e29fd05feb91c8760b792?s=96&d=mm&r=g\",\"contentUrl\":\"https:\/\/secure.gravatar.com\/avatar\/50e5c6421d3072f42e7ace803501602c60d75233d34e29fd05feb91c8760b792?s=96&d=mm&r=g\",\"caption\":\"Redazione Comunicati Stampa\"},\"url\":\"https:\/\/www.article-marketing.eu\/comunicati\/author\/redazione-comunicati-stampa\/\"}]}<\/script>\n<!-- \/ Yoast SEO plugin. -->","yoast_head_json":{"title":"Bologna.me, la guida online sulla citt\u00e0 di Bologna e provincia - Article Marketing","robots":{"index":"index","follow":"follow","max-snippet":"max-snippet:-1","max-image-preview":"max-image-preview:large","max-video-preview":"max-video-preview:-1"},"canonical":"https:\/\/www.article-marketing.eu\/comunicati\/viaggi-e-vacanze\/viaggi-e-turismo\/bologna-me-la-guida-online-sulla-citt?-di-bologna-e-provincia\/","og_locale":"it_IT","og_type":"article","og_title":"Bologna.me, la guida online sulla citt\u00e0 di Bologna e provincia - Article Marketing","og_description":"Il primo portale su BOLOGNA e provincia, che ti tiene aggiornato su news, meteo, cinema, traffico, ricette, festival, eventi e tanti itinerari interessanti sulla citt\u00e0.","og_url":"https:\/\/www.article-marketing.eu\/comunicati\/viaggi-e-vacanze\/viaggi-e-turismo\/bologna-me-la-guida-online-sulla-citt?-di-bologna-e-provincia\/","og_site_name":"Article Marketing","article_published_time":"2010-06-05T17:45:48+00:00","article_modified_time":"2018-07-10T02:48:50+00:00","author":"Redazione Comunicati Stampa","twitter_card":"summary_large_image","twitter_misc":{"Scritto da":"Redazione Comunicati Stampa","Tempo di lettura stimato":"2 minuti"},"schema":{"@context":"https:\/\/schema.org","@graph":[{"@type":"Article","@id":"https:\/\/www.article-marketing.eu\/comunicati\/viaggi-e-vacanze\/viaggi-e-turismo\/bologna-me-la-guida-online-sulla-citt%e0-di-bologna-e-provincia\/#article","isPartOf":{"@id":"https:\/\/www.article-marketing.eu\/comunicati\/viaggi-e-vacanze\/viaggi-e-turismo\/bologna-me-la-guida-online-sulla-citt%e0-di-bologna-e-provincia\/"},"author":{"name":"Redazione Comunicati Stampa","@id":"https:\/\/www.article-marketing.eu\/comunicati\/#\/schema\/person\/44372e4d4d0fa797b18e03ed1ace9017"},"headline":"Bologna.me, la guida online sulla citt\u00e0 di Bologna e provincia","datePublished":"2010-06-05T17:45:48+00:00","dateModified":"2018-07-10T02:48:50+00:00","mainEntityOfPage":{"@id":"https:\/\/www.article-marketing.eu\/comunicati\/viaggi-e-vacanze\/viaggi-e-turismo\/bologna-me-la-guida-online-sulla-citt%e0-di-bologna-e-provincia\/"},"wordCount":504,"commentCount":0,"keywords":["Aeroporto Bologna","Alberghi Bologna","Bakeca Bologna","Bologna","Bologna Calcio","Cinema Bologna","Citt\u00e0 Bologna","Comune di Bologna","Concerti a Bologna","Eventi a Bologna","Fiera Bologna","hotel bologna","Lavoro Bologna","Locali Bologna","Meteo Bologna","Mostre a Bologna","Notizie Bologna","Provincia Bologna","Universit\u00e0 Bologna"],"articleSection":["Viaggi e Turismo"],"inLanguage":"it-IT","potentialAction":[{"@type":"CommentAction","name":"Comment","target":["https:\/\/www.article-marketing.eu\/comunicati\/viaggi-e-vacanze\/viaggi-e-turismo\/bologna-me-la-guida-online-sulla-citt%e0-di-bologna-e-provincia\/#respond"]}]},{"@type":"WebPage","@id":"https:\/\/www.article-marketing.eu\/comunicati\/viaggi-e-vacanze\/viaggi-e-turismo\/bologna-me-la-guida-online-sulla-citt%e0-di-bologna-e-provincia\/","url":"https:\/\/www.article-marketing.eu\/comunicati\/viaggi-e-vacanze\/viaggi-e-turismo\/bologna-me-la-guida-online-sulla-citt%e0-di-bologna-e-provincia\/","name":"Bologna.me, la guida online sulla citt\u00e0 di Bologna e provincia - Article Marketing","isPartOf":{"@id":"https:\/\/www.article-marketing.eu\/comunicati\/#website"},"datePublished":"2010-06-05T17:45:48+00:00","dateModified":"2018-07-10T02:48:50+00:00","author":{"@id":"https:\/\/www.article-marketing.eu\/comunicati\/#\/schema\/person\/44372e4d4d0fa797b18e03ed1ace9017"},"breadcrumb":{"@id":"https:\/\/www.article-marketing.eu\/comunicati\/viaggi-e-vacanze\/viaggi-e-turismo\/bologna-me-la-guida-online-sulla-citt%e0-di-bologna-e-provincia\/#breadcrumb"},"inLanguage":"it-IT","potentialAction":[{"@type":"ReadAction","target":["https:\/\/www.article-marketing.eu\/comunicati\/viaggi-e-vacanze\/viaggi-e-turismo\/bologna-me-la-guida-online-sulla-citt%e0-di-bologna-e-provincia\/"]}]},{"@type":"BreadcrumbList","@id":"https:\/\/www.article-marketing.eu\/comunicati\/viaggi-e-vacanze\/viaggi-e-turismo\/bologna-me-la-guida-online-sulla-citt%e0-di-bologna-e-provincia\/#breadcrumb","itemListElement":[{"@type":"ListItem","position":1,"name":"Home","item":"https:\/\/www.article-marketing.eu\/comunicati\/"},{"@type":"ListItem","position":2,"name":"Bologna.me, la guida online sulla citt\u00e0 di Bologna e provincia"}]},{"@type":"WebSite","@id":"https:\/\/www.article-marketing.eu\/comunicati\/#website","url":"https:\/\/www.article-marketing.eu\/comunicati\/","name":"Article Marketing","description":"article marketing &amp; press release","potentialAction":[{"@type":"SearchAction","target":{"@type":"EntryPoint","urlTemplate":"https:\/\/www.article-marketing.eu\/comunicati\/?s={search_term_string}"},"query-input":{"@type":"PropertyValueSpecification","valueRequired":true,"valueName":"search_term_string"}}],"inLanguage":"it-IT"},{"@type":"Person","@id":"https:\/\/www.article-marketing.eu\/comunicati\/#\/schema\/person\/44372e4d4d0fa797b18e03ed1ace9017","name":"Redazione Comunicati Stampa","image":{"@type":"ImageObject","inLanguage":"it-IT","@id":"https:\/\/www.article-marketing.eu\/comunicati\/#\/schema\/person\/image\/","url":"https:\/\/secure.gravatar.com\/avatar\/50e5c6421d3072f42e7ace803501602c60d75233d34e29fd05feb91c8760b792?s=96&d=mm&r=g","contentUrl":"https:\/\/secure.gravatar.com\/avatar\/50e5c6421d3072f42e7ace803501602c60d75233d34e29fd05feb91c8760b792?s=96&d=mm&r=g","caption":"Redazione Comunicati Stampa"},"url":"https:\/\/www.article-marketing.eu\/comunicati\/author\/redazione-comunicati-stampa\/"}]}},"_links":{"self":[{"href":"https:\/\/www.article-marketing.eu\/comunicati\/wp-json\/wp\/v2\/posts\/5345","targetHints":{"allow":["GET"]}}],"collection":[{"href":"https:\/\/www.article-marketing.eu\/comunicati\/wp-json\/wp\/v2\/posts"}],"about":[{"href":"https:\/\/www.article-marketing.eu\/comunicati\/wp-json\/wp\/v2\/types\/post"}],"author":[{"embeddable":true,"href":"https:\/\/www.article-marketing.eu\/comunicati\/wp-json\/wp\/v2\/users\/10"}],"replies":[{"embeddable":true,"href":"https:\/\/www.article-marketing.eu\/comunicati\/wp-json\/wp\/v2\/comments?post=5345"}],"version-history":[{"count":2,"href":"https:\/\/www.article-marketing.eu\/comunicati\/wp-json\/wp\/v2\/posts\/5345\/revisions"}],"predecessor-version":[{"id":59914,"href":"https:\/\/www.article-marketing.eu\/comunicati\/wp-json\/wp\/v2\/posts\/5345\/revisions\/59914"}],"wp:attachment":[{"href":"https:\/\/www.article-marketing.eu\/comunicati\/wp-json\/wp\/v2\/media?parent=5345"}],"wp:term":[{"taxonomy":"category","embeddable":true,"href":"https:\/\/www.article-marketing.eu\/comunicati\/wp-json\/wp\/v2\/categories?post=5345"},{"taxonomy":"post_tag","embeddable":true,"href":"https:\/\/www.article-marketing.eu\/comunicati\/wp-json\/wp\/v2\/tags?post=5345"}],"curies":[{"name":"wp","href":"https:\/\/api.w.org\/{rel}","templated":true}]}}