{"id":5351,"date":"2010-06-07T12:02:36","date_gmt":"2010-06-07T10:02:36","guid":{"rendered":"http:\/\/www.article-marketing.eu\/comunicati\/senza-categoria\/napoli-2-0-il-forum-dei-professionisti-della-comunicazione-il-web-democratico-cambia-indirizzo\/"},"modified":"2018-07-10T05:01:30","modified_gmt":"2018-07-10T03:01:30","slug":"napoli-2-0-il-forum-dei-professionisti-della-comunicazione-il-web-democratico-cambia-indirizzo","status":"publish","type":"post","link":"https:\/\/www.article-marketing.eu\/comunicati\/comunicati-stampa\/web\/napoli-2-0-il-forum-dei-professionisti-della-comunicazione-il-web-democratico-cambia-indirizzo\/","title":{"rendered":"Napoli 2.0, il forum dei professionisti della comunicazione: il web democratico cambia indirizzo"},"content":{"rendered":"<p class=\" \">Come un&#8217;azienda che cresce e si trasferisce in un ufficio pi\u00f9 grande e luminoso, cos\u00ec <strong>Napoli 2.0, il network dei professionisti del marketing e della comunicazione, \u201ccambia ufficio\u201d <\/strong>abbandonando la piattaforma Ning e guadagnandosi uno spazio tutto suo sul web: nasce www.napoliduezero.com!<\/p>\n<p class=\" \">&nbsp;<\/p>\n<p class=\" \">Per Napoli 2.0, il passaggio a una propria piattaforma va al di l\u00e0 di un semplice \u201ctrasloco\u201d, coincidendo con <strong>una profonda rivoluzione del network stesso.<\/strong><\/p>\n<p class=\" \">&nbsp;<\/p>\n<p class=\" \">Ecco in sintesi le innovazioni: <\/p>\n<p class=\" \">&nbsp;<\/p>\n<p class=\" \" style=\"TEXT-INDENT: -18pt\">&#8211;&nbsp;&nbsp;&nbsp;&nbsp;&nbsp;&nbsp;&nbsp; il forum, gi\u00e0 in origine efficiente e risolutivo, <strong>si arricchisce di nuove sezioni:<\/strong> dal&nbsp; web marketing alla fotografia, dalle interviste alla grafica pubblicitaria;<\/p>\n<p class=\" \" style=\"TEXT-INDENT: -18pt\">&#8211;&nbsp;&nbsp;&nbsp;&nbsp;&nbsp;&nbsp;&nbsp; <strong>grande attenzione \u00e8 stata dedicata alle forme di marketing non convenzionale<\/strong>, a partire dal Social Media marketing, passando per il Video Advertising&nbsp; fino ad arrivare al Buzz Marketing;<\/p>\n<p class=\" \" style=\"TEXT-INDENT: -18pt\">&#8211;&nbsp;&nbsp;&nbsp;&nbsp;&nbsp;&nbsp;&nbsp; <strong>al modulo del forum \u00e8 stato affiancato quello del social network<\/strong>, con la possibilit\u00e0 di condividere messaggi in bacheca e usare la chat per scambiare messaggi immediati con gli altri utenti.<\/p>\n<p class=\" \">&nbsp;<\/p>\n<p class=\" \">Cos\u00ec facendo il confronto \u00e8 ancora pi\u00f9 facile e immediato, rendendo Napoli 2.0 <strong>uno strumento di aggregazione<\/strong> e oltre che un efficace strumento web per il lavoro.<\/p>\n<p class=\" \">&nbsp;<\/p>\n<p class=\" \">Come accennato, <strong>Napoli 2.0 si apre al Buzz Marketing<\/strong>, coinvolgendo attivamente i propri utenti in vere e proprie \u201ccampagne di passaparola\u201d. Aderendo a questa iniziativa, i membri del social network saranno chiamati a testare alcuni prodotti per lasciare poi sul web la loro personale opinione, dando vita a meccanismi di passaparola sul brand \u201cin esame\u201d, nel pieno rispetto dei principi base del Buzz Marketing. <\/p>\n<p class=\" \">&nbsp;<\/p>\n<p class=\" \">\u00c9 da pochi giorni che Napoli 2.0 si \u00e8 trasferito ma <strong>gi\u00e0 conta un elevato numero di utenti<\/strong>: alcuni hanno seguito il network nel suo \u201ctrasloco\u201d, altri sono stati attirati proprio dalle nuove iniziative di Social Media e Buzz Marketing.<\/p>\n<p class=\" \">&nbsp;<\/p>\n<p class=\" \"><strong>Hai curiosit\u00e0 sul <\/strong>mondo del &nbsp;marketing e della comunicazione? Vuoi entrare in contatto e confrontarti con operatori ed esperti del settore o condividere le tue esperienze e idee a riguardo? Cerchi lavoro o offri&nbsp; lavoro?<\/p>\n<p class=\" \">&nbsp;<\/p>\n<p class=\" \"><strong>Iscriversi a <\/strong>www.napoliduezero.com<strong> \u00e8 un&#8217;opportunit\u00e0!<\/strong><\/p>\n<p class=\" \">&nbsp;<\/p>\n<p class=\" \">In un periodo in cui la libert\u00e0 d&#8217;espressione \u00e8 messa in discussione di continuo, la partecipazione \u00e8 risolutiva: il web 2.0 \u00e8 una soluzione.<\/p>\n<p class=\" \">&nbsp;<\/p>\n<p class=\" \">D&#8217;altronde la storia insegna: <strong>la democrazia si difende tra i fori, nel forum.<\/strong><\/p>\n<p class=\" \">&nbsp;<\/p>\n","protected":false},"excerpt":{"rendered":"<p>Napoli 2.0, il forum dedicato al mondo del marketing e della comunicazione si trasferisce e si amplia. Nuovo indirizzo web e pi\u00f9 contenuti per il forum dei professionisti della comunicazione.<\/p>\n","protected":false},"author":10,"featured_media":0,"comment_status":"open","ping_status":"open","sticky":false,"template":"","format":"standard","meta":{"cybocfi_hide_featured_image":"","footnotes":""},"categories":[154],"tags":[15022,6135,15024,15025,11976,15023,883,426],"class_list":["post-5351","post","type-post","status-publish","format-standard","hentry","category-web","tag-buzz-marketing","tag-giornalismo-partecipativo","tag-napoli-2-0","tag-napoliduezero","tag-social-media-marketing","tag-social-mediamarketing","tag-web-2-0","tag-web-marketing"],"yoast_head":"<!-- This site is optimized with the Yoast SEO plugin v27.0 - https:\/\/yoast.com\/product\/yoast-seo-wordpress\/ -->\n<title>Napoli 2.0, il forum dei professionisti della comunicazione: il web democratico cambia indirizzo - Article Marketing<\/title>\n<meta name=\"robots\" content=\"index, follow, max-snippet:-1, max-image-preview:large, max-video-preview:-1\" \/>\n<link rel=\"canonical\" href=\"https:\/\/www.article-marketing.eu\/comunicati\/comunicati-stampa\/web\/napoli-2-0-il-forum-dei-professionisti-della-comunicazione-il-web-democratico-cambia-indirizzo\/\" \/>\n<meta property=\"og:locale\" content=\"it_IT\" \/>\n<meta property=\"og:type\" content=\"article\" \/>\n<meta property=\"og:title\" content=\"Napoli 2.0, il forum dei professionisti della comunicazione: il web democratico cambia indirizzo - Article Marketing\" \/>\n<meta property=\"og:description\" content=\"Napoli 2.0, il forum dedicato al mondo del marketing e della comunicazione si trasferisce e si amplia. Nuovo indirizzo web e pi\u00f9 contenuti per il forum dei professionisti della comunicazione.\" \/>\n<meta property=\"og:url\" content=\"https:\/\/www.article-marketing.eu\/comunicati\/comunicati-stampa\/web\/napoli-2-0-il-forum-dei-professionisti-della-comunicazione-il-web-democratico-cambia-indirizzo\/\" \/>\n<meta property=\"og:site_name\" content=\"Article Marketing\" \/>\n<meta property=\"article:published_time\" content=\"2010-06-07T10:02:36+00:00\" \/>\n<meta property=\"article:modified_time\" content=\"2018-07-10T03:01:30+00:00\" \/>\n<meta name=\"author\" content=\"Redazione Comunicati Stampa\" \/>\n<meta name=\"twitter:card\" content=\"summary_large_image\" \/>\n<meta name=\"twitter:label1\" content=\"Scritto da\" \/>\n\t<meta name=\"twitter:data1\" content=\"Redazione Comunicati Stampa\" \/>\n\t<meta name=\"twitter:label2\" content=\"Tempo di lettura stimato\" \/>\n\t<meta name=\"twitter:data2\" content=\"2 minuti\" \/>\n<script type=\"application\/ld+json\" class=\"yoast-schema-graph\">{\"@context\":\"https:\/\/schema.org\",\"@graph\":[{\"@type\":\"Article\",\"@id\":\"https:\/\/www.article-marketing.eu\/comunicati\/comunicati-stampa\/web\/napoli-2-0-il-forum-dei-professionisti-della-comunicazione-il-web-democratico-cambia-indirizzo\/#article\",\"isPartOf\":{\"@id\":\"https:\/\/www.article-marketing.eu\/comunicati\/comunicati-stampa\/web\/napoli-2-0-il-forum-dei-professionisti-della-comunicazione-il-web-democratico-cambia-indirizzo\/\"},\"author\":{\"name\":\"Redazione Comunicati Stampa\",\"@id\":\"https:\/\/www.article-marketing.eu\/comunicati\/#\/schema\/person\/44372e4d4d0fa797b18e03ed1ace9017\"},\"headline\":\"Napoli 2.0, il forum dei professionisti della comunicazione: il web democratico cambia indirizzo\",\"datePublished\":\"2010-06-07T10:02:36+00:00\",\"dateModified\":\"2018-07-10T03:01:30+00:00\",\"mainEntityOfPage\":{\"@id\":\"https:\/\/www.article-marketing.eu\/comunicati\/comunicati-stampa\/web\/napoli-2-0-il-forum-dei-professionisti-della-comunicazione-il-web-democratico-cambia-indirizzo\/\"},\"wordCount\":402,\"commentCount\":0,\"keywords\":[\"buzz marketing\",\"giornalismo partecipativo\",\"napoli 2.0\",\"napoliduezero\",\"social media marketing\",\"social mediamarketing\",\"web 2.0\",\"web marketing\"],\"articleSection\":[\"Web\"],\"inLanguage\":\"it-IT\",\"potentialAction\":[{\"@type\":\"CommentAction\",\"name\":\"Comment\",\"target\":[\"https:\/\/www.article-marketing.eu\/comunicati\/comunicati-stampa\/web\/napoli-2-0-il-forum-dei-professionisti-della-comunicazione-il-web-democratico-cambia-indirizzo\/#respond\"]}]},{\"@type\":\"WebPage\",\"@id\":\"https:\/\/www.article-marketing.eu\/comunicati\/comunicati-stampa\/web\/napoli-2-0-il-forum-dei-professionisti-della-comunicazione-il-web-democratico-cambia-indirizzo\/\",\"url\":\"https:\/\/www.article-marketing.eu\/comunicati\/comunicati-stampa\/web\/napoli-2-0-il-forum-dei-professionisti-della-comunicazione-il-web-democratico-cambia-indirizzo\/\",\"name\":\"Napoli 2.0, il forum dei professionisti della comunicazione: il web democratico cambia indirizzo - Article Marketing\",\"isPartOf\":{\"@id\":\"https:\/\/www.article-marketing.eu\/comunicati\/#website\"},\"datePublished\":\"2010-06-07T10:02:36+00:00\",\"dateModified\":\"2018-07-10T03:01:30+00:00\",\"author\":{\"@id\":\"https:\/\/www.article-marketing.eu\/comunicati\/#\/schema\/person\/44372e4d4d0fa797b18e03ed1ace9017\"},\"breadcrumb\":{\"@id\":\"https:\/\/www.article-marketing.eu\/comunicati\/comunicati-stampa\/web\/napoli-2-0-il-forum-dei-professionisti-della-comunicazione-il-web-democratico-cambia-indirizzo\/#breadcrumb\"},\"inLanguage\":\"it-IT\",\"potentialAction\":[{\"@type\":\"ReadAction\",\"target\":[\"https:\/\/www.article-marketing.eu\/comunicati\/comunicati-stampa\/web\/napoli-2-0-il-forum-dei-professionisti-della-comunicazione-il-web-democratico-cambia-indirizzo\/\"]}]},{\"@type\":\"BreadcrumbList\",\"@id\":\"https:\/\/www.article-marketing.eu\/comunicati\/comunicati-stampa\/web\/napoli-2-0-il-forum-dei-professionisti-della-comunicazione-il-web-democratico-cambia-indirizzo\/#breadcrumb\",\"itemListElement\":[{\"@type\":\"ListItem\",\"position\":1,\"name\":\"Home\",\"item\":\"https:\/\/www.article-marketing.eu\/comunicati\/\"},{\"@type\":\"ListItem\",\"position\":2,\"name\":\"Napoli 2.0, il forum dei professionisti della comunicazione: il web democratico cambia indirizzo\"}]},{\"@type\":\"WebSite\",\"@id\":\"https:\/\/www.article-marketing.eu\/comunicati\/#website\",\"url\":\"https:\/\/www.article-marketing.eu\/comunicati\/\",\"name\":\"Article Marketing\",\"description\":\"article marketing &amp; press release\",\"potentialAction\":[{\"@type\":\"SearchAction\",\"target\":{\"@type\":\"EntryPoint\",\"urlTemplate\":\"https:\/\/www.article-marketing.eu\/comunicati\/?s={search_term_string}\"},\"query-input\":{\"@type\":\"PropertyValueSpecification\",\"valueRequired\":true,\"valueName\":\"search_term_string\"}}],\"inLanguage\":\"it-IT\"},{\"@type\":\"Person\",\"@id\":\"https:\/\/www.article-marketing.eu\/comunicati\/#\/schema\/person\/44372e4d4d0fa797b18e03ed1ace9017\",\"name\":\"Redazione Comunicati Stampa\",\"image\":{\"@type\":\"ImageObject\",\"inLanguage\":\"it-IT\",\"@id\":\"https:\/\/www.article-marketing.eu\/comunicati\/#\/schema\/person\/image\/\",\"url\":\"https:\/\/secure.gravatar.com\/avatar\/50e5c6421d3072f42e7ace803501602c60d75233d34e29fd05feb91c8760b792?s=96&d=mm&r=g\",\"contentUrl\":\"https:\/\/secure.gravatar.com\/avatar\/50e5c6421d3072f42e7ace803501602c60d75233d34e29fd05feb91c8760b792?s=96&d=mm&r=g\",\"caption\":\"Redazione Comunicati Stampa\"},\"url\":\"https:\/\/www.article-marketing.eu\/comunicati\/author\/redazione-comunicati-stampa\/\"}]}<\/script>\n<!-- \/ Yoast SEO plugin. -->","yoast_head_json":{"title":"Napoli 2.0, il forum dei professionisti della comunicazione: il web democratico cambia indirizzo - Article Marketing","robots":{"index":"index","follow":"follow","max-snippet":"max-snippet:-1","max-image-preview":"max-image-preview:large","max-video-preview":"max-video-preview:-1"},"canonical":"https:\/\/www.article-marketing.eu\/comunicati\/comunicati-stampa\/web\/napoli-2-0-il-forum-dei-professionisti-della-comunicazione-il-web-democratico-cambia-indirizzo\/","og_locale":"it_IT","og_type":"article","og_title":"Napoli 2.0, il forum dei professionisti della comunicazione: il web democratico cambia indirizzo - Article Marketing","og_description":"Napoli 2.0, il forum dedicato al mondo del marketing e della comunicazione si trasferisce e si amplia. Nuovo indirizzo web e pi\u00f9 contenuti per il forum dei professionisti della comunicazione.","og_url":"https:\/\/www.article-marketing.eu\/comunicati\/comunicati-stampa\/web\/napoli-2-0-il-forum-dei-professionisti-della-comunicazione-il-web-democratico-cambia-indirizzo\/","og_site_name":"Article Marketing","article_published_time":"2010-06-07T10:02:36+00:00","article_modified_time":"2018-07-10T03:01:30+00:00","author":"Redazione Comunicati Stampa","twitter_card":"summary_large_image","twitter_misc":{"Scritto da":"Redazione Comunicati Stampa","Tempo di lettura stimato":"2 minuti"},"schema":{"@context":"https:\/\/schema.org","@graph":[{"@type":"Article","@id":"https:\/\/www.article-marketing.eu\/comunicati\/comunicati-stampa\/web\/napoli-2-0-il-forum-dei-professionisti-della-comunicazione-il-web-democratico-cambia-indirizzo\/#article","isPartOf":{"@id":"https:\/\/www.article-marketing.eu\/comunicati\/comunicati-stampa\/web\/napoli-2-0-il-forum-dei-professionisti-della-comunicazione-il-web-democratico-cambia-indirizzo\/"},"author":{"name":"Redazione Comunicati Stampa","@id":"https:\/\/www.article-marketing.eu\/comunicati\/#\/schema\/person\/44372e4d4d0fa797b18e03ed1ace9017"},"headline":"Napoli 2.0, il forum dei professionisti della comunicazione: il web democratico cambia indirizzo","datePublished":"2010-06-07T10:02:36+00:00","dateModified":"2018-07-10T03:01:30+00:00","mainEntityOfPage":{"@id":"https:\/\/www.article-marketing.eu\/comunicati\/comunicati-stampa\/web\/napoli-2-0-il-forum-dei-professionisti-della-comunicazione-il-web-democratico-cambia-indirizzo\/"},"wordCount":402,"commentCount":0,"keywords":["buzz marketing","giornalismo partecipativo","napoli 2.0","napoliduezero","social media marketing","social mediamarketing","web 2.0","web marketing"],"articleSection":["Web"],"inLanguage":"it-IT","potentialAction":[{"@type":"CommentAction","name":"Comment","target":["https:\/\/www.article-marketing.eu\/comunicati\/comunicati-stampa\/web\/napoli-2-0-il-forum-dei-professionisti-della-comunicazione-il-web-democratico-cambia-indirizzo\/#respond"]}]},{"@type":"WebPage","@id":"https:\/\/www.article-marketing.eu\/comunicati\/comunicati-stampa\/web\/napoli-2-0-il-forum-dei-professionisti-della-comunicazione-il-web-democratico-cambia-indirizzo\/","url":"https:\/\/www.article-marketing.eu\/comunicati\/comunicati-stampa\/web\/napoli-2-0-il-forum-dei-professionisti-della-comunicazione-il-web-democratico-cambia-indirizzo\/","name":"Napoli 2.0, il forum dei professionisti della comunicazione: il web democratico cambia indirizzo - Article Marketing","isPartOf":{"@id":"https:\/\/www.article-marketing.eu\/comunicati\/#website"},"datePublished":"2010-06-07T10:02:36+00:00","dateModified":"2018-07-10T03:01:30+00:00","author":{"@id":"https:\/\/www.article-marketing.eu\/comunicati\/#\/schema\/person\/44372e4d4d0fa797b18e03ed1ace9017"},"breadcrumb":{"@id":"https:\/\/www.article-marketing.eu\/comunicati\/comunicati-stampa\/web\/napoli-2-0-il-forum-dei-professionisti-della-comunicazione-il-web-democratico-cambia-indirizzo\/#breadcrumb"},"inLanguage":"it-IT","potentialAction":[{"@type":"ReadAction","target":["https:\/\/www.article-marketing.eu\/comunicati\/comunicati-stampa\/web\/napoli-2-0-il-forum-dei-professionisti-della-comunicazione-il-web-democratico-cambia-indirizzo\/"]}]},{"@type":"BreadcrumbList","@id":"https:\/\/www.article-marketing.eu\/comunicati\/comunicati-stampa\/web\/napoli-2-0-il-forum-dei-professionisti-della-comunicazione-il-web-democratico-cambia-indirizzo\/#breadcrumb","itemListElement":[{"@type":"ListItem","position":1,"name":"Home","item":"https:\/\/www.article-marketing.eu\/comunicati\/"},{"@type":"ListItem","position":2,"name":"Napoli 2.0, il forum dei professionisti della comunicazione: il web democratico cambia indirizzo"}]},{"@type":"WebSite","@id":"https:\/\/www.article-marketing.eu\/comunicati\/#website","url":"https:\/\/www.article-marketing.eu\/comunicati\/","name":"Article Marketing","description":"article marketing &amp; press release","potentialAction":[{"@type":"SearchAction","target":{"@type":"EntryPoint","urlTemplate":"https:\/\/www.article-marketing.eu\/comunicati\/?s={search_term_string}"},"query-input":{"@type":"PropertyValueSpecification","valueRequired":true,"valueName":"search_term_string"}}],"inLanguage":"it-IT"},{"@type":"Person","@id":"https:\/\/www.article-marketing.eu\/comunicati\/#\/schema\/person\/44372e4d4d0fa797b18e03ed1ace9017","name":"Redazione Comunicati Stampa","image":{"@type":"ImageObject","inLanguage":"it-IT","@id":"https:\/\/www.article-marketing.eu\/comunicati\/#\/schema\/person\/image\/","url":"https:\/\/secure.gravatar.com\/avatar\/50e5c6421d3072f42e7ace803501602c60d75233d34e29fd05feb91c8760b792?s=96&d=mm&r=g","contentUrl":"https:\/\/secure.gravatar.com\/avatar\/50e5c6421d3072f42e7ace803501602c60d75233d34e29fd05feb91c8760b792?s=96&d=mm&r=g","caption":"Redazione Comunicati Stampa"},"url":"https:\/\/www.article-marketing.eu\/comunicati\/author\/redazione-comunicati-stampa\/"}]}},"_links":{"self":[{"href":"https:\/\/www.article-marketing.eu\/comunicati\/wp-json\/wp\/v2\/posts\/5351","targetHints":{"allow":["GET"]}}],"collection":[{"href":"https:\/\/www.article-marketing.eu\/comunicati\/wp-json\/wp\/v2\/posts"}],"about":[{"href":"https:\/\/www.article-marketing.eu\/comunicati\/wp-json\/wp\/v2\/types\/post"}],"author":[{"embeddable":true,"href":"https:\/\/www.article-marketing.eu\/comunicati\/wp-json\/wp\/v2\/users\/10"}],"replies":[{"embeddable":true,"href":"https:\/\/www.article-marketing.eu\/comunicati\/wp-json\/wp\/v2\/comments?post=5351"}],"version-history":[{"count":2,"href":"https:\/\/www.article-marketing.eu\/comunicati\/wp-json\/wp\/v2\/posts\/5351\/revisions"}],"predecessor-version":[{"id":60410,"href":"https:\/\/www.article-marketing.eu\/comunicati\/wp-json\/wp\/v2\/posts\/5351\/revisions\/60410"}],"wp:attachment":[{"href":"https:\/\/www.article-marketing.eu\/comunicati\/wp-json\/wp\/v2\/media?parent=5351"}],"wp:term":[{"taxonomy":"category","embeddable":true,"href":"https:\/\/www.article-marketing.eu\/comunicati\/wp-json\/wp\/v2\/categories?post=5351"},{"taxonomy":"post_tag","embeddable":true,"href":"https:\/\/www.article-marketing.eu\/comunicati\/wp-json\/wp\/v2\/tags?post=5351"}],"curies":[{"name":"wp","href":"https:\/\/api.w.org\/{rel}","templated":true}]}}