{"id":5353,"date":"2010-06-07T13:49:37","date_gmt":"2010-06-07T11:49:37","guid":{"rendered":"http:\/\/www.article-marketing.eu\/comunicati\/senza-categoria\/completata-in-umbria-fattoria-solare-con-moduli-canadian-solar\/"},"modified":"2010-06-07T13:49:37","modified_gmt":"2010-06-07T11:49:37","slug":"completata-in-umbria-fattoria-solare-con-moduli-canadian-solar","status":"publish","type":"post","link":"https:\/\/www.article-marketing.eu\/comunicati\/ambiente\/completata-in-umbria-fattoria-solare-con-moduli-canadian-solar\/","title":{"rendered":"Completata in Umbria fattoria solare con moduli Canadian Solar"},"content":{"rendered":"<p>Canadian Solar (Nasdaq: CSIQ), uno dei principali produttori a livello mondiale di moduli fotovoltaici, annuncia oggi il completamento e l&#8217;entrata in funzione di una fattoria solare in Umbria, nel comune di Narni (TR). <\/p>\n<p>L\u2019impianto da 1MW, denominato SOLARTA, si compone di oltre 4.000 moduli ad alte prestazioni di Canadian Solar CS6P da 230 Watt e produrr\u00e0 energia pulita con un output annuale di 1,18 MWh e con una riduzione sulle emissioni di CO2 pari a 16.000 tonnellate. L\u2019installazione, realizzata da GE Progetti &amp; 3i, partner di Canadian Solar, si trova in un\u2019area rurale di due ettari e non ha previsto l\u2019utilizzo di cemento armato nel pieno rispetto dell\u2019ambiente e per una maggiore armonia con il paesaggio. <\/p>\n<p>Il progetto SOLARTA \u00e8 allacciato alla rete elettrica locale e tutta l&#8217;energia prodotta sar\u00e0 immessa in rete. L\u2019impianto solare dimostra come un sistema fotovoltaico possa essere installato tenendo conto delle esigenze di tutela del territorio ma anche come investimento redditizio nella produzione di energia. <\/p>\n<p>I pannelli fotovoltaici della societ\u00e0 canadese occupano il 50% dell\u2019area e sono distribuiti geometricamente su pi\u00f9 file. Per ottenere il massimo dell\u2019irraggiamento, le soluzioni adottate per SOLARTA sono inclinate di 28\u00b0 cos\u00ec da garantire un\u2019esposizione maggiore ai raggi solari diretti.<\/p>\n<p>\u201cGE Progetti &amp; 3i ha puntato su Canadian Solar perch\u00e9 e un partner affidabile che dispone di soluzioni di elevata qualit\u00e0 e con performance adatte per installazioni di ampie dimensioni come questa\u201d, dichiara Leonardo Pozzoli, Commercial Director Renewable Energy Department di GE Progetti &amp; 3i. \u201cInoltre, Canadian Solar \u00e8 un\u2019azienda che ha un\u2019ottima reputazione a livello globale e questo \u00e8 sicuramente molto vantaggioso per i nostri clienti che scelgono il ricorso al credito per un investimento profittevole con gli impianti fotovoltaici\u201d.<\/p>\n<p>\u201cL\u2019Italia \u00e8 uno dei Paesi al mondo con la pi\u00f9 rapida crescita e con la maggiore attrattivit\u00e0 nel mercato del solare. Canadian Solar \u00e8 tra i leader in Italia e le ultime installazioni sottolineano il nostro impegno a partecipare attivamente allo sviluppo di questo mercato\u201d afferma Marco Di Pietro, Country Manager di Canadian Solar per l\u2019Italia. \u201cSiamo orgogliosi che i nostri moduli ad alta qualit\u00e0 ed efficienza siano stati scelti per contribuire alla realizzazione e al successo di SOLARTA. Ringraziamo GE Progetti &amp; 3i che ha progettato, coordinato e posto in essere l\u2019intera opera\u201d. <\/p>\n<p>CS6P: efficienza, affidabilit\u00e0 e sicurezza<\/p>\n<p>I CS6P di Canadian Solar sono moduli standard di grandi dimensioni (H 1638 x L 982 x P 40 mm), impiegati in impianti collegati alla rete, caratterizzati da 60 celle solari in grado di offrire una grande capacit\u00e0 di conversione dell\u2019energia, anche in condizioni di scarsa luminosit\u00e0. Le tecnologie utilizzate per la progettazione e la produzione di questi moduli assicurano prestazioni ad alto rendimento, una resa ottimale e una durevolezza certa nel tempo.<br \/>I collaudi e i rigorosi controlli di qualit\u00e0 cui sono sottoposti i prodotti Canadian Solar garantiscono standard qualitativi di livello assoluto. La potenza del modulo \u00e8 garantita 25 anni, il prodotto 6 anni.<\/p>\n<p>Per maggiori informazioni sull\u2019offerta di Canadian Solar \u00e8 possibile consultare il sito internet <a href=\"http:\/\/www.canadiansolar.com\">http:\/\/www.canadiansolar.com<\/a> <\/p>\n","protected":false},"excerpt":{"rendered":"<p>Realizzata con oltre 4.000 moduli della societ\u00e0 canadese e installato da GE Progetti &#038; 3i, ha una capacit\u00e0 produttiva di 1,18 MWh e prevede un risparmio sulle emissioni di CO2 pari a 16.000 tonnellate<\/p>\n","protected":false},"author":10,"featured_media":0,"comment_status":"open","ping_status":"open","sticky":false,"template":"","format":"standard","meta":{"cybocfi_hide_featured_image":"","footnotes":""},"categories":[55],"tags":[],"class_list":["post-5353","post","type-post","status-publish","format-standard","hentry","category-ambiente"],"yoast_head":"<!-- This site is optimized with the Yoast SEO plugin v27.0 - https:\/\/yoast.com\/product\/yoast-seo-wordpress\/ -->\n<title>Completata in Umbria fattoria solare con moduli Canadian Solar - Article Marketing<\/title>\n<meta name=\"robots\" content=\"index, follow, max-snippet:-1, max-image-preview:large, max-video-preview:-1\" \/>\n<link rel=\"canonical\" href=\"https:\/\/www.article-marketing.eu\/comunicati\/ambiente\/completata-in-umbria-fattoria-solare-con-moduli-canadian-solar\/\" \/>\n<meta property=\"og:locale\" content=\"it_IT\" \/>\n<meta property=\"og:type\" content=\"article\" \/>\n<meta property=\"og:title\" content=\"Completata in Umbria fattoria solare con moduli Canadian Solar - Article Marketing\" \/>\n<meta property=\"og:description\" content=\"Realizzata con oltre 4.000 moduli della societ\u00e0 canadese e installato da GE Progetti &amp; 3i, ha una capacit\u00e0 produttiva di 1,18 MWh e prevede un risparmio sulle emissioni di CO2 pari a 16.000 tonnellate\" \/>\n<meta property=\"og:url\" content=\"https:\/\/www.article-marketing.eu\/comunicati\/ambiente\/completata-in-umbria-fattoria-solare-con-moduli-canadian-solar\/\" \/>\n<meta property=\"og:site_name\" content=\"Article Marketing\" \/>\n<meta property=\"article:published_time\" content=\"2010-06-07T11:49:37+00:00\" \/>\n<meta name=\"author\" content=\"Redazione Comunicati Stampa\" \/>\n<meta name=\"twitter:card\" content=\"summary_large_image\" \/>\n<meta name=\"twitter:label1\" content=\"Scritto da\" \/>\n\t<meta name=\"twitter:data1\" content=\"Redazione Comunicati Stampa\" \/>\n\t<meta name=\"twitter:label2\" content=\"Tempo di lettura stimato\" \/>\n\t<meta name=\"twitter:data2\" content=\"3 minuti\" \/>\n<script type=\"application\/ld+json\" class=\"yoast-schema-graph\">{\"@context\":\"https:\/\/schema.org\",\"@graph\":[{\"@type\":\"Article\",\"@id\":\"https:\/\/www.article-marketing.eu\/comunicati\/ambiente\/completata-in-umbria-fattoria-solare-con-moduli-canadian-solar\/#article\",\"isPartOf\":{\"@id\":\"https:\/\/www.article-marketing.eu\/comunicati\/ambiente\/completata-in-umbria-fattoria-solare-con-moduli-canadian-solar\/\"},\"author\":{\"name\":\"Redazione Comunicati Stampa\",\"@id\":\"https:\/\/www.article-marketing.eu\/comunicati\/#\/schema\/person\/44372e4d4d0fa797b18e03ed1ace9017\"},\"headline\":\"Completata in Umbria fattoria solare con moduli Canadian Solar\",\"datePublished\":\"2010-06-07T11:49:37+00:00\",\"mainEntityOfPage\":{\"@id\":\"https:\/\/www.article-marketing.eu\/comunicati\/ambiente\/completata-in-umbria-fattoria-solare-con-moduli-canadian-solar\/\"},\"wordCount\":512,\"commentCount\":0,\"articleSection\":[\"Ambiente\"],\"inLanguage\":\"it-IT\",\"potentialAction\":[{\"@type\":\"CommentAction\",\"name\":\"Comment\",\"target\":[\"https:\/\/www.article-marketing.eu\/comunicati\/ambiente\/completata-in-umbria-fattoria-solare-con-moduli-canadian-solar\/#respond\"]}]},{\"@type\":\"WebPage\",\"@id\":\"https:\/\/www.article-marketing.eu\/comunicati\/ambiente\/completata-in-umbria-fattoria-solare-con-moduli-canadian-solar\/\",\"url\":\"https:\/\/www.article-marketing.eu\/comunicati\/ambiente\/completata-in-umbria-fattoria-solare-con-moduli-canadian-solar\/\",\"name\":\"Completata in Umbria fattoria solare con moduli Canadian Solar - Article Marketing\",\"isPartOf\":{\"@id\":\"https:\/\/www.article-marketing.eu\/comunicati\/#website\"},\"datePublished\":\"2010-06-07T11:49:37+00:00\",\"author\":{\"@id\":\"https:\/\/www.article-marketing.eu\/comunicati\/#\/schema\/person\/44372e4d4d0fa797b18e03ed1ace9017\"},\"breadcrumb\":{\"@id\":\"https:\/\/www.article-marketing.eu\/comunicati\/ambiente\/completata-in-umbria-fattoria-solare-con-moduli-canadian-solar\/#breadcrumb\"},\"inLanguage\":\"it-IT\",\"potentialAction\":[{\"@type\":\"ReadAction\",\"target\":[\"https:\/\/www.article-marketing.eu\/comunicati\/ambiente\/completata-in-umbria-fattoria-solare-con-moduli-canadian-solar\/\"]}]},{\"@type\":\"BreadcrumbList\",\"@id\":\"https:\/\/www.article-marketing.eu\/comunicati\/ambiente\/completata-in-umbria-fattoria-solare-con-moduli-canadian-solar\/#breadcrumb\",\"itemListElement\":[{\"@type\":\"ListItem\",\"position\":1,\"name\":\"Home\",\"item\":\"https:\/\/www.article-marketing.eu\/comunicati\/\"},{\"@type\":\"ListItem\",\"position\":2,\"name\":\"Completata in Umbria fattoria solare con moduli Canadian Solar\"}]},{\"@type\":\"WebSite\",\"@id\":\"https:\/\/www.article-marketing.eu\/comunicati\/#website\",\"url\":\"https:\/\/www.article-marketing.eu\/comunicati\/\",\"name\":\"Article Marketing\",\"description\":\"article marketing &amp; press release\",\"potentialAction\":[{\"@type\":\"SearchAction\",\"target\":{\"@type\":\"EntryPoint\",\"urlTemplate\":\"https:\/\/www.article-marketing.eu\/comunicati\/?s={search_term_string}\"},\"query-input\":{\"@type\":\"PropertyValueSpecification\",\"valueRequired\":true,\"valueName\":\"search_term_string\"}}],\"inLanguage\":\"it-IT\"},{\"@type\":\"Person\",\"@id\":\"https:\/\/www.article-marketing.eu\/comunicati\/#\/schema\/person\/44372e4d4d0fa797b18e03ed1ace9017\",\"name\":\"Redazione Comunicati Stampa\",\"image\":{\"@type\":\"ImageObject\",\"inLanguage\":\"it-IT\",\"@id\":\"https:\/\/www.article-marketing.eu\/comunicati\/#\/schema\/person\/image\/\",\"url\":\"https:\/\/secure.gravatar.com\/avatar\/50e5c6421d3072f42e7ace803501602c60d75233d34e29fd05feb91c8760b792?s=96&d=mm&r=g\",\"contentUrl\":\"https:\/\/secure.gravatar.com\/avatar\/50e5c6421d3072f42e7ace803501602c60d75233d34e29fd05feb91c8760b792?s=96&d=mm&r=g\",\"caption\":\"Redazione Comunicati Stampa\"},\"url\":\"https:\/\/www.article-marketing.eu\/comunicati\/author\/redazione-comunicati-stampa\/\"}]}<\/script>\n<!-- \/ Yoast SEO plugin. -->","yoast_head_json":{"title":"Completata in Umbria fattoria solare con moduli Canadian Solar - Article Marketing","robots":{"index":"index","follow":"follow","max-snippet":"max-snippet:-1","max-image-preview":"max-image-preview:large","max-video-preview":"max-video-preview:-1"},"canonical":"https:\/\/www.article-marketing.eu\/comunicati\/ambiente\/completata-in-umbria-fattoria-solare-con-moduli-canadian-solar\/","og_locale":"it_IT","og_type":"article","og_title":"Completata in Umbria fattoria solare con moduli Canadian Solar - Article Marketing","og_description":"Realizzata con oltre 4.000 moduli della societ\u00e0 canadese e installato da GE Progetti & 3i, ha una capacit\u00e0 produttiva di 1,18 MWh e prevede un risparmio sulle emissioni di CO2 pari a 16.000 tonnellate","og_url":"https:\/\/www.article-marketing.eu\/comunicati\/ambiente\/completata-in-umbria-fattoria-solare-con-moduli-canadian-solar\/","og_site_name":"Article Marketing","article_published_time":"2010-06-07T11:49:37+00:00","author":"Redazione Comunicati Stampa","twitter_card":"summary_large_image","twitter_misc":{"Scritto da":"Redazione Comunicati Stampa","Tempo di lettura stimato":"3 minuti"},"schema":{"@context":"https:\/\/schema.org","@graph":[{"@type":"Article","@id":"https:\/\/www.article-marketing.eu\/comunicati\/ambiente\/completata-in-umbria-fattoria-solare-con-moduli-canadian-solar\/#article","isPartOf":{"@id":"https:\/\/www.article-marketing.eu\/comunicati\/ambiente\/completata-in-umbria-fattoria-solare-con-moduli-canadian-solar\/"},"author":{"name":"Redazione Comunicati Stampa","@id":"https:\/\/www.article-marketing.eu\/comunicati\/#\/schema\/person\/44372e4d4d0fa797b18e03ed1ace9017"},"headline":"Completata in Umbria fattoria solare con moduli Canadian Solar","datePublished":"2010-06-07T11:49:37+00:00","mainEntityOfPage":{"@id":"https:\/\/www.article-marketing.eu\/comunicati\/ambiente\/completata-in-umbria-fattoria-solare-con-moduli-canadian-solar\/"},"wordCount":512,"commentCount":0,"articleSection":["Ambiente"],"inLanguage":"it-IT","potentialAction":[{"@type":"CommentAction","name":"Comment","target":["https:\/\/www.article-marketing.eu\/comunicati\/ambiente\/completata-in-umbria-fattoria-solare-con-moduli-canadian-solar\/#respond"]}]},{"@type":"WebPage","@id":"https:\/\/www.article-marketing.eu\/comunicati\/ambiente\/completata-in-umbria-fattoria-solare-con-moduli-canadian-solar\/","url":"https:\/\/www.article-marketing.eu\/comunicati\/ambiente\/completata-in-umbria-fattoria-solare-con-moduli-canadian-solar\/","name":"Completata in Umbria fattoria solare con moduli Canadian Solar - Article Marketing","isPartOf":{"@id":"https:\/\/www.article-marketing.eu\/comunicati\/#website"},"datePublished":"2010-06-07T11:49:37+00:00","author":{"@id":"https:\/\/www.article-marketing.eu\/comunicati\/#\/schema\/person\/44372e4d4d0fa797b18e03ed1ace9017"},"breadcrumb":{"@id":"https:\/\/www.article-marketing.eu\/comunicati\/ambiente\/completata-in-umbria-fattoria-solare-con-moduli-canadian-solar\/#breadcrumb"},"inLanguage":"it-IT","potentialAction":[{"@type":"ReadAction","target":["https:\/\/www.article-marketing.eu\/comunicati\/ambiente\/completata-in-umbria-fattoria-solare-con-moduli-canadian-solar\/"]}]},{"@type":"BreadcrumbList","@id":"https:\/\/www.article-marketing.eu\/comunicati\/ambiente\/completata-in-umbria-fattoria-solare-con-moduli-canadian-solar\/#breadcrumb","itemListElement":[{"@type":"ListItem","position":1,"name":"Home","item":"https:\/\/www.article-marketing.eu\/comunicati\/"},{"@type":"ListItem","position":2,"name":"Completata in Umbria fattoria solare con moduli Canadian Solar"}]},{"@type":"WebSite","@id":"https:\/\/www.article-marketing.eu\/comunicati\/#website","url":"https:\/\/www.article-marketing.eu\/comunicati\/","name":"Article Marketing","description":"article marketing &amp; press release","potentialAction":[{"@type":"SearchAction","target":{"@type":"EntryPoint","urlTemplate":"https:\/\/www.article-marketing.eu\/comunicati\/?s={search_term_string}"},"query-input":{"@type":"PropertyValueSpecification","valueRequired":true,"valueName":"search_term_string"}}],"inLanguage":"it-IT"},{"@type":"Person","@id":"https:\/\/www.article-marketing.eu\/comunicati\/#\/schema\/person\/44372e4d4d0fa797b18e03ed1ace9017","name":"Redazione Comunicati Stampa","image":{"@type":"ImageObject","inLanguage":"it-IT","@id":"https:\/\/www.article-marketing.eu\/comunicati\/#\/schema\/person\/image\/","url":"https:\/\/secure.gravatar.com\/avatar\/50e5c6421d3072f42e7ace803501602c60d75233d34e29fd05feb91c8760b792?s=96&d=mm&r=g","contentUrl":"https:\/\/secure.gravatar.com\/avatar\/50e5c6421d3072f42e7ace803501602c60d75233d34e29fd05feb91c8760b792?s=96&d=mm&r=g","caption":"Redazione Comunicati Stampa"},"url":"https:\/\/www.article-marketing.eu\/comunicati\/author\/redazione-comunicati-stampa\/"}]}},"_links":{"self":[{"href":"https:\/\/www.article-marketing.eu\/comunicati\/wp-json\/wp\/v2\/posts\/5353","targetHints":{"allow":["GET"]}}],"collection":[{"href":"https:\/\/www.article-marketing.eu\/comunicati\/wp-json\/wp\/v2\/posts"}],"about":[{"href":"https:\/\/www.article-marketing.eu\/comunicati\/wp-json\/wp\/v2\/types\/post"}],"author":[{"embeddable":true,"href":"https:\/\/www.article-marketing.eu\/comunicati\/wp-json\/wp\/v2\/users\/10"}],"replies":[{"embeddable":true,"href":"https:\/\/www.article-marketing.eu\/comunicati\/wp-json\/wp\/v2\/comments?post=5353"}],"version-history":[{"count":0,"href":"https:\/\/www.article-marketing.eu\/comunicati\/wp-json\/wp\/v2\/posts\/5353\/revisions"}],"wp:attachment":[{"href":"https:\/\/www.article-marketing.eu\/comunicati\/wp-json\/wp\/v2\/media?parent=5353"}],"wp:term":[{"taxonomy":"category","embeddable":true,"href":"https:\/\/www.article-marketing.eu\/comunicati\/wp-json\/wp\/v2\/categories?post=5353"},{"taxonomy":"post_tag","embeddable":true,"href":"https:\/\/www.article-marketing.eu\/comunicati\/wp-json\/wp\/v2\/tags?post=5353"}],"curies":[{"name":"wp","href":"https:\/\/api.w.org\/{rel}","templated":true}]}}