{"id":53536,"date":"2016-11-04T10:39:30","date_gmt":"2016-11-04T09:39:30","guid":{"rendered":"http:\/\/www.article-marketing.eu\/comunicati\/senza-categoria\/brindiamo-alla-sostenibilit%c3%a0-cielo-e-terra-in-scena-ad-ecomondo-2016\/"},"modified":"2016-11-04T10:39:30","modified_gmt":"2016-11-04T09:39:30","slug":"brindiamo-alla-sostenibilit%c3%a0-cielo-e-terra-in-scena-ad-ecomondo-2016","status":"publish","type":"post","link":"https:\/\/www.article-marketing.eu\/comunicati\/economia-e-lavoro\/aziende\/brindiamo-alla-sostenibilit%c3%a0-cielo-e-terra-in-scena-ad-ecomondo-2016\/","title":{"rendered":"Brindiamo alla sostenibilit\u00e0: Cielo e Terra in scena ad Ecomondo 2016"},"content":{"rendered":"<p>Rimini, Novembre 2016 &#8211; L&rsquo;azienda vinicola vicentina Cielo e Terra, da sempre attenta alla sostenibilit&agrave; e alla filosofia green, partecipa quest&rsquo;anno alla ventesima edizione di Ecomondo, la fiera internazionale dedicata al recupero di materia ed energia e allo sviluppo ecosostenibile, che si terr&agrave; a Rimini Fiera da marted&igrave; 8 a venerd&igrave; 11 novembre.<\/p>\n<p>Ecomondo, the green technologies expo, &egrave; la vetrina per eccellenza delle soluzioni tecnologiche pi&ugrave; innovative per la corretta gestione dei rifiuti, per la valorizzazione delle risorse, per la conoscenza e l&rsquo;utilizzo delle materie prime rinnovabili. L&rsquo;edizione 2015 ha contato ben 103.514 visitatori, 1.200 aziende, 500 buyer esteri, 200 conferenze con un totale di 1.500 relatori e 10.000 partecipanti agli eventi, per l&rsquo;acquisizione finale di 368 milioni di contatti. Quest&rsquo;importante manifestazione di respiro internazionale indirizza le varie realt&agrave; a rispettare e condividere gli obiettivi dettati dal 7&deg; programma generale di azione europea, implementando una &ldquo;knowledge-based Green and Circular Economy&rdquo;.<\/p>\n<p>Ed &egrave; proprio in un&rsquo;ottica di Economia Circolare, tematica intorno alla quale si sviluppa Ecomondo 2016, che ci sar&agrave; la conferenza &ldquo;Brindiamo alla sostenibilit&agrave;. Buone pratiche di economia circolare per un&rsquo;industria vinicola sostenibile e responsabile&rdquo; l&rsquo;8 novembre dalle ore 14 alle ore 18, presso Sala Tiglio 1 &#8211; Pad. A6. Quest&rsquo;iniziativa realizzata e promossa da Archivi della Sostenibilit&agrave; &#8211; Universit&agrave; Ca&rsquo; Foscari Venezia e da Rete 231, grazie alla sponsorizzazione di Cielo e Terra, UPM Raflatac e Amorim Cork Italia, sar&agrave; un interessante focus sulla sostenibilit&agrave; nel mondo vitivinicolo, spesso associata al miglioramento delle pratiche agronomiche e di cantina. Durante questa conferenza, saranno per la prima volta messe intorno ad un tavolo alcune delle pi&ugrave; interessanti esperienze italiane, indirizzate alla riduzione degli impatti ambientali ed ai miglioramenti di processo e di prodotto, per ragionare insieme sull&#8217;identit&agrave; del vino con un approccio completamente differente e senza precedenti, approfondendo le dinamiche di sostenibilit&agrave; presenti in filiera e presentando case history virtuose di economia circolare.<\/p>\n<p>Di grande rilievo, la testimonianza di Giampietro Povolo, Finance &amp; Operations Manager di Cielo e Terra, che tratter&agrave; la questione della sostenibilit&agrave; integrata del vino, dopo l&rsquo;introduzione del Prof. Giorgio Conti, ArcSoc &#8211; Archivi della Sostenibilit&agrave;, Universit&agrave; Ca&rsquo; Foscari Venezia.<br \/>Maggiori informazioni su www.circular.wine<\/p>\n<p>CIELO e TERRA S.p.A.<br \/>Via IV Novembre, 39<br \/>Montorso Vicentino (VI) <br \/>info@cieloeterravini.com<br \/>T. 0444 485211<br \/>www.cieloeterravini.com<\/p>\n<p>Terzomillennium press office<br \/>barbara@terzomillennium.net <br \/>info@terzomillennium.net<br \/>T. 045 6050601<br \/>www.terzomillennium.net <\/p>\n","protected":false},"excerpt":{"rendered":"<p>Rimini, Novembre 2016 &#8211; L\u2019azienda vinicola vicentina Cielo e Terra, da sempre attenta alla sostenibilit\u00e0 e alla filosofia green, partecipa quest\u2019anno alla ventesima edizione di Ecomondo, la fiera internazionale dedicata al recupero di materia ed energia e allo sviluppo ecosostenibile, che si terr\u00e0 a Rimini Fiera da marted\u00ec 8 a venerd\u00ec 11 novembre.<\/p>\n","protected":false},"author":10,"featured_media":0,"comment_status":"open","ping_status":"open","sticky":false,"template":"","format":"standard","meta":{"cybocfi_hide_featured_image":"","footnotes":""},"categories":[129],"tags":[],"class_list":["post-53536","post","type-post","status-publish","format-standard","hentry","category-aziende"],"yoast_head":"<!-- This site is optimized with the Yoast SEO plugin v27.0 - https:\/\/yoast.com\/product\/yoast-seo-wordpress\/ -->\n<title>Brindiamo alla sostenibilit\u00e0: Cielo e Terra in scena ad Ecomondo 2016 - Article Marketing<\/title>\n<meta name=\"robots\" content=\"index, follow, max-snippet:-1, max-image-preview:large, max-video-preview:-1\" \/>\n<link rel=\"canonical\" href=\"https:\/\/www.article-marketing.eu\/comunicati\/economia-e-lavoro\/aziende\/brindiamo-alla-sostenibilit\u00e0-cielo-e-terra-in-scena-ad-ecomondo-2016\/\" \/>\n<meta property=\"og:locale\" content=\"it_IT\" \/>\n<meta property=\"og:type\" content=\"article\" \/>\n<meta property=\"og:title\" content=\"Brindiamo alla sostenibilit\u00e0: Cielo e Terra in scena ad Ecomondo 2016 - Article Marketing\" \/>\n<meta property=\"og:description\" content=\"Rimini, Novembre 2016 - L\u2019azienda vinicola vicentina Cielo e Terra, da sempre attenta alla sostenibilit\u00e0 e alla filosofia green, partecipa quest\u2019anno alla ventesima edizione di Ecomondo, la fiera internazionale dedicata al recupero di materia ed energia e allo sviluppo ecosostenibile, che si terr\u00e0 a Rimini Fiera da marted\u00ec 8 a venerd\u00ec 11 novembre.\" \/>\n<meta property=\"og:url\" content=\"https:\/\/www.article-marketing.eu\/comunicati\/economia-e-lavoro\/aziende\/brindiamo-alla-sostenibilit\u00e0-cielo-e-terra-in-scena-ad-ecomondo-2016\/\" \/>\n<meta property=\"og:site_name\" content=\"Article Marketing\" \/>\n<meta property=\"article:published_time\" content=\"2016-11-04T09:39:30+00:00\" \/>\n<meta name=\"author\" content=\"Redazione Comunicati Stampa\" \/>\n<meta name=\"twitter:card\" content=\"summary_large_image\" \/>\n<meta name=\"twitter:label1\" content=\"Scritto da\" \/>\n\t<meta name=\"twitter:data1\" content=\"Redazione Comunicati Stampa\" \/>\n\t<meta name=\"twitter:label2\" content=\"Tempo di lettura stimato\" \/>\n\t<meta name=\"twitter:data2\" content=\"2 minuti\" \/>\n<script type=\"application\/ld+json\" class=\"yoast-schema-graph\">{\"@context\":\"https:\/\/schema.org\",\"@graph\":[{\"@type\":\"Article\",\"@id\":\"https:\/\/www.article-marketing.eu\/comunicati\/economia-e-lavoro\/aziende\/brindiamo-alla-sostenibilit%c3%a0-cielo-e-terra-in-scena-ad-ecomondo-2016\/#article\",\"isPartOf\":{\"@id\":\"https:\/\/www.article-marketing.eu\/comunicati\/economia-e-lavoro\/aziende\/brindiamo-alla-sostenibilit%c3%a0-cielo-e-terra-in-scena-ad-ecomondo-2016\/\"},\"author\":{\"name\":\"Redazione Comunicati Stampa\",\"@id\":\"https:\/\/www.article-marketing.eu\/comunicati\/#\/schema\/person\/44372e4d4d0fa797b18e03ed1ace9017\"},\"headline\":\"Brindiamo alla sostenibilit\u00e0: Cielo e Terra in scena ad Ecomondo 2016\",\"datePublished\":\"2016-11-04T09:39:30+00:00\",\"mainEntityOfPage\":{\"@id\":\"https:\/\/www.article-marketing.eu\/comunicati\/economia-e-lavoro\/aziende\/brindiamo-alla-sostenibilit%c3%a0-cielo-e-terra-in-scena-ad-ecomondo-2016\/\"},\"wordCount\":428,\"commentCount\":0,\"articleSection\":[\"Aziende\"],\"inLanguage\":\"it-IT\",\"potentialAction\":[{\"@type\":\"CommentAction\",\"name\":\"Comment\",\"target\":[\"https:\/\/www.article-marketing.eu\/comunicati\/economia-e-lavoro\/aziende\/brindiamo-alla-sostenibilit%c3%a0-cielo-e-terra-in-scena-ad-ecomondo-2016\/#respond\"]}]},{\"@type\":\"WebPage\",\"@id\":\"https:\/\/www.article-marketing.eu\/comunicati\/economia-e-lavoro\/aziende\/brindiamo-alla-sostenibilit%c3%a0-cielo-e-terra-in-scena-ad-ecomondo-2016\/\",\"url\":\"https:\/\/www.article-marketing.eu\/comunicati\/economia-e-lavoro\/aziende\/brindiamo-alla-sostenibilit%c3%a0-cielo-e-terra-in-scena-ad-ecomondo-2016\/\",\"name\":\"Brindiamo alla sostenibilit\u00e0: Cielo e Terra in scena ad Ecomondo 2016 - Article Marketing\",\"isPartOf\":{\"@id\":\"https:\/\/www.article-marketing.eu\/comunicati\/#website\"},\"datePublished\":\"2016-11-04T09:39:30+00:00\",\"author\":{\"@id\":\"https:\/\/www.article-marketing.eu\/comunicati\/#\/schema\/person\/44372e4d4d0fa797b18e03ed1ace9017\"},\"breadcrumb\":{\"@id\":\"https:\/\/www.article-marketing.eu\/comunicati\/economia-e-lavoro\/aziende\/brindiamo-alla-sostenibilit%c3%a0-cielo-e-terra-in-scena-ad-ecomondo-2016\/#breadcrumb\"},\"inLanguage\":\"it-IT\",\"potentialAction\":[{\"@type\":\"ReadAction\",\"target\":[\"https:\/\/www.article-marketing.eu\/comunicati\/economia-e-lavoro\/aziende\/brindiamo-alla-sostenibilit%c3%a0-cielo-e-terra-in-scena-ad-ecomondo-2016\/\"]}]},{\"@type\":\"BreadcrumbList\",\"@id\":\"https:\/\/www.article-marketing.eu\/comunicati\/economia-e-lavoro\/aziende\/brindiamo-alla-sostenibilit%c3%a0-cielo-e-terra-in-scena-ad-ecomondo-2016\/#breadcrumb\",\"itemListElement\":[{\"@type\":\"ListItem\",\"position\":1,\"name\":\"Home\",\"item\":\"https:\/\/www.article-marketing.eu\/comunicati\/\"},{\"@type\":\"ListItem\",\"position\":2,\"name\":\"Brindiamo alla sostenibilit\u00e0: Cielo e Terra in scena ad Ecomondo 2016\"}]},{\"@type\":\"WebSite\",\"@id\":\"https:\/\/www.article-marketing.eu\/comunicati\/#website\",\"url\":\"https:\/\/www.article-marketing.eu\/comunicati\/\",\"name\":\"Article Marketing\",\"description\":\"article marketing &amp; press release\",\"potentialAction\":[{\"@type\":\"SearchAction\",\"target\":{\"@type\":\"EntryPoint\",\"urlTemplate\":\"https:\/\/www.article-marketing.eu\/comunicati\/?s={search_term_string}\"},\"query-input\":{\"@type\":\"PropertyValueSpecification\",\"valueRequired\":true,\"valueName\":\"search_term_string\"}}],\"inLanguage\":\"it-IT\"},{\"@type\":\"Person\",\"@id\":\"https:\/\/www.article-marketing.eu\/comunicati\/#\/schema\/person\/44372e4d4d0fa797b18e03ed1ace9017\",\"name\":\"Redazione Comunicati Stampa\",\"image\":{\"@type\":\"ImageObject\",\"inLanguage\":\"it-IT\",\"@id\":\"https:\/\/www.article-marketing.eu\/comunicati\/#\/schema\/person\/image\/\",\"url\":\"https:\/\/secure.gravatar.com\/avatar\/50e5c6421d3072f42e7ace803501602c60d75233d34e29fd05feb91c8760b792?s=96&d=mm&r=g\",\"contentUrl\":\"https:\/\/secure.gravatar.com\/avatar\/50e5c6421d3072f42e7ace803501602c60d75233d34e29fd05feb91c8760b792?s=96&d=mm&r=g\",\"caption\":\"Redazione Comunicati Stampa\"},\"url\":\"https:\/\/www.article-marketing.eu\/comunicati\/author\/redazione-comunicati-stampa\/\"}]}<\/script>\n<!-- \/ Yoast SEO plugin. -->","yoast_head_json":{"title":"Brindiamo alla sostenibilit\u00e0: Cielo e Terra in scena ad Ecomondo 2016 - Article Marketing","robots":{"index":"index","follow":"follow","max-snippet":"max-snippet:-1","max-image-preview":"max-image-preview:large","max-video-preview":"max-video-preview:-1"},"canonical":"https:\/\/www.article-marketing.eu\/comunicati\/economia-e-lavoro\/aziende\/brindiamo-alla-sostenibilit\u00e0-cielo-e-terra-in-scena-ad-ecomondo-2016\/","og_locale":"it_IT","og_type":"article","og_title":"Brindiamo alla sostenibilit\u00e0: Cielo e Terra in scena ad Ecomondo 2016 - Article Marketing","og_description":"Rimini, Novembre 2016 - L\u2019azienda vinicola vicentina Cielo e Terra, da sempre attenta alla sostenibilit\u00e0 e alla filosofia green, partecipa quest\u2019anno alla ventesima edizione di Ecomondo, la fiera internazionale dedicata al recupero di materia ed energia e allo sviluppo ecosostenibile, che si terr\u00e0 a Rimini Fiera da marted\u00ec 8 a venerd\u00ec 11 novembre.","og_url":"https:\/\/www.article-marketing.eu\/comunicati\/economia-e-lavoro\/aziende\/brindiamo-alla-sostenibilit\u00e0-cielo-e-terra-in-scena-ad-ecomondo-2016\/","og_site_name":"Article Marketing","article_published_time":"2016-11-04T09:39:30+00:00","author":"Redazione Comunicati Stampa","twitter_card":"summary_large_image","twitter_misc":{"Scritto da":"Redazione Comunicati Stampa","Tempo di lettura stimato":"2 minuti"},"schema":{"@context":"https:\/\/schema.org","@graph":[{"@type":"Article","@id":"https:\/\/www.article-marketing.eu\/comunicati\/economia-e-lavoro\/aziende\/brindiamo-alla-sostenibilit%c3%a0-cielo-e-terra-in-scena-ad-ecomondo-2016\/#article","isPartOf":{"@id":"https:\/\/www.article-marketing.eu\/comunicati\/economia-e-lavoro\/aziende\/brindiamo-alla-sostenibilit%c3%a0-cielo-e-terra-in-scena-ad-ecomondo-2016\/"},"author":{"name":"Redazione Comunicati Stampa","@id":"https:\/\/www.article-marketing.eu\/comunicati\/#\/schema\/person\/44372e4d4d0fa797b18e03ed1ace9017"},"headline":"Brindiamo alla sostenibilit\u00e0: Cielo e Terra in scena ad Ecomondo 2016","datePublished":"2016-11-04T09:39:30+00:00","mainEntityOfPage":{"@id":"https:\/\/www.article-marketing.eu\/comunicati\/economia-e-lavoro\/aziende\/brindiamo-alla-sostenibilit%c3%a0-cielo-e-terra-in-scena-ad-ecomondo-2016\/"},"wordCount":428,"commentCount":0,"articleSection":["Aziende"],"inLanguage":"it-IT","potentialAction":[{"@type":"CommentAction","name":"Comment","target":["https:\/\/www.article-marketing.eu\/comunicati\/economia-e-lavoro\/aziende\/brindiamo-alla-sostenibilit%c3%a0-cielo-e-terra-in-scena-ad-ecomondo-2016\/#respond"]}]},{"@type":"WebPage","@id":"https:\/\/www.article-marketing.eu\/comunicati\/economia-e-lavoro\/aziende\/brindiamo-alla-sostenibilit%c3%a0-cielo-e-terra-in-scena-ad-ecomondo-2016\/","url":"https:\/\/www.article-marketing.eu\/comunicati\/economia-e-lavoro\/aziende\/brindiamo-alla-sostenibilit%c3%a0-cielo-e-terra-in-scena-ad-ecomondo-2016\/","name":"Brindiamo alla sostenibilit\u00e0: Cielo e Terra in scena ad Ecomondo 2016 - Article Marketing","isPartOf":{"@id":"https:\/\/www.article-marketing.eu\/comunicati\/#website"},"datePublished":"2016-11-04T09:39:30+00:00","author":{"@id":"https:\/\/www.article-marketing.eu\/comunicati\/#\/schema\/person\/44372e4d4d0fa797b18e03ed1ace9017"},"breadcrumb":{"@id":"https:\/\/www.article-marketing.eu\/comunicati\/economia-e-lavoro\/aziende\/brindiamo-alla-sostenibilit%c3%a0-cielo-e-terra-in-scena-ad-ecomondo-2016\/#breadcrumb"},"inLanguage":"it-IT","potentialAction":[{"@type":"ReadAction","target":["https:\/\/www.article-marketing.eu\/comunicati\/economia-e-lavoro\/aziende\/brindiamo-alla-sostenibilit%c3%a0-cielo-e-terra-in-scena-ad-ecomondo-2016\/"]}]},{"@type":"BreadcrumbList","@id":"https:\/\/www.article-marketing.eu\/comunicati\/economia-e-lavoro\/aziende\/brindiamo-alla-sostenibilit%c3%a0-cielo-e-terra-in-scena-ad-ecomondo-2016\/#breadcrumb","itemListElement":[{"@type":"ListItem","position":1,"name":"Home","item":"https:\/\/www.article-marketing.eu\/comunicati\/"},{"@type":"ListItem","position":2,"name":"Brindiamo alla sostenibilit\u00e0: Cielo e Terra in scena ad Ecomondo 2016"}]},{"@type":"WebSite","@id":"https:\/\/www.article-marketing.eu\/comunicati\/#website","url":"https:\/\/www.article-marketing.eu\/comunicati\/","name":"Article Marketing","description":"article marketing &amp; press release","potentialAction":[{"@type":"SearchAction","target":{"@type":"EntryPoint","urlTemplate":"https:\/\/www.article-marketing.eu\/comunicati\/?s={search_term_string}"},"query-input":{"@type":"PropertyValueSpecification","valueRequired":true,"valueName":"search_term_string"}}],"inLanguage":"it-IT"},{"@type":"Person","@id":"https:\/\/www.article-marketing.eu\/comunicati\/#\/schema\/person\/44372e4d4d0fa797b18e03ed1ace9017","name":"Redazione Comunicati Stampa","image":{"@type":"ImageObject","inLanguage":"it-IT","@id":"https:\/\/www.article-marketing.eu\/comunicati\/#\/schema\/person\/image\/","url":"https:\/\/secure.gravatar.com\/avatar\/50e5c6421d3072f42e7ace803501602c60d75233d34e29fd05feb91c8760b792?s=96&d=mm&r=g","contentUrl":"https:\/\/secure.gravatar.com\/avatar\/50e5c6421d3072f42e7ace803501602c60d75233d34e29fd05feb91c8760b792?s=96&d=mm&r=g","caption":"Redazione Comunicati Stampa"},"url":"https:\/\/www.article-marketing.eu\/comunicati\/author\/redazione-comunicati-stampa\/"}]}},"_links":{"self":[{"href":"https:\/\/www.article-marketing.eu\/comunicati\/wp-json\/wp\/v2\/posts\/53536","targetHints":{"allow":["GET"]}}],"collection":[{"href":"https:\/\/www.article-marketing.eu\/comunicati\/wp-json\/wp\/v2\/posts"}],"about":[{"href":"https:\/\/www.article-marketing.eu\/comunicati\/wp-json\/wp\/v2\/types\/post"}],"author":[{"embeddable":true,"href":"https:\/\/www.article-marketing.eu\/comunicati\/wp-json\/wp\/v2\/users\/10"}],"replies":[{"embeddable":true,"href":"https:\/\/www.article-marketing.eu\/comunicati\/wp-json\/wp\/v2\/comments?post=53536"}],"version-history":[{"count":0,"href":"https:\/\/www.article-marketing.eu\/comunicati\/wp-json\/wp\/v2\/posts\/53536\/revisions"}],"wp:attachment":[{"href":"https:\/\/www.article-marketing.eu\/comunicati\/wp-json\/wp\/v2\/media?parent=53536"}],"wp:term":[{"taxonomy":"category","embeddable":true,"href":"https:\/\/www.article-marketing.eu\/comunicati\/wp-json\/wp\/v2\/categories?post=53536"},{"taxonomy":"post_tag","embeddable":true,"href":"https:\/\/www.article-marketing.eu\/comunicati\/wp-json\/wp\/v2\/tags?post=53536"}],"curies":[{"name":"wp","href":"https:\/\/api.w.org\/{rel}","templated":true}]}}