{"id":5354,"date":"2010-06-07T14:20:16","date_gmt":"2010-06-07T12:20:16","guid":{"rendered":"http:\/\/www.article-marketing.eu\/comunicati\/senza-categoria\/cibo-buttato-anziche-dato-ai-poveri\/"},"modified":"2010-06-07T14:20:16","modified_gmt":"2010-06-07T12:20:16","slug":"cibo-buttato-anziche-dato-ai-poveri","status":"publish","type":"post","link":"https:\/\/www.article-marketing.eu\/comunicati\/societa\/tutela-e-denunce-societa\/cibo-buttato-anziche-dato-ai-poveri\/","title":{"rendered":"Cibo buttato anzich\u00e9 dato ai poveri"},"content":{"rendered":"<p>\n Cibo buttato anzich\u00e9 dato ai poveri<\/p>\n<p>Messaggero Veneto \u2014 05 giugno 2010 pagina 02 sezione: PORDENONE<\/p>\n<p>La risposta al progetto Siticibo, nato con successo in tante realt\u00e0 italiane per distribuire le eccedenze di prodotti secchi e freschi a persone che rientrano a pieno titolo nella fascia di povert\u00e0, almeno quella alimentare, a Pordenone \u00e8 stata tiepida. Dopo lo studio di fattibilit\u00e0, promosso dal Comune di Pordenone che per primo ha sposato l\u2019idea del Banco alimentare, e dopo l\u2019adesione convinta della Provincia, \u00e8 stata sondata la rete delle associazioni: sono pronte a ricevere i generi alimentari vicini alla scadenza e a ridistribuirli il banco di solidariet\u00e0 Miguel Manara, Ucebi, San Vincenzo, Caritas del Cristo Re, comunit\u00e0 Villaregia e perfino l\u2019associazione culturale islamica. A questo punto il banco alimentare ha preso contatti con l\u2019anello fondamentale del progetto, le catene di supermercati. Ma qui le porte non si sono aperte. Solo un soggetto \u2013 le coop di Casarsa \u2013 ad oggi hanno dato disponibilit\u00e0 a partire. Adesione, anche se solo \u201cmorale\u201d, da parte di Pam: via libera alla cessione del secco salvo per\u00f2 precisare di non avere invenduto in quel settore. Dai dieci distributori contattati \u00e8 arrivato solo un s\u00ec. Come ha spiegato Paolo Olivo, presidente regionale del Banco, durante il convegno promosso ieri in Provincia per lanciare il progetto, si sono detti non interessati Metro, Visotto e Billa \u2013 anche se quest\u2019ultima (ex Standa) avrebbe di recente preso contatti con la onlus attraverso la propria direzione nazionale facendo intendere un ripensamento &#8211; mentre hanno espresso difficolt\u00e0 organizzative interne Unicom, Aspeg (eurospar e Despar) e Cadoro. \u00abCoop consumatori \u2013 ha proseguito Olivo \u2013 \u00e8 gi\u00e0 impegnata in un progetto analogo di propria promozione mentre Conad ci ha detto di non avere invenduto\u00bb, anche se nuovi contatti con questo marchio ci sarebbero a livello nazionale. Esperienze positive in regione gi\u00e0 ci sono \u2013 l\u2019Iper di Martignacco ha ceduto 40 tonnellate da luglio scorso, altri contatti dovrebbero formalizzarsi a breve in contratti con il Carrefour di Tavagnacco e il gruppo Bennet di Pradamano -, ma la grande distribuzione fa fatica a fare il primo passo. \u00abLa barriera pi\u00f9 grande \u00e8 la diffidenza \u2013 ha spiegato Giuliana Malagutti, referente nazionale del progetto \u2013 e la fatica che questo comporta. Il personale dei supermercati, per\u00f2, \u00e8 il primo ad essere felice, anche se il lavoro di selezione \u00e8 un aggravio per loro. Questo perch\u00e9, come ci raccontano, sono i primi a vivere male gli sprechi di cibo\u00bb.<\/p>\n<p><em>Sempre pi\u00f9 persone necessitano di aiuto. <\/em>La domanda di bisogno cresce ed \u00e8 cresciuta &#8211; come raccontano i dati regionali del Banco Alimentare (34.575 persone assistite nel 200 &#8211; proprio negli anni della crisi. In provincia di Pordenone le persone che riescono a ricevere un sostegno per affrontare quantomeno la povert\u00e0 alimentare sono 4.776 e sono raggiunte attraverso 41 enti caritatevoli che nel 2009 hanno distribuito 65 tonnellate di cibo. Pi\u00f9 della met\u00e0 degli assistiti, 2.403, \u00e8 stata ragginta nel comune di Pordenone atrraverso 14 enti.<\/p>\n<p>La citt\u00e0 non ha pi\u00f9 poveri, ma \u00e8 per sua natura la sede degli enti che pi\u00f9 di altri raggiungono le marginalit\u00e0, anche quelle che risiedono nel resto della Provincia. Nel 2009, anche questo \u00e8 segno della crisi, il Banco Alimentare della regione ha distribuito 300 tonnellate di generi alimentari in pi\u00f9.<\/p>\n","protected":false},"excerpt":{"rendered":"<p>La grande distribuzione nicchia.  Presentati i numeri del Banco Alimentare. Risultati ottimi, ma anche tanti rimpianti.<\/p>\n","protected":false},"author":10,"featured_media":0,"comment_status":"open","ping_status":"open","sticky":false,"template":"","format":"standard","meta":{"cybocfi_hide_featured_image":"","footnotes":""},"categories":[63],"tags":[1989,14946,4549,3861,14949,14945,10276,14951,12326,14950,14952,14953,7714,14948,14947,579,14943,5484,14944,11161,14942],"class_list":["post-5354","post","type-post","status-publish","format-standard","hentry","category-tutela-e-denunce-societa","tag-abbondanza","tag-alimentare","tag-alimenti","tag-cibo","tag-colletta","tag-donare","tag-dono","tag-eccedenza","tag-emergenza","tag-fame","tag-non-profit","tag-onlus","tag-poverta","tag-poverta-alimentare","tag-poverta-italia","tag-responsabilita-sociale","tag-siticibo","tag-solidarieta","tag-solitudine","tag-spreco","tag-spreco-alimentare"],"yoast_head":"<!-- This site is optimized with the Yoast SEO plugin v27.0 - https:\/\/yoast.com\/product\/yoast-seo-wordpress\/ -->\n<title>Cibo buttato anzich\u00e9 dato ai poveri - Article Marketing<\/title>\n<meta name=\"robots\" content=\"index, follow, max-snippet:-1, max-image-preview:large, max-video-preview:-1\" \/>\n<link rel=\"canonical\" href=\"https:\/\/www.article-marketing.eu\/comunicati\/societa\/tutela-e-denunce-societa\/cibo-buttato-anziche-dato-ai-poveri\/\" \/>\n<meta property=\"og:locale\" content=\"it_IT\" \/>\n<meta property=\"og:type\" content=\"article\" \/>\n<meta property=\"og:title\" content=\"Cibo buttato anzich\u00e9 dato ai poveri - Article Marketing\" \/>\n<meta property=\"og:description\" content=\"La grande distribuzione nicchia. Presentati i numeri del Banco Alimentare. Risultati ottimi, ma anche tanti rimpianti.\" \/>\n<meta property=\"og:url\" content=\"https:\/\/www.article-marketing.eu\/comunicati\/societa\/tutela-e-denunce-societa\/cibo-buttato-anziche-dato-ai-poveri\/\" \/>\n<meta property=\"og:site_name\" content=\"Article Marketing\" \/>\n<meta property=\"article:published_time\" content=\"2010-06-07T12:20:16+00:00\" \/>\n<meta name=\"author\" content=\"Redazione Comunicati Stampa\" \/>\n<meta name=\"twitter:card\" content=\"summary_large_image\" \/>\n<meta name=\"twitter:label1\" content=\"Scritto da\" \/>\n\t<meta name=\"twitter:data1\" content=\"Redazione Comunicati Stampa\" \/>\n\t<meta name=\"twitter:label2\" content=\"Tempo di lettura stimato\" \/>\n\t<meta name=\"twitter:data2\" content=\"3 minuti\" \/>\n<script type=\"application\/ld+json\" class=\"yoast-schema-graph\">{\"@context\":\"https:\/\/schema.org\",\"@graph\":[{\"@type\":\"Article\",\"@id\":\"https:\/\/www.article-marketing.eu\/comunicati\/societa\/tutela-e-denunce-societa\/cibo-buttato-anziche-dato-ai-poveri\/#article\",\"isPartOf\":{\"@id\":\"https:\/\/www.article-marketing.eu\/comunicati\/societa\/tutela-e-denunce-societa\/cibo-buttato-anziche-dato-ai-poveri\/\"},\"author\":{\"name\":\"Redazione Comunicati Stampa\",\"@id\":\"https:\/\/www.article-marketing.eu\/comunicati\/#\/schema\/person\/44372e4d4d0fa797b18e03ed1ace9017\"},\"headline\":\"Cibo buttato anzich\u00e9 dato ai poveri\",\"datePublished\":\"2010-06-07T12:20:16+00:00\",\"mainEntityOfPage\":{\"@id\":\"https:\/\/www.article-marketing.eu\/comunicati\/societa\/tutela-e-denunce-societa\/cibo-buttato-anziche-dato-ai-poveri\/\"},\"wordCount\":526,\"commentCount\":0,\"keywords\":[\"abbondanza\",\"alimentare\",\"alimenti\",\"cibo\",\"colletta\",\"donare\",\"dono\",\"eccedenza\",\"emergenza\",\"fame\",\"non profit\",\"onlus\",\"povert\u00e0\",\"povert\u00e0 alimentare\",\"povert\u00e0 Italia\",\"responsabilit\u00e0 sociale\",\"siticibo\",\"solidariet\u00e0\",\"solitudine\",\"spreco\",\"spreco alimentare\"],\"articleSection\":[\"Tutela e denunce\"],\"inLanguage\":\"it-IT\",\"potentialAction\":[{\"@type\":\"CommentAction\",\"name\":\"Comment\",\"target\":[\"https:\/\/www.article-marketing.eu\/comunicati\/societa\/tutela-e-denunce-societa\/cibo-buttato-anziche-dato-ai-poveri\/#respond\"]}]},{\"@type\":\"WebPage\",\"@id\":\"https:\/\/www.article-marketing.eu\/comunicati\/societa\/tutela-e-denunce-societa\/cibo-buttato-anziche-dato-ai-poveri\/\",\"url\":\"https:\/\/www.article-marketing.eu\/comunicati\/societa\/tutela-e-denunce-societa\/cibo-buttato-anziche-dato-ai-poveri\/\",\"name\":\"Cibo buttato anzich\u00e9 dato ai poveri - Article Marketing\",\"isPartOf\":{\"@id\":\"https:\/\/www.article-marketing.eu\/comunicati\/#website\"},\"datePublished\":\"2010-06-07T12:20:16+00:00\",\"author\":{\"@id\":\"https:\/\/www.article-marketing.eu\/comunicati\/#\/schema\/person\/44372e4d4d0fa797b18e03ed1ace9017\"},\"breadcrumb\":{\"@id\":\"https:\/\/www.article-marketing.eu\/comunicati\/societa\/tutela-e-denunce-societa\/cibo-buttato-anziche-dato-ai-poveri\/#breadcrumb\"},\"inLanguage\":\"it-IT\",\"potentialAction\":[{\"@type\":\"ReadAction\",\"target\":[\"https:\/\/www.article-marketing.eu\/comunicati\/societa\/tutela-e-denunce-societa\/cibo-buttato-anziche-dato-ai-poveri\/\"]}]},{\"@type\":\"BreadcrumbList\",\"@id\":\"https:\/\/www.article-marketing.eu\/comunicati\/societa\/tutela-e-denunce-societa\/cibo-buttato-anziche-dato-ai-poveri\/#breadcrumb\",\"itemListElement\":[{\"@type\":\"ListItem\",\"position\":1,\"name\":\"Home\",\"item\":\"https:\/\/www.article-marketing.eu\/comunicati\/\"},{\"@type\":\"ListItem\",\"position\":2,\"name\":\"Cibo buttato anzich\u00e9 dato ai poveri\"}]},{\"@type\":\"WebSite\",\"@id\":\"https:\/\/www.article-marketing.eu\/comunicati\/#website\",\"url\":\"https:\/\/www.article-marketing.eu\/comunicati\/\",\"name\":\"Article Marketing\",\"description\":\"article marketing &amp; press release\",\"potentialAction\":[{\"@type\":\"SearchAction\",\"target\":{\"@type\":\"EntryPoint\",\"urlTemplate\":\"https:\/\/www.article-marketing.eu\/comunicati\/?s={search_term_string}\"},\"query-input\":{\"@type\":\"PropertyValueSpecification\",\"valueRequired\":true,\"valueName\":\"search_term_string\"}}],\"inLanguage\":\"it-IT\"},{\"@type\":\"Person\",\"@id\":\"https:\/\/www.article-marketing.eu\/comunicati\/#\/schema\/person\/44372e4d4d0fa797b18e03ed1ace9017\",\"name\":\"Redazione Comunicati Stampa\",\"image\":{\"@type\":\"ImageObject\",\"inLanguage\":\"it-IT\",\"@id\":\"https:\/\/www.article-marketing.eu\/comunicati\/#\/schema\/person\/image\/\",\"url\":\"https:\/\/secure.gravatar.com\/avatar\/50e5c6421d3072f42e7ace803501602c60d75233d34e29fd05feb91c8760b792?s=96&d=mm&r=g\",\"contentUrl\":\"https:\/\/secure.gravatar.com\/avatar\/50e5c6421d3072f42e7ace803501602c60d75233d34e29fd05feb91c8760b792?s=96&d=mm&r=g\",\"caption\":\"Redazione Comunicati Stampa\"},\"url\":\"https:\/\/www.article-marketing.eu\/comunicati\/author\/redazione-comunicati-stampa\/\"}]}<\/script>\n<!-- \/ Yoast SEO plugin. -->","yoast_head_json":{"title":"Cibo buttato anzich\u00e9 dato ai poveri - Article Marketing","robots":{"index":"index","follow":"follow","max-snippet":"max-snippet:-1","max-image-preview":"max-image-preview:large","max-video-preview":"max-video-preview:-1"},"canonical":"https:\/\/www.article-marketing.eu\/comunicati\/societa\/tutela-e-denunce-societa\/cibo-buttato-anziche-dato-ai-poveri\/","og_locale":"it_IT","og_type":"article","og_title":"Cibo buttato anzich\u00e9 dato ai poveri - Article Marketing","og_description":"La grande distribuzione nicchia. Presentati i numeri del Banco Alimentare. Risultati ottimi, ma anche tanti rimpianti.","og_url":"https:\/\/www.article-marketing.eu\/comunicati\/societa\/tutela-e-denunce-societa\/cibo-buttato-anziche-dato-ai-poveri\/","og_site_name":"Article Marketing","article_published_time":"2010-06-07T12:20:16+00:00","author":"Redazione Comunicati Stampa","twitter_card":"summary_large_image","twitter_misc":{"Scritto da":"Redazione Comunicati Stampa","Tempo di lettura stimato":"3 minuti"},"schema":{"@context":"https:\/\/schema.org","@graph":[{"@type":"Article","@id":"https:\/\/www.article-marketing.eu\/comunicati\/societa\/tutela-e-denunce-societa\/cibo-buttato-anziche-dato-ai-poveri\/#article","isPartOf":{"@id":"https:\/\/www.article-marketing.eu\/comunicati\/societa\/tutela-e-denunce-societa\/cibo-buttato-anziche-dato-ai-poveri\/"},"author":{"name":"Redazione Comunicati Stampa","@id":"https:\/\/www.article-marketing.eu\/comunicati\/#\/schema\/person\/44372e4d4d0fa797b18e03ed1ace9017"},"headline":"Cibo buttato anzich\u00e9 dato ai poveri","datePublished":"2010-06-07T12:20:16+00:00","mainEntityOfPage":{"@id":"https:\/\/www.article-marketing.eu\/comunicati\/societa\/tutela-e-denunce-societa\/cibo-buttato-anziche-dato-ai-poveri\/"},"wordCount":526,"commentCount":0,"keywords":["abbondanza","alimentare","alimenti","cibo","colletta","donare","dono","eccedenza","emergenza","fame","non profit","onlus","povert\u00e0","povert\u00e0 alimentare","povert\u00e0 Italia","responsabilit\u00e0 sociale","siticibo","solidariet\u00e0","solitudine","spreco","spreco alimentare"],"articleSection":["Tutela e denunce"],"inLanguage":"it-IT","potentialAction":[{"@type":"CommentAction","name":"Comment","target":["https:\/\/www.article-marketing.eu\/comunicati\/societa\/tutela-e-denunce-societa\/cibo-buttato-anziche-dato-ai-poveri\/#respond"]}]},{"@type":"WebPage","@id":"https:\/\/www.article-marketing.eu\/comunicati\/societa\/tutela-e-denunce-societa\/cibo-buttato-anziche-dato-ai-poveri\/","url":"https:\/\/www.article-marketing.eu\/comunicati\/societa\/tutela-e-denunce-societa\/cibo-buttato-anziche-dato-ai-poveri\/","name":"Cibo buttato anzich\u00e9 dato ai poveri - Article Marketing","isPartOf":{"@id":"https:\/\/www.article-marketing.eu\/comunicati\/#website"},"datePublished":"2010-06-07T12:20:16+00:00","author":{"@id":"https:\/\/www.article-marketing.eu\/comunicati\/#\/schema\/person\/44372e4d4d0fa797b18e03ed1ace9017"},"breadcrumb":{"@id":"https:\/\/www.article-marketing.eu\/comunicati\/societa\/tutela-e-denunce-societa\/cibo-buttato-anziche-dato-ai-poveri\/#breadcrumb"},"inLanguage":"it-IT","potentialAction":[{"@type":"ReadAction","target":["https:\/\/www.article-marketing.eu\/comunicati\/societa\/tutela-e-denunce-societa\/cibo-buttato-anziche-dato-ai-poveri\/"]}]},{"@type":"BreadcrumbList","@id":"https:\/\/www.article-marketing.eu\/comunicati\/societa\/tutela-e-denunce-societa\/cibo-buttato-anziche-dato-ai-poveri\/#breadcrumb","itemListElement":[{"@type":"ListItem","position":1,"name":"Home","item":"https:\/\/www.article-marketing.eu\/comunicati\/"},{"@type":"ListItem","position":2,"name":"Cibo buttato anzich\u00e9 dato ai poveri"}]},{"@type":"WebSite","@id":"https:\/\/www.article-marketing.eu\/comunicati\/#website","url":"https:\/\/www.article-marketing.eu\/comunicati\/","name":"Article Marketing","description":"article marketing &amp; press release","potentialAction":[{"@type":"SearchAction","target":{"@type":"EntryPoint","urlTemplate":"https:\/\/www.article-marketing.eu\/comunicati\/?s={search_term_string}"},"query-input":{"@type":"PropertyValueSpecification","valueRequired":true,"valueName":"search_term_string"}}],"inLanguage":"it-IT"},{"@type":"Person","@id":"https:\/\/www.article-marketing.eu\/comunicati\/#\/schema\/person\/44372e4d4d0fa797b18e03ed1ace9017","name":"Redazione Comunicati Stampa","image":{"@type":"ImageObject","inLanguage":"it-IT","@id":"https:\/\/www.article-marketing.eu\/comunicati\/#\/schema\/person\/image\/","url":"https:\/\/secure.gravatar.com\/avatar\/50e5c6421d3072f42e7ace803501602c60d75233d34e29fd05feb91c8760b792?s=96&d=mm&r=g","contentUrl":"https:\/\/secure.gravatar.com\/avatar\/50e5c6421d3072f42e7ace803501602c60d75233d34e29fd05feb91c8760b792?s=96&d=mm&r=g","caption":"Redazione Comunicati Stampa"},"url":"https:\/\/www.article-marketing.eu\/comunicati\/author\/redazione-comunicati-stampa\/"}]}},"_links":{"self":[{"href":"https:\/\/www.article-marketing.eu\/comunicati\/wp-json\/wp\/v2\/posts\/5354","targetHints":{"allow":["GET"]}}],"collection":[{"href":"https:\/\/www.article-marketing.eu\/comunicati\/wp-json\/wp\/v2\/posts"}],"about":[{"href":"https:\/\/www.article-marketing.eu\/comunicati\/wp-json\/wp\/v2\/types\/post"}],"author":[{"embeddable":true,"href":"https:\/\/www.article-marketing.eu\/comunicati\/wp-json\/wp\/v2\/users\/10"}],"replies":[{"embeddable":true,"href":"https:\/\/www.article-marketing.eu\/comunicati\/wp-json\/wp\/v2\/comments?post=5354"}],"version-history":[{"count":0,"href":"https:\/\/www.article-marketing.eu\/comunicati\/wp-json\/wp\/v2\/posts\/5354\/revisions"}],"wp:attachment":[{"href":"https:\/\/www.article-marketing.eu\/comunicati\/wp-json\/wp\/v2\/media?parent=5354"}],"wp:term":[{"taxonomy":"category","embeddable":true,"href":"https:\/\/www.article-marketing.eu\/comunicati\/wp-json\/wp\/v2\/categories?post=5354"},{"taxonomy":"post_tag","embeddable":true,"href":"https:\/\/www.article-marketing.eu\/comunicati\/wp-json\/wp\/v2\/tags?post=5354"}],"curies":[{"name":"wp","href":"https:\/\/api.w.org\/{rel}","templated":true}]}}