{"id":5359,"date":"2010-06-07T17:14:51","date_gmt":"2010-06-07T15:14:51","guid":{"rendered":"http:\/\/www.article-marketing.eu\/comunicati\/senza-categoria\/univet-srl-presenta-univet-france-in-occasione-di-preventica-nord-europe-2010\/"},"modified":"2010-06-07T17:14:51","modified_gmt":"2010-06-07T15:14:51","slug":"univet-srl-presenta-univet-france-in-occasione-di-preventica-nord-europe-2010","status":"publish","type":"post","link":"https:\/\/www.article-marketing.eu\/comunicati\/comunicati-stampa\/univet-srl-presenta-univet-france-in-occasione-di-preventica-nord-europe-2010\/","title":{"rendered":"Univet  srl presenta Univet France in occasione di Preventica Nord Europe 2010"},"content":{"rendered":"<p style=\"margin-left: 35.45pt; text-align: justify; line-height: 150%;\" class=\"MsoNormal\">Univet, in occasione di <strong>Pr\u00e9ventica<br \/>\nNord Europe<\/strong>, presenta ufficialmente <strong>Univet France<\/strong>. Dal 15 al 17 giugno<br \/>\n2010 l&#8217;azienda bresciana, specializzata in sistemi di protezione ottica, sar\u00e0 a<br \/>\n<strong>Lille<\/strong> per la seconda edizione del Salone dedicato alla sicurezza sul lavoro e<br \/>\nannuncer\u00e0 la<strong> nascita di<\/strong> <strong>Univet France<\/strong>. Una realt\u00e0 che prende vita<br \/>\ndalla collaborazione tra Univet e due partner francesi: Sebastien Fangeat, imprenditore<br \/>\ncon una grande esperienza tecnico-commerciale nel settore della protezione<br \/>\nindustriale, e Jean-Michel Gaillard, ottico specializzato nei dispositivi di<br \/>\nprotezione correttivi.<\/p>\n<p style=\"margin-left: 35.45pt; text-align: justify; line-height: 150%;\" class=\"MsoNormal\">Univet France vedr\u00e0 luce a <strong>Morez<\/strong>, citt\u00e0 dello<br \/>\nJura e <strong>capitale francese dell\u2019ottica<\/strong>, dove la tradizione artigiana si \u00e8<br \/>\nrafforzata in distretto industriale specializzato nella produzione di sistemi<br \/>\nvisivi. <\/p>\n<p style=\"margin-left: 35.45pt; text-align: justify; line-height: 150%;\" class=\"MsoNormal\">&nbsp;<\/p>\n<p style=\"margin-left: 35.45pt; text-align: justify; line-height: 150%;\" class=\"MsoNormal\">Univet, forte del successo primaverile<br \/>\nottenuto durante la passata edizione<strong> <\/strong>di<strong> Pr\u00e9ventica M\u00e9diterran\u00e9e<\/strong>, presenter\u00e0 la<br \/>\n<strong>vasta gamma di dispositivi ottici di protezione<\/strong> (DPI) e il <strong>nuovo<br \/>\ncatalogo per il mercato francese<\/strong> &quot;Lunettes de protection&quot;,<br \/>\nricco di informazioni tecniche e immagini. L&#8217;attenzione alla funzionalit\u00e0, il<br \/>\nrispetto delle normative vigenti, l&#8217;alta qualit\u00e0 dei materiali usati, il design<br \/>\n100% italiano e l&#8217;estrema cura nei dettagli, fanno di Univet un partner<br \/>\nfondamentale in tema di sicurezza e prevenzione.<\/p>\n<p style=\"margin-left: 35.45pt; text-align: justify; line-height: 150%;\" class=\"MsoNormal\">&nbsp;<\/p>\n<p style=\"margin-left: 35.45pt; text-align: justify; line-height: 150%;\" class=\"MsoNormal\">Univet sar\u00e0 protagonista di <strong>Pr\u00e9ventica<br \/>\nNord Europe<\/strong> insieme ai numerosi espositori e alle migliaia di<br \/>\nvisitatori che ad ogni edizione contribuiscono al suo successo. Le 120<br \/>\nconferenze in tema di prevenzione e sicurezza, organizzazione del lavoro,<br \/>\ninnovazioni industriali e ricerche di settore faranno da corollario<br \/>\nall&#8217;esposizione di soluzioni per il miglioramento della qualit\u00e0 della vita sul<br \/>\nlavoro. <\/p>\n","protected":false},"excerpt":{"rendered":"<p>Le soluzioni Univet per la sicurezza e la protezione visiva individuale in fiera a Lille<\/p>\n","protected":false},"author":10,"featured_media":0,"comment_status":"open","ping_status":"open","sticky":false,"template":"","format":"standard","meta":{"cybocfi_hide_featured_image":"","footnotes":""},"categories":[190],"tags":[15038,15039,15037],"class_list":["post-5359","post","type-post","status-publish","format-standard","hentry","category-comunicati-stampa","tag-dispositivi-ottici-di-protezione","tag-preventica-2010","tag-univet"],"yoast_head":"<!-- This site is optimized with the Yoast SEO plugin v27.0 - https:\/\/yoast.com\/product\/yoast-seo-wordpress\/ -->\n<title>Univet srl presenta Univet France in occasione di Preventica Nord Europe 2010 - Article Marketing<\/title>\n<meta name=\"robots\" content=\"index, follow, max-snippet:-1, max-image-preview:large, max-video-preview:-1\" \/>\n<link rel=\"canonical\" href=\"https:\/\/www.article-marketing.eu\/comunicati\/comunicati-stampa\/univet-srl-presenta-univet-france-in-occasione-di-preventica-nord-europe-2010\/\" \/>\n<meta property=\"og:locale\" content=\"it_IT\" \/>\n<meta property=\"og:type\" content=\"article\" \/>\n<meta property=\"og:title\" content=\"Univet srl presenta Univet France in occasione di Preventica Nord Europe 2010 - Article Marketing\" \/>\n<meta property=\"og:description\" content=\"Le soluzioni Univet per la sicurezza e la protezione visiva individuale in fiera a Lille\" \/>\n<meta property=\"og:url\" content=\"https:\/\/www.article-marketing.eu\/comunicati\/comunicati-stampa\/univet-srl-presenta-univet-france-in-occasione-di-preventica-nord-europe-2010\/\" \/>\n<meta property=\"og:site_name\" content=\"Article Marketing\" \/>\n<meta property=\"article:published_time\" content=\"2010-06-07T15:14:51+00:00\" \/>\n<meta name=\"author\" content=\"Redazione Comunicati Stampa\" \/>\n<meta name=\"twitter:card\" content=\"summary_large_image\" \/>\n<meta name=\"twitter:label1\" content=\"Scritto da\" \/>\n\t<meta name=\"twitter:data1\" content=\"Redazione Comunicati Stampa\" \/>\n\t<meta name=\"twitter:label2\" content=\"Tempo di lettura stimato\" \/>\n\t<meta name=\"twitter:data2\" content=\"1 minuto\" \/>\n<script type=\"application\/ld+json\" class=\"yoast-schema-graph\">{\"@context\":\"https:\/\/schema.org\",\"@graph\":[{\"@type\":\"Article\",\"@id\":\"https:\/\/www.article-marketing.eu\/comunicati\/comunicati-stampa\/univet-srl-presenta-univet-france-in-occasione-di-preventica-nord-europe-2010\/#article\",\"isPartOf\":{\"@id\":\"https:\/\/www.article-marketing.eu\/comunicati\/comunicati-stampa\/univet-srl-presenta-univet-france-in-occasione-di-preventica-nord-europe-2010\/\"},\"author\":{\"name\":\"Redazione Comunicati Stampa\",\"@id\":\"https:\/\/www.article-marketing.eu\/comunicati\/#\/schema\/person\/44372e4d4d0fa797b18e03ed1ace9017\"},\"headline\":\"Univet srl presenta Univet France in occasione di Preventica Nord Europe 2010\",\"datePublished\":\"2010-06-07T15:14:51+00:00\",\"mainEntityOfPage\":{\"@id\":\"https:\/\/www.article-marketing.eu\/comunicati\/comunicati-stampa\/univet-srl-presenta-univet-france-in-occasione-di-preventica-nord-europe-2010\/\"},\"wordCount\":257,\"commentCount\":0,\"keywords\":[\"dispositivi ottici di protezione\",\"preventica 2010\",\"univet\"],\"articleSection\":[\"Comunicati stampa\"],\"inLanguage\":\"it-IT\",\"potentialAction\":[{\"@type\":\"CommentAction\",\"name\":\"Comment\",\"target\":[\"https:\/\/www.article-marketing.eu\/comunicati\/comunicati-stampa\/univet-srl-presenta-univet-france-in-occasione-di-preventica-nord-europe-2010\/#respond\"]}]},{\"@type\":\"WebPage\",\"@id\":\"https:\/\/www.article-marketing.eu\/comunicati\/comunicati-stampa\/univet-srl-presenta-univet-france-in-occasione-di-preventica-nord-europe-2010\/\",\"url\":\"https:\/\/www.article-marketing.eu\/comunicati\/comunicati-stampa\/univet-srl-presenta-univet-france-in-occasione-di-preventica-nord-europe-2010\/\",\"name\":\"Univet srl presenta Univet France in occasione di Preventica Nord Europe 2010 - Article Marketing\",\"isPartOf\":{\"@id\":\"https:\/\/www.article-marketing.eu\/comunicati\/#website\"},\"datePublished\":\"2010-06-07T15:14:51+00:00\",\"author\":{\"@id\":\"https:\/\/www.article-marketing.eu\/comunicati\/#\/schema\/person\/44372e4d4d0fa797b18e03ed1ace9017\"},\"breadcrumb\":{\"@id\":\"https:\/\/www.article-marketing.eu\/comunicati\/comunicati-stampa\/univet-srl-presenta-univet-france-in-occasione-di-preventica-nord-europe-2010\/#breadcrumb\"},\"inLanguage\":\"it-IT\",\"potentialAction\":[{\"@type\":\"ReadAction\",\"target\":[\"https:\/\/www.article-marketing.eu\/comunicati\/comunicati-stampa\/univet-srl-presenta-univet-france-in-occasione-di-preventica-nord-europe-2010\/\"]}]},{\"@type\":\"BreadcrumbList\",\"@id\":\"https:\/\/www.article-marketing.eu\/comunicati\/comunicati-stampa\/univet-srl-presenta-univet-france-in-occasione-di-preventica-nord-europe-2010\/#breadcrumb\",\"itemListElement\":[{\"@type\":\"ListItem\",\"position\":1,\"name\":\"Home\",\"item\":\"https:\/\/www.article-marketing.eu\/comunicati\/\"},{\"@type\":\"ListItem\",\"position\":2,\"name\":\"Univet srl presenta Univet France in occasione di Preventica Nord Europe 2010\"}]},{\"@type\":\"WebSite\",\"@id\":\"https:\/\/www.article-marketing.eu\/comunicati\/#website\",\"url\":\"https:\/\/www.article-marketing.eu\/comunicati\/\",\"name\":\"Article Marketing\",\"description\":\"article marketing &amp; press release\",\"potentialAction\":[{\"@type\":\"SearchAction\",\"target\":{\"@type\":\"EntryPoint\",\"urlTemplate\":\"https:\/\/www.article-marketing.eu\/comunicati\/?s={search_term_string}\"},\"query-input\":{\"@type\":\"PropertyValueSpecification\",\"valueRequired\":true,\"valueName\":\"search_term_string\"}}],\"inLanguage\":\"it-IT\"},{\"@type\":\"Person\",\"@id\":\"https:\/\/www.article-marketing.eu\/comunicati\/#\/schema\/person\/44372e4d4d0fa797b18e03ed1ace9017\",\"name\":\"Redazione Comunicati Stampa\",\"image\":{\"@type\":\"ImageObject\",\"inLanguage\":\"it-IT\",\"@id\":\"https:\/\/www.article-marketing.eu\/comunicati\/#\/schema\/person\/image\/\",\"url\":\"https:\/\/secure.gravatar.com\/avatar\/50e5c6421d3072f42e7ace803501602c60d75233d34e29fd05feb91c8760b792?s=96&d=mm&r=g\",\"contentUrl\":\"https:\/\/secure.gravatar.com\/avatar\/50e5c6421d3072f42e7ace803501602c60d75233d34e29fd05feb91c8760b792?s=96&d=mm&r=g\",\"caption\":\"Redazione Comunicati Stampa\"},\"url\":\"https:\/\/www.article-marketing.eu\/comunicati\/author\/redazione-comunicati-stampa\/\"}]}<\/script>\n<!-- \/ Yoast SEO plugin. -->","yoast_head_json":{"title":"Univet srl presenta Univet France in occasione di Preventica Nord Europe 2010 - Article Marketing","robots":{"index":"index","follow":"follow","max-snippet":"max-snippet:-1","max-image-preview":"max-image-preview:large","max-video-preview":"max-video-preview:-1"},"canonical":"https:\/\/www.article-marketing.eu\/comunicati\/comunicati-stampa\/univet-srl-presenta-univet-france-in-occasione-di-preventica-nord-europe-2010\/","og_locale":"it_IT","og_type":"article","og_title":"Univet srl presenta Univet France in occasione di Preventica Nord Europe 2010 - Article Marketing","og_description":"Le soluzioni Univet per la sicurezza e la protezione visiva individuale in fiera a Lille","og_url":"https:\/\/www.article-marketing.eu\/comunicati\/comunicati-stampa\/univet-srl-presenta-univet-france-in-occasione-di-preventica-nord-europe-2010\/","og_site_name":"Article Marketing","article_published_time":"2010-06-07T15:14:51+00:00","author":"Redazione Comunicati Stampa","twitter_card":"summary_large_image","twitter_misc":{"Scritto da":"Redazione Comunicati Stampa","Tempo di lettura stimato":"1 minuto"},"schema":{"@context":"https:\/\/schema.org","@graph":[{"@type":"Article","@id":"https:\/\/www.article-marketing.eu\/comunicati\/comunicati-stampa\/univet-srl-presenta-univet-france-in-occasione-di-preventica-nord-europe-2010\/#article","isPartOf":{"@id":"https:\/\/www.article-marketing.eu\/comunicati\/comunicati-stampa\/univet-srl-presenta-univet-france-in-occasione-di-preventica-nord-europe-2010\/"},"author":{"name":"Redazione Comunicati Stampa","@id":"https:\/\/www.article-marketing.eu\/comunicati\/#\/schema\/person\/44372e4d4d0fa797b18e03ed1ace9017"},"headline":"Univet srl presenta Univet France in occasione di Preventica Nord Europe 2010","datePublished":"2010-06-07T15:14:51+00:00","mainEntityOfPage":{"@id":"https:\/\/www.article-marketing.eu\/comunicati\/comunicati-stampa\/univet-srl-presenta-univet-france-in-occasione-di-preventica-nord-europe-2010\/"},"wordCount":257,"commentCount":0,"keywords":["dispositivi ottici di protezione","preventica 2010","univet"],"articleSection":["Comunicati stampa"],"inLanguage":"it-IT","potentialAction":[{"@type":"CommentAction","name":"Comment","target":["https:\/\/www.article-marketing.eu\/comunicati\/comunicati-stampa\/univet-srl-presenta-univet-france-in-occasione-di-preventica-nord-europe-2010\/#respond"]}]},{"@type":"WebPage","@id":"https:\/\/www.article-marketing.eu\/comunicati\/comunicati-stampa\/univet-srl-presenta-univet-france-in-occasione-di-preventica-nord-europe-2010\/","url":"https:\/\/www.article-marketing.eu\/comunicati\/comunicati-stampa\/univet-srl-presenta-univet-france-in-occasione-di-preventica-nord-europe-2010\/","name":"Univet srl presenta Univet France in occasione di Preventica Nord Europe 2010 - Article Marketing","isPartOf":{"@id":"https:\/\/www.article-marketing.eu\/comunicati\/#website"},"datePublished":"2010-06-07T15:14:51+00:00","author":{"@id":"https:\/\/www.article-marketing.eu\/comunicati\/#\/schema\/person\/44372e4d4d0fa797b18e03ed1ace9017"},"breadcrumb":{"@id":"https:\/\/www.article-marketing.eu\/comunicati\/comunicati-stampa\/univet-srl-presenta-univet-france-in-occasione-di-preventica-nord-europe-2010\/#breadcrumb"},"inLanguage":"it-IT","potentialAction":[{"@type":"ReadAction","target":["https:\/\/www.article-marketing.eu\/comunicati\/comunicati-stampa\/univet-srl-presenta-univet-france-in-occasione-di-preventica-nord-europe-2010\/"]}]},{"@type":"BreadcrumbList","@id":"https:\/\/www.article-marketing.eu\/comunicati\/comunicati-stampa\/univet-srl-presenta-univet-france-in-occasione-di-preventica-nord-europe-2010\/#breadcrumb","itemListElement":[{"@type":"ListItem","position":1,"name":"Home","item":"https:\/\/www.article-marketing.eu\/comunicati\/"},{"@type":"ListItem","position":2,"name":"Univet srl presenta Univet France in occasione di Preventica Nord Europe 2010"}]},{"@type":"WebSite","@id":"https:\/\/www.article-marketing.eu\/comunicati\/#website","url":"https:\/\/www.article-marketing.eu\/comunicati\/","name":"Article Marketing","description":"article marketing &amp; press release","potentialAction":[{"@type":"SearchAction","target":{"@type":"EntryPoint","urlTemplate":"https:\/\/www.article-marketing.eu\/comunicati\/?s={search_term_string}"},"query-input":{"@type":"PropertyValueSpecification","valueRequired":true,"valueName":"search_term_string"}}],"inLanguage":"it-IT"},{"@type":"Person","@id":"https:\/\/www.article-marketing.eu\/comunicati\/#\/schema\/person\/44372e4d4d0fa797b18e03ed1ace9017","name":"Redazione Comunicati Stampa","image":{"@type":"ImageObject","inLanguage":"it-IT","@id":"https:\/\/www.article-marketing.eu\/comunicati\/#\/schema\/person\/image\/","url":"https:\/\/secure.gravatar.com\/avatar\/50e5c6421d3072f42e7ace803501602c60d75233d34e29fd05feb91c8760b792?s=96&d=mm&r=g","contentUrl":"https:\/\/secure.gravatar.com\/avatar\/50e5c6421d3072f42e7ace803501602c60d75233d34e29fd05feb91c8760b792?s=96&d=mm&r=g","caption":"Redazione Comunicati Stampa"},"url":"https:\/\/www.article-marketing.eu\/comunicati\/author\/redazione-comunicati-stampa\/"}]}},"_links":{"self":[{"href":"https:\/\/www.article-marketing.eu\/comunicati\/wp-json\/wp\/v2\/posts\/5359","targetHints":{"allow":["GET"]}}],"collection":[{"href":"https:\/\/www.article-marketing.eu\/comunicati\/wp-json\/wp\/v2\/posts"}],"about":[{"href":"https:\/\/www.article-marketing.eu\/comunicati\/wp-json\/wp\/v2\/types\/post"}],"author":[{"embeddable":true,"href":"https:\/\/www.article-marketing.eu\/comunicati\/wp-json\/wp\/v2\/users\/10"}],"replies":[{"embeddable":true,"href":"https:\/\/www.article-marketing.eu\/comunicati\/wp-json\/wp\/v2\/comments?post=5359"}],"version-history":[{"count":0,"href":"https:\/\/www.article-marketing.eu\/comunicati\/wp-json\/wp\/v2\/posts\/5359\/revisions"}],"wp:attachment":[{"href":"https:\/\/www.article-marketing.eu\/comunicati\/wp-json\/wp\/v2\/media?parent=5359"}],"wp:term":[{"taxonomy":"category","embeddable":true,"href":"https:\/\/www.article-marketing.eu\/comunicati\/wp-json\/wp\/v2\/categories?post=5359"},{"taxonomy":"post_tag","embeddable":true,"href":"https:\/\/www.article-marketing.eu\/comunicati\/wp-json\/wp\/v2\/tags?post=5359"}],"curies":[{"name":"wp","href":"https:\/\/api.w.org\/{rel}","templated":true}]}}