{"id":53634,"date":"2016-11-16T13:00:32","date_gmt":"2016-11-16T12:00:32","guid":{"rendered":"http:\/\/www.article-marketing.eu\/comunicati\/senza-categoria\/to-be-verona-quando-a%80cstart-upa%80%9d-fa-rima-con-innovazione-e-genetica\/"},"modified":"2016-11-16T13:00:32","modified_gmt":"2016-11-16T12:00:32","slug":"to-be-verona-quando-a%80cstart-upa%80%9d-fa-rima-con-innovazione-e-genetica","status":"publish","type":"post","link":"https:\/\/www.article-marketing.eu\/comunicati\/salute-e-benessere\/medicina\/to-be-verona-quando-a%80cstart-upa%80%9d-fa-rima-con-innovazione-e-genetica\/","title":{"rendered":"To Be Verona: quando \u201cstart up\u201d fa rima con innovazione e genetica"},"content":{"rendered":"<p>Verona, Novembre 2016 &#8211; Verona &egrave; la citt&agrave; delle eccellenze: questo &egrave; quanto emerge dal II&deg; Forum Internazionale To Be Verona, tenutosi il 28 e 29 ottobre, che ha evidenziato il ruolo di primo piano di Verona in termini di industria, finanza, infrastrutture e turismo, ha rivelato potenzialit&agrave; inedite e competitive ancora inespresse e ha offerto spunti di riflessione su tematiche come il marketing della gentilezza, il crowdfunding e le nuove strategie di business 4.0. Un percorso dinamico, quello sviluppato da To Be Verona, che ha messo in luce numerose realt&agrave; innovative nate nel territorio veronese tra cui Eugene e Diamante, start up legate al settore diagnostico e di consulenza genetica che sono state presentate durante il Forum in Gran Guardia del 28 ottobre dai loro portavoce e fondatori.<\/p>\n<p>I servizi di genetica clinica sono sempre pi&ugrave; ricercati, in ogni fascia di et&agrave;, al fine di accertare patologie da accertata o sospetta causa genetica. Un mercato in rapido sviluppo, soprattutto all&rsquo;estero, ma che in Italia trova solo servizi frammentati privi di un progetto ben definito. Eugene si propone come prima societ&agrave; italiana specializzata nel selezionare e commercializzare i migliori test genetici tra i quali quello per valutare la predisposizione genetica dei ragazzi per l&rsquo;orientamento negli studi e nella sport, quello relativo alla salute e alla longevit&agrave; con la segnalazione di patologie multifattoriali, quello indicato per i futuri genitori che intendono scoprire eventuali malattie ereditarie. Sergio Barbieri, founder di Eugene, ha lavorato come chirurgo generale e chirurgo vascolare in prestigiosi ospedali italiani ed esteri, ha diretto un programma di ricerca del CNR (Consiglio Nazionale delle Ricerche) e un progetto finanziato dall&rsquo;ESA (Agenzia Spaziale Europea) per la realizzazione di un&rsquo;ambulanza satellitare da lui inventata.<\/p>\n<p>Un altro caso di successo selezionato da To Be Verona &egrave; Diamante, una start-up legata al settore delle biotecnologie e supportata dall&rsquo;Universit&agrave; di Verona. Founder e CSO di Diamante &egrave; Linda Avesani, ricercatrice presso il Dipartimento di Biotecnologie, specializzata nello studio delle biotecnologie vegetali per lo sviluppo di nuovi sistemi per la diagnosi e la terapia di malattie autoimmuni. Anche di fronte a patologie conosciute, esistono spesso diversi fattori per cui si verificano dei problemi nella diagnosi della malattia quali, ad esempio, l&rsquo;esistenza di pi&ugrave; marcatori e la similarit&agrave; dei sintomi, per portano conseguentemente ad un prolungamento della tempistica di diagnosi definitiva. La tecnologia proposta da Diamante si basa sull&rsquo;utilizzo di virus vegetali come marcatori offrendo cos&igrave; una precisione d&rsquo;eccellenza, una rapidit&agrave; di soluzione e una gestione maggiormente ecosostenibile per l&rsquo;interno procedimento medico.<\/p>\n<p>Due case history che testimoniano l&rsquo;high-level presente a Verona, dimostrando la validit&agrave; del progetto di marketing territoriale To Be Verona, che persevera nel suo impegno di promozione del territorio veronese, a partire proprio dalla stessa citt&agrave;, che va animata attraverso una specifica azione identitaria in termini di innovazione, business e crescita per la valorizzazione e lo sviluppo delle aziende. <\/p>\n<p>To Be Verona <br \/>Via Pancaldo 70 &#8211; 37138 Verona <br \/><a href=\"mailto:info@tobeverona.it\">info@tobeverona.it<\/a> <br \/>www.tobeverona.it <\/p>\n<p>Press office Terzomillennium <br \/>barbara@terzomillennium.net <br \/>info@terzomillennium.net <br \/>T. 045 6050601 <br \/>p.p1 {margin: 0.0px 0.0px 0.0px 0.0px; text-align: justify; font: 12.0px Helvetica; -webkit-text-stroke: #000000} p.p2 {margin: 0.0px 0.0px 0.0px 0.0px; text-align: justify; font: 12.0px Helvetica; -webkit-text-stroke: #000000; min-height: 14.0px} p.p3 {margin: 0.0px 0.0px 0.0px 0.0px; font: 12.0px Helvetica; -webkit-text-stroke: #000000; min-height: 14.0px} p.p4 {margin: 0.0px 0.0px 0.0px 0.0px; font: 12.0px Helvetica; -webkit-text-stroke: #000000} p.p5 {margin: 0.0px 0.0px 0.0px 0.0px; font: 12.0px Helvetica; color: #4787ff; -webkit-text-stroke: #4787ff} span.s1 {font-kerning: none} span.s2 {text-decoration: underline ; font-kerning: none} span.s3 {font-kerning: none; color: #000000; -webkit-text-stroke: 0px #000000}<br \/>www.terzomillennium.net<\/p>\n","protected":false},"excerpt":{"rendered":"<p>Verona \u00e8 la citt\u00e0 delle eccellenze: questo \u00e8 quanto emerge dal II\u00b0 Forum Internazionale To Be Verona, tenutosi il 28 e 29 ottobre, che ha evidenziato il ruolo di primo piano di Verona in termini di industria, finanza, infrastrutture e turismo, ha rivelato potenzialit\u00e0 inedite e competitive ancora inespresse e ha offerto spunti di riflessione su tematiche come il marketing della gentilezza, il crowdfunding e le nuove strategie di business 4.0.<\/p>\n","protected":false},"author":10,"featured_media":0,"comment_status":"open","ping_status":"open","sticky":false,"template":"","format":"standard","meta":{"cybocfi_hide_featured_image":"","footnotes":""},"categories":[70],"tags":[55460,1826,32,3786],"class_list":["post-53634","post","type-post","status-publish","format-standard","hentry","category-medicina","tag-genetica","tag-innovazione","tag-scienza","tag-start-up"],"yoast_head":"<!-- This site is optimized with the Yoast SEO plugin v27.0 - https:\/\/yoast.com\/product\/yoast-seo-wordpress\/ -->\n<title>To Be Verona: quando \u201cstart up\u201d fa rima con innovazione e genetica - Article Marketing<\/title>\n<meta name=\"robots\" content=\"index, follow, max-snippet:-1, max-image-preview:large, max-video-preview:-1\" \/>\n<link rel=\"canonical\" href=\"https:\/\/www.article-marketing.eu\/comunicati\/salute-e-benessere\/medicina\/to-be-verona-quando-a?cstart-upa??-fa-rima-con-innovazione-e-genetica\/\" \/>\n<meta property=\"og:locale\" content=\"it_IT\" \/>\n<meta property=\"og:type\" content=\"article\" \/>\n<meta property=\"og:title\" content=\"To Be Verona: quando \u201cstart up\u201d fa rima con innovazione e genetica - Article Marketing\" \/>\n<meta property=\"og:description\" content=\"Verona \u00e8 la citt\u00e0 delle eccellenze: questo \u00e8 quanto emerge dal II\u00b0 Forum Internazionale To Be Verona, tenutosi il 28 e 29 ottobre, che ha evidenziato il ruolo di primo piano di Verona in termini di industria, finanza, infrastrutture e turismo, ha rivelato potenzialit\u00e0 inedite e competitive ancora inespresse e ha offerto spunti di riflessione su tematiche come il marketing della gentilezza, il crowdfunding e le nuove strategie di business 4.0.\" \/>\n<meta property=\"og:url\" content=\"\" \/>\n<meta property=\"og:site_name\" content=\"Article Marketing\" \/>\n<meta property=\"article:published_time\" content=\"2016-11-16T12:00:32+00:00\" \/>\n<meta name=\"author\" content=\"Redazione Comunicati Stampa\" \/>\n<meta name=\"twitter:card\" content=\"summary_large_image\" \/>\n<meta name=\"twitter:label1\" content=\"Scritto da\" \/>\n\t<meta name=\"twitter:data1\" content=\"Redazione Comunicati Stampa\" \/>\n\t<meta name=\"twitter:label2\" content=\"Tempo di lettura stimato\" \/>\n\t<meta name=\"twitter:data2\" content=\"3 minuti\" \/>\n<script type=\"application\/ld+json\" class=\"yoast-schema-graph\">{\"@context\":\"https:\/\/schema.org\",\"@graph\":[{\"@type\":\"Article\",\"@id\":\"https:\/\/www.article-marketing.eu\/comunicati\/salute-e-benessere\/medicina\/to-be-verona-quando-a%80cstart-upa%80%9d-fa-rima-con-innovazione-e-genetica\/#article\",\"isPartOf\":{\"@id\":\"https:\/\/www.article-marketing.eu\/comunicati\/salute-e-benessere\/medicina\/to-be-verona-quando-a%80cstart-upa%80%9d-fa-rima-con-innovazione-e-genetica\/\"},\"author\":{\"name\":\"Redazione Comunicati Stampa\",\"@id\":\"https:\/\/www.article-marketing.eu\/comunicati\/#\/schema\/person\/44372e4d4d0fa797b18e03ed1ace9017\"},\"headline\":\"To Be Verona: quando \u201cstart up\u201d fa rima con innovazione e genetica\",\"datePublished\":\"2016-11-16T12:00:32+00:00\",\"mainEntityOfPage\":{\"@id\":\"https:\/\/www.article-marketing.eu\/comunicati\/salute-e-benessere\/medicina\/to-be-verona-quando-a%80cstart-upa%80%9d-fa-rima-con-innovazione-e-genetica\/\"},\"wordCount\":625,\"commentCount\":0,\"keywords\":[\"genetica\",\"innovazione\",\"scienza\",\"start up\"],\"articleSection\":[\"Medicina\"],\"inLanguage\":\"it-IT\",\"potentialAction\":[{\"@type\":\"CommentAction\",\"name\":\"Comment\",\"target\":[\"https:\/\/www.article-marketing.eu\/comunicati\/salute-e-benessere\/medicina\/to-be-verona-quando-a%80cstart-upa%80%9d-fa-rima-con-innovazione-e-genetica\/#respond\"]}]},{\"@type\":\"WebPage\",\"@id\":\"https:\/\/www.article-marketing.eu\/comunicati\/salute-e-benessere\/medicina\/to-be-verona-quando-a%80cstart-upa%80%9d-fa-rima-con-innovazione-e-genetica\/\",\"url\":\"https:\/\/www.article-marketing.eu\/comunicati\/salute-e-benessere\/medicina\/to-be-verona-quando-a%80cstart-upa%80%9d-fa-rima-con-innovazione-e-genetica\/\",\"name\":\"To Be Verona: quando \u201cstart up\u201d fa rima con innovazione e genetica - Article Marketing\",\"isPartOf\":{\"@id\":\"https:\/\/www.article-marketing.eu\/comunicati\/#website\"},\"datePublished\":\"2016-11-16T12:00:32+00:00\",\"author\":{\"@id\":\"https:\/\/www.article-marketing.eu\/comunicati\/#\/schema\/person\/44372e4d4d0fa797b18e03ed1ace9017\"},\"breadcrumb\":{\"@id\":\"https:\/\/www.article-marketing.eu\/comunicati\/salute-e-benessere\/medicina\/to-be-verona-quando-a%80cstart-upa%80%9d-fa-rima-con-innovazione-e-genetica\/#breadcrumb\"},\"inLanguage\":\"it-IT\",\"potentialAction\":[{\"@type\":\"ReadAction\",\"target\":[\"https:\/\/www.article-marketing.eu\/comunicati\/salute-e-benessere\/medicina\/to-be-verona-quando-a%80cstart-upa%80%9d-fa-rima-con-innovazione-e-genetica\/\"]}]},{\"@type\":\"BreadcrumbList\",\"@id\":\"https:\/\/www.article-marketing.eu\/comunicati\/salute-e-benessere\/medicina\/to-be-verona-quando-a%80cstart-upa%80%9d-fa-rima-con-innovazione-e-genetica\/#breadcrumb\",\"itemListElement\":[{\"@type\":\"ListItem\",\"position\":1,\"name\":\"Home\",\"item\":\"https:\/\/www.article-marketing.eu\/comunicati\/\"},{\"@type\":\"ListItem\",\"position\":2,\"name\":\"To Be Verona: quando \u201cstart up\u201d fa rima con innovazione e genetica\"}]},{\"@type\":\"WebSite\",\"@id\":\"https:\/\/www.article-marketing.eu\/comunicati\/#website\",\"url\":\"https:\/\/www.article-marketing.eu\/comunicati\/\",\"name\":\"Article Marketing\",\"description\":\"article marketing &amp; press release\",\"potentialAction\":[{\"@type\":\"SearchAction\",\"target\":{\"@type\":\"EntryPoint\",\"urlTemplate\":\"https:\/\/www.article-marketing.eu\/comunicati\/?s={search_term_string}\"},\"query-input\":{\"@type\":\"PropertyValueSpecification\",\"valueRequired\":true,\"valueName\":\"search_term_string\"}}],\"inLanguage\":\"it-IT\"},{\"@type\":\"Person\",\"@id\":\"https:\/\/www.article-marketing.eu\/comunicati\/#\/schema\/person\/44372e4d4d0fa797b18e03ed1ace9017\",\"name\":\"Redazione Comunicati Stampa\",\"image\":{\"@type\":\"ImageObject\",\"inLanguage\":\"it-IT\",\"@id\":\"https:\/\/www.article-marketing.eu\/comunicati\/#\/schema\/person\/image\/\",\"url\":\"https:\/\/secure.gravatar.com\/avatar\/50e5c6421d3072f42e7ace803501602c60d75233d34e29fd05feb91c8760b792?s=96&d=mm&r=g\",\"contentUrl\":\"https:\/\/secure.gravatar.com\/avatar\/50e5c6421d3072f42e7ace803501602c60d75233d34e29fd05feb91c8760b792?s=96&d=mm&r=g\",\"caption\":\"Redazione Comunicati Stampa\"},\"url\":\"https:\/\/www.article-marketing.eu\/comunicati\/author\/redazione-comunicati-stampa\/\"}]}<\/script>\n<!-- \/ Yoast SEO plugin. -->","yoast_head_json":{"title":"To Be Verona: quando \u201cstart up\u201d fa rima con innovazione e genetica - Article Marketing","robots":{"index":"index","follow":"follow","max-snippet":"max-snippet:-1","max-image-preview":"max-image-preview:large","max-video-preview":"max-video-preview:-1"},"canonical":"https:\/\/www.article-marketing.eu\/comunicati\/salute-e-benessere\/medicina\/to-be-verona-quando-a?cstart-upa??-fa-rima-con-innovazione-e-genetica\/","og_locale":"it_IT","og_type":"article","og_title":"To Be Verona: quando \u201cstart up\u201d fa rima con innovazione e genetica - Article Marketing","og_description":"Verona \u00e8 la citt\u00e0 delle eccellenze: questo \u00e8 quanto emerge dal II\u00b0 Forum Internazionale To Be Verona, tenutosi il 28 e 29 ottobre, che ha evidenziato il ruolo di primo piano di Verona in termini di industria, finanza, infrastrutture e turismo, ha rivelato potenzialit\u00e0 inedite e competitive ancora inespresse e ha offerto spunti di riflessione su tematiche come il marketing della gentilezza, il crowdfunding e le nuove strategie di business 4.0.","og_url":"https:\/\/www.article-marketing.eu\/comunicati\/salute-e-benessere\/medicina\/to-be-verona-quando-a?cstart-upa??-fa-rima-con-innovazione-e-genetica\/","og_site_name":"Article Marketing","article_published_time":"2016-11-16T12:00:32+00:00","author":"Redazione Comunicati Stampa","twitter_card":"summary_large_image","twitter_misc":{"Scritto da":"Redazione Comunicati Stampa","Tempo di lettura stimato":"3 minuti"},"schema":{"@context":"https:\/\/schema.org","@graph":[{"@type":"Article","@id":"https:\/\/www.article-marketing.eu\/comunicati\/salute-e-benessere\/medicina\/to-be-verona-quando-a%80cstart-upa%80%9d-fa-rima-con-innovazione-e-genetica\/#article","isPartOf":{"@id":"https:\/\/www.article-marketing.eu\/comunicati\/salute-e-benessere\/medicina\/to-be-verona-quando-a%80cstart-upa%80%9d-fa-rima-con-innovazione-e-genetica\/"},"author":{"name":"Redazione Comunicati Stampa","@id":"https:\/\/www.article-marketing.eu\/comunicati\/#\/schema\/person\/44372e4d4d0fa797b18e03ed1ace9017"},"headline":"To Be Verona: quando \u201cstart up\u201d fa rima con innovazione e genetica","datePublished":"2016-11-16T12:00:32+00:00","mainEntityOfPage":{"@id":"https:\/\/www.article-marketing.eu\/comunicati\/salute-e-benessere\/medicina\/to-be-verona-quando-a%80cstart-upa%80%9d-fa-rima-con-innovazione-e-genetica\/"},"wordCount":625,"commentCount":0,"keywords":["genetica","innovazione","scienza","start up"],"articleSection":["Medicina"],"inLanguage":"it-IT","potentialAction":[{"@type":"CommentAction","name":"Comment","target":["https:\/\/www.article-marketing.eu\/comunicati\/salute-e-benessere\/medicina\/to-be-verona-quando-a%80cstart-upa%80%9d-fa-rima-con-innovazione-e-genetica\/#respond"]}]},{"@type":"WebPage","@id":"https:\/\/www.article-marketing.eu\/comunicati\/salute-e-benessere\/medicina\/to-be-verona-quando-a%80cstart-upa%80%9d-fa-rima-con-innovazione-e-genetica\/","url":"https:\/\/www.article-marketing.eu\/comunicati\/salute-e-benessere\/medicina\/to-be-verona-quando-a%80cstart-upa%80%9d-fa-rima-con-innovazione-e-genetica\/","name":"To Be Verona: quando \u201cstart up\u201d fa rima con innovazione e genetica - Article Marketing","isPartOf":{"@id":"https:\/\/www.article-marketing.eu\/comunicati\/#website"},"datePublished":"2016-11-16T12:00:32+00:00","author":{"@id":"https:\/\/www.article-marketing.eu\/comunicati\/#\/schema\/person\/44372e4d4d0fa797b18e03ed1ace9017"},"breadcrumb":{"@id":"https:\/\/www.article-marketing.eu\/comunicati\/salute-e-benessere\/medicina\/to-be-verona-quando-a%80cstart-upa%80%9d-fa-rima-con-innovazione-e-genetica\/#breadcrumb"},"inLanguage":"it-IT","potentialAction":[{"@type":"ReadAction","target":["https:\/\/www.article-marketing.eu\/comunicati\/salute-e-benessere\/medicina\/to-be-verona-quando-a%80cstart-upa%80%9d-fa-rima-con-innovazione-e-genetica\/"]}]},{"@type":"BreadcrumbList","@id":"https:\/\/www.article-marketing.eu\/comunicati\/salute-e-benessere\/medicina\/to-be-verona-quando-a%80cstart-upa%80%9d-fa-rima-con-innovazione-e-genetica\/#breadcrumb","itemListElement":[{"@type":"ListItem","position":1,"name":"Home","item":"https:\/\/www.article-marketing.eu\/comunicati\/"},{"@type":"ListItem","position":2,"name":"To Be Verona: quando \u201cstart up\u201d fa rima con innovazione e genetica"}]},{"@type":"WebSite","@id":"https:\/\/www.article-marketing.eu\/comunicati\/#website","url":"https:\/\/www.article-marketing.eu\/comunicati\/","name":"Article Marketing","description":"article marketing &amp; press release","potentialAction":[{"@type":"SearchAction","target":{"@type":"EntryPoint","urlTemplate":"https:\/\/www.article-marketing.eu\/comunicati\/?s={search_term_string}"},"query-input":{"@type":"PropertyValueSpecification","valueRequired":true,"valueName":"search_term_string"}}],"inLanguage":"it-IT"},{"@type":"Person","@id":"https:\/\/www.article-marketing.eu\/comunicati\/#\/schema\/person\/44372e4d4d0fa797b18e03ed1ace9017","name":"Redazione Comunicati Stampa","image":{"@type":"ImageObject","inLanguage":"it-IT","@id":"https:\/\/www.article-marketing.eu\/comunicati\/#\/schema\/person\/image\/","url":"https:\/\/secure.gravatar.com\/avatar\/50e5c6421d3072f42e7ace803501602c60d75233d34e29fd05feb91c8760b792?s=96&d=mm&r=g","contentUrl":"https:\/\/secure.gravatar.com\/avatar\/50e5c6421d3072f42e7ace803501602c60d75233d34e29fd05feb91c8760b792?s=96&d=mm&r=g","caption":"Redazione Comunicati Stampa"},"url":"https:\/\/www.article-marketing.eu\/comunicati\/author\/redazione-comunicati-stampa\/"}]}},"_links":{"self":[{"href":"https:\/\/www.article-marketing.eu\/comunicati\/wp-json\/wp\/v2\/posts\/53634","targetHints":{"allow":["GET"]}}],"collection":[{"href":"https:\/\/www.article-marketing.eu\/comunicati\/wp-json\/wp\/v2\/posts"}],"about":[{"href":"https:\/\/www.article-marketing.eu\/comunicati\/wp-json\/wp\/v2\/types\/post"}],"author":[{"embeddable":true,"href":"https:\/\/www.article-marketing.eu\/comunicati\/wp-json\/wp\/v2\/users\/10"}],"replies":[{"embeddable":true,"href":"https:\/\/www.article-marketing.eu\/comunicati\/wp-json\/wp\/v2\/comments?post=53634"}],"version-history":[{"count":0,"href":"https:\/\/www.article-marketing.eu\/comunicati\/wp-json\/wp\/v2\/posts\/53634\/revisions"}],"wp:attachment":[{"href":"https:\/\/www.article-marketing.eu\/comunicati\/wp-json\/wp\/v2\/media?parent=53634"}],"wp:term":[{"taxonomy":"category","embeddable":true,"href":"https:\/\/www.article-marketing.eu\/comunicati\/wp-json\/wp\/v2\/categories?post=53634"},{"taxonomy":"post_tag","embeddable":true,"href":"https:\/\/www.article-marketing.eu\/comunicati\/wp-json\/wp\/v2\/tags?post=53634"}],"curies":[{"name":"wp","href":"https:\/\/api.w.org\/{rel}","templated":true}]}}