{"id":5373,"date":"2010-06-08T19:39:35","date_gmt":"2010-06-08T17:39:35","guid":{"rendered":"http:\/\/www.article-marketing.eu\/comunicati\/senza-categoria\/corso-nazionale-per-guide-di-mountain-bike-8-11-luglio-a-moena-trento\/"},"modified":"2010-06-08T19:39:35","modified_gmt":"2010-06-08T17:39:35","slug":"corso-nazionale-per-guide-di-mountain-bike-8-11-luglio-a-moena-trento","status":"publish","type":"post","link":"https:\/\/www.article-marketing.eu\/comunicati\/comunicati-stampa\/corso-nazionale-per-guide-di-mountain-bike-8-11-luglio-a-moena-trento\/","title":{"rendered":"Corso Nazionale Per Guide di Mountain Bike 8\/11 Luglio a Moena (Trento)"},"content":{"rendered":"<p style=\"margin: 0.1pt 0cm;\">La<br \/>\nnostra Guida, al termine del Corso, sar\u00e0 in grado di condurre in tutta<br \/>\nsicurezza i propri Clienti su tutto il territorio, senza limiti e<br \/>\ncondizionamenti, la meccanica e la manutenzione della propria bici non avranno<br \/>\npi\u00f9 segreti, conoscer\u00e0 le pi\u00f9 attuali metodologie di allenamento e tutti gli<br \/>\naspetti dell\u2019alimentazione sportiva e delle sue integrazioni, la bussola e il<br \/>\nGPS diventeranno strumenti di uso comune, potr\u00e0 insegnare nelle scuole, collaborare<br \/>\ncon le strutture turistiche anche con il concreto aiuto dello Staff<br \/>\ndell\u2019Accademia.&#8232;&#8232;L\u2019Accademia Nazionale di Mountain Bike \u00e8 una struttura<br \/>\nformativa che, da circa quindici anni, rappresenta oggi la pi\u00f9 importante<br \/>\nrealt\u00e0 europea nella formazione outdoor ed \u00e8 affiliata all\u2019Associazione<br \/>\nItaliana Formatori (AIF).<\/p>\n<p>&nbsp;<\/p>\n<p style=\"margin: 0.1pt 0cm;\"><strong>Il programma del Corso.<\/strong><br \/>\nIl programma del corso presenta un\u2019attivit\u00e0 suddivisa in modo equilibrato tra<br \/>\nuscite in mountain bike e lezioni in aula. Le uscite in mountain bike,<br \/>\nintegrate con videoriprese, sono finalizzate ad aspetti specificatamente<br \/>\npratici: tecnica e posizione in sella, esercizi di guida della mountain bike,<br \/>\ninterventi meccanici di emergenza, conduzione di gruppi, esercizi di<br \/>\norientamento sul terreno anche con l\u2019utilizzo dei GPS, ecc. In aula si<br \/>\naffrontano materie quali alimentazione, tecniche di allenamento, primo<br \/>\nsoccorso, cartografia, comunicazione e marketing, organizzazione della<br \/>\nprofessione, educazione ambientale ecc.<br \/>\nIl corso, per garantire il massimo livello qualitativo, \u00e8 a numero chiuso ed \u00e8<br \/>\nlimitato a 25 partecipanti, iscriviti adesso per garantirti la partecipazione e<br \/>\npotrai inoltre usufruire di straordinarie agevolazioni e convenzioni.<\/p>\n<p>&nbsp;<\/p>\n<p style=\"margin: 0.1pt 0cm;\"><strong>Iscrizione al Corso per Guide.<\/strong><br \/>\nIl costo di partecipazione \u00e8 di 320,00 Euro. Al costo del corso dovr\u00e0 essere<br \/>\naggiunta la Quota Associativa all\u2019Accademia pari a 25,00 Euro. A tutti i<br \/>\npartecipanti verranno forniti la documentazione didattica e la copertura<br \/>\nassicurativa per l\u2019intera durata del corso. Il costo non comprende la<br \/>\nsistemazione alberghiera, \u00e8 prevista una esclusiva convenzione sia per i<br \/>\npartecipanti che per gli accompagnatori.<\/p>\n<p style=\"margin: 0.1pt 0cm;\">\n<p class=\"MsoNormal\"><a href=\"http:\/\/www.scuoladimtb.eu\/pdf\/ProgrammaCorsoGuide.pdf\">http:\/\/www.scuoladimtb.eu\/pdf\/ProgrammaCorsoGuide.pdf<\/a><\/p>\n","protected":false},"excerpt":{"rendered":"<p>Se il tuo sogno \u00e8 accompagnare turisti e guidarli verso entusiasmanti destinazioni, pianificare ed organizzare escursioni, eventi e manifestazioni, far visitare parchi e oasi naturali, svolgere attivit\u00e0 educative e formative nel mondo della scuola e delle imprese\u2026 questo \u00e8 il miglior appuntamento per te!<br \/>\nL\u2019appuntamento con il Corso Nazionale per Guide di Mountain Bike a Moena rappresenta l\u2019Edizione N.56. Una quattro giorni imperdibile, ricca di spunti tecnici, per tutti i bikers che vogliono cogliere anche l\u2019opportunit\u00e0 di far diventare la loro passione una concreta opportunit\u00e0 di lavoro. Diventare Guida di Mountain Bike consente infatti di accedere ad importanti opportunit\u00e0 occupazionali sia nel mondo del turismo che in quello del tempo libero.<\/p>\n","protected":false},"author":10,"featured_media":0,"comment_status":"open","ping_status":"open","sticky":false,"template":"","format":"standard","meta":{"cybocfi_hide_featured_image":"","footnotes":""},"categories":[190],"tags":[15074,2251,440,737,15072,4661,12992,58,1439,11,15073],"class_list":["post-5373","post","type-post","status-publish","format-standard","hentry","category-comunicati-stampa","tag-accademia-nazionale-di-mtb","tag-corso","tag-formazione","tag-guida","tag-moena","tag-mountain-bike","tag-mtb","tag-natura","tag-outdoor","tag-sport","tag-trento"],"yoast_head":"<!-- This site is optimized with the Yoast SEO plugin v27.0 - https:\/\/yoast.com\/product\/yoast-seo-wordpress\/ -->\n<title>Corso Nazionale Per Guide di Mountain Bike 8\/11 Luglio a Moena (Trento) - Article Marketing<\/title>\n<meta name=\"robots\" content=\"index, follow, max-snippet:-1, max-image-preview:large, max-video-preview:-1\" \/>\n<link rel=\"canonical\" href=\"https:\/\/www.article-marketing.eu\/comunicati\/comunicati-stampa\/corso-nazionale-per-guide-di-mountain-bike-8-11-luglio-a-moena-trento\/\" \/>\n<meta property=\"og:locale\" content=\"it_IT\" \/>\n<meta property=\"og:type\" content=\"article\" \/>\n<meta property=\"og:title\" content=\"Corso Nazionale Per Guide di Mountain Bike 8\/11 Luglio a Moena (Trento) - Article Marketing\" \/>\n<meta property=\"og:description\" content=\"Se il tuo sogno \u00e8 accompagnare turisti e guidarli verso entusiasmanti destinazioni, pianificare ed organizzare escursioni, eventi e manifestazioni, far visitare parchi e oasi naturali, svolgere attivit\u00e0 educative e formative nel mondo della scuola e delle imprese\u2026 questo \u00e8 il miglior appuntamento per te! L\u2019appuntamento con il Corso Nazionale per Guide di Mountain Bike a Moena rappresenta l\u2019Edizione N.56. Una quattro giorni imperdibile, ricca di spunti tecnici, per tutti i bikers che vogliono cogliere anche l\u2019opportunit\u00e0 di far diventare la loro passione una concreta opportunit\u00e0 di lavoro. Diventare Guida di Mountain Bike consente infatti di accedere ad importanti opportunit\u00e0 occupazionali sia nel mondo del turismo che in quello del tempo libero.\" \/>\n<meta property=\"og:url\" content=\"https:\/\/www.article-marketing.eu\/comunicati\/comunicati-stampa\/corso-nazionale-per-guide-di-mountain-bike-8-11-luglio-a-moena-trento\/\" \/>\n<meta property=\"og:site_name\" content=\"Article Marketing\" \/>\n<meta property=\"article:published_time\" content=\"2010-06-08T17:39:35+00:00\" \/>\n<meta name=\"author\" content=\"Redazione Comunicati Stampa\" \/>\n<meta name=\"twitter:card\" content=\"summary_large_image\" \/>\n<meta name=\"twitter:label1\" content=\"Scritto da\" \/>\n\t<meta name=\"twitter:data1\" content=\"Redazione Comunicati Stampa\" \/>\n\t<meta name=\"twitter:label2\" content=\"Tempo di lettura stimato\" \/>\n\t<meta name=\"twitter:data2\" content=\"2 minuti\" \/>\n<script type=\"application\/ld+json\" class=\"yoast-schema-graph\">{\"@context\":\"https:\/\/schema.org\",\"@graph\":[{\"@type\":\"Article\",\"@id\":\"https:\/\/www.article-marketing.eu\/comunicati\/comunicati-stampa\/corso-nazionale-per-guide-di-mountain-bike-8-11-luglio-a-moena-trento\/#article\",\"isPartOf\":{\"@id\":\"https:\/\/www.article-marketing.eu\/comunicati\/comunicati-stampa\/corso-nazionale-per-guide-di-mountain-bike-8-11-luglio-a-moena-trento\/\"},\"author\":{\"name\":\"Redazione Comunicati Stampa\",\"@id\":\"https:\/\/www.article-marketing.eu\/comunicati\/#\/schema\/person\/44372e4d4d0fa797b18e03ed1ace9017\"},\"headline\":\"Corso Nazionale Per Guide di Mountain Bike 8\/11 Luglio a Moena (Trento)\",\"datePublished\":\"2010-06-08T17:39:35+00:00\",\"mainEntityOfPage\":{\"@id\":\"https:\/\/www.article-marketing.eu\/comunicati\/comunicati-stampa\/corso-nazionale-per-guide-di-mountain-bike-8-11-luglio-a-moena-trento\/\"},\"wordCount\":319,\"commentCount\":0,\"keywords\":[\"Accademia Nazionale di MTB\",\"corso\",\"formazione\",\"guida\",\"Moena\",\"Mountain bike\",\"MTB\",\"natura\",\"outdoor\",\"sport\",\"Trento\"],\"articleSection\":[\"Comunicati stampa\"],\"inLanguage\":\"it-IT\",\"potentialAction\":[{\"@type\":\"CommentAction\",\"name\":\"Comment\",\"target\":[\"https:\/\/www.article-marketing.eu\/comunicati\/comunicati-stampa\/corso-nazionale-per-guide-di-mountain-bike-8-11-luglio-a-moena-trento\/#respond\"]}]},{\"@type\":\"WebPage\",\"@id\":\"https:\/\/www.article-marketing.eu\/comunicati\/comunicati-stampa\/corso-nazionale-per-guide-di-mountain-bike-8-11-luglio-a-moena-trento\/\",\"url\":\"https:\/\/www.article-marketing.eu\/comunicati\/comunicati-stampa\/corso-nazionale-per-guide-di-mountain-bike-8-11-luglio-a-moena-trento\/\",\"name\":\"Corso Nazionale Per Guide di Mountain Bike 8\/11 Luglio a Moena (Trento) - Article Marketing\",\"isPartOf\":{\"@id\":\"https:\/\/www.article-marketing.eu\/comunicati\/#website\"},\"datePublished\":\"2010-06-08T17:39:35+00:00\",\"author\":{\"@id\":\"https:\/\/www.article-marketing.eu\/comunicati\/#\/schema\/person\/44372e4d4d0fa797b18e03ed1ace9017\"},\"breadcrumb\":{\"@id\":\"https:\/\/www.article-marketing.eu\/comunicati\/comunicati-stampa\/corso-nazionale-per-guide-di-mountain-bike-8-11-luglio-a-moena-trento\/#breadcrumb\"},\"inLanguage\":\"it-IT\",\"potentialAction\":[{\"@type\":\"ReadAction\",\"target\":[\"https:\/\/www.article-marketing.eu\/comunicati\/comunicati-stampa\/corso-nazionale-per-guide-di-mountain-bike-8-11-luglio-a-moena-trento\/\"]}]},{\"@type\":\"BreadcrumbList\",\"@id\":\"https:\/\/www.article-marketing.eu\/comunicati\/comunicati-stampa\/corso-nazionale-per-guide-di-mountain-bike-8-11-luglio-a-moena-trento\/#breadcrumb\",\"itemListElement\":[{\"@type\":\"ListItem\",\"position\":1,\"name\":\"Home\",\"item\":\"https:\/\/www.article-marketing.eu\/comunicati\/\"},{\"@type\":\"ListItem\",\"position\":2,\"name\":\"Corso Nazionale Per Guide di Mountain Bike 8\/11 Luglio a Moena (Trento)\"}]},{\"@type\":\"WebSite\",\"@id\":\"https:\/\/www.article-marketing.eu\/comunicati\/#website\",\"url\":\"https:\/\/www.article-marketing.eu\/comunicati\/\",\"name\":\"Article Marketing\",\"description\":\"article marketing &amp; press release\",\"potentialAction\":[{\"@type\":\"SearchAction\",\"target\":{\"@type\":\"EntryPoint\",\"urlTemplate\":\"https:\/\/www.article-marketing.eu\/comunicati\/?s={search_term_string}\"},\"query-input\":{\"@type\":\"PropertyValueSpecification\",\"valueRequired\":true,\"valueName\":\"search_term_string\"}}],\"inLanguage\":\"it-IT\"},{\"@type\":\"Person\",\"@id\":\"https:\/\/www.article-marketing.eu\/comunicati\/#\/schema\/person\/44372e4d4d0fa797b18e03ed1ace9017\",\"name\":\"Redazione Comunicati Stampa\",\"image\":{\"@type\":\"ImageObject\",\"inLanguage\":\"it-IT\",\"@id\":\"https:\/\/www.article-marketing.eu\/comunicati\/#\/schema\/person\/image\/\",\"url\":\"https:\/\/secure.gravatar.com\/avatar\/50e5c6421d3072f42e7ace803501602c60d75233d34e29fd05feb91c8760b792?s=96&d=mm&r=g\",\"contentUrl\":\"https:\/\/secure.gravatar.com\/avatar\/50e5c6421d3072f42e7ace803501602c60d75233d34e29fd05feb91c8760b792?s=96&d=mm&r=g\",\"caption\":\"Redazione Comunicati Stampa\"},\"url\":\"https:\/\/www.article-marketing.eu\/comunicati\/author\/redazione-comunicati-stampa\/\"}]}<\/script>\n<!-- \/ Yoast SEO plugin. -->","yoast_head_json":{"title":"Corso Nazionale Per Guide di Mountain Bike 8\/11 Luglio a Moena (Trento) - Article Marketing","robots":{"index":"index","follow":"follow","max-snippet":"max-snippet:-1","max-image-preview":"max-image-preview:large","max-video-preview":"max-video-preview:-1"},"canonical":"https:\/\/www.article-marketing.eu\/comunicati\/comunicati-stampa\/corso-nazionale-per-guide-di-mountain-bike-8-11-luglio-a-moena-trento\/","og_locale":"it_IT","og_type":"article","og_title":"Corso Nazionale Per Guide di Mountain Bike 8\/11 Luglio a Moena (Trento) - Article Marketing","og_description":"Se il tuo sogno \u00e8 accompagnare turisti e guidarli verso entusiasmanti destinazioni, pianificare ed organizzare escursioni, eventi e manifestazioni, far visitare parchi e oasi naturali, svolgere attivit\u00e0 educative e formative nel mondo della scuola e delle imprese\u2026 questo \u00e8 il miglior appuntamento per te! L\u2019appuntamento con il Corso Nazionale per Guide di Mountain Bike a Moena rappresenta l\u2019Edizione N.56. Una quattro giorni imperdibile, ricca di spunti tecnici, per tutti i bikers che vogliono cogliere anche l\u2019opportunit\u00e0 di far diventare la loro passione una concreta opportunit\u00e0 di lavoro. Diventare Guida di Mountain Bike consente infatti di accedere ad importanti opportunit\u00e0 occupazionali sia nel mondo del turismo che in quello del tempo libero.","og_url":"https:\/\/www.article-marketing.eu\/comunicati\/comunicati-stampa\/corso-nazionale-per-guide-di-mountain-bike-8-11-luglio-a-moena-trento\/","og_site_name":"Article Marketing","article_published_time":"2010-06-08T17:39:35+00:00","author":"Redazione Comunicati Stampa","twitter_card":"summary_large_image","twitter_misc":{"Scritto da":"Redazione Comunicati Stampa","Tempo di lettura stimato":"2 minuti"},"schema":{"@context":"https:\/\/schema.org","@graph":[{"@type":"Article","@id":"https:\/\/www.article-marketing.eu\/comunicati\/comunicati-stampa\/corso-nazionale-per-guide-di-mountain-bike-8-11-luglio-a-moena-trento\/#article","isPartOf":{"@id":"https:\/\/www.article-marketing.eu\/comunicati\/comunicati-stampa\/corso-nazionale-per-guide-di-mountain-bike-8-11-luglio-a-moena-trento\/"},"author":{"name":"Redazione Comunicati Stampa","@id":"https:\/\/www.article-marketing.eu\/comunicati\/#\/schema\/person\/44372e4d4d0fa797b18e03ed1ace9017"},"headline":"Corso Nazionale Per Guide di Mountain Bike 8\/11 Luglio a Moena (Trento)","datePublished":"2010-06-08T17:39:35+00:00","mainEntityOfPage":{"@id":"https:\/\/www.article-marketing.eu\/comunicati\/comunicati-stampa\/corso-nazionale-per-guide-di-mountain-bike-8-11-luglio-a-moena-trento\/"},"wordCount":319,"commentCount":0,"keywords":["Accademia Nazionale di MTB","corso","formazione","guida","Moena","Mountain bike","MTB","natura","outdoor","sport","Trento"],"articleSection":["Comunicati stampa"],"inLanguage":"it-IT","potentialAction":[{"@type":"CommentAction","name":"Comment","target":["https:\/\/www.article-marketing.eu\/comunicati\/comunicati-stampa\/corso-nazionale-per-guide-di-mountain-bike-8-11-luglio-a-moena-trento\/#respond"]}]},{"@type":"WebPage","@id":"https:\/\/www.article-marketing.eu\/comunicati\/comunicati-stampa\/corso-nazionale-per-guide-di-mountain-bike-8-11-luglio-a-moena-trento\/","url":"https:\/\/www.article-marketing.eu\/comunicati\/comunicati-stampa\/corso-nazionale-per-guide-di-mountain-bike-8-11-luglio-a-moena-trento\/","name":"Corso Nazionale Per Guide di Mountain Bike 8\/11 Luglio a Moena (Trento) - Article Marketing","isPartOf":{"@id":"https:\/\/www.article-marketing.eu\/comunicati\/#website"},"datePublished":"2010-06-08T17:39:35+00:00","author":{"@id":"https:\/\/www.article-marketing.eu\/comunicati\/#\/schema\/person\/44372e4d4d0fa797b18e03ed1ace9017"},"breadcrumb":{"@id":"https:\/\/www.article-marketing.eu\/comunicati\/comunicati-stampa\/corso-nazionale-per-guide-di-mountain-bike-8-11-luglio-a-moena-trento\/#breadcrumb"},"inLanguage":"it-IT","potentialAction":[{"@type":"ReadAction","target":["https:\/\/www.article-marketing.eu\/comunicati\/comunicati-stampa\/corso-nazionale-per-guide-di-mountain-bike-8-11-luglio-a-moena-trento\/"]}]},{"@type":"BreadcrumbList","@id":"https:\/\/www.article-marketing.eu\/comunicati\/comunicati-stampa\/corso-nazionale-per-guide-di-mountain-bike-8-11-luglio-a-moena-trento\/#breadcrumb","itemListElement":[{"@type":"ListItem","position":1,"name":"Home","item":"https:\/\/www.article-marketing.eu\/comunicati\/"},{"@type":"ListItem","position":2,"name":"Corso Nazionale Per Guide di Mountain Bike 8\/11 Luglio a Moena (Trento)"}]},{"@type":"WebSite","@id":"https:\/\/www.article-marketing.eu\/comunicati\/#website","url":"https:\/\/www.article-marketing.eu\/comunicati\/","name":"Article Marketing","description":"article marketing &amp; press release","potentialAction":[{"@type":"SearchAction","target":{"@type":"EntryPoint","urlTemplate":"https:\/\/www.article-marketing.eu\/comunicati\/?s={search_term_string}"},"query-input":{"@type":"PropertyValueSpecification","valueRequired":true,"valueName":"search_term_string"}}],"inLanguage":"it-IT"},{"@type":"Person","@id":"https:\/\/www.article-marketing.eu\/comunicati\/#\/schema\/person\/44372e4d4d0fa797b18e03ed1ace9017","name":"Redazione Comunicati Stampa","image":{"@type":"ImageObject","inLanguage":"it-IT","@id":"https:\/\/www.article-marketing.eu\/comunicati\/#\/schema\/person\/image\/","url":"https:\/\/secure.gravatar.com\/avatar\/50e5c6421d3072f42e7ace803501602c60d75233d34e29fd05feb91c8760b792?s=96&d=mm&r=g","contentUrl":"https:\/\/secure.gravatar.com\/avatar\/50e5c6421d3072f42e7ace803501602c60d75233d34e29fd05feb91c8760b792?s=96&d=mm&r=g","caption":"Redazione Comunicati Stampa"},"url":"https:\/\/www.article-marketing.eu\/comunicati\/author\/redazione-comunicati-stampa\/"}]}},"_links":{"self":[{"href":"https:\/\/www.article-marketing.eu\/comunicati\/wp-json\/wp\/v2\/posts\/5373","targetHints":{"allow":["GET"]}}],"collection":[{"href":"https:\/\/www.article-marketing.eu\/comunicati\/wp-json\/wp\/v2\/posts"}],"about":[{"href":"https:\/\/www.article-marketing.eu\/comunicati\/wp-json\/wp\/v2\/types\/post"}],"author":[{"embeddable":true,"href":"https:\/\/www.article-marketing.eu\/comunicati\/wp-json\/wp\/v2\/users\/10"}],"replies":[{"embeddable":true,"href":"https:\/\/www.article-marketing.eu\/comunicati\/wp-json\/wp\/v2\/comments?post=5373"}],"version-history":[{"count":0,"href":"https:\/\/www.article-marketing.eu\/comunicati\/wp-json\/wp\/v2\/posts\/5373\/revisions"}],"wp:attachment":[{"href":"https:\/\/www.article-marketing.eu\/comunicati\/wp-json\/wp\/v2\/media?parent=5373"}],"wp:term":[{"taxonomy":"category","embeddable":true,"href":"https:\/\/www.article-marketing.eu\/comunicati\/wp-json\/wp\/v2\/categories?post=5373"},{"taxonomy":"post_tag","embeddable":true,"href":"https:\/\/www.article-marketing.eu\/comunicati\/wp-json\/wp\/v2\/tags?post=5373"}],"curies":[{"name":"wp","href":"https:\/\/api.w.org\/{rel}","templated":true}]}}