{"id":5374,"date":"2010-06-08T21:27:49","date_gmt":"2010-06-08T19:27:49","guid":{"rendered":"http:\/\/www.article-marketing.eu\/comunicati\/senza-categoria\/le-bellezze-di-rimini-il-tempio-malatestiano\/"},"modified":"2010-06-08T21:27:49","modified_gmt":"2010-06-08T19:27:49","slug":"le-bellezze-di-rimini-il-tempio-malatestiano","status":"publish","type":"post","link":"https:\/\/www.article-marketing.eu\/comunicati\/viaggi-e-vacanze\/hotels-ed-alberghi\/le-bellezze-di-rimini-il-tempio-malatestiano\/","title":{"rendered":"Le bellezze di Rimini: il Tempio Malatestiano"},"content":{"rendered":"<p>Le bellezze naturali e paesaggistiche, abbinate ad hotel di lusso e stabilimenti balneari che quotidianamente danno il meglio di loro, non sono novit\u00e0 poi cos\u00ec rivoluzionarie riguardanti la riviera romagnola, e localit\u00e0 come le varie Riccione, Rimini e simili. Stiamo parlando, infatti, di \u2018dati\u2019 abbastanza noti alle migliaia di turisti che ogni anno scelgono i 110 chilometri di costa romagnola come meta delle loro vacanze.<br \/>\nInteressante pu\u00f2 essere, per\u00f2, soffermarsi sulle bellezze di carattere culturale di quest\u2019area del Belpaese: chiese, monumenti, edifici storici e luoghi dove si vive in maniera forte la tradizione e la storia di localit\u00e0 che, come Rimini, anche nell\u2019antichit\u00e0 hanno rappresentato punti-cardine nella penisola italiana.<br \/>\nProprio a Rimini, un esempio classico e calzante inerente i concetti che stiamo esprimendo sopra, \u00e8 il famoso Tempio Malatestiano, ufficialmente denominato come la Cattedrale di Santa Colomba, e usualmente indicato dai cittadini come il Duomo. L\u2019erezione del tempio in quell\u2019area risale al IX secolo, con una costruzione che venne comunque sostituita qualche secolo pi\u00f9 tardi da una cattedrale di stile gotico, intitolata a San Francesco. Tra il Duecento e Trecento furono aggiunte due nuove cappelle sul lato sud. Parte dei marmi per il lavori furono presi da rovine romane in Sant&#8217;Apollinare in Classe e da Fano. La chiesa, nonostante le dimensioni relativamente modeste, venne scelta come luogo di sepoltura della famiglia Malatesta, venendo arricchita da altari e opere d&#8217;arte, alle quali fu chiamato a contribuire anche Giotto.<br \/>\nA danneggiare in maniera significativa il Tempio fu la Seconda Guerra Mondiale. La zona absidale, insieme a buona parte della copertura, fu distrutta e ricostruita in forme semplificate con l&#8217;esterno in mattoni a vista e l&#8217;interno in semplice e disadorno intonaco bianco. Solo recentemente l&#8217;altare maggiore \u00e8 stato arricchito da un celebre crocifisso di Giotto.<br \/>\nAnche internamente il Duomo riminese presenta particolari davvero ricchi di fascino, che passano per rilievi allegorici e narrativi. I temi sono soprattutto profani e intrecciano complesse allegorie decise probabilmente dal Sigismondo Malatesta.<br \/>\nUn\u2019esperienza unica, quindi, visitare Rimini, il suo Tempio Malatestiano, ed abbinare questa visita ad una vacanza sulla splendida e spensierata spiaggia cittadina. Questo \u00e8 possibile individuando anche l\u2019<a href=\"http:\/\/www.guidahotel.com\/\">Hotel Rimini<\/a> ideale, scegliendolo all\u2019interno del ricco database di GuidaHotel, un portale creato per offrire, appunto, un\u2019occasione di confronto in fatto di alberghi e residence situati lungo la riviera romagnola. E\u2019 possibile anche consultare la sezione degli Hotel consigliati a Rimini, grazie alla quale scegliere diviene estremamente semplice scegliere, e correre in Romagna per una vacanza. Insomma, com&#8217;\u00e8 possibile notare, \u00e8 particolarmente semplice raggiungere la costa romagnola, alloggiarvi, e decidere di partire per un itinerario che non comprenda solamente il bellissimo mare e le spiagge assolate di questa zona, bens\u00ec anche i tanti luoghi di cultura di cui essa stessa \u00e8 ricca.<\/p>\n","protected":false},"excerpt":{"rendered":"<p>Il Tempio Malatestiano \u00e8 solo una delle splendide attrattive culturali presenti a Rimini: vediamone le caratteristiche.<\/p>\n","protected":false},"author":10,"featured_media":0,"comment_status":"open","ping_status":"open","sticky":false,"template":"","format":"standard","meta":{"cybocfi_hide_featured_image":"","footnotes":""},"categories":[151],"tags":[1950],"class_list":["post-5374","post","type-post","status-publish","format-standard","hentry","category-hotels-ed-alberghi","tag-hotel-rimini"],"yoast_head":"<!-- This site is optimized with the Yoast SEO plugin v27.0 - https:\/\/yoast.com\/product\/yoast-seo-wordpress\/ -->\n<title>Le bellezze di Rimini: il Tempio Malatestiano - Article Marketing<\/title>\n<meta name=\"robots\" content=\"index, follow, max-snippet:-1, max-image-preview:large, max-video-preview:-1\" \/>\n<link rel=\"canonical\" href=\"https:\/\/www.article-marketing.eu\/comunicati\/viaggi-e-vacanze\/hotels-ed-alberghi\/le-bellezze-di-rimini-il-tempio-malatestiano\/\" \/>\n<meta property=\"og:locale\" content=\"it_IT\" \/>\n<meta property=\"og:type\" content=\"article\" \/>\n<meta property=\"og:title\" content=\"Le bellezze di Rimini: il Tempio Malatestiano - Article Marketing\" \/>\n<meta property=\"og:description\" content=\"Il Tempio Malatestiano \u00e8 solo una delle splendide attrattive culturali presenti a Rimini: vediamone le caratteristiche.\" \/>\n<meta property=\"og:url\" content=\"https:\/\/www.article-marketing.eu\/comunicati\/viaggi-e-vacanze\/hotels-ed-alberghi\/le-bellezze-di-rimini-il-tempio-malatestiano\/\" \/>\n<meta property=\"og:site_name\" content=\"Article Marketing\" \/>\n<meta property=\"article:published_time\" content=\"2010-06-08T19:27:49+00:00\" \/>\n<meta name=\"author\" content=\"Redazione Comunicati Stampa\" \/>\n<meta name=\"twitter:card\" content=\"summary_large_image\" \/>\n<meta name=\"twitter:label1\" content=\"Scritto da\" \/>\n\t<meta name=\"twitter:data1\" content=\"Redazione Comunicati Stampa\" \/>\n\t<meta name=\"twitter:label2\" content=\"Tempo di lettura stimato\" \/>\n\t<meta name=\"twitter:data2\" content=\"2 minuti\" \/>\n<script type=\"application\/ld+json\" class=\"yoast-schema-graph\">{\"@context\":\"https:\/\/schema.org\",\"@graph\":[{\"@type\":\"Article\",\"@id\":\"https:\/\/www.article-marketing.eu\/comunicati\/viaggi-e-vacanze\/hotels-ed-alberghi\/le-bellezze-di-rimini-il-tempio-malatestiano\/#article\",\"isPartOf\":{\"@id\":\"https:\/\/www.article-marketing.eu\/comunicati\/viaggi-e-vacanze\/hotels-ed-alberghi\/le-bellezze-di-rimini-il-tempio-malatestiano\/\"},\"author\":{\"name\":\"Redazione Comunicati Stampa\",\"@id\":\"https:\/\/www.article-marketing.eu\/comunicati\/#\/schema\/person\/44372e4d4d0fa797b18e03ed1ace9017\"},\"headline\":\"Le bellezze di Rimini: il Tempio Malatestiano\",\"datePublished\":\"2010-06-08T19:27:49+00:00\",\"mainEntityOfPage\":{\"@id\":\"https:\/\/www.article-marketing.eu\/comunicati\/viaggi-e-vacanze\/hotels-ed-alberghi\/le-bellezze-di-rimini-il-tempio-malatestiano\/\"},\"wordCount\":462,\"commentCount\":0,\"keywords\":[\"hotel rimini\"],\"articleSection\":[\"Hotels ed alberghi\"],\"inLanguage\":\"it-IT\",\"potentialAction\":[{\"@type\":\"CommentAction\",\"name\":\"Comment\",\"target\":[\"https:\/\/www.article-marketing.eu\/comunicati\/viaggi-e-vacanze\/hotels-ed-alberghi\/le-bellezze-di-rimini-il-tempio-malatestiano\/#respond\"]}]},{\"@type\":\"WebPage\",\"@id\":\"https:\/\/www.article-marketing.eu\/comunicati\/viaggi-e-vacanze\/hotels-ed-alberghi\/le-bellezze-di-rimini-il-tempio-malatestiano\/\",\"url\":\"https:\/\/www.article-marketing.eu\/comunicati\/viaggi-e-vacanze\/hotels-ed-alberghi\/le-bellezze-di-rimini-il-tempio-malatestiano\/\",\"name\":\"Le bellezze di Rimini: il Tempio Malatestiano - Article Marketing\",\"isPartOf\":{\"@id\":\"https:\/\/www.article-marketing.eu\/comunicati\/#website\"},\"datePublished\":\"2010-06-08T19:27:49+00:00\",\"author\":{\"@id\":\"https:\/\/www.article-marketing.eu\/comunicati\/#\/schema\/person\/44372e4d4d0fa797b18e03ed1ace9017\"},\"breadcrumb\":{\"@id\":\"https:\/\/www.article-marketing.eu\/comunicati\/viaggi-e-vacanze\/hotels-ed-alberghi\/le-bellezze-di-rimini-il-tempio-malatestiano\/#breadcrumb\"},\"inLanguage\":\"it-IT\",\"potentialAction\":[{\"@type\":\"ReadAction\",\"target\":[\"https:\/\/www.article-marketing.eu\/comunicati\/viaggi-e-vacanze\/hotels-ed-alberghi\/le-bellezze-di-rimini-il-tempio-malatestiano\/\"]}]},{\"@type\":\"BreadcrumbList\",\"@id\":\"https:\/\/www.article-marketing.eu\/comunicati\/viaggi-e-vacanze\/hotels-ed-alberghi\/le-bellezze-di-rimini-il-tempio-malatestiano\/#breadcrumb\",\"itemListElement\":[{\"@type\":\"ListItem\",\"position\":1,\"name\":\"Home\",\"item\":\"https:\/\/www.article-marketing.eu\/comunicati\/\"},{\"@type\":\"ListItem\",\"position\":2,\"name\":\"Le bellezze di Rimini: il Tempio Malatestiano\"}]},{\"@type\":\"WebSite\",\"@id\":\"https:\/\/www.article-marketing.eu\/comunicati\/#website\",\"url\":\"https:\/\/www.article-marketing.eu\/comunicati\/\",\"name\":\"Article Marketing\",\"description\":\"article marketing &amp; press release\",\"potentialAction\":[{\"@type\":\"SearchAction\",\"target\":{\"@type\":\"EntryPoint\",\"urlTemplate\":\"https:\/\/www.article-marketing.eu\/comunicati\/?s={search_term_string}\"},\"query-input\":{\"@type\":\"PropertyValueSpecification\",\"valueRequired\":true,\"valueName\":\"search_term_string\"}}],\"inLanguage\":\"it-IT\"},{\"@type\":\"Person\",\"@id\":\"https:\/\/www.article-marketing.eu\/comunicati\/#\/schema\/person\/44372e4d4d0fa797b18e03ed1ace9017\",\"name\":\"Redazione Comunicati Stampa\",\"image\":{\"@type\":\"ImageObject\",\"inLanguage\":\"it-IT\",\"@id\":\"https:\/\/www.article-marketing.eu\/comunicati\/#\/schema\/person\/image\/\",\"url\":\"https:\/\/secure.gravatar.com\/avatar\/50e5c6421d3072f42e7ace803501602c60d75233d34e29fd05feb91c8760b792?s=96&d=mm&r=g\",\"contentUrl\":\"https:\/\/secure.gravatar.com\/avatar\/50e5c6421d3072f42e7ace803501602c60d75233d34e29fd05feb91c8760b792?s=96&d=mm&r=g\",\"caption\":\"Redazione Comunicati Stampa\"},\"url\":\"https:\/\/www.article-marketing.eu\/comunicati\/author\/redazione-comunicati-stampa\/\"}]}<\/script>\n<!-- \/ Yoast SEO plugin. -->","yoast_head_json":{"title":"Le bellezze di Rimini: il Tempio Malatestiano - Article Marketing","robots":{"index":"index","follow":"follow","max-snippet":"max-snippet:-1","max-image-preview":"max-image-preview:large","max-video-preview":"max-video-preview:-1"},"canonical":"https:\/\/www.article-marketing.eu\/comunicati\/viaggi-e-vacanze\/hotels-ed-alberghi\/le-bellezze-di-rimini-il-tempio-malatestiano\/","og_locale":"it_IT","og_type":"article","og_title":"Le bellezze di Rimini: il Tempio Malatestiano - Article Marketing","og_description":"Il Tempio Malatestiano \u00e8 solo una delle splendide attrattive culturali presenti a Rimini: vediamone le caratteristiche.","og_url":"https:\/\/www.article-marketing.eu\/comunicati\/viaggi-e-vacanze\/hotels-ed-alberghi\/le-bellezze-di-rimini-il-tempio-malatestiano\/","og_site_name":"Article Marketing","article_published_time":"2010-06-08T19:27:49+00:00","author":"Redazione Comunicati Stampa","twitter_card":"summary_large_image","twitter_misc":{"Scritto da":"Redazione Comunicati Stampa","Tempo di lettura stimato":"2 minuti"},"schema":{"@context":"https:\/\/schema.org","@graph":[{"@type":"Article","@id":"https:\/\/www.article-marketing.eu\/comunicati\/viaggi-e-vacanze\/hotels-ed-alberghi\/le-bellezze-di-rimini-il-tempio-malatestiano\/#article","isPartOf":{"@id":"https:\/\/www.article-marketing.eu\/comunicati\/viaggi-e-vacanze\/hotels-ed-alberghi\/le-bellezze-di-rimini-il-tempio-malatestiano\/"},"author":{"name":"Redazione Comunicati Stampa","@id":"https:\/\/www.article-marketing.eu\/comunicati\/#\/schema\/person\/44372e4d4d0fa797b18e03ed1ace9017"},"headline":"Le bellezze di Rimini: il Tempio Malatestiano","datePublished":"2010-06-08T19:27:49+00:00","mainEntityOfPage":{"@id":"https:\/\/www.article-marketing.eu\/comunicati\/viaggi-e-vacanze\/hotels-ed-alberghi\/le-bellezze-di-rimini-il-tempio-malatestiano\/"},"wordCount":462,"commentCount":0,"keywords":["hotel rimini"],"articleSection":["Hotels ed alberghi"],"inLanguage":"it-IT","potentialAction":[{"@type":"CommentAction","name":"Comment","target":["https:\/\/www.article-marketing.eu\/comunicati\/viaggi-e-vacanze\/hotels-ed-alberghi\/le-bellezze-di-rimini-il-tempio-malatestiano\/#respond"]}]},{"@type":"WebPage","@id":"https:\/\/www.article-marketing.eu\/comunicati\/viaggi-e-vacanze\/hotels-ed-alberghi\/le-bellezze-di-rimini-il-tempio-malatestiano\/","url":"https:\/\/www.article-marketing.eu\/comunicati\/viaggi-e-vacanze\/hotels-ed-alberghi\/le-bellezze-di-rimini-il-tempio-malatestiano\/","name":"Le bellezze di Rimini: il Tempio Malatestiano - Article Marketing","isPartOf":{"@id":"https:\/\/www.article-marketing.eu\/comunicati\/#website"},"datePublished":"2010-06-08T19:27:49+00:00","author":{"@id":"https:\/\/www.article-marketing.eu\/comunicati\/#\/schema\/person\/44372e4d4d0fa797b18e03ed1ace9017"},"breadcrumb":{"@id":"https:\/\/www.article-marketing.eu\/comunicati\/viaggi-e-vacanze\/hotels-ed-alberghi\/le-bellezze-di-rimini-il-tempio-malatestiano\/#breadcrumb"},"inLanguage":"it-IT","potentialAction":[{"@type":"ReadAction","target":["https:\/\/www.article-marketing.eu\/comunicati\/viaggi-e-vacanze\/hotels-ed-alberghi\/le-bellezze-di-rimini-il-tempio-malatestiano\/"]}]},{"@type":"BreadcrumbList","@id":"https:\/\/www.article-marketing.eu\/comunicati\/viaggi-e-vacanze\/hotels-ed-alberghi\/le-bellezze-di-rimini-il-tempio-malatestiano\/#breadcrumb","itemListElement":[{"@type":"ListItem","position":1,"name":"Home","item":"https:\/\/www.article-marketing.eu\/comunicati\/"},{"@type":"ListItem","position":2,"name":"Le bellezze di Rimini: il Tempio Malatestiano"}]},{"@type":"WebSite","@id":"https:\/\/www.article-marketing.eu\/comunicati\/#website","url":"https:\/\/www.article-marketing.eu\/comunicati\/","name":"Article Marketing","description":"article marketing &amp; press release","potentialAction":[{"@type":"SearchAction","target":{"@type":"EntryPoint","urlTemplate":"https:\/\/www.article-marketing.eu\/comunicati\/?s={search_term_string}"},"query-input":{"@type":"PropertyValueSpecification","valueRequired":true,"valueName":"search_term_string"}}],"inLanguage":"it-IT"},{"@type":"Person","@id":"https:\/\/www.article-marketing.eu\/comunicati\/#\/schema\/person\/44372e4d4d0fa797b18e03ed1ace9017","name":"Redazione Comunicati Stampa","image":{"@type":"ImageObject","inLanguage":"it-IT","@id":"https:\/\/www.article-marketing.eu\/comunicati\/#\/schema\/person\/image\/","url":"https:\/\/secure.gravatar.com\/avatar\/50e5c6421d3072f42e7ace803501602c60d75233d34e29fd05feb91c8760b792?s=96&d=mm&r=g","contentUrl":"https:\/\/secure.gravatar.com\/avatar\/50e5c6421d3072f42e7ace803501602c60d75233d34e29fd05feb91c8760b792?s=96&d=mm&r=g","caption":"Redazione Comunicati Stampa"},"url":"https:\/\/www.article-marketing.eu\/comunicati\/author\/redazione-comunicati-stampa\/"}]}},"_links":{"self":[{"href":"https:\/\/www.article-marketing.eu\/comunicati\/wp-json\/wp\/v2\/posts\/5374","targetHints":{"allow":["GET"]}}],"collection":[{"href":"https:\/\/www.article-marketing.eu\/comunicati\/wp-json\/wp\/v2\/posts"}],"about":[{"href":"https:\/\/www.article-marketing.eu\/comunicati\/wp-json\/wp\/v2\/types\/post"}],"author":[{"embeddable":true,"href":"https:\/\/www.article-marketing.eu\/comunicati\/wp-json\/wp\/v2\/users\/10"}],"replies":[{"embeddable":true,"href":"https:\/\/www.article-marketing.eu\/comunicati\/wp-json\/wp\/v2\/comments?post=5374"}],"version-history":[{"count":0,"href":"https:\/\/www.article-marketing.eu\/comunicati\/wp-json\/wp\/v2\/posts\/5374\/revisions"}],"wp:attachment":[{"href":"https:\/\/www.article-marketing.eu\/comunicati\/wp-json\/wp\/v2\/media?parent=5374"}],"wp:term":[{"taxonomy":"category","embeddable":true,"href":"https:\/\/www.article-marketing.eu\/comunicati\/wp-json\/wp\/v2\/categories?post=5374"},{"taxonomy":"post_tag","embeddable":true,"href":"https:\/\/www.article-marketing.eu\/comunicati\/wp-json\/wp\/v2\/tags?post=5374"}],"curies":[{"name":"wp","href":"https:\/\/api.w.org\/{rel}","templated":true}]}}