{"id":53812,"date":"2016-12-01T10:23:34","date_gmt":"2016-12-01T09:23:34","guid":{"rendered":"http:\/\/www.article-marketing.eu\/comunicati\/senza-categoria\/capodanno-bologna-come-scegliere-dove-trascorrere-lultimo-dellanno\/"},"modified":"2016-12-01T10:23:34","modified_gmt":"2016-12-01T09:23:34","slug":"capodanno-bologna-come-scegliere-dove-trascorrere-lultimo-dellanno","status":"publish","type":"post","link":"https:\/\/www.article-marketing.eu\/comunicati\/comunicati-stampa\/eventi\/capodanno-bologna-come-scegliere-dove-trascorrere-lultimo-dellanno\/","title":{"rendered":"Capodanno Bologna: come scegliere dove trascorrere l&#8217;ultimo dell&#8217;anno?"},"content":{"rendered":"<p>Capodanno sembra lontano ma non ridurti all&#8217;ultimo secondo per scegliere dove trascorrere la festa pi&ugrave; divertente dell&#8217;anno con il miraggio di chiss&agrave; quale offerta last minute per poi ritrovarti escluso dai locali di tendenza! La gaudente Bologna offrir&agrave;, come ogni anno, feste esclusive, offerte ammiccanti e non sar&agrave; semplice selezionare una festa realmente super, dove, per una volta, i tuoi soldi saranno ben spesi, senza strane sorprese che ti faranno iniziare il nuovo anno con il piede sbagliato. Per <a href=\"http:\/\/www.capodanno.bologna.it\">Capodanno a Bologna<\/a> non si pu&ograve; sbagliare e non si deve sbagliare, bisogna scegliere il meglio.<br \/><strong>Qub&ograve;<\/strong> &egrave; una certezza, a pochi passi da Piazza Maggiore (vicolo Sampieri), in un incantevole palazzo storico (<strong>ex palazzo Pepoli<\/strong>). Le proposte offerte sono veramente interessanti per tutti i gusti e le tasche:<br \/>potrai goderti un cenone di gala in uno dei posti pi&ugrave; prestigiosi di Bologna, a seguire ballare tutto il nuovo anno fino a mattina e fermarti anche a dormire per non rischiare di guidare la macchina.<br \/>Potrai per&ograve; semplicemente fare il cenone in famiglia e scatenarti il nuovo anno nella meravigliosa discoteca da 1000mq. Prenota subito Qub&ograve; per il tuo Capodanno a Bologna, l&#8217;acconto &egrave; di soli 20 euro! Qub&ograve;<br \/>Vicolo Sampieri, 3 &#8211; Bologna<br \/>Telefono 3664383580 \/\/ 3348275990<br \/>www.capodanno.bologna.it <img decoding=\"async\" src=\"http:\/\/www.comunicati-stampa.com\/img\/2016\/11\/CapodannoBolognaCubo.jpg\" border=\"0\" alt=\"capodannobolognacubo\" width=\"95%\" align=\"center\" \/><\/p>\n","protected":false},"excerpt":{"rendered":"<p>L&#8217;offerta Qub\u00f2 per un capodanno di tendenza a Bologna \u00e8 imperdibile. Non attendere il miraggio di chiss\u00e0 quale offerta last minute.<\/p>\n","protected":false},"author":10,"featured_media":0,"comment_status":"open","ping_status":"open","sticky":false,"template":"","format":"standard","meta":{"cybocfi_hide_featured_image":"","footnotes":""},"categories":[388],"tags":[],"class_list":["post-53812","post","type-post","status-publish","format-standard","hentry","category-eventi"],"yoast_head":"<!-- This site is optimized with the Yoast SEO plugin v27.0 - https:\/\/yoast.com\/product\/yoast-seo-wordpress\/ -->\n<title>Capodanno Bologna: come scegliere dove trascorrere l&#039;ultimo dell&#039;anno? - Article Marketing<\/title>\n<meta name=\"robots\" content=\"index, follow, max-snippet:-1, max-image-preview:large, max-video-preview:-1\" \/>\n<link rel=\"canonical\" href=\"https:\/\/www.article-marketing.eu\/comunicati\/comunicati-stampa\/eventi\/capodanno-bologna-come-scegliere-dove-trascorrere-lultimo-dellanno\/\" \/>\n<meta property=\"og:locale\" content=\"it_IT\" \/>\n<meta property=\"og:type\" content=\"article\" \/>\n<meta property=\"og:title\" content=\"Capodanno Bologna: come scegliere dove trascorrere l&#039;ultimo dell&#039;anno? - Article Marketing\" \/>\n<meta property=\"og:description\" content=\"L&#039;offerta Qub\u00f2 per un capodanno di tendenza a Bologna \u00e8 imperdibile. Non attendere il miraggio di chiss\u00e0 quale offerta last minute.\" \/>\n<meta property=\"og:url\" content=\"https:\/\/www.article-marketing.eu\/comunicati\/comunicati-stampa\/eventi\/capodanno-bologna-come-scegliere-dove-trascorrere-lultimo-dellanno\/\" \/>\n<meta property=\"og:site_name\" content=\"Article Marketing\" \/>\n<meta property=\"article:published_time\" content=\"2016-12-01T09:23:34+00:00\" \/>\n<meta property=\"og:image\" content=\"http:\/\/www.comunicati-stampa.com\/img\/2016\/11\/CapodannoBolognaCubo.jpg\" \/>\n<meta name=\"author\" content=\"Redazione Comunicati Stampa\" \/>\n<meta name=\"twitter:card\" content=\"summary_large_image\" \/>\n<meta name=\"twitter:label1\" content=\"Scritto da\" \/>\n\t<meta name=\"twitter:data1\" content=\"Redazione Comunicati Stampa\" \/>\n\t<meta name=\"twitter:label2\" content=\"Tempo di lettura stimato\" \/>\n\t<meta name=\"twitter:data2\" content=\"1 minuto\" \/>\n<script type=\"application\/ld+json\" class=\"yoast-schema-graph\">{\"@context\":\"https:\/\/schema.org\",\"@graph\":[{\"@type\":\"Article\",\"@id\":\"https:\/\/www.article-marketing.eu\/comunicati\/comunicati-stampa\/eventi\/capodanno-bologna-come-scegliere-dove-trascorrere-lultimo-dellanno\/#article\",\"isPartOf\":{\"@id\":\"https:\/\/www.article-marketing.eu\/comunicati\/comunicati-stampa\/eventi\/capodanno-bologna-come-scegliere-dove-trascorrere-lultimo-dellanno\/\"},\"author\":{\"name\":\"Redazione Comunicati Stampa\",\"@id\":\"https:\/\/www.article-marketing.eu\/comunicati\/#\/schema\/person\/44372e4d4d0fa797b18e03ed1ace9017\"},\"headline\":\"Capodanno Bologna: come scegliere dove trascorrere l&#8217;ultimo dell&#8217;anno?\",\"datePublished\":\"2016-12-01T09:23:34+00:00\",\"mainEntityOfPage\":{\"@id\":\"https:\/\/www.article-marketing.eu\/comunicati\/comunicati-stampa\/eventi\/capodanno-bologna-come-scegliere-dove-trascorrere-lultimo-dellanno\/\"},\"wordCount\":223,\"commentCount\":0,\"image\":{\"@id\":\"https:\/\/www.article-marketing.eu\/comunicati\/comunicati-stampa\/eventi\/capodanno-bologna-come-scegliere-dove-trascorrere-lultimo-dellanno\/#primaryimage\"},\"thumbnailUrl\":\"http:\/\/www.comunicati-stampa.com\/img\/2016\/11\/CapodannoBolognaCubo.jpg\",\"articleSection\":[\"Eventi\"],\"inLanguage\":\"it-IT\",\"potentialAction\":[{\"@type\":\"CommentAction\",\"name\":\"Comment\",\"target\":[\"https:\/\/www.article-marketing.eu\/comunicati\/comunicati-stampa\/eventi\/capodanno-bologna-come-scegliere-dove-trascorrere-lultimo-dellanno\/#respond\"]}]},{\"@type\":\"WebPage\",\"@id\":\"https:\/\/www.article-marketing.eu\/comunicati\/comunicati-stampa\/eventi\/capodanno-bologna-come-scegliere-dove-trascorrere-lultimo-dellanno\/\",\"url\":\"https:\/\/www.article-marketing.eu\/comunicati\/comunicati-stampa\/eventi\/capodanno-bologna-come-scegliere-dove-trascorrere-lultimo-dellanno\/\",\"name\":\"Capodanno Bologna: come scegliere dove trascorrere l'ultimo dell'anno? - Article Marketing\",\"isPartOf\":{\"@id\":\"https:\/\/www.article-marketing.eu\/comunicati\/#website\"},\"primaryImageOfPage\":{\"@id\":\"https:\/\/www.article-marketing.eu\/comunicati\/comunicati-stampa\/eventi\/capodanno-bologna-come-scegliere-dove-trascorrere-lultimo-dellanno\/#primaryimage\"},\"image\":{\"@id\":\"https:\/\/www.article-marketing.eu\/comunicati\/comunicati-stampa\/eventi\/capodanno-bologna-come-scegliere-dove-trascorrere-lultimo-dellanno\/#primaryimage\"},\"thumbnailUrl\":\"http:\/\/www.comunicati-stampa.com\/img\/2016\/11\/CapodannoBolognaCubo.jpg\",\"datePublished\":\"2016-12-01T09:23:34+00:00\",\"author\":{\"@id\":\"https:\/\/www.article-marketing.eu\/comunicati\/#\/schema\/person\/44372e4d4d0fa797b18e03ed1ace9017\"},\"breadcrumb\":{\"@id\":\"https:\/\/www.article-marketing.eu\/comunicati\/comunicati-stampa\/eventi\/capodanno-bologna-come-scegliere-dove-trascorrere-lultimo-dellanno\/#breadcrumb\"},\"inLanguage\":\"it-IT\",\"potentialAction\":[{\"@type\":\"ReadAction\",\"target\":[\"https:\/\/www.article-marketing.eu\/comunicati\/comunicati-stampa\/eventi\/capodanno-bologna-come-scegliere-dove-trascorrere-lultimo-dellanno\/\"]}]},{\"@type\":\"ImageObject\",\"inLanguage\":\"it-IT\",\"@id\":\"https:\/\/www.article-marketing.eu\/comunicati\/comunicati-stampa\/eventi\/capodanno-bologna-come-scegliere-dove-trascorrere-lultimo-dellanno\/#primaryimage\",\"url\":\"http:\/\/www.comunicati-stampa.com\/img\/2016\/11\/CapodannoBolognaCubo.jpg\",\"contentUrl\":\"http:\/\/www.comunicati-stampa.com\/img\/2016\/11\/CapodannoBolognaCubo.jpg\"},{\"@type\":\"BreadcrumbList\",\"@id\":\"https:\/\/www.article-marketing.eu\/comunicati\/comunicati-stampa\/eventi\/capodanno-bologna-come-scegliere-dove-trascorrere-lultimo-dellanno\/#breadcrumb\",\"itemListElement\":[{\"@type\":\"ListItem\",\"position\":1,\"name\":\"Home\",\"item\":\"https:\/\/www.article-marketing.eu\/comunicati\/\"},{\"@type\":\"ListItem\",\"position\":2,\"name\":\"Capodanno Bologna: come scegliere dove trascorrere l&#8217;ultimo dell&#8217;anno?\"}]},{\"@type\":\"WebSite\",\"@id\":\"https:\/\/www.article-marketing.eu\/comunicati\/#website\",\"url\":\"https:\/\/www.article-marketing.eu\/comunicati\/\",\"name\":\"Article Marketing\",\"description\":\"article marketing &amp; press release\",\"potentialAction\":[{\"@type\":\"SearchAction\",\"target\":{\"@type\":\"EntryPoint\",\"urlTemplate\":\"https:\/\/www.article-marketing.eu\/comunicati\/?s={search_term_string}\"},\"query-input\":{\"@type\":\"PropertyValueSpecification\",\"valueRequired\":true,\"valueName\":\"search_term_string\"}}],\"inLanguage\":\"it-IT\"},{\"@type\":\"Person\",\"@id\":\"https:\/\/www.article-marketing.eu\/comunicati\/#\/schema\/person\/44372e4d4d0fa797b18e03ed1ace9017\",\"name\":\"Redazione Comunicati Stampa\",\"image\":{\"@type\":\"ImageObject\",\"inLanguage\":\"it-IT\",\"@id\":\"https:\/\/www.article-marketing.eu\/comunicati\/#\/schema\/person\/image\/\",\"url\":\"https:\/\/secure.gravatar.com\/avatar\/50e5c6421d3072f42e7ace803501602c60d75233d34e29fd05feb91c8760b792?s=96&d=mm&r=g\",\"contentUrl\":\"https:\/\/secure.gravatar.com\/avatar\/50e5c6421d3072f42e7ace803501602c60d75233d34e29fd05feb91c8760b792?s=96&d=mm&r=g\",\"caption\":\"Redazione Comunicati Stampa\"},\"url\":\"https:\/\/www.article-marketing.eu\/comunicati\/author\/redazione-comunicati-stampa\/\"}]}<\/script>\n<!-- \/ Yoast SEO plugin. -->","yoast_head_json":{"title":"Capodanno Bologna: come scegliere dove trascorrere l'ultimo dell'anno? - Article Marketing","robots":{"index":"index","follow":"follow","max-snippet":"max-snippet:-1","max-image-preview":"max-image-preview:large","max-video-preview":"max-video-preview:-1"},"canonical":"https:\/\/www.article-marketing.eu\/comunicati\/comunicati-stampa\/eventi\/capodanno-bologna-come-scegliere-dove-trascorrere-lultimo-dellanno\/","og_locale":"it_IT","og_type":"article","og_title":"Capodanno Bologna: come scegliere dove trascorrere l'ultimo dell'anno? - Article Marketing","og_description":"L'offerta Qub\u00f2 per un capodanno di tendenza a Bologna \u00e8 imperdibile. Non attendere il miraggio di chiss\u00e0 quale offerta last minute.","og_url":"https:\/\/www.article-marketing.eu\/comunicati\/comunicati-stampa\/eventi\/capodanno-bologna-come-scegliere-dove-trascorrere-lultimo-dellanno\/","og_site_name":"Article Marketing","article_published_time":"2016-12-01T09:23:34+00:00","og_image":[{"url":"http:\/\/www.comunicati-stampa.com\/img\/2016\/11\/CapodannoBolognaCubo.jpg","type":"","width":"","height":""}],"author":"Redazione Comunicati Stampa","twitter_card":"summary_large_image","twitter_misc":{"Scritto da":"Redazione Comunicati Stampa","Tempo di lettura stimato":"1 minuto"},"schema":{"@context":"https:\/\/schema.org","@graph":[{"@type":"Article","@id":"https:\/\/www.article-marketing.eu\/comunicati\/comunicati-stampa\/eventi\/capodanno-bologna-come-scegliere-dove-trascorrere-lultimo-dellanno\/#article","isPartOf":{"@id":"https:\/\/www.article-marketing.eu\/comunicati\/comunicati-stampa\/eventi\/capodanno-bologna-come-scegliere-dove-trascorrere-lultimo-dellanno\/"},"author":{"name":"Redazione Comunicati Stampa","@id":"https:\/\/www.article-marketing.eu\/comunicati\/#\/schema\/person\/44372e4d4d0fa797b18e03ed1ace9017"},"headline":"Capodanno Bologna: come scegliere dove trascorrere l&#8217;ultimo dell&#8217;anno?","datePublished":"2016-12-01T09:23:34+00:00","mainEntityOfPage":{"@id":"https:\/\/www.article-marketing.eu\/comunicati\/comunicati-stampa\/eventi\/capodanno-bologna-come-scegliere-dove-trascorrere-lultimo-dellanno\/"},"wordCount":223,"commentCount":0,"image":{"@id":"https:\/\/www.article-marketing.eu\/comunicati\/comunicati-stampa\/eventi\/capodanno-bologna-come-scegliere-dove-trascorrere-lultimo-dellanno\/#primaryimage"},"thumbnailUrl":"http:\/\/www.comunicati-stampa.com\/img\/2016\/11\/CapodannoBolognaCubo.jpg","articleSection":["Eventi"],"inLanguage":"it-IT","potentialAction":[{"@type":"CommentAction","name":"Comment","target":["https:\/\/www.article-marketing.eu\/comunicati\/comunicati-stampa\/eventi\/capodanno-bologna-come-scegliere-dove-trascorrere-lultimo-dellanno\/#respond"]}]},{"@type":"WebPage","@id":"https:\/\/www.article-marketing.eu\/comunicati\/comunicati-stampa\/eventi\/capodanno-bologna-come-scegliere-dove-trascorrere-lultimo-dellanno\/","url":"https:\/\/www.article-marketing.eu\/comunicati\/comunicati-stampa\/eventi\/capodanno-bologna-come-scegliere-dove-trascorrere-lultimo-dellanno\/","name":"Capodanno Bologna: come scegliere dove trascorrere l'ultimo dell'anno? - Article Marketing","isPartOf":{"@id":"https:\/\/www.article-marketing.eu\/comunicati\/#website"},"primaryImageOfPage":{"@id":"https:\/\/www.article-marketing.eu\/comunicati\/comunicati-stampa\/eventi\/capodanno-bologna-come-scegliere-dove-trascorrere-lultimo-dellanno\/#primaryimage"},"image":{"@id":"https:\/\/www.article-marketing.eu\/comunicati\/comunicati-stampa\/eventi\/capodanno-bologna-come-scegliere-dove-trascorrere-lultimo-dellanno\/#primaryimage"},"thumbnailUrl":"http:\/\/www.comunicati-stampa.com\/img\/2016\/11\/CapodannoBolognaCubo.jpg","datePublished":"2016-12-01T09:23:34+00:00","author":{"@id":"https:\/\/www.article-marketing.eu\/comunicati\/#\/schema\/person\/44372e4d4d0fa797b18e03ed1ace9017"},"breadcrumb":{"@id":"https:\/\/www.article-marketing.eu\/comunicati\/comunicati-stampa\/eventi\/capodanno-bologna-come-scegliere-dove-trascorrere-lultimo-dellanno\/#breadcrumb"},"inLanguage":"it-IT","potentialAction":[{"@type":"ReadAction","target":["https:\/\/www.article-marketing.eu\/comunicati\/comunicati-stampa\/eventi\/capodanno-bologna-come-scegliere-dove-trascorrere-lultimo-dellanno\/"]}]},{"@type":"ImageObject","inLanguage":"it-IT","@id":"https:\/\/www.article-marketing.eu\/comunicati\/comunicati-stampa\/eventi\/capodanno-bologna-come-scegliere-dove-trascorrere-lultimo-dellanno\/#primaryimage","url":"http:\/\/www.comunicati-stampa.com\/img\/2016\/11\/CapodannoBolognaCubo.jpg","contentUrl":"http:\/\/www.comunicati-stampa.com\/img\/2016\/11\/CapodannoBolognaCubo.jpg"},{"@type":"BreadcrumbList","@id":"https:\/\/www.article-marketing.eu\/comunicati\/comunicati-stampa\/eventi\/capodanno-bologna-come-scegliere-dove-trascorrere-lultimo-dellanno\/#breadcrumb","itemListElement":[{"@type":"ListItem","position":1,"name":"Home","item":"https:\/\/www.article-marketing.eu\/comunicati\/"},{"@type":"ListItem","position":2,"name":"Capodanno Bologna: come scegliere dove trascorrere l&#8217;ultimo dell&#8217;anno?"}]},{"@type":"WebSite","@id":"https:\/\/www.article-marketing.eu\/comunicati\/#website","url":"https:\/\/www.article-marketing.eu\/comunicati\/","name":"Article Marketing","description":"article marketing &amp; press release","potentialAction":[{"@type":"SearchAction","target":{"@type":"EntryPoint","urlTemplate":"https:\/\/www.article-marketing.eu\/comunicati\/?s={search_term_string}"},"query-input":{"@type":"PropertyValueSpecification","valueRequired":true,"valueName":"search_term_string"}}],"inLanguage":"it-IT"},{"@type":"Person","@id":"https:\/\/www.article-marketing.eu\/comunicati\/#\/schema\/person\/44372e4d4d0fa797b18e03ed1ace9017","name":"Redazione Comunicati Stampa","image":{"@type":"ImageObject","inLanguage":"it-IT","@id":"https:\/\/www.article-marketing.eu\/comunicati\/#\/schema\/person\/image\/","url":"https:\/\/secure.gravatar.com\/avatar\/50e5c6421d3072f42e7ace803501602c60d75233d34e29fd05feb91c8760b792?s=96&d=mm&r=g","contentUrl":"https:\/\/secure.gravatar.com\/avatar\/50e5c6421d3072f42e7ace803501602c60d75233d34e29fd05feb91c8760b792?s=96&d=mm&r=g","caption":"Redazione Comunicati Stampa"},"url":"https:\/\/www.article-marketing.eu\/comunicati\/author\/redazione-comunicati-stampa\/"}]}},"_links":{"self":[{"href":"https:\/\/www.article-marketing.eu\/comunicati\/wp-json\/wp\/v2\/posts\/53812","targetHints":{"allow":["GET"]}}],"collection":[{"href":"https:\/\/www.article-marketing.eu\/comunicati\/wp-json\/wp\/v2\/posts"}],"about":[{"href":"https:\/\/www.article-marketing.eu\/comunicati\/wp-json\/wp\/v2\/types\/post"}],"author":[{"embeddable":true,"href":"https:\/\/www.article-marketing.eu\/comunicati\/wp-json\/wp\/v2\/users\/10"}],"replies":[{"embeddable":true,"href":"https:\/\/www.article-marketing.eu\/comunicati\/wp-json\/wp\/v2\/comments?post=53812"}],"version-history":[{"count":0,"href":"https:\/\/www.article-marketing.eu\/comunicati\/wp-json\/wp\/v2\/posts\/53812\/revisions"}],"wp:attachment":[{"href":"https:\/\/www.article-marketing.eu\/comunicati\/wp-json\/wp\/v2\/media?parent=53812"}],"wp:term":[{"taxonomy":"category","embeddable":true,"href":"https:\/\/www.article-marketing.eu\/comunicati\/wp-json\/wp\/v2\/categories?post=53812"},{"taxonomy":"post_tag","embeddable":true,"href":"https:\/\/www.article-marketing.eu\/comunicati\/wp-json\/wp\/v2\/tags?post=53812"}],"curies":[{"name":"wp","href":"https:\/\/api.w.org\/{rel}","templated":true}]}}