{"id":53966,"date":"2016-12-20T19:39:19","date_gmt":"2016-12-20T18:39:19","guid":{"rendered":"http:\/\/www.article-marketing.eu\/comunicati\/senza-categoria\/cartiera-lombarda-dal-1955-centro-di-taglio-di-cartone-e-cartoncino-della-massima-qualit%2525c3%2525a0\/"},"modified":"2016-12-20T19:39:19","modified_gmt":"2016-12-20T18:39:19","slug":"cartiera-lombarda-dal-1955-centro-di-taglio-di-cartone-e-cartoncino-della-massima-qualit%2525c3%2525a0","status":"publish","type":"post","link":"https:\/\/www.article-marketing.eu\/comunicati\/economia-e-lavoro\/aziende\/cartiera-lombarda-dal-1955-centro-di-taglio-di-cartone-e-cartoncino-della-massima-qualit%2525c3%2525a0\/","title":{"rendered":"Cartiera Lombarda, dal 1955 centro di taglio di cartone e cartoncino della massima qualit\u00e0"},"content":{"rendered":"<p>Cartiera Lombarda &egrave; il centro di taglio di cartone e cartoncino di eccellente qualit&agrave; prodotti dal Gruppo Forestale Stora Enso. Professionalit&agrave; e cortesia sempre a disposizione della clientela, con una rete di vendita e assistenza in Nord e Centro Italia.<br \/>\nCartiera Lombarda &egrave; il noto centro di taglio di cartone e cartoncino di Fagnano Olona. Le materie prime sono prodotte dal Gruppo Forestale Stora Enso, garanzia di massima qualit&agrave;.<br \/>\n<em><strong><a href=\"http:\/\/www.cartlombrtc.it\/\" title=\"cartiera\">Cartiera<\/a> Lombarda S.P.A. <\/strong>si occupa della lavorazione di cartone e cartoncino di altissima qualit&agrave; prodotti dal <strong>Gruppo Forestale Stora Enso<\/strong>.<\/em><br \/>Dispone di un centro di taglio in grado di garantire prodotti finiti di preziosa fattura impiegabili in diversi settori: cartotecnico, farmaceutico, delle bevande e cibi surgelati.<br \/>\n<img loading=\"lazy\" decoding=\"async\" src=\"http:\/\/www.cartlombrtc.it\/image\/1920x1080\/proportional\/VXBsb2Fkcy9HYWxsZXJ5L0NlbnRybyBkaSB0YWdsaW8vMjAxNTExMDdfMTMzOTUwLmpwZw==\/20151107_133950.jpg\" border=\"0\" alt=\"cartiera\" width=\"490\" height=\"275\" \/><br \/>\nLa storia di Cartiera Lombarda<br \/>\nNel 1955 Angelo Ferrario fonda <strong>Cartiera Lombarda<\/strong>, inizialmente nata come deposito di cartonaggi che pian piano inizia ad abbracciare il campo degli imballi per tessuti e successivamente si integra alla perfezione nel settore di commercializzazione e in quello cartotecnico, implementando alle attivit&agrave; anche la produzione di cartoncini patinati.<br \/>Nei primi anni &#8217;90, <strong>Cartiera Lombarda<\/strong> diviene <strong>centro di taglio di cartoncino<\/strong> di eccelsa qualit&agrave; di produzione del <strong>Gruppo Forestale Stora Enso e Barcellona Carton,<\/strong> famosi per la loro cura e attenzione all&#8217;ambiente.<br \/>\nLe realizzazioni di Cartiera Lombarda<br \/>\n<strong>Cartiera Lombarda<\/strong> lavora diverse tipologie di <strong>cartone e cartoncino<\/strong>, come <strong>WLC<\/strong> e <strong>FBB<\/strong> ad alto spessore.<br \/>La prima variet&agrave; &egrave; ottenuta per la maggior parte da materiale riciclato, realizzato a pi&ugrave; strati per determinarne lo spessore ed &egrave; utilizzato in molti settori grazie al suo primo stato costituito da superficie stampabile.<br \/>La seconda tipologia &egrave; realizzata utilizzando pasta meccanica e polpa chimica sovrapposte in strati di rivestimento. Questa variet&agrave; di cartone &egrave; applicabile al settore farmaceutico, a quello alimentare per bevande, cibi surgelati e refrigerati e molto altro.<strong><br \/>Cartiera Lombarda<\/strong> produce in media tra le 8 e le 10 mila tonnellate di cartone e cartoncino all&#8217;anno e garantisce un servizio di pronta consegna in 24-48 ore per qualsiasi formato, specialmente per le piccole e medie quantit&agrave;.<em><br \/><strong>Scegli Cartiera Lombarda, il centro di taglio di cartone e cartoncino di Fagnano Olona (VA), visita il sito e contattaci per maggiori informazioni!<\/strong><br \/><\/em><\/p>\n","protected":false},"excerpt":{"rendered":"<p>Cartiera Lombarda \u00e8 il centro di taglio di cartone e cartoncino di eccellente qualit\u00e0 prodotti dal Gruppo Forestale Stora Enso. Professionalit\u00e0 e cortesia sempre a disposizione della clientela, con una rete di vendita e assistenza in Nord e Centro Italia.<\/p>\n","protected":false},"author":10,"featured_media":0,"comment_status":"open","ping_status":"open","sticky":false,"template":"","format":"standard","meta":{"cybocfi_hide_featured_image":"","footnotes":""},"categories":[129],"tags":[55635],"class_list":["post-53966","post","type-post","status-publish","format-standard","hentry","category-aziende","tag-cartiera"],"yoast_head":"<!-- This site is optimized with the Yoast SEO plugin v27.0 - https:\/\/yoast.com\/product\/yoast-seo-wordpress\/ -->\n<title>Cartiera Lombarda, dal 1955 centro di taglio di cartone e cartoncino della massima qualit\u00e0 - Article Marketing<\/title>\n<meta name=\"robots\" content=\"index, follow, max-snippet:-1, max-image-preview:large, max-video-preview:-1\" \/>\n<link rel=\"canonical\" href=\"https:\/\/www.article-marketing.eu\/comunicati\/economia-e-lavoro\/aziende\/cartiera-lombarda-dal-1955-centro-di-taglio-di-cartone-e-cartoncino-della-massima-qualit%25c3%25a0\/\" \/>\n<meta property=\"og:locale\" content=\"it_IT\" \/>\n<meta property=\"og:type\" content=\"article\" \/>\n<meta property=\"og:title\" content=\"Cartiera Lombarda, dal 1955 centro di taglio di cartone e cartoncino della massima qualit\u00e0 - Article Marketing\" \/>\n<meta property=\"og:description\" content=\"Cartiera Lombarda \u00e8 il centro di taglio di cartone e cartoncino di eccellente qualit\u00e0 prodotti dal Gruppo Forestale Stora Enso. Professionalit\u00e0 e cortesia sempre a disposizione della clientela, con una rete di vendita e assistenza in Nord e Centro Italia.\" \/>\n<meta property=\"og:url\" content=\"https:\/\/www.article-marketing.eu\/comunicati\/economia-e-lavoro\/aziende\/cartiera-lombarda-dal-1955-centro-di-taglio-di-cartone-e-cartoncino-della-massima-qualit%25c3%25a0\/\" \/>\n<meta property=\"og:site_name\" content=\"Article Marketing\" \/>\n<meta property=\"article:published_time\" content=\"2016-12-20T18:39:19+00:00\" \/>\n<meta property=\"og:image\" content=\"http:\/\/www.cartlombrtc.it\/image\/1920x1080\/proportional\/VXBsb2Fkcy9HYWxsZXJ5L0NlbnRybyBkaSB0YWdsaW8vMjAxNTExMDdfMTMzOTUwLmpwZw==\/20151107_133950.jpg\" \/>\n<meta name=\"author\" content=\"Redazione Comunicati Stampa\" \/>\n<meta name=\"twitter:card\" content=\"summary_large_image\" \/>\n<meta name=\"twitter:label1\" content=\"Scritto da\" \/>\n\t<meta name=\"twitter:data1\" content=\"Redazione Comunicati Stampa\" \/>\n\t<meta name=\"twitter:label2\" content=\"Tempo di lettura stimato\" \/>\n\t<meta name=\"twitter:data2\" content=\"2 minuti\" \/>\n<script type=\"application\/ld+json\" class=\"yoast-schema-graph\">{\"@context\":\"https:\/\/schema.org\",\"@graph\":[{\"@type\":\"Article\",\"@id\":\"https:\/\/www.article-marketing.eu\/comunicati\/economia-e-lavoro\/aziende\/cartiera-lombarda-dal-1955-centro-di-taglio-di-cartone-e-cartoncino-della-massima-qualit%2525c3%2525a0\/#article\",\"isPartOf\":{\"@id\":\"https:\/\/www.article-marketing.eu\/comunicati\/economia-e-lavoro\/aziende\/cartiera-lombarda-dal-1955-centro-di-taglio-di-cartone-e-cartoncino-della-massima-qualit%2525c3%2525a0\/\"},\"author\":{\"name\":\"Redazione Comunicati Stampa\",\"@id\":\"https:\/\/www.article-marketing.eu\/comunicati\/#\/schema\/person\/44372e4d4d0fa797b18e03ed1ace9017\"},\"headline\":\"Cartiera Lombarda, dal 1955 centro di taglio di cartone e cartoncino della massima qualit\u00e0\",\"datePublished\":\"2016-12-20T18:39:19+00:00\",\"mainEntityOfPage\":{\"@id\":\"https:\/\/www.article-marketing.eu\/comunicati\/economia-e-lavoro\/aziende\/cartiera-lombarda-dal-1955-centro-di-taglio-di-cartone-e-cartoncino-della-massima-qualit%2525c3%2525a0\/\"},\"wordCount\":377,\"commentCount\":0,\"image\":{\"@id\":\"https:\/\/www.article-marketing.eu\/comunicati\/economia-e-lavoro\/aziende\/cartiera-lombarda-dal-1955-centro-di-taglio-di-cartone-e-cartoncino-della-massima-qualit%2525c3%2525a0\/#primaryimage\"},\"thumbnailUrl\":\"http:\/\/www.cartlombrtc.it\/image\/1920x1080\/proportional\/VXBsb2Fkcy9HYWxsZXJ5L0NlbnRybyBkaSB0YWdsaW8vMjAxNTExMDdfMTMzOTUwLmpwZw==\/20151107_133950.jpg\",\"keywords\":[\"Cartiera\"],\"articleSection\":[\"Aziende\"],\"inLanguage\":\"it-IT\",\"potentialAction\":[{\"@type\":\"CommentAction\",\"name\":\"Comment\",\"target\":[\"https:\/\/www.article-marketing.eu\/comunicati\/economia-e-lavoro\/aziende\/cartiera-lombarda-dal-1955-centro-di-taglio-di-cartone-e-cartoncino-della-massima-qualit%2525c3%2525a0\/#respond\"]}]},{\"@type\":\"WebPage\",\"@id\":\"https:\/\/www.article-marketing.eu\/comunicati\/economia-e-lavoro\/aziende\/cartiera-lombarda-dal-1955-centro-di-taglio-di-cartone-e-cartoncino-della-massima-qualit%2525c3%2525a0\/\",\"url\":\"https:\/\/www.article-marketing.eu\/comunicati\/economia-e-lavoro\/aziende\/cartiera-lombarda-dal-1955-centro-di-taglio-di-cartone-e-cartoncino-della-massima-qualit%2525c3%2525a0\/\",\"name\":\"Cartiera Lombarda, dal 1955 centro di taglio di cartone e cartoncino della massima qualit\u00e0 - Article Marketing\",\"isPartOf\":{\"@id\":\"https:\/\/www.article-marketing.eu\/comunicati\/#website\"},\"primaryImageOfPage\":{\"@id\":\"https:\/\/www.article-marketing.eu\/comunicati\/economia-e-lavoro\/aziende\/cartiera-lombarda-dal-1955-centro-di-taglio-di-cartone-e-cartoncino-della-massima-qualit%2525c3%2525a0\/#primaryimage\"},\"image\":{\"@id\":\"https:\/\/www.article-marketing.eu\/comunicati\/economia-e-lavoro\/aziende\/cartiera-lombarda-dal-1955-centro-di-taglio-di-cartone-e-cartoncino-della-massima-qualit%2525c3%2525a0\/#primaryimage\"},\"thumbnailUrl\":\"http:\/\/www.cartlombrtc.it\/image\/1920x1080\/proportional\/VXBsb2Fkcy9HYWxsZXJ5L0NlbnRybyBkaSB0YWdsaW8vMjAxNTExMDdfMTMzOTUwLmpwZw==\/20151107_133950.jpg\",\"datePublished\":\"2016-12-20T18:39:19+00:00\",\"author\":{\"@id\":\"https:\/\/www.article-marketing.eu\/comunicati\/#\/schema\/person\/44372e4d4d0fa797b18e03ed1ace9017\"},\"breadcrumb\":{\"@id\":\"https:\/\/www.article-marketing.eu\/comunicati\/economia-e-lavoro\/aziende\/cartiera-lombarda-dal-1955-centro-di-taglio-di-cartone-e-cartoncino-della-massima-qualit%2525c3%2525a0\/#breadcrumb\"},\"inLanguage\":\"it-IT\",\"potentialAction\":[{\"@type\":\"ReadAction\",\"target\":[\"https:\/\/www.article-marketing.eu\/comunicati\/economia-e-lavoro\/aziende\/cartiera-lombarda-dal-1955-centro-di-taglio-di-cartone-e-cartoncino-della-massima-qualit%2525c3%2525a0\/\"]}]},{\"@type\":\"ImageObject\",\"inLanguage\":\"it-IT\",\"@id\":\"https:\/\/www.article-marketing.eu\/comunicati\/economia-e-lavoro\/aziende\/cartiera-lombarda-dal-1955-centro-di-taglio-di-cartone-e-cartoncino-della-massima-qualit%2525c3%2525a0\/#primaryimage\",\"url\":\"http:\/\/www.cartlombrtc.it\/image\/1920x1080\/proportional\/VXBsb2Fkcy9HYWxsZXJ5L0NlbnRybyBkaSB0YWdsaW8vMjAxNTExMDdfMTMzOTUwLmpwZw==\/20151107_133950.jpg\",\"contentUrl\":\"http:\/\/www.cartlombrtc.it\/image\/1920x1080\/proportional\/VXBsb2Fkcy9HYWxsZXJ5L0NlbnRybyBkaSB0YWdsaW8vMjAxNTExMDdfMTMzOTUwLmpwZw==\/20151107_133950.jpg\"},{\"@type\":\"BreadcrumbList\",\"@id\":\"https:\/\/www.article-marketing.eu\/comunicati\/economia-e-lavoro\/aziende\/cartiera-lombarda-dal-1955-centro-di-taglio-di-cartone-e-cartoncino-della-massima-qualit%2525c3%2525a0\/#breadcrumb\",\"itemListElement\":[{\"@type\":\"ListItem\",\"position\":1,\"name\":\"Home\",\"item\":\"https:\/\/www.article-marketing.eu\/comunicati\/\"},{\"@type\":\"ListItem\",\"position\":2,\"name\":\"Cartiera Lombarda, dal 1955 centro di taglio di cartone e cartoncino della massima qualit\u00e0\"}]},{\"@type\":\"WebSite\",\"@id\":\"https:\/\/www.article-marketing.eu\/comunicati\/#website\",\"url\":\"https:\/\/www.article-marketing.eu\/comunicati\/\",\"name\":\"Article Marketing\",\"description\":\"article marketing &amp; press release\",\"potentialAction\":[{\"@type\":\"SearchAction\",\"target\":{\"@type\":\"EntryPoint\",\"urlTemplate\":\"https:\/\/www.article-marketing.eu\/comunicati\/?s={search_term_string}\"},\"query-input\":{\"@type\":\"PropertyValueSpecification\",\"valueRequired\":true,\"valueName\":\"search_term_string\"}}],\"inLanguage\":\"it-IT\"},{\"@type\":\"Person\",\"@id\":\"https:\/\/www.article-marketing.eu\/comunicati\/#\/schema\/person\/44372e4d4d0fa797b18e03ed1ace9017\",\"name\":\"Redazione Comunicati Stampa\",\"image\":{\"@type\":\"ImageObject\",\"inLanguage\":\"it-IT\",\"@id\":\"https:\/\/www.article-marketing.eu\/comunicati\/#\/schema\/person\/image\/\",\"url\":\"https:\/\/secure.gravatar.com\/avatar\/50e5c6421d3072f42e7ace803501602c60d75233d34e29fd05feb91c8760b792?s=96&d=mm&r=g\",\"contentUrl\":\"https:\/\/secure.gravatar.com\/avatar\/50e5c6421d3072f42e7ace803501602c60d75233d34e29fd05feb91c8760b792?s=96&d=mm&r=g\",\"caption\":\"Redazione Comunicati Stampa\"},\"url\":\"https:\/\/www.article-marketing.eu\/comunicati\/author\/redazione-comunicati-stampa\/\"}]}<\/script>\n<!-- \/ Yoast SEO plugin. -->","yoast_head_json":{"title":"Cartiera Lombarda, dal 1955 centro di taglio di cartone e cartoncino della massima qualit\u00e0 - Article Marketing","robots":{"index":"index","follow":"follow","max-snippet":"max-snippet:-1","max-image-preview":"max-image-preview:large","max-video-preview":"max-video-preview:-1"},"canonical":"https:\/\/www.article-marketing.eu\/comunicati\/economia-e-lavoro\/aziende\/cartiera-lombarda-dal-1955-centro-di-taglio-di-cartone-e-cartoncino-della-massima-qualit%25c3%25a0\/","og_locale":"it_IT","og_type":"article","og_title":"Cartiera Lombarda, dal 1955 centro di taglio di cartone e cartoncino della massima qualit\u00e0 - Article Marketing","og_description":"Cartiera Lombarda \u00e8 il centro di taglio di cartone e cartoncino di eccellente qualit\u00e0 prodotti dal Gruppo Forestale Stora Enso. Professionalit\u00e0 e cortesia sempre a disposizione della clientela, con una rete di vendita e assistenza in Nord e Centro Italia.","og_url":"https:\/\/www.article-marketing.eu\/comunicati\/economia-e-lavoro\/aziende\/cartiera-lombarda-dal-1955-centro-di-taglio-di-cartone-e-cartoncino-della-massima-qualit%25c3%25a0\/","og_site_name":"Article Marketing","article_published_time":"2016-12-20T18:39:19+00:00","og_image":[{"url":"http:\/\/www.cartlombrtc.it\/image\/1920x1080\/proportional\/VXBsb2Fkcy9HYWxsZXJ5L0NlbnRybyBkaSB0YWdsaW8vMjAxNTExMDdfMTMzOTUwLmpwZw==\/20151107_133950.jpg","type":"","width":"","height":""}],"author":"Redazione Comunicati Stampa","twitter_card":"summary_large_image","twitter_misc":{"Scritto da":"Redazione Comunicati Stampa","Tempo di lettura stimato":"2 minuti"},"schema":{"@context":"https:\/\/schema.org","@graph":[{"@type":"Article","@id":"https:\/\/www.article-marketing.eu\/comunicati\/economia-e-lavoro\/aziende\/cartiera-lombarda-dal-1955-centro-di-taglio-di-cartone-e-cartoncino-della-massima-qualit%2525c3%2525a0\/#article","isPartOf":{"@id":"https:\/\/www.article-marketing.eu\/comunicati\/economia-e-lavoro\/aziende\/cartiera-lombarda-dal-1955-centro-di-taglio-di-cartone-e-cartoncino-della-massima-qualit%2525c3%2525a0\/"},"author":{"name":"Redazione Comunicati Stampa","@id":"https:\/\/www.article-marketing.eu\/comunicati\/#\/schema\/person\/44372e4d4d0fa797b18e03ed1ace9017"},"headline":"Cartiera Lombarda, dal 1955 centro di taglio di cartone e cartoncino della massima qualit\u00e0","datePublished":"2016-12-20T18:39:19+00:00","mainEntityOfPage":{"@id":"https:\/\/www.article-marketing.eu\/comunicati\/economia-e-lavoro\/aziende\/cartiera-lombarda-dal-1955-centro-di-taglio-di-cartone-e-cartoncino-della-massima-qualit%2525c3%2525a0\/"},"wordCount":377,"commentCount":0,"image":{"@id":"https:\/\/www.article-marketing.eu\/comunicati\/economia-e-lavoro\/aziende\/cartiera-lombarda-dal-1955-centro-di-taglio-di-cartone-e-cartoncino-della-massima-qualit%2525c3%2525a0\/#primaryimage"},"thumbnailUrl":"http:\/\/www.cartlombrtc.it\/image\/1920x1080\/proportional\/VXBsb2Fkcy9HYWxsZXJ5L0NlbnRybyBkaSB0YWdsaW8vMjAxNTExMDdfMTMzOTUwLmpwZw==\/20151107_133950.jpg","keywords":["Cartiera"],"articleSection":["Aziende"],"inLanguage":"it-IT","potentialAction":[{"@type":"CommentAction","name":"Comment","target":["https:\/\/www.article-marketing.eu\/comunicati\/economia-e-lavoro\/aziende\/cartiera-lombarda-dal-1955-centro-di-taglio-di-cartone-e-cartoncino-della-massima-qualit%2525c3%2525a0\/#respond"]}]},{"@type":"WebPage","@id":"https:\/\/www.article-marketing.eu\/comunicati\/economia-e-lavoro\/aziende\/cartiera-lombarda-dal-1955-centro-di-taglio-di-cartone-e-cartoncino-della-massima-qualit%2525c3%2525a0\/","url":"https:\/\/www.article-marketing.eu\/comunicati\/economia-e-lavoro\/aziende\/cartiera-lombarda-dal-1955-centro-di-taglio-di-cartone-e-cartoncino-della-massima-qualit%2525c3%2525a0\/","name":"Cartiera Lombarda, dal 1955 centro di taglio di cartone e cartoncino della massima qualit\u00e0 - Article Marketing","isPartOf":{"@id":"https:\/\/www.article-marketing.eu\/comunicati\/#website"},"primaryImageOfPage":{"@id":"https:\/\/www.article-marketing.eu\/comunicati\/economia-e-lavoro\/aziende\/cartiera-lombarda-dal-1955-centro-di-taglio-di-cartone-e-cartoncino-della-massima-qualit%2525c3%2525a0\/#primaryimage"},"image":{"@id":"https:\/\/www.article-marketing.eu\/comunicati\/economia-e-lavoro\/aziende\/cartiera-lombarda-dal-1955-centro-di-taglio-di-cartone-e-cartoncino-della-massima-qualit%2525c3%2525a0\/#primaryimage"},"thumbnailUrl":"http:\/\/www.cartlombrtc.it\/image\/1920x1080\/proportional\/VXBsb2Fkcy9HYWxsZXJ5L0NlbnRybyBkaSB0YWdsaW8vMjAxNTExMDdfMTMzOTUwLmpwZw==\/20151107_133950.jpg","datePublished":"2016-12-20T18:39:19+00:00","author":{"@id":"https:\/\/www.article-marketing.eu\/comunicati\/#\/schema\/person\/44372e4d4d0fa797b18e03ed1ace9017"},"breadcrumb":{"@id":"https:\/\/www.article-marketing.eu\/comunicati\/economia-e-lavoro\/aziende\/cartiera-lombarda-dal-1955-centro-di-taglio-di-cartone-e-cartoncino-della-massima-qualit%2525c3%2525a0\/#breadcrumb"},"inLanguage":"it-IT","potentialAction":[{"@type":"ReadAction","target":["https:\/\/www.article-marketing.eu\/comunicati\/economia-e-lavoro\/aziende\/cartiera-lombarda-dal-1955-centro-di-taglio-di-cartone-e-cartoncino-della-massima-qualit%2525c3%2525a0\/"]}]},{"@type":"ImageObject","inLanguage":"it-IT","@id":"https:\/\/www.article-marketing.eu\/comunicati\/economia-e-lavoro\/aziende\/cartiera-lombarda-dal-1955-centro-di-taglio-di-cartone-e-cartoncino-della-massima-qualit%2525c3%2525a0\/#primaryimage","url":"http:\/\/www.cartlombrtc.it\/image\/1920x1080\/proportional\/VXBsb2Fkcy9HYWxsZXJ5L0NlbnRybyBkaSB0YWdsaW8vMjAxNTExMDdfMTMzOTUwLmpwZw==\/20151107_133950.jpg","contentUrl":"http:\/\/www.cartlombrtc.it\/image\/1920x1080\/proportional\/VXBsb2Fkcy9HYWxsZXJ5L0NlbnRybyBkaSB0YWdsaW8vMjAxNTExMDdfMTMzOTUwLmpwZw==\/20151107_133950.jpg"},{"@type":"BreadcrumbList","@id":"https:\/\/www.article-marketing.eu\/comunicati\/economia-e-lavoro\/aziende\/cartiera-lombarda-dal-1955-centro-di-taglio-di-cartone-e-cartoncino-della-massima-qualit%2525c3%2525a0\/#breadcrumb","itemListElement":[{"@type":"ListItem","position":1,"name":"Home","item":"https:\/\/www.article-marketing.eu\/comunicati\/"},{"@type":"ListItem","position":2,"name":"Cartiera Lombarda, dal 1955 centro di taglio di cartone e cartoncino della massima qualit\u00e0"}]},{"@type":"WebSite","@id":"https:\/\/www.article-marketing.eu\/comunicati\/#website","url":"https:\/\/www.article-marketing.eu\/comunicati\/","name":"Article Marketing","description":"article marketing &amp; press release","potentialAction":[{"@type":"SearchAction","target":{"@type":"EntryPoint","urlTemplate":"https:\/\/www.article-marketing.eu\/comunicati\/?s={search_term_string}"},"query-input":{"@type":"PropertyValueSpecification","valueRequired":true,"valueName":"search_term_string"}}],"inLanguage":"it-IT"},{"@type":"Person","@id":"https:\/\/www.article-marketing.eu\/comunicati\/#\/schema\/person\/44372e4d4d0fa797b18e03ed1ace9017","name":"Redazione Comunicati Stampa","image":{"@type":"ImageObject","inLanguage":"it-IT","@id":"https:\/\/www.article-marketing.eu\/comunicati\/#\/schema\/person\/image\/","url":"https:\/\/secure.gravatar.com\/avatar\/50e5c6421d3072f42e7ace803501602c60d75233d34e29fd05feb91c8760b792?s=96&d=mm&r=g","contentUrl":"https:\/\/secure.gravatar.com\/avatar\/50e5c6421d3072f42e7ace803501602c60d75233d34e29fd05feb91c8760b792?s=96&d=mm&r=g","caption":"Redazione Comunicati Stampa"},"url":"https:\/\/www.article-marketing.eu\/comunicati\/author\/redazione-comunicati-stampa\/"}]}},"_links":{"self":[{"href":"https:\/\/www.article-marketing.eu\/comunicati\/wp-json\/wp\/v2\/posts\/53966","targetHints":{"allow":["GET"]}}],"collection":[{"href":"https:\/\/www.article-marketing.eu\/comunicati\/wp-json\/wp\/v2\/posts"}],"about":[{"href":"https:\/\/www.article-marketing.eu\/comunicati\/wp-json\/wp\/v2\/types\/post"}],"author":[{"embeddable":true,"href":"https:\/\/www.article-marketing.eu\/comunicati\/wp-json\/wp\/v2\/users\/10"}],"replies":[{"embeddable":true,"href":"https:\/\/www.article-marketing.eu\/comunicati\/wp-json\/wp\/v2\/comments?post=53966"}],"version-history":[{"count":0,"href":"https:\/\/www.article-marketing.eu\/comunicati\/wp-json\/wp\/v2\/posts\/53966\/revisions"}],"wp:attachment":[{"href":"https:\/\/www.article-marketing.eu\/comunicati\/wp-json\/wp\/v2\/media?parent=53966"}],"wp:term":[{"taxonomy":"category","embeddable":true,"href":"https:\/\/www.article-marketing.eu\/comunicati\/wp-json\/wp\/v2\/categories?post=53966"},{"taxonomy":"post_tag","embeddable":true,"href":"https:\/\/www.article-marketing.eu\/comunicati\/wp-json\/wp\/v2\/tags?post=53966"}],"curies":[{"name":"wp","href":"https:\/\/api.w.org\/{rel}","templated":true}]}}