{"id":5397,"date":"2010-06-10T15:38:22","date_gmt":"2010-06-10T13:38:22","guid":{"rendered":"http:\/\/www.article-marketing.eu\/comunicati\/senza-categoria\/due-storie-di-persone-unite-dallamore-e-dalla-voglia-di-donare\/"},"modified":"2010-06-10T15:38:22","modified_gmt":"2010-06-10T13:38:22","slug":"due-storie-di-persone-unite-dallamore-e-dalla-voglia-di-donare","status":"publish","type":"post","link":"https:\/\/www.article-marketing.eu\/comunicati\/societa\/persone\/due-storie-di-persone-unite-dallamore-e-dalla-voglia-di-donare\/","title":{"rendered":"Due storie di persone unite dall&#8217;amore e dalla voglia di donare"},"content":{"rendered":"<p>1<em> \/ da<br \/>\nTracce &#8211; Giugno 2010 \/ Prove di Sussidiariet\u00e0 di Giorgio Vittadini<\/em><\/p>\n<p><strong>UN RAPPORTO DOPO L&#8217;ALTRO, LA RETE CHE HA SOLLEVATO VIOLA<\/strong>\n<\/p>\n<p><em>LA<br \/>\n SOLITUDINE, I FIGLI DA CRESCERE, LA DISOCCUPAZIONE. POI A PARTIRE DAL<br \/>\nPRONTO BANCO, UNA TRAMA DI AIUTI CHE SONO SOLO L&#8217;INIZIO<\/em><\/p>\n<p><p>Viola nasce in un quartiere<br \/>\npopolare di Catania. Subito dopo il matrimonio, dei disturbi la<br \/>\ncostringono ad essere ricoverata pi\u00f9 volte in strutture specializzate.<br \/>\nDiventata madre, ben presto si accorge che i comportamenti del marito,<br \/>\nviolento e aggressivo, influiscono negativamente sulla crescita dei<br \/>\nfigli, seguiti da una neuropsichiatra infantile. Dopo vent&#8217;anni di<br \/>\nconvivenza insostenibile, l\u2019uomo se ne va di casa, senza provvedere in<br \/>\nalcun modo al mantenimento dei ragazzi. \n<\/p>\n<p>Viola, che non pu\u00f2 confidare<br \/>\nnell&#8217;aiuto della propria famiglia, cerca di andare avanti con le proprie<br \/>\n forze facendo lavoretti saltuari, l&#8217;assistente sociale rimane, per<br \/>\nanni, l&#8217;unico sostegno. La situazione, ad un certo punto, si fa pi\u00f9<br \/>\ncritica: i ragazzi non sono in grado di lavorare; Ie risorse dal Comune<br \/>\nvengono a mancare; i lavoretti non sono pi\u00f9 sufficienti. Viola ha 53<br \/>\nanni, per lei \u00e8 sempre pi\u00f9 difficile inserirsi nel mercato del lavoro,<br \/>\nnon ci sono opportunit\u00e0. La sua fragilit\u00e0 psicologica diventa ancora pi\u00f9<br \/>\n invalidante, si chiude definitivamente in casa. Contrae debiti, rischia<br \/>\n lo sfratto, non ha Ie forze per garantire il minimo necessario per la<br \/>\nsopravvivenza ai suoi figli. L&#8217;assistente sociale le suggerisce di<br \/>\ncontattare Pronto Banco, servizio gratuito di accoglienza telefonica<br \/>\nrealizzato dalla Fondazicne Banco Alimentare Onlus in collaborazione con<br \/>\n la cooperativa Et\u00e0 Insieme, e reso operativo grazie a un finanziamento<br \/>\ndelIa Regione Sicilia.<\/p>\n<p><p>Viola<br \/>\n inizia un rapporto con la consulente di Pronto Banco che la ascolta, la<br \/>\n sostiene, la incoraggia, cerca di parlare con i figli. Ma soprattutto,<br \/>\ncontinuando a confrontarsi con l&#8217;assistente sociale e lo psichiatra,<br \/>\ninizia ad allargare la trama di rapporti che \u00e8 necessario coinvolgere:<br \/>\nc&#8217;\u00e9 una donna disperata e i suoi figli da accogliere e sostenere, ci<br \/>\nsono bollette da pagare, lo sfratto da evitare. Viene contattato un<br \/>\nsacerdote che va a trovare Viola e coinvolge nel rapporto con lei anche<br \/>\nle suore vincenziane. Viene chiesto l\u2019intervento della Caritas, il cui<br \/>\ncontributo permette di pagare le bollette e gli arretrati maturati.<\/p>\n<\/p>\n<p>Viola inizia a sentirsi pi\u00f9 sollevata. A questo punto, la<br \/>\nconsulente di Pronto Banco chiede un confronto diretto tra chi \u00e8<br \/>\ncoinvolto e organizza un incontro per stabilire insieme i passi<br \/>\nsuccessivi: i risultati raggiunti sono solo I&#8217;inizio di un percorso ben<br \/>\npi\u00f9 articolato. La riunione \u00e8 fruttuosa: si stabiliscono insieme nuove<br \/>\nstrategie d\u2019intervento, utilizzando al meglo le risorse presenti.\n<\/p>\n<\/p>\n<p>\n<p>L&#8217;incontro<br \/>\n ottiene un altro importante risultato, rinforza ia collaborazione fra<br \/>\nloro, che si riconoscono ora reciprocamente come risorse reali e<br \/>\nfattive. Al di l\u00e0 della situazione contingente. <\/p>\n<\/p>\n<p><p>Nei<br \/>\n mesi successivi la consulente monitora Ia situazione, si aggiorna con<br \/>\ntutti, si sente con Viola. Sa bene che non \u00e8 semplice per lei, per<br \/>\nloro.Viola non \u00e8 in grado di lavorare. Ma ora n\u00e9 la consulente n\u00e9 Viola<br \/>\nsono sole. Come recita il titolo della giornata di<br \/>\nformazione in cui Pronto Banco ha  coinvolto operatori del settore della<br \/>\npubblica assistenza e del non profit di diversa estrazione: \u201dUna rete<br \/>\nnasce valorizzando la persona che s&#8217;incontra&quot;. Ecco chi \u00e8<br \/>\nun protagonista della sussidiariet\u00e0: chi riconosce il valore unico e<br \/>\nirripetibile della singola persona e della sua responsabilit\u00e0, il<br \/>\ncarattere relazionale dell&#8217;esistenza, e, perci\u00f2, il valore della<br \/>\nfamiglia, della comunita locale, delle reti.<\/p>\n<p><em><strong>Giorgio Vittadini, Presidente Fondazione per la Sussidiariet\u00e0<\/strong><\/em><\/p>\n<p>&nbsp;<\/p>\n<\/p>\n<p class=\"rteleft\">2 <em>\/ da<br \/>\nTracce &#8211; Giugno 2010<\/em><\/p>\n<p class=\"rteleft\"><strong>UN PUNTINO BIANCO<\/strong><\/p>\n<p class=\"rteleft\"><strong>Lucrezia<br \/>\n segue la mano del professore sul touch screen. Grafici. Immagini.<br \/>\nPersino un video. &quot;Certo che queste lavagne multimediali sono forti&quot;,<br \/>\npensa fra s\u00e9. &quot;La lezione \u00e8 pi\u00f9 interessante. Bhe, anche il prof \u00e8<br \/>\nbravo. Se l\u2019anno scorso in terza media mi avessero detto che per<br \/>\ndiventare addetta a sala bar e ristorazione, che poi in soldoni signihca<br \/>\n cameriera, avrei studiato tutte queste cose e in questo modo, non ci<br \/>\navrei creduto. Studiare era una parola grossa!&quot;.<\/strong><\/p>\n<p class=\"rteleft\"><strong>Squilla<br \/>\n la campanella dell&#8217;intervallo. Le porte delle aule si spalancano. La<br \/>\nragazza esce in corridoio, si guarda intorno. Pochi minuti e la<br \/>\nraggiungono Veronica e Martina. Chiacchierano. Ridono. Poi passa<br \/>\nAntonella, la tutor del corso. E si ferma li, davanti a loro. &quot;Ciao<br \/>\nragazze, cercavo proprio voi. Ho una proposta&quot;. &quot;Sentiamo, basta che non<br \/>\n sia niente di troppo faticoso&quot;, scherza Martina. &quot;Forse un po&#8217; lo \u00e8&quot;.<br \/>\nDomenica 16 volete venire a Roma dal Papa? Si parte la sera prima in<br \/>\npullman con alcuni studenti della Oliver Twist, le famiglie di Cometa e<br \/>\naltri amici. Si arriva al mattino in San Pietro. Recitiamo il Regina<br \/>\nCoeli con Benedetto XVI e si torna a Como&quot;. &quot;Ma perch\u00e9? Cosa \u00e8 &#8216;sto<br \/>\nRegina cielo?&quot;, incalza Lucrezia. &quot;Regina Coeli. E&#8217; una preghiera a<br \/>\nMaria. E&#8217; per stare vicino al Papa in questo mumento difficile per <\/strong><strong><\/strong><strong><\/strong><strong><\/strong><strong>la Chiesa. Ma<\/strong><strong><br \/>\n \u00e8 anche un modo per farci aiutare da lui sulla strada che ognuno ha da<br \/>\nfare. Per chiedere alla Madonna tutto quello di cui abbiamo bisogno&quot;.<br \/>\n&quot;Anto, per te e importante?&quot;. &quot;Si, molto&quot;. &quot;Ok. Ci pensiamo e domani ti<br \/>\ndiamo la risposta&quot;, conclude Martina.<\/strong><\/p>\n<p class=\"rteleft\"><strong>Tornando<br \/>\n a casa, ne parlano: l\u2019Antonella \u00e8 una tosta, se fa una proposta cos\u00ec,<br \/>\nforse vale la pena. E poi mica l&#8217;ha fatta a tutti. Ha pensato a noi.<br \/>\nCerto, \u00e8 una bella faticata. I pensieri si rincor<\/strong>rono.<br \/>\nLa sera, scambio di telefonate. Poi, la decisione: si va.<\/p>\n<p class=\"rteleft\"><strong>Sabato 15 sono sul piazzale per la<br \/>\npartenza.<\/strong> In pullman si scherza, si canta, si prega, un po\u2019 si<br \/>\ncerca di dormire. Si parla, tanto. IPod e cellulare, portati per far<br \/>\npassare il tempo, rimangono per lo piu spenti. Quando arrivano in San<br \/>\nPietro, la piazza \u00e8 quasi vuota. Poi, piano piano, si riempie. Lucrezia,<br \/>\n seduta per terra, si guarda intomo: banibini, giovani, anziani. C&#8217;\u00e8 di<br \/>\ntutto. Un mare di teste, di voci, di risate, di canti. Poi a un certo<br \/>\npunto tutti si alzano. Lo sguardo puntato in alto. &quot;Cosa succede?&quot;,<br \/>\nchiede Veronica. &quot;Il Papa, lass\u00f9, affacciato alla finestra&quot;. &quot;Quel<br \/>\npuntino bianco?&quot;. Benedetto XVI inizia a parlare, li ringrazia, allarga<br \/>\nle braccia. Le tre amiche hanrio lo sguardo fisso a quel puntino. La<br \/>\nrecita del Regina Coeli. ll lungo applauso finale. Quindici minuti.<br \/>\nVeronica da una gomitata a Lucrezia e Martina: &quot;Guardate&quot;. Una ragazza<br \/>\nha il viso rigato di lacrime. &quot;Sapete, anche io ho qualcosa dentro&#8230;&quot;,<br \/>\ndice Lucrezia. &quot;Pure io&quot;, continua Martina. &quot;E io no? Accidenti. Chi<br \/>\nl&#8217;avrebbe detto. Per\u00f2 che bello!&quot;, conclude Veronica. La piazza si<br \/>\nsvuota lentamente. Le tre ragazze tornano al pullman. Ridono,<br \/>\nscherzano.<\/p>\n<p class=\"rteleft\"><strong>Il<br \/>\ngiorno dopo nei corridoi<\/strong> della Oliver Twist c\u2019\u00e9 un clima<br \/>\nstrano. Un&#8217;allegria nuova, contagiosa. I trenta che sono stati a Roma<br \/>\nhanno raccontato a tutti il viaggio. Lucrezia fa alla compagna di banco:<br \/>\n &quot;E&#8217; stato proprio bello! Non mi ricordo di preciso cosa ha detto il<br \/>\nPapa. Ma ero felice&quot;. &quot;Lo sei anche adesso&quot;, &quot;Si vede?&quot;. &quot;Si&quot;.<\/p>\n<p class=\"rteleft\">All\u2019intervallo<br \/>\n le tre amiche si ritrovano. &quot;Per\u00f2, che roba ieri&quot;, &quot;Eh, si. Chi se lo<br \/>\nscorda&quot;. E Lucrezia: &quot;Gi\u00e0. Ma io voglio riprovare un cosa cosi. E tutta<br \/>\nla mattina che ci penso. Rivoglio un posto cosi&quot;. &quot;Torni a San Pietro?&quot;,<br \/>\n scherza Martina. &quot;No. Lo voglio qua. Sapete cosa vi dico? Sabato vado<br \/>\nin Cometa a fare i pacchi del Banco Alimentare. Me ne ha parlato tempo<br \/>\nfa uno di terza. Si trovano, fanno i pacchi per le famiglie bisogrnose,<br \/>\nmangiano insieme e si raccontano un po&#8217; di cose. Sono felici\u00bb, spiega<br \/>\nLucrezia. &quot;Gia, anche io ne ho semito parlare. Ci sto&quot;. &quot;Anche io.<br \/>\nProviamo. Guardate, sta arrivando Antonella&quot;. &quot;Anto, abbiamo una cosa da<br \/>\n chiederti&#8230;&quot;.<\/p>\n","protected":false},"excerpt":{"rendered":"<p>Qui di seguito vi presentiamo due storie estremamente diverse nei termini, ma uguali nel dono. Come introduzione uso la frase conclusiva della storia raccontata da Giorgio Vittadini (Presidente Fondazione per la Sussidiariet\u00e0):<\/p>\n<p>\u201dUna rete nasce valorizzando Ia persona che s&#8217;lncontra&#8221;. Ecco chi \u00e8 un protagonista della sussidiarlet\u00e0: chi rlconosce il valore unico e irripetibile della slngola persona e della sua responsabilit\u00e0, il carattere relazionale dell&#8217;esistenza, e, perci\u00f2, il valore della famlglia, della comunit\u00e0 locale, delle reti.<\/p>\n<p>Ora a voi la lettura<\/p>\n","protected":false},"author":10,"featured_media":0,"comment_status":"open","ping_status":"open","sticky":false,"template":"","format":"standard","meta":{"cybocfi_hide_featured_image":"","footnotes":""},"categories":[14],"tags":[1989,14946,4549,3861,14949,14945,10276,14951,12326,14950,14952,14953,7714,14948,14947,579,14943,5484,14944,11161,14942],"class_list":["post-5397","post","type-post","status-publish","format-standard","hentry","category-persone","tag-abbondanza","tag-alimentare","tag-alimenti","tag-cibo","tag-colletta","tag-donare","tag-dono","tag-eccedenza","tag-emergenza","tag-fame","tag-non-profit","tag-onlus","tag-poverta","tag-poverta-alimentare","tag-poverta-italia","tag-responsabilita-sociale","tag-siticibo","tag-solidarieta","tag-solitudine","tag-spreco","tag-spreco-alimentare"],"yoast_head":"<!-- This site is optimized with the Yoast SEO plugin v27.0 - https:\/\/yoast.com\/product\/yoast-seo-wordpress\/ -->\n<title>Due storie di persone unite dall&#039;amore e dalla voglia di donare - Article Marketing<\/title>\n<meta name=\"robots\" content=\"index, follow, max-snippet:-1, max-image-preview:large, max-video-preview:-1\" \/>\n<link rel=\"canonical\" href=\"https:\/\/www.article-marketing.eu\/comunicati\/societa\/persone\/due-storie-di-persone-unite-dallamore-e-dalla-voglia-di-donare\/\" \/>\n<meta property=\"og:locale\" content=\"it_IT\" \/>\n<meta property=\"og:type\" content=\"article\" \/>\n<meta property=\"og:title\" content=\"Due storie di persone unite dall&#039;amore e dalla voglia di donare - Article Marketing\" \/>\n<meta property=\"og:description\" content=\"Qui di seguito vi presentiamo due storie estremamente diverse nei termini, ma uguali nel dono. Come introduzione uso la frase conclusiva della storia raccontata da Giorgio Vittadini (Presidente Fondazione per la Sussidiariet\u00e0): \u201dUna rete nasce valorizzando Ia persona che s&#039;lncontra&quot;. Ecco chi \u00e8 un protagonista della sussidiarlet\u00e0: chi rlconosce il valore unico e irripetibile della slngola persona e della sua responsabilit\u00e0, il carattere relazionale dell&#039;esistenza, e, perci\u00f2, il valore della famlglia, della comunit\u00e0 locale, delle reti. Ora a voi la lettura\" \/>\n<meta property=\"og:url\" content=\"https:\/\/www.article-marketing.eu\/comunicati\/societa\/persone\/due-storie-di-persone-unite-dallamore-e-dalla-voglia-di-donare\/\" \/>\n<meta property=\"og:site_name\" content=\"Article Marketing\" \/>\n<meta property=\"article:published_time\" content=\"2010-06-10T13:38:22+00:00\" \/>\n<meta name=\"author\" content=\"Redazione Comunicati Stampa\" \/>\n<meta name=\"twitter:card\" content=\"summary_large_image\" \/>\n<meta name=\"twitter:label1\" content=\"Scritto da\" \/>\n\t<meta name=\"twitter:data1\" content=\"Redazione Comunicati Stampa\" \/>\n\t<meta name=\"twitter:label2\" content=\"Tempo di lettura stimato\" \/>\n\t<meta name=\"twitter:data2\" content=\"6 minuti\" \/>\n<script type=\"application\/ld+json\" class=\"yoast-schema-graph\">{\"@context\":\"https:\/\/schema.org\",\"@graph\":[{\"@type\":\"Article\",\"@id\":\"https:\/\/www.article-marketing.eu\/comunicati\/societa\/persone\/due-storie-di-persone-unite-dallamore-e-dalla-voglia-di-donare\/#article\",\"isPartOf\":{\"@id\":\"https:\/\/www.article-marketing.eu\/comunicati\/societa\/persone\/due-storie-di-persone-unite-dallamore-e-dalla-voglia-di-donare\/\"},\"author\":{\"name\":\"Redazione Comunicati Stampa\",\"@id\":\"https:\/\/www.article-marketing.eu\/comunicati\/#\/schema\/person\/44372e4d4d0fa797b18e03ed1ace9017\"},\"headline\":\"Due storie di persone unite dall&#8217;amore e dalla voglia di donare\",\"datePublished\":\"2010-06-10T13:38:22+00:00\",\"mainEntityOfPage\":{\"@id\":\"https:\/\/www.article-marketing.eu\/comunicati\/societa\/persone\/due-storie-di-persone-unite-dallamore-e-dalla-voglia-di-donare\/\"},\"wordCount\":1305,\"commentCount\":0,\"keywords\":[\"abbondanza\",\"alimentare\",\"alimenti\",\"cibo\",\"colletta\",\"donare\",\"dono\",\"eccedenza\",\"emergenza\",\"fame\",\"non profit\",\"onlus\",\"povert\u00e0\",\"povert\u00e0 alimentare\",\"povert\u00e0 Italia\",\"responsabilit\u00e0 sociale\",\"siticibo\",\"solidariet\u00e0\",\"solitudine\",\"spreco\",\"spreco alimentare\"],\"articleSection\":[\"Persone\"],\"inLanguage\":\"it-IT\",\"potentialAction\":[{\"@type\":\"CommentAction\",\"name\":\"Comment\",\"target\":[\"https:\/\/www.article-marketing.eu\/comunicati\/societa\/persone\/due-storie-di-persone-unite-dallamore-e-dalla-voglia-di-donare\/#respond\"]}]},{\"@type\":\"WebPage\",\"@id\":\"https:\/\/www.article-marketing.eu\/comunicati\/societa\/persone\/due-storie-di-persone-unite-dallamore-e-dalla-voglia-di-donare\/\",\"url\":\"https:\/\/www.article-marketing.eu\/comunicati\/societa\/persone\/due-storie-di-persone-unite-dallamore-e-dalla-voglia-di-donare\/\",\"name\":\"Due storie di persone unite dall'amore e dalla voglia di donare - Article Marketing\",\"isPartOf\":{\"@id\":\"https:\/\/www.article-marketing.eu\/comunicati\/#website\"},\"datePublished\":\"2010-06-10T13:38:22+00:00\",\"author\":{\"@id\":\"https:\/\/www.article-marketing.eu\/comunicati\/#\/schema\/person\/44372e4d4d0fa797b18e03ed1ace9017\"},\"breadcrumb\":{\"@id\":\"https:\/\/www.article-marketing.eu\/comunicati\/societa\/persone\/due-storie-di-persone-unite-dallamore-e-dalla-voglia-di-donare\/#breadcrumb\"},\"inLanguage\":\"it-IT\",\"potentialAction\":[{\"@type\":\"ReadAction\",\"target\":[\"https:\/\/www.article-marketing.eu\/comunicati\/societa\/persone\/due-storie-di-persone-unite-dallamore-e-dalla-voglia-di-donare\/\"]}]},{\"@type\":\"BreadcrumbList\",\"@id\":\"https:\/\/www.article-marketing.eu\/comunicati\/societa\/persone\/due-storie-di-persone-unite-dallamore-e-dalla-voglia-di-donare\/#breadcrumb\",\"itemListElement\":[{\"@type\":\"ListItem\",\"position\":1,\"name\":\"Home\",\"item\":\"https:\/\/www.article-marketing.eu\/comunicati\/\"},{\"@type\":\"ListItem\",\"position\":2,\"name\":\"Due storie di persone unite dall&#8217;amore e dalla voglia di donare\"}]},{\"@type\":\"WebSite\",\"@id\":\"https:\/\/www.article-marketing.eu\/comunicati\/#website\",\"url\":\"https:\/\/www.article-marketing.eu\/comunicati\/\",\"name\":\"Article Marketing\",\"description\":\"article marketing &amp; press release\",\"potentialAction\":[{\"@type\":\"SearchAction\",\"target\":{\"@type\":\"EntryPoint\",\"urlTemplate\":\"https:\/\/www.article-marketing.eu\/comunicati\/?s={search_term_string}\"},\"query-input\":{\"@type\":\"PropertyValueSpecification\",\"valueRequired\":true,\"valueName\":\"search_term_string\"}}],\"inLanguage\":\"it-IT\"},{\"@type\":\"Person\",\"@id\":\"https:\/\/www.article-marketing.eu\/comunicati\/#\/schema\/person\/44372e4d4d0fa797b18e03ed1ace9017\",\"name\":\"Redazione Comunicati Stampa\",\"image\":{\"@type\":\"ImageObject\",\"inLanguage\":\"it-IT\",\"@id\":\"https:\/\/www.article-marketing.eu\/comunicati\/#\/schema\/person\/image\/\",\"url\":\"https:\/\/secure.gravatar.com\/avatar\/50e5c6421d3072f42e7ace803501602c60d75233d34e29fd05feb91c8760b792?s=96&d=mm&r=g\",\"contentUrl\":\"https:\/\/secure.gravatar.com\/avatar\/50e5c6421d3072f42e7ace803501602c60d75233d34e29fd05feb91c8760b792?s=96&d=mm&r=g\",\"caption\":\"Redazione Comunicati Stampa\"},\"url\":\"https:\/\/www.article-marketing.eu\/comunicati\/author\/redazione-comunicati-stampa\/\"}]}<\/script>\n<!-- \/ Yoast SEO plugin. -->","yoast_head_json":{"title":"Due storie di persone unite dall'amore e dalla voglia di donare - Article Marketing","robots":{"index":"index","follow":"follow","max-snippet":"max-snippet:-1","max-image-preview":"max-image-preview:large","max-video-preview":"max-video-preview:-1"},"canonical":"https:\/\/www.article-marketing.eu\/comunicati\/societa\/persone\/due-storie-di-persone-unite-dallamore-e-dalla-voglia-di-donare\/","og_locale":"it_IT","og_type":"article","og_title":"Due storie di persone unite dall'amore e dalla voglia di donare - Article Marketing","og_description":"Qui di seguito vi presentiamo due storie estremamente diverse nei termini, ma uguali nel dono. Come introduzione uso la frase conclusiva della storia raccontata da Giorgio Vittadini (Presidente Fondazione per la Sussidiariet\u00e0): \u201dUna rete nasce valorizzando Ia persona che s'lncontra\". Ecco chi \u00e8 un protagonista della sussidiarlet\u00e0: chi rlconosce il valore unico e irripetibile della slngola persona e della sua responsabilit\u00e0, il carattere relazionale dell'esistenza, e, perci\u00f2, il valore della famlglia, della comunit\u00e0 locale, delle reti. Ora a voi la lettura","og_url":"https:\/\/www.article-marketing.eu\/comunicati\/societa\/persone\/due-storie-di-persone-unite-dallamore-e-dalla-voglia-di-donare\/","og_site_name":"Article Marketing","article_published_time":"2010-06-10T13:38:22+00:00","author":"Redazione Comunicati Stampa","twitter_card":"summary_large_image","twitter_misc":{"Scritto da":"Redazione Comunicati Stampa","Tempo di lettura stimato":"6 minuti"},"schema":{"@context":"https:\/\/schema.org","@graph":[{"@type":"Article","@id":"https:\/\/www.article-marketing.eu\/comunicati\/societa\/persone\/due-storie-di-persone-unite-dallamore-e-dalla-voglia-di-donare\/#article","isPartOf":{"@id":"https:\/\/www.article-marketing.eu\/comunicati\/societa\/persone\/due-storie-di-persone-unite-dallamore-e-dalla-voglia-di-donare\/"},"author":{"name":"Redazione Comunicati Stampa","@id":"https:\/\/www.article-marketing.eu\/comunicati\/#\/schema\/person\/44372e4d4d0fa797b18e03ed1ace9017"},"headline":"Due storie di persone unite dall&#8217;amore e dalla voglia di donare","datePublished":"2010-06-10T13:38:22+00:00","mainEntityOfPage":{"@id":"https:\/\/www.article-marketing.eu\/comunicati\/societa\/persone\/due-storie-di-persone-unite-dallamore-e-dalla-voglia-di-donare\/"},"wordCount":1305,"commentCount":0,"keywords":["abbondanza","alimentare","alimenti","cibo","colletta","donare","dono","eccedenza","emergenza","fame","non profit","onlus","povert\u00e0","povert\u00e0 alimentare","povert\u00e0 Italia","responsabilit\u00e0 sociale","siticibo","solidariet\u00e0","solitudine","spreco","spreco alimentare"],"articleSection":["Persone"],"inLanguage":"it-IT","potentialAction":[{"@type":"CommentAction","name":"Comment","target":["https:\/\/www.article-marketing.eu\/comunicati\/societa\/persone\/due-storie-di-persone-unite-dallamore-e-dalla-voglia-di-donare\/#respond"]}]},{"@type":"WebPage","@id":"https:\/\/www.article-marketing.eu\/comunicati\/societa\/persone\/due-storie-di-persone-unite-dallamore-e-dalla-voglia-di-donare\/","url":"https:\/\/www.article-marketing.eu\/comunicati\/societa\/persone\/due-storie-di-persone-unite-dallamore-e-dalla-voglia-di-donare\/","name":"Due storie di persone unite dall'amore e dalla voglia di donare - Article Marketing","isPartOf":{"@id":"https:\/\/www.article-marketing.eu\/comunicati\/#website"},"datePublished":"2010-06-10T13:38:22+00:00","author":{"@id":"https:\/\/www.article-marketing.eu\/comunicati\/#\/schema\/person\/44372e4d4d0fa797b18e03ed1ace9017"},"breadcrumb":{"@id":"https:\/\/www.article-marketing.eu\/comunicati\/societa\/persone\/due-storie-di-persone-unite-dallamore-e-dalla-voglia-di-donare\/#breadcrumb"},"inLanguage":"it-IT","potentialAction":[{"@type":"ReadAction","target":["https:\/\/www.article-marketing.eu\/comunicati\/societa\/persone\/due-storie-di-persone-unite-dallamore-e-dalla-voglia-di-donare\/"]}]},{"@type":"BreadcrumbList","@id":"https:\/\/www.article-marketing.eu\/comunicati\/societa\/persone\/due-storie-di-persone-unite-dallamore-e-dalla-voglia-di-donare\/#breadcrumb","itemListElement":[{"@type":"ListItem","position":1,"name":"Home","item":"https:\/\/www.article-marketing.eu\/comunicati\/"},{"@type":"ListItem","position":2,"name":"Due storie di persone unite dall&#8217;amore e dalla voglia di donare"}]},{"@type":"WebSite","@id":"https:\/\/www.article-marketing.eu\/comunicati\/#website","url":"https:\/\/www.article-marketing.eu\/comunicati\/","name":"Article Marketing","description":"article marketing &amp; press release","potentialAction":[{"@type":"SearchAction","target":{"@type":"EntryPoint","urlTemplate":"https:\/\/www.article-marketing.eu\/comunicati\/?s={search_term_string}"},"query-input":{"@type":"PropertyValueSpecification","valueRequired":true,"valueName":"search_term_string"}}],"inLanguage":"it-IT"},{"@type":"Person","@id":"https:\/\/www.article-marketing.eu\/comunicati\/#\/schema\/person\/44372e4d4d0fa797b18e03ed1ace9017","name":"Redazione Comunicati Stampa","image":{"@type":"ImageObject","inLanguage":"it-IT","@id":"https:\/\/www.article-marketing.eu\/comunicati\/#\/schema\/person\/image\/","url":"https:\/\/secure.gravatar.com\/avatar\/50e5c6421d3072f42e7ace803501602c60d75233d34e29fd05feb91c8760b792?s=96&d=mm&r=g","contentUrl":"https:\/\/secure.gravatar.com\/avatar\/50e5c6421d3072f42e7ace803501602c60d75233d34e29fd05feb91c8760b792?s=96&d=mm&r=g","caption":"Redazione Comunicati Stampa"},"url":"https:\/\/www.article-marketing.eu\/comunicati\/author\/redazione-comunicati-stampa\/"}]}},"_links":{"self":[{"href":"https:\/\/www.article-marketing.eu\/comunicati\/wp-json\/wp\/v2\/posts\/5397","targetHints":{"allow":["GET"]}}],"collection":[{"href":"https:\/\/www.article-marketing.eu\/comunicati\/wp-json\/wp\/v2\/posts"}],"about":[{"href":"https:\/\/www.article-marketing.eu\/comunicati\/wp-json\/wp\/v2\/types\/post"}],"author":[{"embeddable":true,"href":"https:\/\/www.article-marketing.eu\/comunicati\/wp-json\/wp\/v2\/users\/10"}],"replies":[{"embeddable":true,"href":"https:\/\/www.article-marketing.eu\/comunicati\/wp-json\/wp\/v2\/comments?post=5397"}],"version-history":[{"count":0,"href":"https:\/\/www.article-marketing.eu\/comunicati\/wp-json\/wp\/v2\/posts\/5397\/revisions"}],"wp:attachment":[{"href":"https:\/\/www.article-marketing.eu\/comunicati\/wp-json\/wp\/v2\/media?parent=5397"}],"wp:term":[{"taxonomy":"category","embeddable":true,"href":"https:\/\/www.article-marketing.eu\/comunicati\/wp-json\/wp\/v2\/categories?post=5397"},{"taxonomy":"post_tag","embeddable":true,"href":"https:\/\/www.article-marketing.eu\/comunicati\/wp-json\/wp\/v2\/tags?post=5397"}],"curies":[{"name":"wp","href":"https:\/\/api.w.org\/{rel}","templated":true}]}}