{"id":5398,"date":"2010-06-10T16:14:49","date_gmt":"2010-06-10T14:14:49","guid":{"rendered":"http:\/\/www.article-marketing.eu\/comunicati\/senza-categoria\/la-notte-rosa-2010-a-rimini\/"},"modified":"2010-06-10T16:14:49","modified_gmt":"2010-06-10T14:14:49","slug":"la-notte-rosa-2010-a-rimini","status":"publish","type":"post","link":"https:\/\/www.article-marketing.eu\/comunicati\/comunicati-stampa\/eventi\/la-notte-rosa-2010-a-rimini\/","title":{"rendered":"La Notte  Rosa  2010 a  Rimini"},"content":{"rendered":"<p>\n Da venerdi 2 luglio a domenica 4 luglio passerete il pi\u00f9 divertente week end dell&#8217;estate, in un clima di festa e amicizia, adatto per giovani e famiglie, in grado di soddisfare ogni esigenza.<br \/>Si, proprio un week end.quest&#8217;estate la Notte Rosa, non sar\u00e0 pi\u00f9 una sola notte ma un intero week end per prolungare la festa estiva pi\u00f9 grande d&#8217;Italia.<\/p>\n<p>Lunngo 110 km di Riviera Adriatica arriva la VI edizione della Notte Rosa.<br \/>Rimini, citt\u00e0 principale offre numerosissimi eventi per tutto il week end, spettacoli, concerti, mercatini e tanto altro ancora.<\/p>\n<p>&nbsp;Quest&#8217;anno acqista per la prima volta un tema, &quot;la Dolce Vita&quot; pellicola del grande Fellini, regista romagolo che ha fatto conoscere la sua terra natale grazie ad i suoi film sar\u00e0 il tema di questa edizione portando tutto ad un clima un po glamur , verso gli anni 60-70.<br \/>&nbsp;<br \/>Il principale concerto che si tiene tutti gli anni in piazza Fellini ospiter\u00e0 per questa edizione sul palco Marco Mengoni, vinicitore del programma televisivo X-Factor e secondo classificato a San Remo 2010.<\/p>\n<p>La Corte degli Agostiniani propone una serata culturale, sul palco gli Afterhours si cimenteranno in un concerto-reading dedicato agli scritti di Ennio Flaiano, coautore della Dolce Vita assieme al grande regista romagonlo Fellini.<\/p>\n<p>A mezzanotte le spiagge della riviera romagonla saranno illuminate di rosa dai bagliori del entusiasmante spettacolo pirotecnico che si terr\u00e0 presso tutte le spiagge in contemporanea.<\/p>\n<p>Sul palco di Piazzale Fellini salir\u00e0 anche il cantante e compositore Mario Biondi.<br \/>A conclusione della serata il pianista Piovani Nicola regaler\u00e0 un concerto&nbsp; a tutti i presenti pronti a salutare il nuovo giorno,in spiaggia o per le vie del lungomare,con lo sputare delle prime luci e pronti per un nuovo giorno di festa.<\/p>\n<p>Oltre ad i grandi eventi la Notte Rosa Rimini 2010 \u00e8 caratterizzata da tantissimi concerti o famosi dj che animeranno le serate&nbsp; presso i locali e i ristoranti della riviera.<\/p>\n<p>I monumenti, l&#8217;illuminazione ,i luoghi di particolare importanza e tutto il contesto acquisteranno il colore rosa,tappa fondamentale \u00e8 il bellissimo ponte Tiberio che in occasione della Notte Rosa si colora del medesimo colore.<\/p>\n<p>Anche la gastronomia sar\u00e0 coinvolta nella scenografia, infatti i cuochi romagnoli delizierano gli ospiti con gustose pietanze rigorosamente color rosa.<br \/>Un enorme successo hanno gi\u00e0 riscosso nelle edizioni passate&nbsp; le &quot;piadine romagnole rosa&quot;, tipico alimento della romagna che per l&#8217;occasione si colora di rosa.<\/p>\n<p>Chiunque volesse essere presente al grande capodanno estivo, che porta a se migliaia di persone valicando i confini nazionali pu\u00f2 prenotare presso uno dei prestigiosi <a href=\"http:\/\/notterosa.italhotels.com\/alberghi-rimini.php\">Hotel a Rimini per Notte Rosa<\/a>, a due passi dal mare, sempre all&#8217;avanguaridia in fatto di servizi, cordiali per un week end di puro divertimento e relax.<br \/>&nbsp;<\/p>\n","protected":false},"excerpt":{"rendered":"<p>La Notte Rosa 2010 a Rimini, quest&#8217;anno per tutto un week end partendo venerdi 2 luglio e terminando domenica 4 luglio.<br \/>\nUn week end rosa all&#8217;insegna di divertimento , con tantissimi concerti, spettacoli, ospiti famosi e migliali di persone che arrivano in Riviera per festeggiare il capodanno estivo.<\/p>\n","protected":false},"author":10,"featured_media":0,"comment_status":"open","ping_status":"open","sticky":false,"template":"","format":"standard","meta":{"cybocfi_hide_featured_image":"","footnotes":""},"categories":[388],"tags":[6430,14604,15129,15130],"class_list":["post-5398","post","type-post","status-publish","format-standard","hentry","category-eventi","tag-notte-rosa","tag-notte-rosa-2010","tag-notte-rosa-2010-rimini","tag-notte-rosa-rimini"],"yoast_head":"<!-- This site is optimized with the Yoast SEO plugin v27.0 - https:\/\/yoast.com\/product\/yoast-seo-wordpress\/ -->\n<title>La Notte Rosa 2010 a Rimini - Article Marketing<\/title>\n<meta name=\"robots\" content=\"index, follow, max-snippet:-1, max-image-preview:large, max-video-preview:-1\" \/>\n<link rel=\"canonical\" href=\"https:\/\/www.article-marketing.eu\/comunicati\/comunicati-stampa\/eventi\/la-notte-rosa-2010-a-rimini\/\" \/>\n<meta property=\"og:locale\" content=\"it_IT\" \/>\n<meta property=\"og:type\" content=\"article\" \/>\n<meta property=\"og:title\" content=\"La Notte Rosa 2010 a Rimini - Article Marketing\" \/>\n<meta property=\"og:description\" content=\"La Notte Rosa 2010 a Rimini, quest&#039;anno per tutto un week end partendo venerdi 2 luglio e terminando domenica 4 luglio. Un week end rosa all&#039;insegna di divertimento , con tantissimi concerti, spettacoli, ospiti famosi e migliali di persone che arrivano in Riviera per festeggiare il capodanno estivo.\" \/>\n<meta property=\"og:url\" content=\"https:\/\/www.article-marketing.eu\/comunicati\/comunicati-stampa\/eventi\/la-notte-rosa-2010-a-rimini\/\" \/>\n<meta property=\"og:site_name\" content=\"Article Marketing\" \/>\n<meta property=\"article:published_time\" content=\"2010-06-10T14:14:49+00:00\" \/>\n<meta name=\"author\" content=\"Redazione Comunicati Stampa\" \/>\n<meta name=\"twitter:card\" content=\"summary_large_image\" \/>\n<meta name=\"twitter:label1\" content=\"Scritto da\" \/>\n\t<meta name=\"twitter:data1\" content=\"Redazione Comunicati Stampa\" \/>\n\t<meta name=\"twitter:label2\" content=\"Tempo di lettura stimato\" \/>\n\t<meta name=\"twitter:data2\" content=\"2 minuti\" \/>\n<script type=\"application\/ld+json\" class=\"yoast-schema-graph\">{\"@context\":\"https:\/\/schema.org\",\"@graph\":[{\"@type\":\"Article\",\"@id\":\"https:\/\/www.article-marketing.eu\/comunicati\/comunicati-stampa\/eventi\/la-notte-rosa-2010-a-rimini\/#article\",\"isPartOf\":{\"@id\":\"https:\/\/www.article-marketing.eu\/comunicati\/comunicati-stampa\/eventi\/la-notte-rosa-2010-a-rimini\/\"},\"author\":{\"name\":\"Redazione Comunicati Stampa\",\"@id\":\"https:\/\/www.article-marketing.eu\/comunicati\/#\/schema\/person\/44372e4d4d0fa797b18e03ed1ace9017\"},\"headline\":\"La Notte Rosa 2010 a Rimini\",\"datePublished\":\"2010-06-10T14:14:49+00:00\",\"mainEntityOfPage\":{\"@id\":\"https:\/\/www.article-marketing.eu\/comunicati\/comunicati-stampa\/eventi\/la-notte-rosa-2010-a-rimini\/\"},\"wordCount\":455,\"commentCount\":0,\"keywords\":[\"notte rosa\",\"Notte Rosa 2010\",\"Notte Rosa 2010 Rimini\",\"Notte Rosa Rimini\"],\"articleSection\":[\"Eventi\"],\"inLanguage\":\"it-IT\",\"potentialAction\":[{\"@type\":\"CommentAction\",\"name\":\"Comment\",\"target\":[\"https:\/\/www.article-marketing.eu\/comunicati\/comunicati-stampa\/eventi\/la-notte-rosa-2010-a-rimini\/#respond\"]}]},{\"@type\":\"WebPage\",\"@id\":\"https:\/\/www.article-marketing.eu\/comunicati\/comunicati-stampa\/eventi\/la-notte-rosa-2010-a-rimini\/\",\"url\":\"https:\/\/www.article-marketing.eu\/comunicati\/comunicati-stampa\/eventi\/la-notte-rosa-2010-a-rimini\/\",\"name\":\"La Notte Rosa 2010 a Rimini - Article Marketing\",\"isPartOf\":{\"@id\":\"https:\/\/www.article-marketing.eu\/comunicati\/#website\"},\"datePublished\":\"2010-06-10T14:14:49+00:00\",\"author\":{\"@id\":\"https:\/\/www.article-marketing.eu\/comunicati\/#\/schema\/person\/44372e4d4d0fa797b18e03ed1ace9017\"},\"breadcrumb\":{\"@id\":\"https:\/\/www.article-marketing.eu\/comunicati\/comunicati-stampa\/eventi\/la-notte-rosa-2010-a-rimini\/#breadcrumb\"},\"inLanguage\":\"it-IT\",\"potentialAction\":[{\"@type\":\"ReadAction\",\"target\":[\"https:\/\/www.article-marketing.eu\/comunicati\/comunicati-stampa\/eventi\/la-notte-rosa-2010-a-rimini\/\"]}]},{\"@type\":\"BreadcrumbList\",\"@id\":\"https:\/\/www.article-marketing.eu\/comunicati\/comunicati-stampa\/eventi\/la-notte-rosa-2010-a-rimini\/#breadcrumb\",\"itemListElement\":[{\"@type\":\"ListItem\",\"position\":1,\"name\":\"Home\",\"item\":\"https:\/\/www.article-marketing.eu\/comunicati\/\"},{\"@type\":\"ListItem\",\"position\":2,\"name\":\"La Notte Rosa 2010 a Rimini\"}]},{\"@type\":\"WebSite\",\"@id\":\"https:\/\/www.article-marketing.eu\/comunicati\/#website\",\"url\":\"https:\/\/www.article-marketing.eu\/comunicati\/\",\"name\":\"Article Marketing\",\"description\":\"article marketing &amp; press release\",\"potentialAction\":[{\"@type\":\"SearchAction\",\"target\":{\"@type\":\"EntryPoint\",\"urlTemplate\":\"https:\/\/www.article-marketing.eu\/comunicati\/?s={search_term_string}\"},\"query-input\":{\"@type\":\"PropertyValueSpecification\",\"valueRequired\":true,\"valueName\":\"search_term_string\"}}],\"inLanguage\":\"it-IT\"},{\"@type\":\"Person\",\"@id\":\"https:\/\/www.article-marketing.eu\/comunicati\/#\/schema\/person\/44372e4d4d0fa797b18e03ed1ace9017\",\"name\":\"Redazione Comunicati Stampa\",\"image\":{\"@type\":\"ImageObject\",\"inLanguage\":\"it-IT\",\"@id\":\"https:\/\/www.article-marketing.eu\/comunicati\/#\/schema\/person\/image\/\",\"url\":\"https:\/\/secure.gravatar.com\/avatar\/50e5c6421d3072f42e7ace803501602c60d75233d34e29fd05feb91c8760b792?s=96&d=mm&r=g\",\"contentUrl\":\"https:\/\/secure.gravatar.com\/avatar\/50e5c6421d3072f42e7ace803501602c60d75233d34e29fd05feb91c8760b792?s=96&d=mm&r=g\",\"caption\":\"Redazione Comunicati Stampa\"},\"url\":\"https:\/\/www.article-marketing.eu\/comunicati\/author\/redazione-comunicati-stampa\/\"}]}<\/script>\n<!-- \/ Yoast SEO plugin. -->","yoast_head_json":{"title":"La Notte Rosa 2010 a Rimini - Article Marketing","robots":{"index":"index","follow":"follow","max-snippet":"max-snippet:-1","max-image-preview":"max-image-preview:large","max-video-preview":"max-video-preview:-1"},"canonical":"https:\/\/www.article-marketing.eu\/comunicati\/comunicati-stampa\/eventi\/la-notte-rosa-2010-a-rimini\/","og_locale":"it_IT","og_type":"article","og_title":"La Notte Rosa 2010 a Rimini - Article Marketing","og_description":"La Notte Rosa 2010 a Rimini, quest'anno per tutto un week end partendo venerdi 2 luglio e terminando domenica 4 luglio. Un week end rosa all'insegna di divertimento , con tantissimi concerti, spettacoli, ospiti famosi e migliali di persone che arrivano in Riviera per festeggiare il capodanno estivo.","og_url":"https:\/\/www.article-marketing.eu\/comunicati\/comunicati-stampa\/eventi\/la-notte-rosa-2010-a-rimini\/","og_site_name":"Article Marketing","article_published_time":"2010-06-10T14:14:49+00:00","author":"Redazione Comunicati Stampa","twitter_card":"summary_large_image","twitter_misc":{"Scritto da":"Redazione Comunicati Stampa","Tempo di lettura stimato":"2 minuti"},"schema":{"@context":"https:\/\/schema.org","@graph":[{"@type":"Article","@id":"https:\/\/www.article-marketing.eu\/comunicati\/comunicati-stampa\/eventi\/la-notte-rosa-2010-a-rimini\/#article","isPartOf":{"@id":"https:\/\/www.article-marketing.eu\/comunicati\/comunicati-stampa\/eventi\/la-notte-rosa-2010-a-rimini\/"},"author":{"name":"Redazione Comunicati Stampa","@id":"https:\/\/www.article-marketing.eu\/comunicati\/#\/schema\/person\/44372e4d4d0fa797b18e03ed1ace9017"},"headline":"La Notte Rosa 2010 a Rimini","datePublished":"2010-06-10T14:14:49+00:00","mainEntityOfPage":{"@id":"https:\/\/www.article-marketing.eu\/comunicati\/comunicati-stampa\/eventi\/la-notte-rosa-2010-a-rimini\/"},"wordCount":455,"commentCount":0,"keywords":["notte rosa","Notte Rosa 2010","Notte Rosa 2010 Rimini","Notte Rosa Rimini"],"articleSection":["Eventi"],"inLanguage":"it-IT","potentialAction":[{"@type":"CommentAction","name":"Comment","target":["https:\/\/www.article-marketing.eu\/comunicati\/comunicati-stampa\/eventi\/la-notte-rosa-2010-a-rimini\/#respond"]}]},{"@type":"WebPage","@id":"https:\/\/www.article-marketing.eu\/comunicati\/comunicati-stampa\/eventi\/la-notte-rosa-2010-a-rimini\/","url":"https:\/\/www.article-marketing.eu\/comunicati\/comunicati-stampa\/eventi\/la-notte-rosa-2010-a-rimini\/","name":"La Notte Rosa 2010 a Rimini - Article Marketing","isPartOf":{"@id":"https:\/\/www.article-marketing.eu\/comunicati\/#website"},"datePublished":"2010-06-10T14:14:49+00:00","author":{"@id":"https:\/\/www.article-marketing.eu\/comunicati\/#\/schema\/person\/44372e4d4d0fa797b18e03ed1ace9017"},"breadcrumb":{"@id":"https:\/\/www.article-marketing.eu\/comunicati\/comunicati-stampa\/eventi\/la-notte-rosa-2010-a-rimini\/#breadcrumb"},"inLanguage":"it-IT","potentialAction":[{"@type":"ReadAction","target":["https:\/\/www.article-marketing.eu\/comunicati\/comunicati-stampa\/eventi\/la-notte-rosa-2010-a-rimini\/"]}]},{"@type":"BreadcrumbList","@id":"https:\/\/www.article-marketing.eu\/comunicati\/comunicati-stampa\/eventi\/la-notte-rosa-2010-a-rimini\/#breadcrumb","itemListElement":[{"@type":"ListItem","position":1,"name":"Home","item":"https:\/\/www.article-marketing.eu\/comunicati\/"},{"@type":"ListItem","position":2,"name":"La Notte Rosa 2010 a Rimini"}]},{"@type":"WebSite","@id":"https:\/\/www.article-marketing.eu\/comunicati\/#website","url":"https:\/\/www.article-marketing.eu\/comunicati\/","name":"Article Marketing","description":"article marketing &amp; press release","potentialAction":[{"@type":"SearchAction","target":{"@type":"EntryPoint","urlTemplate":"https:\/\/www.article-marketing.eu\/comunicati\/?s={search_term_string}"},"query-input":{"@type":"PropertyValueSpecification","valueRequired":true,"valueName":"search_term_string"}}],"inLanguage":"it-IT"},{"@type":"Person","@id":"https:\/\/www.article-marketing.eu\/comunicati\/#\/schema\/person\/44372e4d4d0fa797b18e03ed1ace9017","name":"Redazione Comunicati Stampa","image":{"@type":"ImageObject","inLanguage":"it-IT","@id":"https:\/\/www.article-marketing.eu\/comunicati\/#\/schema\/person\/image\/","url":"https:\/\/secure.gravatar.com\/avatar\/50e5c6421d3072f42e7ace803501602c60d75233d34e29fd05feb91c8760b792?s=96&d=mm&r=g","contentUrl":"https:\/\/secure.gravatar.com\/avatar\/50e5c6421d3072f42e7ace803501602c60d75233d34e29fd05feb91c8760b792?s=96&d=mm&r=g","caption":"Redazione Comunicati Stampa"},"url":"https:\/\/www.article-marketing.eu\/comunicati\/author\/redazione-comunicati-stampa\/"}]}},"_links":{"self":[{"href":"https:\/\/www.article-marketing.eu\/comunicati\/wp-json\/wp\/v2\/posts\/5398","targetHints":{"allow":["GET"]}}],"collection":[{"href":"https:\/\/www.article-marketing.eu\/comunicati\/wp-json\/wp\/v2\/posts"}],"about":[{"href":"https:\/\/www.article-marketing.eu\/comunicati\/wp-json\/wp\/v2\/types\/post"}],"author":[{"embeddable":true,"href":"https:\/\/www.article-marketing.eu\/comunicati\/wp-json\/wp\/v2\/users\/10"}],"replies":[{"embeddable":true,"href":"https:\/\/www.article-marketing.eu\/comunicati\/wp-json\/wp\/v2\/comments?post=5398"}],"version-history":[{"count":0,"href":"https:\/\/www.article-marketing.eu\/comunicati\/wp-json\/wp\/v2\/posts\/5398\/revisions"}],"wp:attachment":[{"href":"https:\/\/www.article-marketing.eu\/comunicati\/wp-json\/wp\/v2\/media?parent=5398"}],"wp:term":[{"taxonomy":"category","embeddable":true,"href":"https:\/\/www.article-marketing.eu\/comunicati\/wp-json\/wp\/v2\/categories?post=5398"},{"taxonomy":"post_tag","embeddable":true,"href":"https:\/\/www.article-marketing.eu\/comunicati\/wp-json\/wp\/v2\/tags?post=5398"}],"curies":[{"name":"wp","href":"https:\/\/api.w.org\/{rel}","templated":true}]}}