{"id":5400,"date":"2010-06-10T17:51:19","date_gmt":"2010-06-10T15:51:19","guid":{"rendered":"http:\/\/www.article-marketing.eu\/comunicati\/senza-categoria\/ennio-rega-prossima-la-pubblicazione-del-quarto-album\/"},"modified":"2010-06-10T17:51:19","modified_gmt":"2010-06-10T15:51:19","slug":"ennio-rega-prossima-la-pubblicazione-del-quarto-album","status":"publish","type":"post","link":"https:\/\/www.article-marketing.eu\/comunicati\/arte-e-cultura\/musica\/ennio-rega-prossima-la-pubblicazione-del-quarto-album\/","title":{"rendered":"ETHNOS il nuovo album &#8220;O Bannu&#8221;"},"content":{"rendered":"<p style=\"TEXT-ALIGN: justify\">Ethnos nasce da un progetto di <strong>Graziano Accinni<\/strong>, collaboratore e chitarrista di Mango dal 1981 al 2005, compositore e performer molto apprezzato, collabora tra gli altri con Mina e Jan Anderson. La passione manifestata dall\u2019eclettico chitarrista lucano nella <strong>riscoperta musicale della storia della Basilicata<\/strong>, muove dalla convinzione che il vissuto di ogni comunit\u00e0 possa coincidere con nuove letture interpretative e forme espressive contemporanee: se ogni comunit\u00e0 sar\u00e0&nbsp; capace di ripensare in maniera creativa e critica il suo passato, la coscienza di esso permetter\u00e0 sia di individuare la distanza che lo separa dal presente che di essere rievocato e valorizzato.&nbsp; Nei 16 brani dell\u2019album \u201c<strong>O BANNU<\/strong>\u201d (dalla figura del banditore ormai scomparsa, che lancia un ultimo grido di una profezia inascoltata),&nbsp;&nbsp; scorre la vita della civilt\u00e0 contadina del popolo lucano, un\u2019umanit\u00e0 che non crede in monachicchi, streghe e filtri magici, ma ne conserva la ritualit\u00e0, i gesti, ma anche i suoni, i sapori e i colori. <\/p>\n<p style=\"TEXT-ALIGN: justify\">Questo repertorio appartiene a quei musicanti provenienti dalla <strong>Valle dell&#8217;Agri<\/strong> in provincia di <strong>Potenz<\/strong>a, che con i loro strumenti: <strong>arpa popolare<\/strong>, violino&nbsp;, mandolino, flauto e chitarra, giravano il mondo, dall&#8217;Australia alla Francia, dall\u2019Inghilterra alle&nbsp; Americhe proponendo i loro repertori antichissimi.&nbsp; <strong>Ethnos<\/strong>&nbsp; trasforma nenie, canti alla Madonna, tarantelle e ballate popolari in brani dalle caratteristiche tecniche nuove. L&#8217;incrocio delle voci interpretate con le chitarre danno luogo a una variet\u00e0 di echi che rimandano alla cultura greca e marocchina, &nbsp;altre voci ci riportano inconsapevolmente alla cultura andalusa e al Fado portoghese: un\u2019antica tarantella \u00e8 suonata&nbsp; al triplo della velocit\u00e0 originale, una polca apre ad un sound country americano e dopo&nbsp; un solo di banjo&nbsp;ritorna&nbsp; nei saloni da matrimoni del Sud Italia. Una sperimentazione di grande impatto live.&nbsp; <\/p>\n<p style=\"TEXT-ALIGN: justify\">Gli Ethnos si muovono quindi&nbsp; tra due sponde, quella della comprensione delle radici antiche e quella della trasformazione evitando la rigidit\u00e0 di una ricerca puramente scientifica, ma usando le melodie popolari come scambio tra modelli e possibilit\u00e0 diverse, al fine di rivitalizzare&nbsp; un&nbsp; patrimonio immateriale che rischia di estinguersi. L\u2019album \u00e8 composto da brani di grande virtuosismo: <strong>Musa mediterranea, Polcabasilisca<\/strong>, <strong>Antidotum<\/strong>,&nbsp; <strong>Polca a matrimonio, Lucanae, Tarantella all\u2019aviglianese, O Bannu <\/strong>e brani<strong> <\/strong>che restituiscono armonie e melodie provenienti da canti devozionali: <strong>Madonna del sacro monte, Rusariu, Crevu,&nbsp; Devozionale<\/strong>, e&nbsp; ancora brani descrittivi&nbsp; o racconti: <strong>Sciucam, Fiore ri lu fiori,<\/strong> <strong>Vola e mena,&nbsp; Cirasieddu,&nbsp; Sona si vuoi sun\u00e0. <\/strong><\/p>\n<p style=\"TEXT-ALIGN: justify\">\u201c<strong>O Bannu<\/strong>\u201d \u00e8&nbsp; prodotto da Scaramuccia Music&nbsp; in collaborazione con il cantautore <strong>Ennio Rega<\/strong>.&nbsp; <\/p>\n<p>&nbsp;<\/p>\n","protected":false},"excerpt":{"rendered":"<p>Il Gruppo Ethnos nasce da un idea di Graziano Accinni chitarrista, compositore, arrangiatore di Moliterno in provincia di Potenza (Lucania). Dopo lunghi anni trascorsi negli ambienti del pop italiano collaborando con Mango, Mina, Bose, Dalla,  Nava, Roberto Colombo, Rosario Di Bella, Mir\u00f2, Laura Valente ed altri, decide di avventurarsi sulle strade della ricerca etnica,  suo primo amore  e fondando insieme agli Ethnos l\u2019Associazione Culturale Multietnica Europea che si occupa di ricercare e divulgare le antiche melodie della Lucania.<\/p>\n","protected":false},"author":10,"featured_media":0,"comment_status":"open","ping_status":"open","sticky":false,"template":"","format":"standard","meta":{"cybocfi_hide_featured_image":"","footnotes":""},"categories":[42],"tags":[15133],"class_list":["post-5400","post","type-post","status-publish","format-standard","hentry","category-musica","tag-ethnos"],"yoast_head":"<!-- This site is optimized with the Yoast SEO plugin v27.0 - https:\/\/yoast.com\/product\/yoast-seo-wordpress\/ -->\n<title>ETHNOS il nuovo album &quot;O Bannu&quot; - Article Marketing<\/title>\n<meta name=\"robots\" content=\"index, follow, max-snippet:-1, max-image-preview:large, max-video-preview:-1\" \/>\n<link rel=\"canonical\" href=\"https:\/\/www.article-marketing.eu\/comunicati\/arte-e-cultura\/musica\/ennio-rega-prossima-la-pubblicazione-del-quarto-album\/\" \/>\n<meta property=\"og:locale\" content=\"it_IT\" \/>\n<meta property=\"og:type\" content=\"article\" \/>\n<meta property=\"og:title\" content=\"ETHNOS il nuovo album &quot;O Bannu&quot; - Article Marketing\" \/>\n<meta property=\"og:description\" content=\"Il Gruppo Ethnos nasce da un idea di Graziano Accinni chitarrista, compositore, arrangiatore di Moliterno in provincia di Potenza (Lucania). Dopo lunghi anni trascorsi negli ambienti del pop italiano collaborando con Mango, Mina, Bose, Dalla, Nava, Roberto Colombo, Rosario Di Bella, Mir\u00f2, Laura Valente ed altri, decide di avventurarsi sulle strade della ricerca etnica, suo primo amore e fondando insieme agli Ethnos l\u2019Associazione Culturale Multietnica Europea che si occupa di ricercare e divulgare le antiche melodie della Lucania.\" \/>\n<meta property=\"og:url\" content=\"https:\/\/www.article-marketing.eu\/comunicati\/arte-e-cultura\/musica\/ennio-rega-prossima-la-pubblicazione-del-quarto-album\/\" \/>\n<meta property=\"og:site_name\" content=\"Article Marketing\" \/>\n<meta property=\"article:published_time\" content=\"2010-06-10T15:51:19+00:00\" \/>\n<meta name=\"author\" content=\"Redazione Comunicati Stampa\" \/>\n<meta name=\"twitter:card\" content=\"summary_large_image\" \/>\n<meta name=\"twitter:label1\" content=\"Scritto da\" \/>\n\t<meta name=\"twitter:data1\" content=\"Redazione Comunicati Stampa\" \/>\n\t<meta name=\"twitter:label2\" content=\"Tempo di lettura stimato\" \/>\n\t<meta name=\"twitter:data2\" content=\"2 minuti\" \/>\n<script type=\"application\/ld+json\" class=\"yoast-schema-graph\">{\"@context\":\"https:\/\/schema.org\",\"@graph\":[{\"@type\":\"Article\",\"@id\":\"https:\/\/www.article-marketing.eu\/comunicati\/arte-e-cultura\/musica\/ennio-rega-prossima-la-pubblicazione-del-quarto-album\/#article\",\"isPartOf\":{\"@id\":\"https:\/\/www.article-marketing.eu\/comunicati\/arte-e-cultura\/musica\/ennio-rega-prossima-la-pubblicazione-del-quarto-album\/\"},\"author\":{\"name\":\"Redazione Comunicati Stampa\",\"@id\":\"https:\/\/www.article-marketing.eu\/comunicati\/#\/schema\/person\/44372e4d4d0fa797b18e03ed1ace9017\"},\"headline\":\"ETHNOS il nuovo album &#8220;O Bannu&#8221;\",\"datePublished\":\"2010-06-10T15:51:19+00:00\",\"mainEntityOfPage\":{\"@id\":\"https:\/\/www.article-marketing.eu\/comunicati\/arte-e-cultura\/musica\/ennio-rega-prossima-la-pubblicazione-del-quarto-album\/\"},\"wordCount\":435,\"commentCount\":0,\"keywords\":[\"Ethnos\"],\"articleSection\":[\"Musica\"],\"inLanguage\":\"it-IT\",\"potentialAction\":[{\"@type\":\"CommentAction\",\"name\":\"Comment\",\"target\":[\"https:\/\/www.article-marketing.eu\/comunicati\/arte-e-cultura\/musica\/ennio-rega-prossima-la-pubblicazione-del-quarto-album\/#respond\"]}]},{\"@type\":\"WebPage\",\"@id\":\"https:\/\/www.article-marketing.eu\/comunicati\/arte-e-cultura\/musica\/ennio-rega-prossima-la-pubblicazione-del-quarto-album\/\",\"url\":\"https:\/\/www.article-marketing.eu\/comunicati\/arte-e-cultura\/musica\/ennio-rega-prossima-la-pubblicazione-del-quarto-album\/\",\"name\":\"ETHNOS il nuovo album \\\"O Bannu\\\" - Article Marketing\",\"isPartOf\":{\"@id\":\"https:\/\/www.article-marketing.eu\/comunicati\/#website\"},\"datePublished\":\"2010-06-10T15:51:19+00:00\",\"author\":{\"@id\":\"https:\/\/www.article-marketing.eu\/comunicati\/#\/schema\/person\/44372e4d4d0fa797b18e03ed1ace9017\"},\"breadcrumb\":{\"@id\":\"https:\/\/www.article-marketing.eu\/comunicati\/arte-e-cultura\/musica\/ennio-rega-prossima-la-pubblicazione-del-quarto-album\/#breadcrumb\"},\"inLanguage\":\"it-IT\",\"potentialAction\":[{\"@type\":\"ReadAction\",\"target\":[\"https:\/\/www.article-marketing.eu\/comunicati\/arte-e-cultura\/musica\/ennio-rega-prossima-la-pubblicazione-del-quarto-album\/\"]}]},{\"@type\":\"BreadcrumbList\",\"@id\":\"https:\/\/www.article-marketing.eu\/comunicati\/arte-e-cultura\/musica\/ennio-rega-prossima-la-pubblicazione-del-quarto-album\/#breadcrumb\",\"itemListElement\":[{\"@type\":\"ListItem\",\"position\":1,\"name\":\"Home\",\"item\":\"https:\/\/www.article-marketing.eu\/comunicati\/\"},{\"@type\":\"ListItem\",\"position\":2,\"name\":\"ETHNOS il nuovo album &#8220;O Bannu&#8221;\"}]},{\"@type\":\"WebSite\",\"@id\":\"https:\/\/www.article-marketing.eu\/comunicati\/#website\",\"url\":\"https:\/\/www.article-marketing.eu\/comunicati\/\",\"name\":\"Article Marketing\",\"description\":\"article marketing &amp; press release\",\"potentialAction\":[{\"@type\":\"SearchAction\",\"target\":{\"@type\":\"EntryPoint\",\"urlTemplate\":\"https:\/\/www.article-marketing.eu\/comunicati\/?s={search_term_string}\"},\"query-input\":{\"@type\":\"PropertyValueSpecification\",\"valueRequired\":true,\"valueName\":\"search_term_string\"}}],\"inLanguage\":\"it-IT\"},{\"@type\":\"Person\",\"@id\":\"https:\/\/www.article-marketing.eu\/comunicati\/#\/schema\/person\/44372e4d4d0fa797b18e03ed1ace9017\",\"name\":\"Redazione Comunicati Stampa\",\"image\":{\"@type\":\"ImageObject\",\"inLanguage\":\"it-IT\",\"@id\":\"https:\/\/www.article-marketing.eu\/comunicati\/#\/schema\/person\/image\/\",\"url\":\"https:\/\/secure.gravatar.com\/avatar\/50e5c6421d3072f42e7ace803501602c60d75233d34e29fd05feb91c8760b792?s=96&d=mm&r=g\",\"contentUrl\":\"https:\/\/secure.gravatar.com\/avatar\/50e5c6421d3072f42e7ace803501602c60d75233d34e29fd05feb91c8760b792?s=96&d=mm&r=g\",\"caption\":\"Redazione Comunicati Stampa\"},\"url\":\"https:\/\/www.article-marketing.eu\/comunicati\/author\/redazione-comunicati-stampa\/\"}]}<\/script>\n<!-- \/ Yoast SEO plugin. -->","yoast_head_json":{"title":"ETHNOS il nuovo album \"O Bannu\" - Article Marketing","robots":{"index":"index","follow":"follow","max-snippet":"max-snippet:-1","max-image-preview":"max-image-preview:large","max-video-preview":"max-video-preview:-1"},"canonical":"https:\/\/www.article-marketing.eu\/comunicati\/arte-e-cultura\/musica\/ennio-rega-prossima-la-pubblicazione-del-quarto-album\/","og_locale":"it_IT","og_type":"article","og_title":"ETHNOS il nuovo album \"O Bannu\" - Article Marketing","og_description":"Il Gruppo Ethnos nasce da un idea di Graziano Accinni chitarrista, compositore, arrangiatore di Moliterno in provincia di Potenza (Lucania). Dopo lunghi anni trascorsi negli ambienti del pop italiano collaborando con Mango, Mina, Bose, Dalla, Nava, Roberto Colombo, Rosario Di Bella, Mir\u00f2, Laura Valente ed altri, decide di avventurarsi sulle strade della ricerca etnica, suo primo amore e fondando insieme agli Ethnos l\u2019Associazione Culturale Multietnica Europea che si occupa di ricercare e divulgare le antiche melodie della Lucania.","og_url":"https:\/\/www.article-marketing.eu\/comunicati\/arte-e-cultura\/musica\/ennio-rega-prossima-la-pubblicazione-del-quarto-album\/","og_site_name":"Article Marketing","article_published_time":"2010-06-10T15:51:19+00:00","author":"Redazione Comunicati Stampa","twitter_card":"summary_large_image","twitter_misc":{"Scritto da":"Redazione Comunicati Stampa","Tempo di lettura stimato":"2 minuti"},"schema":{"@context":"https:\/\/schema.org","@graph":[{"@type":"Article","@id":"https:\/\/www.article-marketing.eu\/comunicati\/arte-e-cultura\/musica\/ennio-rega-prossima-la-pubblicazione-del-quarto-album\/#article","isPartOf":{"@id":"https:\/\/www.article-marketing.eu\/comunicati\/arte-e-cultura\/musica\/ennio-rega-prossima-la-pubblicazione-del-quarto-album\/"},"author":{"name":"Redazione Comunicati Stampa","@id":"https:\/\/www.article-marketing.eu\/comunicati\/#\/schema\/person\/44372e4d4d0fa797b18e03ed1ace9017"},"headline":"ETHNOS il nuovo album &#8220;O Bannu&#8221;","datePublished":"2010-06-10T15:51:19+00:00","mainEntityOfPage":{"@id":"https:\/\/www.article-marketing.eu\/comunicati\/arte-e-cultura\/musica\/ennio-rega-prossima-la-pubblicazione-del-quarto-album\/"},"wordCount":435,"commentCount":0,"keywords":["Ethnos"],"articleSection":["Musica"],"inLanguage":"it-IT","potentialAction":[{"@type":"CommentAction","name":"Comment","target":["https:\/\/www.article-marketing.eu\/comunicati\/arte-e-cultura\/musica\/ennio-rega-prossima-la-pubblicazione-del-quarto-album\/#respond"]}]},{"@type":"WebPage","@id":"https:\/\/www.article-marketing.eu\/comunicati\/arte-e-cultura\/musica\/ennio-rega-prossima-la-pubblicazione-del-quarto-album\/","url":"https:\/\/www.article-marketing.eu\/comunicati\/arte-e-cultura\/musica\/ennio-rega-prossima-la-pubblicazione-del-quarto-album\/","name":"ETHNOS il nuovo album \"O Bannu\" - Article Marketing","isPartOf":{"@id":"https:\/\/www.article-marketing.eu\/comunicati\/#website"},"datePublished":"2010-06-10T15:51:19+00:00","author":{"@id":"https:\/\/www.article-marketing.eu\/comunicati\/#\/schema\/person\/44372e4d4d0fa797b18e03ed1ace9017"},"breadcrumb":{"@id":"https:\/\/www.article-marketing.eu\/comunicati\/arte-e-cultura\/musica\/ennio-rega-prossima-la-pubblicazione-del-quarto-album\/#breadcrumb"},"inLanguage":"it-IT","potentialAction":[{"@type":"ReadAction","target":["https:\/\/www.article-marketing.eu\/comunicati\/arte-e-cultura\/musica\/ennio-rega-prossima-la-pubblicazione-del-quarto-album\/"]}]},{"@type":"BreadcrumbList","@id":"https:\/\/www.article-marketing.eu\/comunicati\/arte-e-cultura\/musica\/ennio-rega-prossima-la-pubblicazione-del-quarto-album\/#breadcrumb","itemListElement":[{"@type":"ListItem","position":1,"name":"Home","item":"https:\/\/www.article-marketing.eu\/comunicati\/"},{"@type":"ListItem","position":2,"name":"ETHNOS il nuovo album &#8220;O Bannu&#8221;"}]},{"@type":"WebSite","@id":"https:\/\/www.article-marketing.eu\/comunicati\/#website","url":"https:\/\/www.article-marketing.eu\/comunicati\/","name":"Article Marketing","description":"article marketing &amp; press release","potentialAction":[{"@type":"SearchAction","target":{"@type":"EntryPoint","urlTemplate":"https:\/\/www.article-marketing.eu\/comunicati\/?s={search_term_string}"},"query-input":{"@type":"PropertyValueSpecification","valueRequired":true,"valueName":"search_term_string"}}],"inLanguage":"it-IT"},{"@type":"Person","@id":"https:\/\/www.article-marketing.eu\/comunicati\/#\/schema\/person\/44372e4d4d0fa797b18e03ed1ace9017","name":"Redazione Comunicati Stampa","image":{"@type":"ImageObject","inLanguage":"it-IT","@id":"https:\/\/www.article-marketing.eu\/comunicati\/#\/schema\/person\/image\/","url":"https:\/\/secure.gravatar.com\/avatar\/50e5c6421d3072f42e7ace803501602c60d75233d34e29fd05feb91c8760b792?s=96&d=mm&r=g","contentUrl":"https:\/\/secure.gravatar.com\/avatar\/50e5c6421d3072f42e7ace803501602c60d75233d34e29fd05feb91c8760b792?s=96&d=mm&r=g","caption":"Redazione Comunicati Stampa"},"url":"https:\/\/www.article-marketing.eu\/comunicati\/author\/redazione-comunicati-stampa\/"}]}},"_links":{"self":[{"href":"https:\/\/www.article-marketing.eu\/comunicati\/wp-json\/wp\/v2\/posts\/5400","targetHints":{"allow":["GET"]}}],"collection":[{"href":"https:\/\/www.article-marketing.eu\/comunicati\/wp-json\/wp\/v2\/posts"}],"about":[{"href":"https:\/\/www.article-marketing.eu\/comunicati\/wp-json\/wp\/v2\/types\/post"}],"author":[{"embeddable":true,"href":"https:\/\/www.article-marketing.eu\/comunicati\/wp-json\/wp\/v2\/users\/10"}],"replies":[{"embeddable":true,"href":"https:\/\/www.article-marketing.eu\/comunicati\/wp-json\/wp\/v2\/comments?post=5400"}],"version-history":[{"count":0,"href":"https:\/\/www.article-marketing.eu\/comunicati\/wp-json\/wp\/v2\/posts\/5400\/revisions"}],"wp:attachment":[{"href":"https:\/\/www.article-marketing.eu\/comunicati\/wp-json\/wp\/v2\/media?parent=5400"}],"wp:term":[{"taxonomy":"category","embeddable":true,"href":"https:\/\/www.article-marketing.eu\/comunicati\/wp-json\/wp\/v2\/categories?post=5400"},{"taxonomy":"post_tag","embeddable":true,"href":"https:\/\/www.article-marketing.eu\/comunicati\/wp-json\/wp\/v2\/tags?post=5400"}],"curies":[{"name":"wp","href":"https:\/\/api.w.org\/{rel}","templated":true}]}}