{"id":5413,"date":"2010-06-11T14:55:57","date_gmt":"2010-06-11T12:55:57","guid":{"rendered":"http:\/\/www.article-marketing.eu\/comunicati\/senza-categoria\/forte-dei-marmi-ti-aspetta-per-offrirti-la-vacanza-piu-bella-in-versilia\/"},"modified":"2010-06-11T14:55:57","modified_gmt":"2010-06-11T12:55:57","slug":"forte-dei-marmi-ti-aspetta-per-offrirti-la-vacanza-piu-bella-in-versilia","status":"publish","type":"post","link":"https:\/\/www.article-marketing.eu\/comunicati\/viaggi-e-vacanze\/viaggi-e-turismo\/forte-dei-marmi-ti-aspetta-per-offrirti-la-vacanza-piu-bella-in-versilia\/","title":{"rendered":"Forte dei Marmi ti aspetta per offrirti la vacanza pi\u00f9 bella in Versilia"},"content":{"rendered":"<p>Ancora oggi nelle favolose ville protette e celate dal verde della pineta, si ravvisa il suo grandioso passato quando diplomatici, artisti e personaggi pubblici famosi, nobili di mezza Europa, capitani d&#8217;industria e uomini d&#8217;affari si ritrovavano qui per trascorrere le vacanze.<br \/>A questo proposito \u00e8 consigliabile una passeggiata nelle vie del quartiere &quot;Roma Imperiale&quot; dove si possono vedere le ville, che ospitavano l&#8217;\u00e9lite del secolo scorso, progettate da architetti del calibro di Gi\u00f2 Ponti, Giuseppe Pagano, Leonardo Ricci e Giovanni Michelucci.<br \/>Tra queste si annoverano quella appartenuta alla figlia del noto scrittore Thomas Mann e Villa Agnelli, con un sottopassaggio privato che conduce direttamente sulla spiaggia, oggi trasformata in uno dei pi\u00f9 lussuosi <a title=\"Hotel Forte dei Marmi\" href=\"http:\/\/www.ciaociaoitaly.com\/it\/hotel-forte-dei-marmi.c724.htm\">hotel a Forte dei Marmi<\/a>.<br \/>Forte dei Marmi \u00e8 rimasta per molti versi la localit\u00e0 pi\u00f9 esclusiva della Versilia e non \u00e8 difficile, passeggiando o all&#8217;interno dei locali di ritrovo, imbattersi nei protagonisti del mondo dello sport, dello spettacolo e della finanza.<br \/>La cittadina si aggrega intorno al pontile predisposto nel &#8216;500 per imbarcare i pregiati marmi apuani in partenza per tutto il mondo.<br \/>Oggi non \u00e8 pi\u00f9 costituito da tavole di legno, ma \u00e8 un&#8217;elegante passerella che si spinge fino a trecento metri dalla costa, consentendo l&#8217;attracco del traghetto turistico per le Cinque Terre, e costituisce una delle attrattive pi\u00f9 caratteristiche di Forte dei Marmi.<br \/>Fino agli anni settanta Forte dei Marmi \u00e8 stato il centro balneare pi\u00f9 alla moda di tutta la costa italiana e tra gli esercizi turistici legati alla sua fama va ricordata una discoteca affacciata sulla spiaggia: la famosissima &quot;Capannina&quot;, la discoteca pi\u00f9 antica d&#8217;Italia tra quelle ancora in attivit\u00e0.<br \/>Nel 1929 all&#8217;albergatore Achille Franceschi venne l&#8217;idea di risistemare e abbellire un vecchio capanno sulla spiaggia trasformandolo in &quot;ristorante con musica da ballo&quot; ed ebbe un tale successo che in breve tempo divent\u00f2 un locale esclusivo, frequentato dai personaggi pi\u00f9 celebri di quei tempi.<br \/>Alla Capannina erano soliti esibirsi i personaggi dello spettacolo pi\u00f9 famosi dell\u2019epoca; ancora oggi \u00e8 il locale di ritrovo preferito da clienti di ogni et\u00e0 e dai Vip per l&#8217;aperitivo e per trascorrere le serate, soprattutto in occasione delle feste in stile anni \u201960.<br \/>Forte dei Marmi ha saputo riconvertire una parte del vecchio assetto urbano in rigogliosi giardini che abbelliscono la citt\u00e0 come le strade alberate e il lungomare, ornato da oleandri e palme.<br \/>Il centro, nel quale \u00e8 proibita la circolazione alle auto, \u00e8 un&#8217;area riservata al passeggio e allo shopping &quot;no limits&quot; infatti, dalle boutique delle migliori firme ai piccoli chioschi di souvenir, durante la stagione estiva gli esercizi commerciali rimangono aperti fino a tardi, in modo che i villeggianti possano fare acquisti nel fresco della sera.<br \/>Da almeno un secolo, i circa cinque chilometri di litorale sono la principale fonte di richiamo turistico.<br \/>La spiaggia, ampia e con sabbia finissima, si stempera dolcemente verso il largo, cos\u00ec il mare risulta sicuro anche per i bambini e per chi non \u00e8 esattamente un nuotatore provetto.<br \/>Gli stabilimenti balneari sono organizzati impeccabilmente, offrono ogni comfort e accuratezza anche per il minimo dettaglio, ed ogni estate si rinnovano per accontentare anche l&#8217;ospite pi\u00f9 esigente.<br \/>Forte dei Marmi per\u00f2 ha mille volti. Anche dalla spiaggia infatti si possono ammirare le Alpi Apuane che si delineano alle sue spalle, lontane soltanto una ventina di chilometri, in un connubio mare-montagna che rende il panorama davvero unico.<br \/>Anche il ventaglio di offerte per chi desidera praticare attivit\u00e0 sportive \u00e8 ampio e molto vario.<br \/>Si va dagli sport da spiaggia e nautici, compreso il surf quando le condizioni ambientali sono favorevoli, a quelli della montagna: alpinismo, free climbing, trekking ed escursioni su tracciati di diversa difficolt\u00e0.<br \/>Un&#8217;escursione indimenticabile \u00e8 ambientata in uno dei punti pi\u00f9 pittoreschi delle Alpi Apuane e conduce alla &quot;Grotta del Vento&quot; dove \u00e8 possibile esplorare il percorso di un misterioso fiume sotterraneo attraverso ampie caverne di roccia levigata.<br \/>Dei tempi in cui da qui i blocchi di marmo prendevano la via del mare \u00e8 rimasto il Forte Lorenese, che oggi ospita il Museo della Satira e della Caricatura dove \u00e8 allestita una mostra permanente dei disegni, delle sculture, delle vignette e delle caricature pi\u00f9 divertenti ispirate alle personalit\u00e0 politiche nazionali ed internazionali.<br \/>Forte dei Marmi attrae un alto numero di turisti sia per il fascino del territorio sia per le occasioni di divertimento.<br \/>E&#8217; una localit\u00e0 vivace affollata anche di notte e tra le discoteche, i pub, i ritrovi di tendenza nel centro e sul lungomare chiunque pu\u00f2 trovare il locale pi\u00f9 consono ai propri gusti per ambientazione e proposte.<\/p>\n","protected":false},"excerpt":{"rendered":"<p>Forte dei Marmi \u00e8 una delle localit\u00e0 balneari pi\u00f9 celebri e frequentate della Toscana.<\/p>\n","protected":false},"author":10,"featured_media":0,"comment_status":"open","ping_status":"open","sticky":false,"template":"","format":"standard","meta":{"cybocfi_hide_featured_image":"","footnotes":""},"categories":[2],"tags":[4683,6785,4686],"class_list":["post-5413","post","type-post","status-publish","format-standard","hentry","category-viaggi-e-turismo","tag-forte-dei-marmi","tag-hotel-forte-dei-marmi","tag-versilia"],"yoast_head":"<!-- This site is optimized with the Yoast SEO plugin v27.0 - https:\/\/yoast.com\/product\/yoast-seo-wordpress\/ -->\n<title>Forte dei Marmi ti aspetta per offrirti la vacanza pi\u00f9 bella in Versilia - Article Marketing<\/title>\n<meta name=\"robots\" content=\"index, follow, max-snippet:-1, max-image-preview:large, max-video-preview:-1\" \/>\n<link rel=\"canonical\" href=\"https:\/\/www.article-marketing.eu\/comunicati\/viaggi-e-vacanze\/viaggi-e-turismo\/forte-dei-marmi-ti-aspetta-per-offrirti-la-vacanza-piu-bella-in-versilia\/\" \/>\n<meta property=\"og:locale\" content=\"it_IT\" \/>\n<meta property=\"og:type\" content=\"article\" \/>\n<meta property=\"og:title\" content=\"Forte dei Marmi ti aspetta per offrirti la vacanza pi\u00f9 bella in Versilia - Article Marketing\" \/>\n<meta property=\"og:description\" content=\"Forte dei Marmi \u00e8 una delle localit\u00e0 balneari pi\u00f9 celebri e frequentate della Toscana.\" \/>\n<meta property=\"og:url\" content=\"https:\/\/www.article-marketing.eu\/comunicati\/viaggi-e-vacanze\/viaggi-e-turismo\/forte-dei-marmi-ti-aspetta-per-offrirti-la-vacanza-piu-bella-in-versilia\/\" \/>\n<meta property=\"og:site_name\" content=\"Article Marketing\" \/>\n<meta property=\"article:published_time\" content=\"2010-06-11T12:55:57+00:00\" \/>\n<meta name=\"author\" content=\"Redazione Comunicati Stampa\" \/>\n<meta name=\"twitter:card\" content=\"summary_large_image\" \/>\n<meta name=\"twitter:label1\" content=\"Scritto da\" \/>\n\t<meta name=\"twitter:data1\" content=\"Redazione Comunicati Stampa\" \/>\n\t<meta name=\"twitter:label2\" content=\"Tempo di lettura stimato\" \/>\n\t<meta name=\"twitter:data2\" content=\"4 minuti\" \/>\n<script type=\"application\/ld+json\" class=\"yoast-schema-graph\">{\"@context\":\"https:\/\/schema.org\",\"@graph\":[{\"@type\":\"Article\",\"@id\":\"https:\/\/www.article-marketing.eu\/comunicati\/viaggi-e-vacanze\/viaggi-e-turismo\/forte-dei-marmi-ti-aspetta-per-offrirti-la-vacanza-piu-bella-in-versilia\/#article\",\"isPartOf\":{\"@id\":\"https:\/\/www.article-marketing.eu\/comunicati\/viaggi-e-vacanze\/viaggi-e-turismo\/forte-dei-marmi-ti-aspetta-per-offrirti-la-vacanza-piu-bella-in-versilia\/\"},\"author\":{\"name\":\"Redazione Comunicati Stampa\",\"@id\":\"https:\/\/www.article-marketing.eu\/comunicati\/#\/schema\/person\/44372e4d4d0fa797b18e03ed1ace9017\"},\"headline\":\"Forte dei Marmi ti aspetta per offrirti la vacanza pi\u00f9 bella in Versilia\",\"datePublished\":\"2010-06-11T12:55:57+00:00\",\"mainEntityOfPage\":{\"@id\":\"https:\/\/www.article-marketing.eu\/comunicati\/viaggi-e-vacanze\/viaggi-e-turismo\/forte-dei-marmi-ti-aspetta-per-offrirti-la-vacanza-piu-bella-in-versilia\/\"},\"wordCount\":760,\"commentCount\":0,\"keywords\":[\"Forte dei Marmi\",\"Hotel Forte dei Marmi\",\"Versilia\"],\"articleSection\":[\"Viaggi e Turismo\"],\"inLanguage\":\"it-IT\",\"potentialAction\":[{\"@type\":\"CommentAction\",\"name\":\"Comment\",\"target\":[\"https:\/\/www.article-marketing.eu\/comunicati\/viaggi-e-vacanze\/viaggi-e-turismo\/forte-dei-marmi-ti-aspetta-per-offrirti-la-vacanza-piu-bella-in-versilia\/#respond\"]}]},{\"@type\":\"WebPage\",\"@id\":\"https:\/\/www.article-marketing.eu\/comunicati\/viaggi-e-vacanze\/viaggi-e-turismo\/forte-dei-marmi-ti-aspetta-per-offrirti-la-vacanza-piu-bella-in-versilia\/\",\"url\":\"https:\/\/www.article-marketing.eu\/comunicati\/viaggi-e-vacanze\/viaggi-e-turismo\/forte-dei-marmi-ti-aspetta-per-offrirti-la-vacanza-piu-bella-in-versilia\/\",\"name\":\"Forte dei Marmi ti aspetta per offrirti la vacanza pi\u00f9 bella in Versilia - Article Marketing\",\"isPartOf\":{\"@id\":\"https:\/\/www.article-marketing.eu\/comunicati\/#website\"},\"datePublished\":\"2010-06-11T12:55:57+00:00\",\"author\":{\"@id\":\"https:\/\/www.article-marketing.eu\/comunicati\/#\/schema\/person\/44372e4d4d0fa797b18e03ed1ace9017\"},\"breadcrumb\":{\"@id\":\"https:\/\/www.article-marketing.eu\/comunicati\/viaggi-e-vacanze\/viaggi-e-turismo\/forte-dei-marmi-ti-aspetta-per-offrirti-la-vacanza-piu-bella-in-versilia\/#breadcrumb\"},\"inLanguage\":\"it-IT\",\"potentialAction\":[{\"@type\":\"ReadAction\",\"target\":[\"https:\/\/www.article-marketing.eu\/comunicati\/viaggi-e-vacanze\/viaggi-e-turismo\/forte-dei-marmi-ti-aspetta-per-offrirti-la-vacanza-piu-bella-in-versilia\/\"]}]},{\"@type\":\"BreadcrumbList\",\"@id\":\"https:\/\/www.article-marketing.eu\/comunicati\/viaggi-e-vacanze\/viaggi-e-turismo\/forte-dei-marmi-ti-aspetta-per-offrirti-la-vacanza-piu-bella-in-versilia\/#breadcrumb\",\"itemListElement\":[{\"@type\":\"ListItem\",\"position\":1,\"name\":\"Home\",\"item\":\"https:\/\/www.article-marketing.eu\/comunicati\/\"},{\"@type\":\"ListItem\",\"position\":2,\"name\":\"Forte dei Marmi ti aspetta per offrirti la vacanza pi\u00f9 bella in Versilia\"}]},{\"@type\":\"WebSite\",\"@id\":\"https:\/\/www.article-marketing.eu\/comunicati\/#website\",\"url\":\"https:\/\/www.article-marketing.eu\/comunicati\/\",\"name\":\"Article Marketing\",\"description\":\"article marketing &amp; press release\",\"potentialAction\":[{\"@type\":\"SearchAction\",\"target\":{\"@type\":\"EntryPoint\",\"urlTemplate\":\"https:\/\/www.article-marketing.eu\/comunicati\/?s={search_term_string}\"},\"query-input\":{\"@type\":\"PropertyValueSpecification\",\"valueRequired\":true,\"valueName\":\"search_term_string\"}}],\"inLanguage\":\"it-IT\"},{\"@type\":\"Person\",\"@id\":\"https:\/\/www.article-marketing.eu\/comunicati\/#\/schema\/person\/44372e4d4d0fa797b18e03ed1ace9017\",\"name\":\"Redazione Comunicati Stampa\",\"image\":{\"@type\":\"ImageObject\",\"inLanguage\":\"it-IT\",\"@id\":\"https:\/\/www.article-marketing.eu\/comunicati\/#\/schema\/person\/image\/\",\"url\":\"https:\/\/secure.gravatar.com\/avatar\/50e5c6421d3072f42e7ace803501602c60d75233d34e29fd05feb91c8760b792?s=96&d=mm&r=g\",\"contentUrl\":\"https:\/\/secure.gravatar.com\/avatar\/50e5c6421d3072f42e7ace803501602c60d75233d34e29fd05feb91c8760b792?s=96&d=mm&r=g\",\"caption\":\"Redazione Comunicati Stampa\"},\"url\":\"https:\/\/www.article-marketing.eu\/comunicati\/author\/redazione-comunicati-stampa\/\"}]}<\/script>\n<!-- \/ Yoast SEO plugin. -->","yoast_head_json":{"title":"Forte dei Marmi ti aspetta per offrirti la vacanza pi\u00f9 bella in Versilia - Article Marketing","robots":{"index":"index","follow":"follow","max-snippet":"max-snippet:-1","max-image-preview":"max-image-preview:large","max-video-preview":"max-video-preview:-1"},"canonical":"https:\/\/www.article-marketing.eu\/comunicati\/viaggi-e-vacanze\/viaggi-e-turismo\/forte-dei-marmi-ti-aspetta-per-offrirti-la-vacanza-piu-bella-in-versilia\/","og_locale":"it_IT","og_type":"article","og_title":"Forte dei Marmi ti aspetta per offrirti la vacanza pi\u00f9 bella in Versilia - Article Marketing","og_description":"Forte dei Marmi \u00e8 una delle localit\u00e0 balneari pi\u00f9 celebri e frequentate della Toscana.","og_url":"https:\/\/www.article-marketing.eu\/comunicati\/viaggi-e-vacanze\/viaggi-e-turismo\/forte-dei-marmi-ti-aspetta-per-offrirti-la-vacanza-piu-bella-in-versilia\/","og_site_name":"Article Marketing","article_published_time":"2010-06-11T12:55:57+00:00","author":"Redazione Comunicati Stampa","twitter_card":"summary_large_image","twitter_misc":{"Scritto da":"Redazione Comunicati Stampa","Tempo di lettura stimato":"4 minuti"},"schema":{"@context":"https:\/\/schema.org","@graph":[{"@type":"Article","@id":"https:\/\/www.article-marketing.eu\/comunicati\/viaggi-e-vacanze\/viaggi-e-turismo\/forte-dei-marmi-ti-aspetta-per-offrirti-la-vacanza-piu-bella-in-versilia\/#article","isPartOf":{"@id":"https:\/\/www.article-marketing.eu\/comunicati\/viaggi-e-vacanze\/viaggi-e-turismo\/forte-dei-marmi-ti-aspetta-per-offrirti-la-vacanza-piu-bella-in-versilia\/"},"author":{"name":"Redazione Comunicati Stampa","@id":"https:\/\/www.article-marketing.eu\/comunicati\/#\/schema\/person\/44372e4d4d0fa797b18e03ed1ace9017"},"headline":"Forte dei Marmi ti aspetta per offrirti la vacanza pi\u00f9 bella in Versilia","datePublished":"2010-06-11T12:55:57+00:00","mainEntityOfPage":{"@id":"https:\/\/www.article-marketing.eu\/comunicati\/viaggi-e-vacanze\/viaggi-e-turismo\/forte-dei-marmi-ti-aspetta-per-offrirti-la-vacanza-piu-bella-in-versilia\/"},"wordCount":760,"commentCount":0,"keywords":["Forte dei Marmi","Hotel Forte dei Marmi","Versilia"],"articleSection":["Viaggi e Turismo"],"inLanguage":"it-IT","potentialAction":[{"@type":"CommentAction","name":"Comment","target":["https:\/\/www.article-marketing.eu\/comunicati\/viaggi-e-vacanze\/viaggi-e-turismo\/forte-dei-marmi-ti-aspetta-per-offrirti-la-vacanza-piu-bella-in-versilia\/#respond"]}]},{"@type":"WebPage","@id":"https:\/\/www.article-marketing.eu\/comunicati\/viaggi-e-vacanze\/viaggi-e-turismo\/forte-dei-marmi-ti-aspetta-per-offrirti-la-vacanza-piu-bella-in-versilia\/","url":"https:\/\/www.article-marketing.eu\/comunicati\/viaggi-e-vacanze\/viaggi-e-turismo\/forte-dei-marmi-ti-aspetta-per-offrirti-la-vacanza-piu-bella-in-versilia\/","name":"Forte dei Marmi ti aspetta per offrirti la vacanza pi\u00f9 bella in Versilia - Article Marketing","isPartOf":{"@id":"https:\/\/www.article-marketing.eu\/comunicati\/#website"},"datePublished":"2010-06-11T12:55:57+00:00","author":{"@id":"https:\/\/www.article-marketing.eu\/comunicati\/#\/schema\/person\/44372e4d4d0fa797b18e03ed1ace9017"},"breadcrumb":{"@id":"https:\/\/www.article-marketing.eu\/comunicati\/viaggi-e-vacanze\/viaggi-e-turismo\/forte-dei-marmi-ti-aspetta-per-offrirti-la-vacanza-piu-bella-in-versilia\/#breadcrumb"},"inLanguage":"it-IT","potentialAction":[{"@type":"ReadAction","target":["https:\/\/www.article-marketing.eu\/comunicati\/viaggi-e-vacanze\/viaggi-e-turismo\/forte-dei-marmi-ti-aspetta-per-offrirti-la-vacanza-piu-bella-in-versilia\/"]}]},{"@type":"BreadcrumbList","@id":"https:\/\/www.article-marketing.eu\/comunicati\/viaggi-e-vacanze\/viaggi-e-turismo\/forte-dei-marmi-ti-aspetta-per-offrirti-la-vacanza-piu-bella-in-versilia\/#breadcrumb","itemListElement":[{"@type":"ListItem","position":1,"name":"Home","item":"https:\/\/www.article-marketing.eu\/comunicati\/"},{"@type":"ListItem","position":2,"name":"Forte dei Marmi ti aspetta per offrirti la vacanza pi\u00f9 bella in Versilia"}]},{"@type":"WebSite","@id":"https:\/\/www.article-marketing.eu\/comunicati\/#website","url":"https:\/\/www.article-marketing.eu\/comunicati\/","name":"Article Marketing","description":"article marketing &amp; press release","potentialAction":[{"@type":"SearchAction","target":{"@type":"EntryPoint","urlTemplate":"https:\/\/www.article-marketing.eu\/comunicati\/?s={search_term_string}"},"query-input":{"@type":"PropertyValueSpecification","valueRequired":true,"valueName":"search_term_string"}}],"inLanguage":"it-IT"},{"@type":"Person","@id":"https:\/\/www.article-marketing.eu\/comunicati\/#\/schema\/person\/44372e4d4d0fa797b18e03ed1ace9017","name":"Redazione Comunicati Stampa","image":{"@type":"ImageObject","inLanguage":"it-IT","@id":"https:\/\/www.article-marketing.eu\/comunicati\/#\/schema\/person\/image\/","url":"https:\/\/secure.gravatar.com\/avatar\/50e5c6421d3072f42e7ace803501602c60d75233d34e29fd05feb91c8760b792?s=96&d=mm&r=g","contentUrl":"https:\/\/secure.gravatar.com\/avatar\/50e5c6421d3072f42e7ace803501602c60d75233d34e29fd05feb91c8760b792?s=96&d=mm&r=g","caption":"Redazione Comunicati Stampa"},"url":"https:\/\/www.article-marketing.eu\/comunicati\/author\/redazione-comunicati-stampa\/"}]}},"_links":{"self":[{"href":"https:\/\/www.article-marketing.eu\/comunicati\/wp-json\/wp\/v2\/posts\/5413","targetHints":{"allow":["GET"]}}],"collection":[{"href":"https:\/\/www.article-marketing.eu\/comunicati\/wp-json\/wp\/v2\/posts"}],"about":[{"href":"https:\/\/www.article-marketing.eu\/comunicati\/wp-json\/wp\/v2\/types\/post"}],"author":[{"embeddable":true,"href":"https:\/\/www.article-marketing.eu\/comunicati\/wp-json\/wp\/v2\/users\/10"}],"replies":[{"embeddable":true,"href":"https:\/\/www.article-marketing.eu\/comunicati\/wp-json\/wp\/v2\/comments?post=5413"}],"version-history":[{"count":0,"href":"https:\/\/www.article-marketing.eu\/comunicati\/wp-json\/wp\/v2\/posts\/5413\/revisions"}],"wp:attachment":[{"href":"https:\/\/www.article-marketing.eu\/comunicati\/wp-json\/wp\/v2\/media?parent=5413"}],"wp:term":[{"taxonomy":"category","embeddable":true,"href":"https:\/\/www.article-marketing.eu\/comunicati\/wp-json\/wp\/v2\/categories?post=5413"},{"taxonomy":"post_tag","embeddable":true,"href":"https:\/\/www.article-marketing.eu\/comunicati\/wp-json\/wp\/v2\/tags?post=5413"}],"curies":[{"name":"wp","href":"https:\/\/api.w.org\/{rel}","templated":true}]}}