{"id":5415,"date":"2010-06-11T17:37:59","date_gmt":"2010-06-11T15:37:59","guid":{"rendered":"http:\/\/www.article-marketing.eu\/comunicati\/senza-categoria\/satori-rimanere-centrati-con-siddhakam\/"},"modified":"2010-06-11T17:37:59","modified_gmt":"2010-06-11T15:37:59","slug":"satori-rimanere-centrati-con-siddhakam","status":"publish","type":"post","link":"https:\/\/www.article-marketing.eu\/comunicati\/salute-e-benessere\/medicina-altenativa\/satori-rimanere-centrati-con-siddhakam\/","title":{"rendered":"SATORI &#8211; Rimanere centrati, con Siddhakam"},"content":{"rendered":"<p>LA CENTRATURA<br \/>\ncon Siddhakam &#8211;<\/p>\n<p>Il nostro centro \u00e8 spirituale, il nostro centro \u00e8 equilibrio, il nostro<br \/>\ncentro \u00e8 saggezza. Una delle grandi direzioni della meditazione \u00e8 la<br \/>\nsaggezza e quando noi non siamo nel nostro Buddha, non siamo nel nostro<br \/>\ncentro, non siamo saggi e li \u00e8 un terreno fertile per la lamentela, per<br \/>\nle tragedie, per l\u2019essere negativi. Nel momento in cui si decide di entrare in un percorso di consapevolezza<br \/>\n e di crescita ci si rende conto che non si hanno pi\u00f9 scuse perch\u00e9 si sa<br \/>\n quando si \u00e8 negativi e si sa che se ne pu\u00f2 uscire; e pi\u00f9 si va avanti<br \/>\ncon la crescita e pi\u00f9 ci si rende conto che ci si sta comportando da<br \/>\nbambini. Sarai tu stesso a comportarti da bambino ma allo stesso tempo<br \/>\nsarai consapevole che lo stai facendo , che ti stai comportando come un<br \/>\nbambino. L\u2019 essere umano si sente sicuro quando conosce e tutto ci\u00f2 che \u00e8 nuovo<br \/>\ngli fa paura e quindi anche se noi conosciamo il disco negativo lo<br \/>\ncontinuiamo a ripetere semplicemente perch\u00e9 lo conosciamo. Il salutare<br \/>\nil Buddha che c\u2019\u00e8 in te significa scegliere qualcosa di nuovo. Nella nostra vita \u00e8 bello vivere senza menate e, se le abbiamo perch\u00e9<br \/>\nsiamo esseri umani, possiamo comunque riconoscerle e trasformarle. Non<br \/>\navere menate non significa annoiarsi, anzi la nostra vita diventa pi\u00f9<br \/>\nbella, pi\u00f9 creativa. La menata \u00e8 distruttiva e non creativa, l\u2019essere<br \/>\nBuddha \u00e8 costruttivo. Appena se ne va la menata si entra nella<br \/>\ncreativit\u00e0, nell\u2019 essere Buddha. L\u2019 essere propositivi \u00e8 l\u2019 opposto<br \/>\ndella menata. La menata \u00e8 depressione e l\u2019 opposto della depressione \u00e8<br \/>\nessere su di energia. L\u2019 opposto della menata \u00e8 essere costruttivi,<br \/>\ncreativi, aperti e questo \u00e8 il nostro centro. L\u2019 apertura verso gli<br \/>\naltri e verso la vita \u00e8 il nostro centro e nel nostro centro diventiamo<br \/>\nsolari, diventiamo ricchi ma non in senso di soldi ma in senso di<br \/>\nabbondanza. Pi\u00f9 io sono positivo e pi\u00f9 attraggo positivit\u00e0. Quindi ora vi salutate dicendo le seguenti parole: Non riconosco il<br \/>\nbambino lamentoso che \u00e8 in te ma riconosco il Buddha che \u00e8 in te. La meditazione va sperimentata e quando la si spiega la si pu\u00f2<br \/>\naddirittura complicare. L\u2019 approccio alla meditazione \u00e8 individuale e<br \/>\nper essere compreso va sperimentato. Chiaramente disponendo dell\u2019 uso<br \/>\ndella parola ogni tanto si cerca di spiegare cosa \u00e8 la meditazione, di<br \/>\ndare una visione generale di cosa \u00e8, per\u00f2 \u00e8 appunto qualcosa che va<br \/>\nsperimentato. La cosa positiva della meditazione \u00e8 che pi\u00f9 vado verso il mio centro,<br \/>\npi\u00f9 vado verso il mio equilibrio e quindi di riflesso tutto ci\u00f2 che \u00e8<br \/>\nintorno a me cambia. Il mondo non \u00e8 pi\u00f9 schizzato, la vita non \u00e8 pi\u00f9<br \/>\ndifficile, e si comprende che nel momento in cui i ci rilassiamo, ci<br \/>\npositivizziamo e ci apriamo ci torna indietro apertura, positivit\u00e0,<br \/>\nrilassamento. Abbiamo anche visto altre volte che se io sono chiuso,<br \/>\nnervoso, negativo mi ritorna in dietro ci\u00f2 che sto esteriorizzando.<br \/>\nMolto spesso proprio perch\u00e9 non c\u2019\u00e8 questa consapevolezza tendiamo a<br \/>\ncolpevolizzare la societ\u00e0, il mondo, gli altri; li accusiamo di essere<br \/>\nin un certo modo. Ma nel momento in cui io sono pi\u00f9 aperto, guarda caso<br \/>\nci\u00f2 che mi torna indietro \u00e8 apertura, energia che si muove. E invece<br \/>\nquando sono chiuso quello che mi torna indietro \u00e8 chiusura, energia<br \/>\nstatica, non creativa e a volte anche distruttivit\u00e0. Quindi in effetti<br \/>\nparte tutto da noi.<br \/>\nE la meditazione ci porta verso il nostro centro e la nostra natura. E<br \/>\nla nostra natura \u00e8 quella di essere in equilibrio come \u00e8 in equilibrio<br \/>\nla natura di cui facciamo. Dentro di noi come noi nasciamo siamo in<br \/>\nequilibrio. Noi nasciamo illuminati, siamo gi\u00e0 dei piccoli Buddha. Poi<br \/>\ngradualmente veniamo condizionati e assumiamo attitudini, ruoli dettati<br \/>\ndalla societ\u00e0, dalla religione, dall\u2019 educazione. Le regole imposte<br \/>\niniziano cosi a staccarci dal nostro centro. Per\u00f2 noi nasciamo in<br \/>\nequilibrio a meno che appena nasciamo ci arrivi un trauma di qualche<br \/>\ntipo, allora li gi\u00e0 si possono creare delle problematiche. Ma la nostra natura, quando nasciamo, \u00e8 quella di essere fluidi,<br \/>\nrilassati, sereni. Noi nasciamo cosi, come gli animali e le piante. E<br \/>\nsarebbe giusto che noi rimanessimo cos\u00ec; per\u00f2 purtroppo, a causa dei<br \/>\ncondizionamenti di cui parlavamo prima, piano piano cominciamo ad<br \/>\nallontanarci dalla nostra natura. La meditazione ci riporta verso la<br \/>\nnostra natura e quindi verso il nostro centro. Il nostro centro rimane<br \/>\nsempre puro, anche se si diventa dei criminali, non \u00e8 importante come si<br \/>\n \u00e8 all\u2019 esterno, il centro non sparisce mai. Chiaramente chi \u00e8 pi\u00f9<br \/>\nlontano dal proprio centro fa pi\u00f9 fatica a tornare in questo stato di<br \/>\nequilibrio. La meditazione ci porta verso il nostro centro, e pi\u00f9 medito<br \/>\n e pi\u00f9 la mia vita comincia a cambiare di nuovo. E la cosa bella e<br \/>\nveramente importante \u00e8 che la vita comincia a cambiare in positivo<br \/>\nnaturalmente e questo \u00e8 il pi\u00f9 grande regalo che arriva dalla<br \/>\nmeditazione, \u00e8 una cosa che succede da sola. Pi\u00f9 vado verso il mio<br \/>\ncentro e pi\u00f9 qualcosa comincia a cambiare dentro di me in modo sottile:<br \/>\nla vita si alleggerisce perch\u00e9 io mi alleggerisco, la mia consapevolezza<br \/>\n aumenta e posso individuare quando sono fuori o quando sono dentro.<br \/>\nDivento protagonista della mia vita e non pi\u00f9 succube, trascinato dalle<br \/>\nemozioni o dai problemi, dalle difficolt\u00e0 o da certe attitudini che<br \/>\nripropongo e ripeto, di cui schiavo, perch\u00e9 sono le mie emozioni, i miei<br \/>\n pensieri che mi conducono, non sono pi\u00f9 io. Pi\u00f9 andiamo verso il nostro<br \/>\n centro e pi\u00f9 acquisiamo potere, nel senso che riusciamo sempre di pi\u00f9<br \/>\nad andare oltre a questi schemi , oltre alle difficolt\u00e0. Nel momento in<br \/>\ncui invece sono sopraffatto da questi schemi, da queste emozioni non ho<br \/>\npi\u00f9 potere personale, potere in senso positivo. Ho potere quando non<br \/>\nsono pi\u00f9 a contatto con queste emozioni, oppure, siccome siamo esseri<br \/>\numani e queste emozioni possono venire fuori, riacquisto quando riesco<br \/>\nad individuarle, quando le comprendo e riesco quindi a lasciarle andare. La cosa positiva della meditazione \u00e8 che a poco a poco non dobbiamo fare<br \/>\n pi\u00f9 uno sforzo per lasciar andare, per crescere, per migliorare, non<br \/>\ndobbiamo pi\u00f9 imporci di crescere, di guarire, di lasciar andare. Ogni<br \/>\nvolta che ci diamo un messaggio del tipo \u201cio devo guarire\u201d e mi impongo<br \/>\ndi lasciar andare, stiamo dicendo che non siamo ok cosi come siamo, che<br \/>\nsiamo malati. Ogni volta che io voglio migliorare qualcosa e parto da un<br \/>\n \u2018\u2019voglio\u2019, o \u2018adesso far\u00f2 di tutto per\u2019, la cosa \u00e8 uno sforzo. Invece<br \/>\nandando sempre pi\u00f9 spesso in meditazione entro sempre pi\u00f9 in contatto<br \/>\ncon il mio centro, con la mia apertura, centratura, armonia, e di<br \/>\nriflesso tutto comincia a cambiare nella mia vita naturalmente. E<br \/>\nquesta \u00e8 una delle cose pi\u00f9 importanti della meditazione ed \u00e8 importante<br \/>\n riconoscerla e apprezzarla, tutto succede pi\u00f9 naturalmente. Ad un certo punto ho incluso la meditazione in tutto il mio lavoro e<br \/>\nanche nelle relazioni. Se io mi relaziono in un modo orrendo agli altri,<br \/>\n mi relaziono a me stesso in un modo orrendo per primo. Ma questo tipo<br \/>\ndi attitudine cambia andando in meditazione, io inizio naturalmente a<br \/>\nrelazionarmi a me e agli altri in un modo sempre pi\u00f9 positivo . Questo \u00e8 un gruppo sulla meditazione ed entrare in meditazione significa<br \/>\n collegarsi con il nostro centro. Il nostro centro \u00e8 il picco della<br \/>\nmontagna e dal picco della montagna si vede tutto dall\u2019 alto. Questa \u00e8<br \/>\nla consapevolezza, si vede la nebbia dall\u2019 alto. Noi non vogliamo essere<br \/>\n nebbia ed ecco perch\u00e8 in questo weekend la frase \u00e8 stata: \u201cnon<br \/>\nriconosco il bambino lamentoso che \u00e8 in te ma riconosco il Buddha che \u00e8<br \/>\nin te\u201d. Ma facciamo un esempio. Se io inizio a fare una attivit\u00e0 fisica,<br \/>\n devo avere un minimo di dedizione per arrivare a dei risultati, mi ci<br \/>\nvuole un po\u2019 di tempo, devo dare energia a questa cosa. Allora dopo un<br \/>\npo\u2019 inizio a vedere i risultati sul mio corpo. E cosi \u00e8 con qualunque<br \/>\ncosa nella vita. Se inizio una attivit\u00e0 questa attivit\u00e0 ha bisogno di<br \/>\ntempo per decollare e cos\u00ec via. La stessa cosa avviene con la<br \/>\nmeditazione, bisogna darle un po\u2019 di energia, magari sono 15 minuti al<br \/>\ngiorno. Ma questo quarto d\u2019ora, se fatto ogni giorno, dopo un po\u2019 da dei<br \/>\n risultati. Se io non pratico, questi risultati non li ho. E\u2019 molto<br \/>\nfacile nel mondo non meditare, perch\u00e9 nel mondo la maggior parte della<br \/>\ngente non medita, per cui mi dico \u2018beh, comunque il mondo va avanti lo<br \/>\nstesso, se io non medito comunque vado avanti, comunque la maggior parte<br \/>\n della gente non lo fa\u2019. E quindi facilmente posso non meditare,<br \/>\nsoprattutto se non vivo in una comunit\u00e0, in un centro dove si \u00e8 portati<br \/>\nin qualche modo a riconnettersi a ci\u00f2 che \u00e8 meditazione, ad andare<br \/>\ndentro di noi. Ed \u00e8 chiaro che in questo modo &#8211; ed \u00e8 cosi per chiunque &#8211;<br \/>\n se perdo questa centratura o se mai la ho approcciata, dopo un po\u2019<br \/>\nperdo tutto quello su cui sto lavorando, lo perdo anche abbastanza<br \/>\nfacilmente. Quindi il mio consiglio, se siete interessati veramente alla<br \/>\n meditazione, portate fuori quello che fate qui nella vita di ogni<br \/>\ngiorno e provate a fare un po\u2019 di meditazione, meditate anche solo un<br \/>\nquarto d\u2019 ora. Se potete farlo di pi\u00f9 \u00e8 ok , dico un quarto d\u2019ora perch\u00e9<br \/>\n magari uno dice adesso \u2018mediter\u00f2 per un\u2019 ora e mezzo ogni giorno\u2019 e poi<br \/>\n non lo fa pi\u00f9 perch\u00e9 magari un\u2019ora e mezza \u00e8 tanto.Mi ricordo un po\u2019 di anni fa che facevo delle serate in giro parlando di<br \/>\n meditazione e la gente mi guardava in modo strano e mi sentivo un po\u2019<br \/>\nun alieno quando parlavo di meditazione. Invece adesso molte persone<br \/>\nsono interessate alla meditazione, adesso si trovano molti libri in<br \/>\ngiro, ci sono molti siti su Internet che la spiegano. L\u2019occidente \u00e8<br \/>\nsempre pi\u00f9 propenso ad andare verso questa parte che arriva dall\u2019<br \/>\noriente, perch\u00e9 sentiamo qualcosa dentro di noi, sentiamo che c\u2019\u00e8<br \/>\nbisogno dentro di noi di un rilassamento, di compensare tutta la<br \/>\nfrenesia occidentale, in qualche modo di riumanizzarci. E sono sicuro<br \/>\nche andando dentro di noi, pi\u00f9 la gente sperimenta questo, e pi\u00f9 questo<br \/>\nmondo far\u00e0 veramente un salto. I punti che per noi come umanit\u00e0 sono<br \/>\ncritici in qualche modo li guariremo.<\/p>\n","protected":false},"excerpt":{"rendered":"<p>Ecco alcune parole di Osho a descrivere l\u2019esperienza del satori:<br \/>\n\u201cSorge un nuovo ordine interno, un ordine che nasce dall\u2019intimo del proprio essere. Non \u00e8 pi\u00f9 imposto dalla societ\u00e0, dagli altri, non \u00e8 pi\u00f9 una prigione. Ha il sapore della libert\u00e0. Nasce una disciplina naturale, una disciplina che ti appartiene. Nessuno ti chiede pi\u00f9 niente, nessuno ti dice pi\u00f9 cosa fare; semplicemente, spontaneamente, fai ci\u00f2 che \u00e8 giusto.\u201d<br \/>\ntratto dai Discorsi sul Canto di Mahamudra d iTilopa<\/p>\n","protected":false},"author":10,"featured_media":0,"comment_status":"open","ping_status":"open","sticky":false,"template":"","format":"standard","meta":{"cybocfi_hide_featured_image":"","footnotes":""},"categories":[109],"tags":[15166],"class_list":["post-5415","post","type-post","status-publish","format-standard","hentry","category-medicina-altenativa","tag-rimanere-centrati"],"yoast_head":"<!-- This site is optimized with the Yoast SEO plugin v27.0 - https:\/\/yoast.com\/product\/yoast-seo-wordpress\/ -->\n<title>SATORI - Rimanere centrati, con Siddhakam - Article Marketing<\/title>\n<meta name=\"robots\" content=\"index, follow, max-snippet:-1, max-image-preview:large, max-video-preview:-1\" \/>\n<link rel=\"canonical\" href=\"https:\/\/www.article-marketing.eu\/comunicati\/salute-e-benessere\/medicina-altenativa\/satori-rimanere-centrati-con-siddhakam\/\" \/>\n<meta property=\"og:locale\" content=\"it_IT\" \/>\n<meta property=\"og:type\" content=\"article\" \/>\n<meta property=\"og:title\" content=\"SATORI - Rimanere centrati, con Siddhakam - Article Marketing\" \/>\n<meta property=\"og:description\" content=\"Ecco alcune parole di Osho a descrivere l\u2019esperienza del satori: \u201cSorge un nuovo ordine interno, un ordine che nasce dall\u2019intimo del proprio essere. Non \u00e8 pi\u00f9 imposto dalla societ\u00e0, dagli altri, non \u00e8 pi\u00f9 una prigione. Ha il sapore della libert\u00e0. Nasce una disciplina naturale, una disciplina che ti appartiene. Nessuno ti chiede pi\u00f9 niente, nessuno ti dice pi\u00f9 cosa fare; semplicemente, spontaneamente, fai ci\u00f2 che \u00e8 giusto.\u201d tratto dai Discorsi sul Canto di Mahamudra d iTilopa\" \/>\n<meta property=\"og:url\" content=\"https:\/\/www.article-marketing.eu\/comunicati\/salute-e-benessere\/medicina-altenativa\/satori-rimanere-centrati-con-siddhakam\/\" \/>\n<meta property=\"og:site_name\" content=\"Article Marketing\" \/>\n<meta property=\"article:published_time\" content=\"2010-06-11T15:37:59+00:00\" \/>\n<meta name=\"author\" content=\"Redazione Comunicati Stampa\" \/>\n<meta name=\"twitter:card\" content=\"summary_large_image\" \/>\n<meta name=\"twitter:label1\" content=\"Scritto da\" \/>\n\t<meta name=\"twitter:data1\" content=\"Redazione Comunicati Stampa\" \/>\n\t<meta name=\"twitter:label2\" content=\"Tempo di lettura stimato\" \/>\n\t<meta name=\"twitter:data2\" content=\"8 minuti\" \/>\n<script type=\"application\/ld+json\" class=\"yoast-schema-graph\">{\"@context\":\"https:\/\/schema.org\",\"@graph\":[{\"@type\":\"Article\",\"@id\":\"https:\/\/www.article-marketing.eu\/comunicati\/salute-e-benessere\/medicina-altenativa\/satori-rimanere-centrati-con-siddhakam\/#article\",\"isPartOf\":{\"@id\":\"https:\/\/www.article-marketing.eu\/comunicati\/salute-e-benessere\/medicina-altenativa\/satori-rimanere-centrati-con-siddhakam\/\"},\"author\":{\"name\":\"Redazione Comunicati Stampa\",\"@id\":\"https:\/\/www.article-marketing.eu\/comunicati\/#\/schema\/person\/44372e4d4d0fa797b18e03ed1ace9017\"},\"headline\":\"SATORI &#8211; Rimanere centrati, con Siddhakam\",\"datePublished\":\"2010-06-11T15:37:59+00:00\",\"mainEntityOfPage\":{\"@id\":\"https:\/\/www.article-marketing.eu\/comunicati\/salute-e-benessere\/medicina-altenativa\/satori-rimanere-centrati-con-siddhakam\/\"},\"wordCount\":1674,\"commentCount\":0,\"keywords\":[\"RIMANERE CENTRATI\"],\"articleSection\":[\"Medicina altenativa\"],\"inLanguage\":\"it-IT\",\"potentialAction\":[{\"@type\":\"CommentAction\",\"name\":\"Comment\",\"target\":[\"https:\/\/www.article-marketing.eu\/comunicati\/salute-e-benessere\/medicina-altenativa\/satori-rimanere-centrati-con-siddhakam\/#respond\"]}]},{\"@type\":\"WebPage\",\"@id\":\"https:\/\/www.article-marketing.eu\/comunicati\/salute-e-benessere\/medicina-altenativa\/satori-rimanere-centrati-con-siddhakam\/\",\"url\":\"https:\/\/www.article-marketing.eu\/comunicati\/salute-e-benessere\/medicina-altenativa\/satori-rimanere-centrati-con-siddhakam\/\",\"name\":\"SATORI - Rimanere centrati, con Siddhakam - Article Marketing\",\"isPartOf\":{\"@id\":\"https:\/\/www.article-marketing.eu\/comunicati\/#website\"},\"datePublished\":\"2010-06-11T15:37:59+00:00\",\"author\":{\"@id\":\"https:\/\/www.article-marketing.eu\/comunicati\/#\/schema\/person\/44372e4d4d0fa797b18e03ed1ace9017\"},\"breadcrumb\":{\"@id\":\"https:\/\/www.article-marketing.eu\/comunicati\/salute-e-benessere\/medicina-altenativa\/satori-rimanere-centrati-con-siddhakam\/#breadcrumb\"},\"inLanguage\":\"it-IT\",\"potentialAction\":[{\"@type\":\"ReadAction\",\"target\":[\"https:\/\/www.article-marketing.eu\/comunicati\/salute-e-benessere\/medicina-altenativa\/satori-rimanere-centrati-con-siddhakam\/\"]}]},{\"@type\":\"BreadcrumbList\",\"@id\":\"https:\/\/www.article-marketing.eu\/comunicati\/salute-e-benessere\/medicina-altenativa\/satori-rimanere-centrati-con-siddhakam\/#breadcrumb\",\"itemListElement\":[{\"@type\":\"ListItem\",\"position\":1,\"name\":\"Home\",\"item\":\"https:\/\/www.article-marketing.eu\/comunicati\/\"},{\"@type\":\"ListItem\",\"position\":2,\"name\":\"SATORI &#8211; Rimanere centrati, con Siddhakam\"}]},{\"@type\":\"WebSite\",\"@id\":\"https:\/\/www.article-marketing.eu\/comunicati\/#website\",\"url\":\"https:\/\/www.article-marketing.eu\/comunicati\/\",\"name\":\"Article Marketing\",\"description\":\"article marketing &amp; press release\",\"potentialAction\":[{\"@type\":\"SearchAction\",\"target\":{\"@type\":\"EntryPoint\",\"urlTemplate\":\"https:\/\/www.article-marketing.eu\/comunicati\/?s={search_term_string}\"},\"query-input\":{\"@type\":\"PropertyValueSpecification\",\"valueRequired\":true,\"valueName\":\"search_term_string\"}}],\"inLanguage\":\"it-IT\"},{\"@type\":\"Person\",\"@id\":\"https:\/\/www.article-marketing.eu\/comunicati\/#\/schema\/person\/44372e4d4d0fa797b18e03ed1ace9017\",\"name\":\"Redazione Comunicati Stampa\",\"image\":{\"@type\":\"ImageObject\",\"inLanguage\":\"it-IT\",\"@id\":\"https:\/\/www.article-marketing.eu\/comunicati\/#\/schema\/person\/image\/\",\"url\":\"https:\/\/secure.gravatar.com\/avatar\/50e5c6421d3072f42e7ace803501602c60d75233d34e29fd05feb91c8760b792?s=96&d=mm&r=g\",\"contentUrl\":\"https:\/\/secure.gravatar.com\/avatar\/50e5c6421d3072f42e7ace803501602c60d75233d34e29fd05feb91c8760b792?s=96&d=mm&r=g\",\"caption\":\"Redazione Comunicati Stampa\"},\"url\":\"https:\/\/www.article-marketing.eu\/comunicati\/author\/redazione-comunicati-stampa\/\"}]}<\/script>\n<!-- \/ Yoast SEO plugin. -->","yoast_head_json":{"title":"SATORI - Rimanere centrati, con Siddhakam - Article Marketing","robots":{"index":"index","follow":"follow","max-snippet":"max-snippet:-1","max-image-preview":"max-image-preview:large","max-video-preview":"max-video-preview:-1"},"canonical":"https:\/\/www.article-marketing.eu\/comunicati\/salute-e-benessere\/medicina-altenativa\/satori-rimanere-centrati-con-siddhakam\/","og_locale":"it_IT","og_type":"article","og_title":"SATORI - Rimanere centrati, con Siddhakam - Article Marketing","og_description":"Ecco alcune parole di Osho a descrivere l\u2019esperienza del satori: \u201cSorge un nuovo ordine interno, un ordine che nasce dall\u2019intimo del proprio essere. Non \u00e8 pi\u00f9 imposto dalla societ\u00e0, dagli altri, non \u00e8 pi\u00f9 una prigione. Ha il sapore della libert\u00e0. Nasce una disciplina naturale, una disciplina che ti appartiene. Nessuno ti chiede pi\u00f9 niente, nessuno ti dice pi\u00f9 cosa fare; semplicemente, spontaneamente, fai ci\u00f2 che \u00e8 giusto.\u201d tratto dai Discorsi sul Canto di Mahamudra d iTilopa","og_url":"https:\/\/www.article-marketing.eu\/comunicati\/salute-e-benessere\/medicina-altenativa\/satori-rimanere-centrati-con-siddhakam\/","og_site_name":"Article Marketing","article_published_time":"2010-06-11T15:37:59+00:00","author":"Redazione Comunicati Stampa","twitter_card":"summary_large_image","twitter_misc":{"Scritto da":"Redazione Comunicati Stampa","Tempo di lettura stimato":"8 minuti"},"schema":{"@context":"https:\/\/schema.org","@graph":[{"@type":"Article","@id":"https:\/\/www.article-marketing.eu\/comunicati\/salute-e-benessere\/medicina-altenativa\/satori-rimanere-centrati-con-siddhakam\/#article","isPartOf":{"@id":"https:\/\/www.article-marketing.eu\/comunicati\/salute-e-benessere\/medicina-altenativa\/satori-rimanere-centrati-con-siddhakam\/"},"author":{"name":"Redazione Comunicati Stampa","@id":"https:\/\/www.article-marketing.eu\/comunicati\/#\/schema\/person\/44372e4d4d0fa797b18e03ed1ace9017"},"headline":"SATORI &#8211; Rimanere centrati, con Siddhakam","datePublished":"2010-06-11T15:37:59+00:00","mainEntityOfPage":{"@id":"https:\/\/www.article-marketing.eu\/comunicati\/salute-e-benessere\/medicina-altenativa\/satori-rimanere-centrati-con-siddhakam\/"},"wordCount":1674,"commentCount":0,"keywords":["RIMANERE CENTRATI"],"articleSection":["Medicina altenativa"],"inLanguage":"it-IT","potentialAction":[{"@type":"CommentAction","name":"Comment","target":["https:\/\/www.article-marketing.eu\/comunicati\/salute-e-benessere\/medicina-altenativa\/satori-rimanere-centrati-con-siddhakam\/#respond"]}]},{"@type":"WebPage","@id":"https:\/\/www.article-marketing.eu\/comunicati\/salute-e-benessere\/medicina-altenativa\/satori-rimanere-centrati-con-siddhakam\/","url":"https:\/\/www.article-marketing.eu\/comunicati\/salute-e-benessere\/medicina-altenativa\/satori-rimanere-centrati-con-siddhakam\/","name":"SATORI - Rimanere centrati, con Siddhakam - Article Marketing","isPartOf":{"@id":"https:\/\/www.article-marketing.eu\/comunicati\/#website"},"datePublished":"2010-06-11T15:37:59+00:00","author":{"@id":"https:\/\/www.article-marketing.eu\/comunicati\/#\/schema\/person\/44372e4d4d0fa797b18e03ed1ace9017"},"breadcrumb":{"@id":"https:\/\/www.article-marketing.eu\/comunicati\/salute-e-benessere\/medicina-altenativa\/satori-rimanere-centrati-con-siddhakam\/#breadcrumb"},"inLanguage":"it-IT","potentialAction":[{"@type":"ReadAction","target":["https:\/\/www.article-marketing.eu\/comunicati\/salute-e-benessere\/medicina-altenativa\/satori-rimanere-centrati-con-siddhakam\/"]}]},{"@type":"BreadcrumbList","@id":"https:\/\/www.article-marketing.eu\/comunicati\/salute-e-benessere\/medicina-altenativa\/satori-rimanere-centrati-con-siddhakam\/#breadcrumb","itemListElement":[{"@type":"ListItem","position":1,"name":"Home","item":"https:\/\/www.article-marketing.eu\/comunicati\/"},{"@type":"ListItem","position":2,"name":"SATORI &#8211; Rimanere centrati, con Siddhakam"}]},{"@type":"WebSite","@id":"https:\/\/www.article-marketing.eu\/comunicati\/#website","url":"https:\/\/www.article-marketing.eu\/comunicati\/","name":"Article Marketing","description":"article marketing &amp; press release","potentialAction":[{"@type":"SearchAction","target":{"@type":"EntryPoint","urlTemplate":"https:\/\/www.article-marketing.eu\/comunicati\/?s={search_term_string}"},"query-input":{"@type":"PropertyValueSpecification","valueRequired":true,"valueName":"search_term_string"}}],"inLanguage":"it-IT"},{"@type":"Person","@id":"https:\/\/www.article-marketing.eu\/comunicati\/#\/schema\/person\/44372e4d4d0fa797b18e03ed1ace9017","name":"Redazione Comunicati Stampa","image":{"@type":"ImageObject","inLanguage":"it-IT","@id":"https:\/\/www.article-marketing.eu\/comunicati\/#\/schema\/person\/image\/","url":"https:\/\/secure.gravatar.com\/avatar\/50e5c6421d3072f42e7ace803501602c60d75233d34e29fd05feb91c8760b792?s=96&d=mm&r=g","contentUrl":"https:\/\/secure.gravatar.com\/avatar\/50e5c6421d3072f42e7ace803501602c60d75233d34e29fd05feb91c8760b792?s=96&d=mm&r=g","caption":"Redazione Comunicati Stampa"},"url":"https:\/\/www.article-marketing.eu\/comunicati\/author\/redazione-comunicati-stampa\/"}]}},"_links":{"self":[{"href":"https:\/\/www.article-marketing.eu\/comunicati\/wp-json\/wp\/v2\/posts\/5415","targetHints":{"allow":["GET"]}}],"collection":[{"href":"https:\/\/www.article-marketing.eu\/comunicati\/wp-json\/wp\/v2\/posts"}],"about":[{"href":"https:\/\/www.article-marketing.eu\/comunicati\/wp-json\/wp\/v2\/types\/post"}],"author":[{"embeddable":true,"href":"https:\/\/www.article-marketing.eu\/comunicati\/wp-json\/wp\/v2\/users\/10"}],"replies":[{"embeddable":true,"href":"https:\/\/www.article-marketing.eu\/comunicati\/wp-json\/wp\/v2\/comments?post=5415"}],"version-history":[{"count":0,"href":"https:\/\/www.article-marketing.eu\/comunicati\/wp-json\/wp\/v2\/posts\/5415\/revisions"}],"wp:attachment":[{"href":"https:\/\/www.article-marketing.eu\/comunicati\/wp-json\/wp\/v2\/media?parent=5415"}],"wp:term":[{"taxonomy":"category","embeddable":true,"href":"https:\/\/www.article-marketing.eu\/comunicati\/wp-json\/wp\/v2\/categories?post=5415"},{"taxonomy":"post_tag","embeddable":true,"href":"https:\/\/www.article-marketing.eu\/comunicati\/wp-json\/wp\/v2\/tags?post=5415"}],"curies":[{"name":"wp","href":"https:\/\/api.w.org\/{rel}","templated":true}]}}