{"id":5417,"date":"2010-06-11T21:06:24","date_gmt":"2010-06-11T19:06:24","guid":{"rendered":"http:\/\/www.article-marketing.eu\/comunicati\/senza-categoria\/la-memoria-interna-detta-memoria-principale-corso-di-antonino-brambilla\/"},"modified":"2010-06-11T21:06:24","modified_gmt":"2010-06-11T19:06:24","slug":"la-memoria-interna-detta-memoria-principale-corso-di-antonino-brambilla","status":"publish","type":"post","link":"https:\/\/www.article-marketing.eu\/comunicati\/computer\/la-memoria-interna-detta-memoria-principale-corso-di-antonino-brambilla\/","title":{"rendered":"&#8220;La memoria interna&#8221; detta memoria principale, corso di Antonino Brambilla"},"content":{"rendered":"<p>Portale di Antonino Brambilla ricco di articoli per imparare l&#8217;informatica<br \/>\nL&#8217;obiettivo di Antonino Brambilla:<\/p>\n<p>L&#8217;obiettivo prefissato da <a title=\"Antonino Brambilla\" href=\"http:\/\/blog.libero.it\/brambillaict\/8909591.html\">Antonino Brambilla<\/a>, va al di l\u00e0 dei semplici manuali che siamo abituati a studiare e che non hanno nessun tipo di interazione con gli altri lettori e con colui che ha scritto tali testi. Infatti Antonino Brambilla, ha deciso di creare un semplice blog, ma organizzato in maniera intuitiva e facilmente comprensibile e consultabile e interattiva, offrendo la possibilit\u00e0 agli utenti giorno per giorno, lezione per lezione, di esprimere le proprie opinioni, i propri dubbi ed incertezze circa il capitolo o l&#8217;argomento che pi\u00f9 gli interessa. <em><strong>Sar\u00e0 molto pi\u00f9 semplice imparare l&#8217;informatica, senza doversi perforza leggere tutto in un fiato libri e manuali complessi e difficilmente comprensibile ad utenti principianti.<\/strong><\/em><\/p>\n<p>Interattivit\u00e0 del blog di Antonino Brambilla:<\/p>\n<p>Aggiungete commenti, opinioni e riflessioni che possono giungere durante lo studio di tali argomenti, tutti i commenti saranno disposti oltre che al di sotto degli articoli, per comodit\u00e0, anche in una pagina che raccoglier\u00e0 gli ultimi inseriti:<\/p>\n<p>Prime lezioni sull&#8217;informatica, articoli scritti da Antonino Brambilla:<br \/>\n<strong>Non perdete la prima lezione che introduce il lettore ad un&#8217;analisi della terminologia dell&#8217;informatica e dei concetti che sono intrinsechi ad essa.<\/strong><br \/>\nCose&#8217;\u00e8 l&#8217;informatica, cosa \u00e8 la programmazione i programmi ed i linguaggi di programmazione, la terminologia e gli algoritmi,<\/p>\n<p><strong>In questo capitolo &quot;Antonino Brambilla&quot;, dopo aver stabilito cos&#8217;\u00e8 un elaboratore elettronico e qual&#8217;\u00e8 la sua struttura generale, esamina nel particolare le componenti dell&#8217;Architettura di von Neumann, e cio\u00e8, l&#8217;unit\u00e0 centrale, la memoria interna ed i dispositivi periferici.<\/strong><\/p>\n<p>Antonino Brambilla, &quot;La memoria interna di un elaboratore&quot;:<\/p>\n<p>Questo capitolo interessa in particolare &quot;la memoria interna&quot; detta memoria principale di un elaboratore elettronico.<br \/>&quot;Antonino Brambilla&quot; in questo capitolo ci insegner\u00e0 cosa \u00e8 la memoria principale di un elaboratore, a cosa serve, come funziona e le tipologie di memorie come RAM e ROM e il loro significato.<\/p>\n<p>Analizzer\u00e0 come l&#8217;informazione viene trattata, illustrer\u00e0 i vari raggruppamenti di bit che creano la memoria, svilupper\u00e0 schemi per la misurazione della quantit\u00e0 di memoria disponibile per l&#8217;esecuzione di un programma.<\/p>\n<p>Terza lezione di Antonino Brambilla<\/p>\n<p>Si tratta della terza lezione tenuta da Antonino Brambilla programmatore e software developer, che prosegue l&#8217;argomento trattato nelle precedenti e che come in ogni lezione, il Brambilla consiglia gli utenti di interagire con il blog inserendo i commenti , aprendo dibattiti e discussioni e dando le proprie opinioni u ogni singola lezione che si vuole approfondire.<br \/>Pi\u00f9 che lo scopo di insegnare con articoli e post infatti Antonino Brambilla, ha scelto di utilizzare una forma di insegnamento organizzata e strutturata in maniera dinamica e partecipativa con gli altri utenti del blog.<\/p>\n<p>http:\/\/blog.libero.it\/brambillaict\/<\/p>\n<\/p>\n<p><\/p>\n","protected":false},"excerpt":{"rendered":"<p>Continua la lezione tenuta da Antonino Brambilla sugli elaboratori elettronici.<br \/>\nIn questa lezione Antonino Brambilla tratta l&#8217;argomento della memoria interna detta anche memoria principale di un elaboratore elettronico<\/p>\n","protected":false},"author":10,"featured_media":0,"comment_status":"open","ping_status":"open","sticky":false,"template":"","format":"standard","meta":{"cybocfi_hide_featured_image":"","footnotes":""},"categories":[172],"tags":[14546,14548,14547],"class_list":["post-5417","post","type-post","status-publish","format-standard","hentry","category-computer","tag-antonino-brambilla","tag-brambilla","tag-brambilla-antonino"],"yoast_head":"<!-- This site is optimized with the Yoast SEO plugin v27.0 - https:\/\/yoast.com\/product\/yoast-seo-wordpress\/ -->\n<title>&quot;La memoria interna&quot; detta memoria principale, corso di Antonino Brambilla - Article Marketing<\/title>\n<meta name=\"robots\" content=\"index, follow, max-snippet:-1, max-image-preview:large, max-video-preview:-1\" \/>\n<link rel=\"canonical\" href=\"https:\/\/www.article-marketing.eu\/comunicati\/computer\/la-memoria-interna-detta-memoria-principale-corso-di-antonino-brambilla\/\" \/>\n<meta property=\"og:locale\" content=\"it_IT\" \/>\n<meta property=\"og:type\" content=\"article\" \/>\n<meta property=\"og:title\" content=\"&quot;La memoria interna&quot; detta memoria principale, corso di Antonino Brambilla - Article Marketing\" \/>\n<meta property=\"og:description\" content=\"Continua la lezione tenuta da Antonino Brambilla sugli elaboratori elettronici. In questa lezione Antonino Brambilla tratta l&#039;argomento della memoria interna detta anche memoria principale di un elaboratore elettronico\" \/>\n<meta property=\"og:url\" content=\"https:\/\/www.article-marketing.eu\/comunicati\/computer\/la-memoria-interna-detta-memoria-principale-corso-di-antonino-brambilla\/\" \/>\n<meta property=\"og:site_name\" content=\"Article Marketing\" \/>\n<meta property=\"article:published_time\" content=\"2010-06-11T19:06:24+00:00\" \/>\n<meta name=\"author\" content=\"Redazione Comunicati Stampa\" \/>\n<meta name=\"twitter:card\" content=\"summary_large_image\" \/>\n<meta name=\"twitter:label1\" content=\"Scritto da\" \/>\n\t<meta name=\"twitter:data1\" content=\"Redazione Comunicati Stampa\" \/>\n\t<meta name=\"twitter:label2\" content=\"Tempo di lettura stimato\" \/>\n\t<meta name=\"twitter:data2\" content=\"2 minuti\" \/>\n<script type=\"application\/ld+json\" class=\"yoast-schema-graph\">{\"@context\":\"https:\/\/schema.org\",\"@graph\":[{\"@type\":\"Article\",\"@id\":\"https:\/\/www.article-marketing.eu\/comunicati\/computer\/la-memoria-interna-detta-memoria-principale-corso-di-antonino-brambilla\/#article\",\"isPartOf\":{\"@id\":\"https:\/\/www.article-marketing.eu\/comunicati\/computer\/la-memoria-interna-detta-memoria-principale-corso-di-antonino-brambilla\/\"},\"author\":{\"name\":\"Redazione Comunicati Stampa\",\"@id\":\"https:\/\/www.article-marketing.eu\/comunicati\/#\/schema\/person\/44372e4d4d0fa797b18e03ed1ace9017\"},\"headline\":\"&#8220;La memoria interna&#8221; detta memoria principale, corso di Antonino Brambilla\",\"datePublished\":\"2010-06-11T19:06:24+00:00\",\"mainEntityOfPage\":{\"@id\":\"https:\/\/www.article-marketing.eu\/comunicati\/computer\/la-memoria-interna-detta-memoria-principale-corso-di-antonino-brambilla\/\"},\"wordCount\":458,\"commentCount\":0,\"keywords\":[\"antonino brambilla\",\"brambilla\",\"brambilla antonino\"],\"articleSection\":[\"Computer\"],\"inLanguage\":\"it-IT\",\"potentialAction\":[{\"@type\":\"CommentAction\",\"name\":\"Comment\",\"target\":[\"https:\/\/www.article-marketing.eu\/comunicati\/computer\/la-memoria-interna-detta-memoria-principale-corso-di-antonino-brambilla\/#respond\"]}]},{\"@type\":\"WebPage\",\"@id\":\"https:\/\/www.article-marketing.eu\/comunicati\/computer\/la-memoria-interna-detta-memoria-principale-corso-di-antonino-brambilla\/\",\"url\":\"https:\/\/www.article-marketing.eu\/comunicati\/computer\/la-memoria-interna-detta-memoria-principale-corso-di-antonino-brambilla\/\",\"name\":\"\\\"La memoria interna\\\" detta memoria principale, corso di Antonino Brambilla - Article Marketing\",\"isPartOf\":{\"@id\":\"https:\/\/www.article-marketing.eu\/comunicati\/#website\"},\"datePublished\":\"2010-06-11T19:06:24+00:00\",\"author\":{\"@id\":\"https:\/\/www.article-marketing.eu\/comunicati\/#\/schema\/person\/44372e4d4d0fa797b18e03ed1ace9017\"},\"breadcrumb\":{\"@id\":\"https:\/\/www.article-marketing.eu\/comunicati\/computer\/la-memoria-interna-detta-memoria-principale-corso-di-antonino-brambilla\/#breadcrumb\"},\"inLanguage\":\"it-IT\",\"potentialAction\":[{\"@type\":\"ReadAction\",\"target\":[\"https:\/\/www.article-marketing.eu\/comunicati\/computer\/la-memoria-interna-detta-memoria-principale-corso-di-antonino-brambilla\/\"]}]},{\"@type\":\"BreadcrumbList\",\"@id\":\"https:\/\/www.article-marketing.eu\/comunicati\/computer\/la-memoria-interna-detta-memoria-principale-corso-di-antonino-brambilla\/#breadcrumb\",\"itemListElement\":[{\"@type\":\"ListItem\",\"position\":1,\"name\":\"Home\",\"item\":\"https:\/\/www.article-marketing.eu\/comunicati\/\"},{\"@type\":\"ListItem\",\"position\":2,\"name\":\"&#8220;La memoria interna&#8221; detta memoria principale, corso di Antonino Brambilla\"}]},{\"@type\":\"WebSite\",\"@id\":\"https:\/\/www.article-marketing.eu\/comunicati\/#website\",\"url\":\"https:\/\/www.article-marketing.eu\/comunicati\/\",\"name\":\"Article Marketing\",\"description\":\"article marketing &amp; press release\",\"potentialAction\":[{\"@type\":\"SearchAction\",\"target\":{\"@type\":\"EntryPoint\",\"urlTemplate\":\"https:\/\/www.article-marketing.eu\/comunicati\/?s={search_term_string}\"},\"query-input\":{\"@type\":\"PropertyValueSpecification\",\"valueRequired\":true,\"valueName\":\"search_term_string\"}}],\"inLanguage\":\"it-IT\"},{\"@type\":\"Person\",\"@id\":\"https:\/\/www.article-marketing.eu\/comunicati\/#\/schema\/person\/44372e4d4d0fa797b18e03ed1ace9017\",\"name\":\"Redazione Comunicati Stampa\",\"image\":{\"@type\":\"ImageObject\",\"inLanguage\":\"it-IT\",\"@id\":\"https:\/\/www.article-marketing.eu\/comunicati\/#\/schema\/person\/image\/\",\"url\":\"https:\/\/secure.gravatar.com\/avatar\/50e5c6421d3072f42e7ace803501602c60d75233d34e29fd05feb91c8760b792?s=96&d=mm&r=g\",\"contentUrl\":\"https:\/\/secure.gravatar.com\/avatar\/50e5c6421d3072f42e7ace803501602c60d75233d34e29fd05feb91c8760b792?s=96&d=mm&r=g\",\"caption\":\"Redazione Comunicati Stampa\"},\"url\":\"https:\/\/www.article-marketing.eu\/comunicati\/author\/redazione-comunicati-stampa\/\"}]}<\/script>\n<!-- \/ Yoast SEO plugin. -->","yoast_head_json":{"title":"\"La memoria interna\" detta memoria principale, corso di Antonino Brambilla - Article Marketing","robots":{"index":"index","follow":"follow","max-snippet":"max-snippet:-1","max-image-preview":"max-image-preview:large","max-video-preview":"max-video-preview:-1"},"canonical":"https:\/\/www.article-marketing.eu\/comunicati\/computer\/la-memoria-interna-detta-memoria-principale-corso-di-antonino-brambilla\/","og_locale":"it_IT","og_type":"article","og_title":"\"La memoria interna\" detta memoria principale, corso di Antonino Brambilla - Article Marketing","og_description":"Continua la lezione tenuta da Antonino Brambilla sugli elaboratori elettronici. In questa lezione Antonino Brambilla tratta l'argomento della memoria interna detta anche memoria principale di un elaboratore elettronico","og_url":"https:\/\/www.article-marketing.eu\/comunicati\/computer\/la-memoria-interna-detta-memoria-principale-corso-di-antonino-brambilla\/","og_site_name":"Article Marketing","article_published_time":"2010-06-11T19:06:24+00:00","author":"Redazione Comunicati Stampa","twitter_card":"summary_large_image","twitter_misc":{"Scritto da":"Redazione Comunicati Stampa","Tempo di lettura stimato":"2 minuti"},"schema":{"@context":"https:\/\/schema.org","@graph":[{"@type":"Article","@id":"https:\/\/www.article-marketing.eu\/comunicati\/computer\/la-memoria-interna-detta-memoria-principale-corso-di-antonino-brambilla\/#article","isPartOf":{"@id":"https:\/\/www.article-marketing.eu\/comunicati\/computer\/la-memoria-interna-detta-memoria-principale-corso-di-antonino-brambilla\/"},"author":{"name":"Redazione Comunicati Stampa","@id":"https:\/\/www.article-marketing.eu\/comunicati\/#\/schema\/person\/44372e4d4d0fa797b18e03ed1ace9017"},"headline":"&#8220;La memoria interna&#8221; detta memoria principale, corso di Antonino Brambilla","datePublished":"2010-06-11T19:06:24+00:00","mainEntityOfPage":{"@id":"https:\/\/www.article-marketing.eu\/comunicati\/computer\/la-memoria-interna-detta-memoria-principale-corso-di-antonino-brambilla\/"},"wordCount":458,"commentCount":0,"keywords":["antonino brambilla","brambilla","brambilla antonino"],"articleSection":["Computer"],"inLanguage":"it-IT","potentialAction":[{"@type":"CommentAction","name":"Comment","target":["https:\/\/www.article-marketing.eu\/comunicati\/computer\/la-memoria-interna-detta-memoria-principale-corso-di-antonino-brambilla\/#respond"]}]},{"@type":"WebPage","@id":"https:\/\/www.article-marketing.eu\/comunicati\/computer\/la-memoria-interna-detta-memoria-principale-corso-di-antonino-brambilla\/","url":"https:\/\/www.article-marketing.eu\/comunicati\/computer\/la-memoria-interna-detta-memoria-principale-corso-di-antonino-brambilla\/","name":"\"La memoria interna\" detta memoria principale, corso di Antonino Brambilla - Article Marketing","isPartOf":{"@id":"https:\/\/www.article-marketing.eu\/comunicati\/#website"},"datePublished":"2010-06-11T19:06:24+00:00","author":{"@id":"https:\/\/www.article-marketing.eu\/comunicati\/#\/schema\/person\/44372e4d4d0fa797b18e03ed1ace9017"},"breadcrumb":{"@id":"https:\/\/www.article-marketing.eu\/comunicati\/computer\/la-memoria-interna-detta-memoria-principale-corso-di-antonino-brambilla\/#breadcrumb"},"inLanguage":"it-IT","potentialAction":[{"@type":"ReadAction","target":["https:\/\/www.article-marketing.eu\/comunicati\/computer\/la-memoria-interna-detta-memoria-principale-corso-di-antonino-brambilla\/"]}]},{"@type":"BreadcrumbList","@id":"https:\/\/www.article-marketing.eu\/comunicati\/computer\/la-memoria-interna-detta-memoria-principale-corso-di-antonino-brambilla\/#breadcrumb","itemListElement":[{"@type":"ListItem","position":1,"name":"Home","item":"https:\/\/www.article-marketing.eu\/comunicati\/"},{"@type":"ListItem","position":2,"name":"&#8220;La memoria interna&#8221; detta memoria principale, corso di Antonino Brambilla"}]},{"@type":"WebSite","@id":"https:\/\/www.article-marketing.eu\/comunicati\/#website","url":"https:\/\/www.article-marketing.eu\/comunicati\/","name":"Article Marketing","description":"article marketing &amp; press release","potentialAction":[{"@type":"SearchAction","target":{"@type":"EntryPoint","urlTemplate":"https:\/\/www.article-marketing.eu\/comunicati\/?s={search_term_string}"},"query-input":{"@type":"PropertyValueSpecification","valueRequired":true,"valueName":"search_term_string"}}],"inLanguage":"it-IT"},{"@type":"Person","@id":"https:\/\/www.article-marketing.eu\/comunicati\/#\/schema\/person\/44372e4d4d0fa797b18e03ed1ace9017","name":"Redazione Comunicati Stampa","image":{"@type":"ImageObject","inLanguage":"it-IT","@id":"https:\/\/www.article-marketing.eu\/comunicati\/#\/schema\/person\/image\/","url":"https:\/\/secure.gravatar.com\/avatar\/50e5c6421d3072f42e7ace803501602c60d75233d34e29fd05feb91c8760b792?s=96&d=mm&r=g","contentUrl":"https:\/\/secure.gravatar.com\/avatar\/50e5c6421d3072f42e7ace803501602c60d75233d34e29fd05feb91c8760b792?s=96&d=mm&r=g","caption":"Redazione Comunicati Stampa"},"url":"https:\/\/www.article-marketing.eu\/comunicati\/author\/redazione-comunicati-stampa\/"}]}},"_links":{"self":[{"href":"https:\/\/www.article-marketing.eu\/comunicati\/wp-json\/wp\/v2\/posts\/5417","targetHints":{"allow":["GET"]}}],"collection":[{"href":"https:\/\/www.article-marketing.eu\/comunicati\/wp-json\/wp\/v2\/posts"}],"about":[{"href":"https:\/\/www.article-marketing.eu\/comunicati\/wp-json\/wp\/v2\/types\/post"}],"author":[{"embeddable":true,"href":"https:\/\/www.article-marketing.eu\/comunicati\/wp-json\/wp\/v2\/users\/10"}],"replies":[{"embeddable":true,"href":"https:\/\/www.article-marketing.eu\/comunicati\/wp-json\/wp\/v2\/comments?post=5417"}],"version-history":[{"count":0,"href":"https:\/\/www.article-marketing.eu\/comunicati\/wp-json\/wp\/v2\/posts\/5417\/revisions"}],"wp:attachment":[{"href":"https:\/\/www.article-marketing.eu\/comunicati\/wp-json\/wp\/v2\/media?parent=5417"}],"wp:term":[{"taxonomy":"category","embeddable":true,"href":"https:\/\/www.article-marketing.eu\/comunicati\/wp-json\/wp\/v2\/categories?post=5417"},{"taxonomy":"post_tag","embeddable":true,"href":"https:\/\/www.article-marketing.eu\/comunicati\/wp-json\/wp\/v2\/tags?post=5417"}],"curies":[{"name":"wp","href":"https:\/\/api.w.org\/{rel}","templated":true}]}}