{"id":5418,"date":"2010-06-11T21:27:33","date_gmt":"2010-06-11T19:27:33","guid":{"rendered":"http:\/\/www.article-marketing.eu\/comunicati\/senza-categoria\/agosto-a-madrid-itinerari-e-offerte-per-i-tuoi-viaggi-in-spagna\/"},"modified":"2010-06-11T21:27:33","modified_gmt":"2010-06-11T19:27:33","slug":"agosto-a-madrid-itinerari-e-offerte-per-i-tuoi-viaggi-in-spagna","status":"publish","type":"post","link":"https:\/\/www.article-marketing.eu\/comunicati\/viaggi-e-vacanze\/viaggi-e-turismo\/agosto-a-madrid-itinerari-e-offerte-per-i-tuoi-viaggi-in-spagna\/","title":{"rendered":"Agosto a Madrid: itinerari e offerte per i tuoi viaggi in Spagna!"},"content":{"rendered":"<p>\n Se stai pensando alla <strong>Spagna<\/strong> come meta ideale per le tue <strong>vacanze estive<\/strong> Madrid rappresenta una delle mete pi\u00f9 affascinanti grazie ad un patrimonio storico, artistico e culturale di grandissimo valore.<\/p>\n<p>Questa affascinante citt\u00e0, infatti, rappresenta oggi una delle capitali europee che pu\u00f2 vantare il maggior numero di visitatori attirati dai tanti monumenti e dalla vivibilit\u00e0 della citt\u00e0.<\/p>\n<p>Un servizio di trasporto veloce ed efficiente, una serie incredibile di musei moderni dove visitare mostre ed esposizioni tra le pi\u00f9 importanti del mondo sono solo alcuni dei motivi che attirano milioni di viaggiatori ogni anno.<\/p>\n<p>Uno dei simboli della citt\u00e0 di Madrid da cui cominciare la tua visita \u00e8, sicuramente, <strong>Placa de Espana<\/strong> dove hanno sede due importanti edifici della citt\u00e0 la Torre di Madrid e l&#8217;edificio Espana e dove \u00e8 possibile ammirare la fontana dedicata a Miguel de Cervantes.<\/p>\n<p>Altro luogo da non perdere se vuoi <strong>passare Agosto a Madrid<\/strong> \u00e8 il palazzo Reale, ossia la splendida residenza ufficiale dei reali spagnoli originaria del 1700.<\/p>\n<p>Questo palazzo cos\u00ec maestoso e affascinante si affaccia su <strong>Piazza dell&#8217;Armeria<\/strong> ed \u00e8 vagamente ispirato al Palazzo del Louvre di Parigi. All&#8217;interno si trovano saloni e stanze arredati con affreschi e mobilia di grandissimo valore artistico tanto da essere considerato ormai un vero e proprio museo.<\/p>\n<p>A proposito di Musei se deciderai di approfittare delle <a title=\"offerte agosto 2010\" href=\"http:\/\/www.ilviaggiolastminute.it\/2010\/06\/07\/idee-consigli-e-offerte-per-viaggiare-ad-agosto\/\">offerte di Agosto 2010<\/a> per visitare Madrid non puoi non visitare il meraviglioso Museo del Prado uno dei pi\u00f9 importanti del mondo.<\/p>\n<p>All&#8217;interno del Museo sono esposte alcune delle opere pi\u00f9 importanti del mondo di autori del calibro di Botticelli, Goya, Rembrandt e Caravaggio.<\/p>\n<p>Ma Madrid non \u00e8 solo arte e cultura ma anche divertimento: le tantissime discoteche e gli altri locali notturni faranno la gioia dei pi\u00f9 giovani che qui troveranno una movida da far invidia a localit\u00e0 come <strong>Ibiza e Mykonos<\/strong> e dove fino a tarda mattina si potr\u00e0 ballare al ritmo della musica dei migliori dj internazionali.<\/p>\n<p>&nbsp;La Citt\u00e0 offre quanto di meglio possa desiderare un turista: hotel di tutte le categorie e di tutti i prezzi, residence, b&amp;b e ostelli&#8230; tutto per soddisfare le esigenze di ogni viaggiatore.<\/p>\n<p>&nbsp;Anche i prezzi delle strutture sono tutto sommato piuttosto economici con prezzi a partire dai 60-70 euro per una camera matrimoniale in pieno centro anche in periodi di alta stagione come il mese di Agosto.<\/p>\n<p>Ovviamente il prezzo varir\u00e0 in base al livello della struttura e alla tipologia della camera, mentre i pi\u00f9 giovani potranno scegliere di <strong>passare Agosto a Madrid<\/strong> e soggiornare in un ostello con prezzi a partire dagli 8-10 euro a persona.<\/p>\n","protected":false},"excerpt":{"rendered":"<p>Madrid \u00e8 una meta straordinaria che devi prendere in considerazione per organizzare una piacevole vacanza last minute ad Agosto 2010.<\/p>\n","protected":false},"author":10,"featured_media":0,"comment_status":"open","ping_status":"open","sticky":false,"template":"","format":"standard","meta":{"cybocfi_hide_featured_image":"","footnotes":""},"categories":[2],"tags":[15168,15170,15169,4],"class_list":["post-5418","post","type-post","status-publish","format-standard","hentry","category-viaggi-e-turismo","tag-agosto-2010","tag-offerte-agosto-2010","tag-turismo-agosto-2010","tag-viaggi"],"yoast_head":"<!-- This site is optimized with the Yoast SEO plugin v27.0 - https:\/\/yoast.com\/product\/yoast-seo-wordpress\/ -->\n<title>Agosto a Madrid: itinerari e offerte per i tuoi viaggi in Spagna! - Article Marketing<\/title>\n<meta name=\"robots\" content=\"index, follow, max-snippet:-1, max-image-preview:large, max-video-preview:-1\" \/>\n<link rel=\"canonical\" href=\"https:\/\/www.article-marketing.eu\/comunicati\/viaggi-e-vacanze\/viaggi-e-turismo\/agosto-a-madrid-itinerari-e-offerte-per-i-tuoi-viaggi-in-spagna\/\" \/>\n<meta property=\"og:locale\" content=\"it_IT\" \/>\n<meta property=\"og:type\" content=\"article\" \/>\n<meta property=\"og:title\" content=\"Agosto a Madrid: itinerari e offerte per i tuoi viaggi in Spagna! - Article Marketing\" \/>\n<meta property=\"og:description\" content=\"Madrid \u00e8 una meta straordinaria che devi prendere in considerazione per organizzare una piacevole vacanza last minute ad Agosto 2010.\" \/>\n<meta property=\"og:url\" content=\"https:\/\/www.article-marketing.eu\/comunicati\/viaggi-e-vacanze\/viaggi-e-turismo\/agosto-a-madrid-itinerari-e-offerte-per-i-tuoi-viaggi-in-spagna\/\" \/>\n<meta property=\"og:site_name\" content=\"Article Marketing\" \/>\n<meta property=\"article:published_time\" content=\"2010-06-11T19:27:33+00:00\" \/>\n<meta name=\"author\" content=\"Redazione Comunicati Stampa\" \/>\n<meta name=\"twitter:card\" content=\"summary_large_image\" \/>\n<meta name=\"twitter:label1\" content=\"Scritto da\" \/>\n\t<meta name=\"twitter:data1\" content=\"Redazione Comunicati Stampa\" \/>\n\t<meta name=\"twitter:label2\" content=\"Tempo di lettura stimato\" \/>\n\t<meta name=\"twitter:data2\" content=\"2 minuti\" \/>\n<script type=\"application\/ld+json\" class=\"yoast-schema-graph\">{\"@context\":\"https:\/\/schema.org\",\"@graph\":[{\"@type\":\"Article\",\"@id\":\"https:\/\/www.article-marketing.eu\/comunicati\/viaggi-e-vacanze\/viaggi-e-turismo\/agosto-a-madrid-itinerari-e-offerte-per-i-tuoi-viaggi-in-spagna\/#article\",\"isPartOf\":{\"@id\":\"https:\/\/www.article-marketing.eu\/comunicati\/viaggi-e-vacanze\/viaggi-e-turismo\/agosto-a-madrid-itinerari-e-offerte-per-i-tuoi-viaggi-in-spagna\/\"},\"author\":{\"name\":\"Redazione Comunicati Stampa\",\"@id\":\"https:\/\/www.article-marketing.eu\/comunicati\/#\/schema\/person\/44372e4d4d0fa797b18e03ed1ace9017\"},\"headline\":\"Agosto a Madrid: itinerari e offerte per i tuoi viaggi in Spagna!\",\"datePublished\":\"2010-06-11T19:27:33+00:00\",\"mainEntityOfPage\":{\"@id\":\"https:\/\/www.article-marketing.eu\/comunicati\/viaggi-e-vacanze\/viaggi-e-turismo\/agosto-a-madrid-itinerari-e-offerte-per-i-tuoi-viaggi-in-spagna\/\"},\"wordCount\":436,\"commentCount\":0,\"keywords\":[\"agosto 2010\",\"offerte agosto 2010\",\"turismo agosto 2010\",\"viaggi\"],\"articleSection\":[\"Viaggi e Turismo\"],\"inLanguage\":\"it-IT\",\"potentialAction\":[{\"@type\":\"CommentAction\",\"name\":\"Comment\",\"target\":[\"https:\/\/www.article-marketing.eu\/comunicati\/viaggi-e-vacanze\/viaggi-e-turismo\/agosto-a-madrid-itinerari-e-offerte-per-i-tuoi-viaggi-in-spagna\/#respond\"]}]},{\"@type\":\"WebPage\",\"@id\":\"https:\/\/www.article-marketing.eu\/comunicati\/viaggi-e-vacanze\/viaggi-e-turismo\/agosto-a-madrid-itinerari-e-offerte-per-i-tuoi-viaggi-in-spagna\/\",\"url\":\"https:\/\/www.article-marketing.eu\/comunicati\/viaggi-e-vacanze\/viaggi-e-turismo\/agosto-a-madrid-itinerari-e-offerte-per-i-tuoi-viaggi-in-spagna\/\",\"name\":\"Agosto a Madrid: itinerari e offerte per i tuoi viaggi in Spagna! - Article Marketing\",\"isPartOf\":{\"@id\":\"https:\/\/www.article-marketing.eu\/comunicati\/#website\"},\"datePublished\":\"2010-06-11T19:27:33+00:00\",\"author\":{\"@id\":\"https:\/\/www.article-marketing.eu\/comunicati\/#\/schema\/person\/44372e4d4d0fa797b18e03ed1ace9017\"},\"breadcrumb\":{\"@id\":\"https:\/\/www.article-marketing.eu\/comunicati\/viaggi-e-vacanze\/viaggi-e-turismo\/agosto-a-madrid-itinerari-e-offerte-per-i-tuoi-viaggi-in-spagna\/#breadcrumb\"},\"inLanguage\":\"it-IT\",\"potentialAction\":[{\"@type\":\"ReadAction\",\"target\":[\"https:\/\/www.article-marketing.eu\/comunicati\/viaggi-e-vacanze\/viaggi-e-turismo\/agosto-a-madrid-itinerari-e-offerte-per-i-tuoi-viaggi-in-spagna\/\"]}]},{\"@type\":\"BreadcrumbList\",\"@id\":\"https:\/\/www.article-marketing.eu\/comunicati\/viaggi-e-vacanze\/viaggi-e-turismo\/agosto-a-madrid-itinerari-e-offerte-per-i-tuoi-viaggi-in-spagna\/#breadcrumb\",\"itemListElement\":[{\"@type\":\"ListItem\",\"position\":1,\"name\":\"Home\",\"item\":\"https:\/\/www.article-marketing.eu\/comunicati\/\"},{\"@type\":\"ListItem\",\"position\":2,\"name\":\"Agosto a Madrid: itinerari e offerte per i tuoi viaggi in Spagna!\"}]},{\"@type\":\"WebSite\",\"@id\":\"https:\/\/www.article-marketing.eu\/comunicati\/#website\",\"url\":\"https:\/\/www.article-marketing.eu\/comunicati\/\",\"name\":\"Article Marketing\",\"description\":\"article marketing &amp; press release\",\"potentialAction\":[{\"@type\":\"SearchAction\",\"target\":{\"@type\":\"EntryPoint\",\"urlTemplate\":\"https:\/\/www.article-marketing.eu\/comunicati\/?s={search_term_string}\"},\"query-input\":{\"@type\":\"PropertyValueSpecification\",\"valueRequired\":true,\"valueName\":\"search_term_string\"}}],\"inLanguage\":\"it-IT\"},{\"@type\":\"Person\",\"@id\":\"https:\/\/www.article-marketing.eu\/comunicati\/#\/schema\/person\/44372e4d4d0fa797b18e03ed1ace9017\",\"name\":\"Redazione Comunicati Stampa\",\"image\":{\"@type\":\"ImageObject\",\"inLanguage\":\"it-IT\",\"@id\":\"https:\/\/www.article-marketing.eu\/comunicati\/#\/schema\/person\/image\/\",\"url\":\"https:\/\/secure.gravatar.com\/avatar\/50e5c6421d3072f42e7ace803501602c60d75233d34e29fd05feb91c8760b792?s=96&d=mm&r=g\",\"contentUrl\":\"https:\/\/secure.gravatar.com\/avatar\/50e5c6421d3072f42e7ace803501602c60d75233d34e29fd05feb91c8760b792?s=96&d=mm&r=g\",\"caption\":\"Redazione Comunicati Stampa\"},\"url\":\"https:\/\/www.article-marketing.eu\/comunicati\/author\/redazione-comunicati-stampa\/\"}]}<\/script>\n<!-- \/ Yoast SEO plugin. -->","yoast_head_json":{"title":"Agosto a Madrid: itinerari e offerte per i tuoi viaggi in Spagna! - Article Marketing","robots":{"index":"index","follow":"follow","max-snippet":"max-snippet:-1","max-image-preview":"max-image-preview:large","max-video-preview":"max-video-preview:-1"},"canonical":"https:\/\/www.article-marketing.eu\/comunicati\/viaggi-e-vacanze\/viaggi-e-turismo\/agosto-a-madrid-itinerari-e-offerte-per-i-tuoi-viaggi-in-spagna\/","og_locale":"it_IT","og_type":"article","og_title":"Agosto a Madrid: itinerari e offerte per i tuoi viaggi in Spagna! - Article Marketing","og_description":"Madrid \u00e8 una meta straordinaria che devi prendere in considerazione per organizzare una piacevole vacanza last minute ad Agosto 2010.","og_url":"https:\/\/www.article-marketing.eu\/comunicati\/viaggi-e-vacanze\/viaggi-e-turismo\/agosto-a-madrid-itinerari-e-offerte-per-i-tuoi-viaggi-in-spagna\/","og_site_name":"Article Marketing","article_published_time":"2010-06-11T19:27:33+00:00","author":"Redazione Comunicati Stampa","twitter_card":"summary_large_image","twitter_misc":{"Scritto da":"Redazione Comunicati Stampa","Tempo di lettura stimato":"2 minuti"},"schema":{"@context":"https:\/\/schema.org","@graph":[{"@type":"Article","@id":"https:\/\/www.article-marketing.eu\/comunicati\/viaggi-e-vacanze\/viaggi-e-turismo\/agosto-a-madrid-itinerari-e-offerte-per-i-tuoi-viaggi-in-spagna\/#article","isPartOf":{"@id":"https:\/\/www.article-marketing.eu\/comunicati\/viaggi-e-vacanze\/viaggi-e-turismo\/agosto-a-madrid-itinerari-e-offerte-per-i-tuoi-viaggi-in-spagna\/"},"author":{"name":"Redazione Comunicati Stampa","@id":"https:\/\/www.article-marketing.eu\/comunicati\/#\/schema\/person\/44372e4d4d0fa797b18e03ed1ace9017"},"headline":"Agosto a Madrid: itinerari e offerte per i tuoi viaggi in Spagna!","datePublished":"2010-06-11T19:27:33+00:00","mainEntityOfPage":{"@id":"https:\/\/www.article-marketing.eu\/comunicati\/viaggi-e-vacanze\/viaggi-e-turismo\/agosto-a-madrid-itinerari-e-offerte-per-i-tuoi-viaggi-in-spagna\/"},"wordCount":436,"commentCount":0,"keywords":["agosto 2010","offerte agosto 2010","turismo agosto 2010","viaggi"],"articleSection":["Viaggi e Turismo"],"inLanguage":"it-IT","potentialAction":[{"@type":"CommentAction","name":"Comment","target":["https:\/\/www.article-marketing.eu\/comunicati\/viaggi-e-vacanze\/viaggi-e-turismo\/agosto-a-madrid-itinerari-e-offerte-per-i-tuoi-viaggi-in-spagna\/#respond"]}]},{"@type":"WebPage","@id":"https:\/\/www.article-marketing.eu\/comunicati\/viaggi-e-vacanze\/viaggi-e-turismo\/agosto-a-madrid-itinerari-e-offerte-per-i-tuoi-viaggi-in-spagna\/","url":"https:\/\/www.article-marketing.eu\/comunicati\/viaggi-e-vacanze\/viaggi-e-turismo\/agosto-a-madrid-itinerari-e-offerte-per-i-tuoi-viaggi-in-spagna\/","name":"Agosto a Madrid: itinerari e offerte per i tuoi viaggi in Spagna! - Article Marketing","isPartOf":{"@id":"https:\/\/www.article-marketing.eu\/comunicati\/#website"},"datePublished":"2010-06-11T19:27:33+00:00","author":{"@id":"https:\/\/www.article-marketing.eu\/comunicati\/#\/schema\/person\/44372e4d4d0fa797b18e03ed1ace9017"},"breadcrumb":{"@id":"https:\/\/www.article-marketing.eu\/comunicati\/viaggi-e-vacanze\/viaggi-e-turismo\/agosto-a-madrid-itinerari-e-offerte-per-i-tuoi-viaggi-in-spagna\/#breadcrumb"},"inLanguage":"it-IT","potentialAction":[{"@type":"ReadAction","target":["https:\/\/www.article-marketing.eu\/comunicati\/viaggi-e-vacanze\/viaggi-e-turismo\/agosto-a-madrid-itinerari-e-offerte-per-i-tuoi-viaggi-in-spagna\/"]}]},{"@type":"BreadcrumbList","@id":"https:\/\/www.article-marketing.eu\/comunicati\/viaggi-e-vacanze\/viaggi-e-turismo\/agosto-a-madrid-itinerari-e-offerte-per-i-tuoi-viaggi-in-spagna\/#breadcrumb","itemListElement":[{"@type":"ListItem","position":1,"name":"Home","item":"https:\/\/www.article-marketing.eu\/comunicati\/"},{"@type":"ListItem","position":2,"name":"Agosto a Madrid: itinerari e offerte per i tuoi viaggi in Spagna!"}]},{"@type":"WebSite","@id":"https:\/\/www.article-marketing.eu\/comunicati\/#website","url":"https:\/\/www.article-marketing.eu\/comunicati\/","name":"Article Marketing","description":"article marketing &amp; press release","potentialAction":[{"@type":"SearchAction","target":{"@type":"EntryPoint","urlTemplate":"https:\/\/www.article-marketing.eu\/comunicati\/?s={search_term_string}"},"query-input":{"@type":"PropertyValueSpecification","valueRequired":true,"valueName":"search_term_string"}}],"inLanguage":"it-IT"},{"@type":"Person","@id":"https:\/\/www.article-marketing.eu\/comunicati\/#\/schema\/person\/44372e4d4d0fa797b18e03ed1ace9017","name":"Redazione Comunicati Stampa","image":{"@type":"ImageObject","inLanguage":"it-IT","@id":"https:\/\/www.article-marketing.eu\/comunicati\/#\/schema\/person\/image\/","url":"https:\/\/secure.gravatar.com\/avatar\/50e5c6421d3072f42e7ace803501602c60d75233d34e29fd05feb91c8760b792?s=96&d=mm&r=g","contentUrl":"https:\/\/secure.gravatar.com\/avatar\/50e5c6421d3072f42e7ace803501602c60d75233d34e29fd05feb91c8760b792?s=96&d=mm&r=g","caption":"Redazione Comunicati Stampa"},"url":"https:\/\/www.article-marketing.eu\/comunicati\/author\/redazione-comunicati-stampa\/"}]}},"_links":{"self":[{"href":"https:\/\/www.article-marketing.eu\/comunicati\/wp-json\/wp\/v2\/posts\/5418","targetHints":{"allow":["GET"]}}],"collection":[{"href":"https:\/\/www.article-marketing.eu\/comunicati\/wp-json\/wp\/v2\/posts"}],"about":[{"href":"https:\/\/www.article-marketing.eu\/comunicati\/wp-json\/wp\/v2\/types\/post"}],"author":[{"embeddable":true,"href":"https:\/\/www.article-marketing.eu\/comunicati\/wp-json\/wp\/v2\/users\/10"}],"replies":[{"embeddable":true,"href":"https:\/\/www.article-marketing.eu\/comunicati\/wp-json\/wp\/v2\/comments?post=5418"}],"version-history":[{"count":0,"href":"https:\/\/www.article-marketing.eu\/comunicati\/wp-json\/wp\/v2\/posts\/5418\/revisions"}],"wp:attachment":[{"href":"https:\/\/www.article-marketing.eu\/comunicati\/wp-json\/wp\/v2\/media?parent=5418"}],"wp:term":[{"taxonomy":"category","embeddable":true,"href":"https:\/\/www.article-marketing.eu\/comunicati\/wp-json\/wp\/v2\/categories?post=5418"},{"taxonomy":"post_tag","embeddable":true,"href":"https:\/\/www.article-marketing.eu\/comunicati\/wp-json\/wp\/v2\/tags?post=5418"}],"curies":[{"name":"wp","href":"https:\/\/api.w.org\/{rel}","templated":true}]}}