{"id":54237,"date":"2017-01-14T17:37:44","date_gmt":"2017-01-14T16:37:44","guid":{"rendered":"http:\/\/www.article-marketing.eu\/comunicati\/senza-categoria\/apericena-con-delitto\/"},"modified":"2020-08-10T01:16:33","modified_gmt":"2020-08-09T23:16:33","slug":"apericena-con-delitto","status":"publish","type":"post","link":"https:\/\/www.article-marketing.eu\/comunicati\/comunicati-stampa\/eventi\/apericena-con-delitto\/","title":{"rendered":"Apericena con delitto ad Avigliana"},"content":{"rendered":"<p>Voglio subito avvertire tutti gli appassionati lettori: se cercate la noia e la monotonia, allora dovete sapere che questo articolo non &egrave; stato scritto per voi. Tutti quei temerari esploratori dell&rsquo;avventura che sono entusiasmati cultori del mistero, del thriller, di <a href=\"http:\/\/it.blastingnews.com\/cronaca\/2016\/07\/pasolini-un-giallo-ancora-irrisolto-il-caso-a-speciale-chi-l-ha-visto-del-13-07-001016119.html\" target=\"_blank\" title=\"Pasolini\" rel=\"noopener noreferrer\">giallo<\/a> e avventura, invece, sono invitati a leggere. L&rsquo;appuntamento &egrave; fissato per le ore Venti, in Via IV Novembre 19, nella<strong> citt&agrave; dei Laghi<\/strong>, la sera di sabato ventuno di Gennaio, un luogo ed un momento in cui andr&agrave; in scena un&#8217;Apericena con delitto nel complesso polifunzionale La Fabrica. <strong> #avigliana<\/strong> <em>si tinge di #giallo ovvero come un Ispettore belga erroneamente creduto morto gode di ottima salute e indaga su quella (pessima) degli altri&hellip;<\/em> Tra i tavoli imbanditi di libagioni gustose ed intriganti si aggireranno stravaganti personaggi e si potr&agrave; cercare di rivaleggiare con un Ispettore del calibro di Poirot. Una troupe cinematografica formata dal Produttore Danil Muvi, dall&rsquo;attrice Miss Scarlet, dallo sceneggiatore Evaristo Manodoro, dal fonico Junaid Saramago e dalla receptionist Giorgia Borgia, divide col celeberrimo investigatore e pochi altri avventori le stanze di un noto e prestigioso albergo nella citt&agrave; dei Laghi. Pur dovendo redigere un rapporto per la Polizia locale che aveva chiesto il suo prezioso aiuto, l&rsquo;intento dello scorbutico belga &egrave; quello di riposarsi e rilassarsi. Invece, il nostro stimato Ispettore si trover&agrave; presto coinvolto in un caso di omicidio allorquando il suono sordo di colpi di pistola sparati nella buia e fredda notte segneranno l&rsquo;arrivo della Grande Falciatrice. Quattro sono gli individui sospettati i quali tenteranno in ogni modo di depistare le indagini e di scagionarsi cercando anche di accusare altri di quell&rsquo;insano gesto. Uno solo di loro, per&ograve;, risulter&agrave; essere il colpevole. Siatene certi. A tutti i temerari commensali che parteciperanno alla serata toccher&agrave; il compito di affiancare lo spossato Ispettore nelle indagini del caso e sfidare tutti gli altri. La posta in palio &egrave; verificare chi possiede pi&ugrave;&hellip; come dire&hellip; <em>little grey cells<\/em>, le &#8220;cellule grigie&#8221; tanto decantate. I migliori detective scelti tra i commensali riceveranno quale ambito premio un diploma cum laude di inquirente investigativo della serata. Una volta terminato l&#8217;<strong>#evento<\/strong>, ogni commensale ricever&agrave; un gradevole libro nuovo edito quale simpatico <em>cadeau<\/em> della serata. La cena &egrave; allestita su prenotazione ed &egrave; a numero chiuso. Affrettatevi prima che i posti si esauriscano. Potete chiedere informazioni o semplicemente prenotare il vostro tavolo contattando: Bono Alessandro, l&rsquo;organizzatore, al 3334248622, presso il centro La Fabrica sito in Via IV Novembre 19 ad <strong>Avigliana<\/strong> in provincia di Torino, al piano terra, a pochi passi dalla Biblioteca e dal Cinematografo. <br \/> Il Bar Caffetteria &ldquo;La Fabrica&rdquo; vi aspetta dal Lunedi al Venerdi con orario continuato dalle 8 alle 19. Il Lunedi e il Giovedi dalle 8 alle 22 partecipando all&#8217;apericena dalle ore 19,30. Sabato e Domenica in base agli eventi organizzati. Possibilit&agrave; di organizzare feste di compleanno, battesimi, comunioni, riunioni di associazioni,colazioni, pranzi, cene, serate a tema, presentazioni di libri, concerti di musica, dehor estivo. Alessandro &egrave; sempre a disposizione per voi per aiutarvi ad organizzare qualsiasi cosa.<\/p>\n","protected":false},"excerpt":{"rendered":"<p>Poirot e la troupe cinematografica va in scena nella citt\u00e0 dei Laghi. Due spari nel buio \u00e8 una vita \u00e8 stroncata per sempre.<\/p>\n","protected":false},"author":10,"featured_media":0,"comment_status":"open","ping_status":"open","sticky":false,"template":"","format":"standard","meta":{"cybocfi_hide_featured_image":"","footnotes":""},"categories":[388],"tags":[55751,55753,31094,55749,55752,55750],"class_list":["post-54237","post","type-post","status-publish","format-standard","hentry","category-eventi","tag-apericena","tag-avigliana","tag-cena-con-delitto","tag-hogwords","tag-la-fabrica","tag-poirot"],"yoast_head":"<!-- This site is optimized with the Yoast SEO plugin v27.0 - https:\/\/yoast.com\/product\/yoast-seo-wordpress\/ -->\n<title>Apericena con delitto ad Avigliana - Article Marketing<\/title>\n<meta name=\"robots\" content=\"index, follow, max-snippet:-1, max-image-preview:large, max-video-preview:-1\" \/>\n<link rel=\"canonical\" href=\"https:\/\/www.article-marketing.eu\/comunicati\/comunicati-stampa\/eventi\/apericena-con-delitto\/\" \/>\n<meta property=\"og:locale\" content=\"it_IT\" \/>\n<meta property=\"og:type\" content=\"article\" \/>\n<meta property=\"og:title\" content=\"Apericena con delitto ad Avigliana - Article Marketing\" \/>\n<meta property=\"og:description\" content=\"Poirot e la troupe cinematografica va in scena nella citt\u00e0 dei Laghi. Due spari nel buio \u00e8 una vita \u00e8 stroncata per sempre.\" \/>\n<meta property=\"og:url\" content=\"https:\/\/www.article-marketing.eu\/comunicati\/comunicati-stampa\/eventi\/apericena-con-delitto\/\" \/>\n<meta property=\"og:site_name\" content=\"Article Marketing\" \/>\n<meta property=\"article:published_time\" content=\"2017-01-14T16:37:44+00:00\" \/>\n<meta property=\"article:modified_time\" content=\"2020-08-09T23:16:33+00:00\" \/>\n<meta name=\"author\" content=\"Redazione Comunicati Stampa\" \/>\n<meta name=\"twitter:card\" content=\"summary_large_image\" \/>\n<meta name=\"twitter:label1\" content=\"Scritto da\" \/>\n\t<meta name=\"twitter:data1\" content=\"Redazione Comunicati Stampa\" \/>\n\t<meta name=\"twitter:label2\" content=\"Tempo di lettura stimato\" \/>\n\t<meta name=\"twitter:data2\" content=\"3 minuti\" \/>\n<script type=\"application\/ld+json\" class=\"yoast-schema-graph\">{\"@context\":\"https:\/\/schema.org\",\"@graph\":[{\"@type\":\"Article\",\"@id\":\"https:\/\/www.article-marketing.eu\/comunicati\/comunicati-stampa\/eventi\/apericena-con-delitto\/#article\",\"isPartOf\":{\"@id\":\"https:\/\/www.article-marketing.eu\/comunicati\/comunicati-stampa\/eventi\/apericena-con-delitto\/\"},\"author\":{\"name\":\"Redazione Comunicati Stampa\",\"@id\":\"https:\/\/www.article-marketing.eu\/comunicati\/#\/schema\/person\/44372e4d4d0fa797b18e03ed1ace9017\"},\"headline\":\"Apericena con delitto ad Avigliana\",\"datePublished\":\"2017-01-14T16:37:44+00:00\",\"dateModified\":\"2020-08-09T23:16:33+00:00\",\"mainEntityOfPage\":{\"@id\":\"https:\/\/www.article-marketing.eu\/comunicati\/comunicati-stampa\/eventi\/apericena-con-delitto\/\"},\"wordCount\":528,\"commentCount\":0,\"keywords\":[\"apericena\",\"avigliana\",\"cena con delitto\",\"hogwords\",\"la fabrica\",\"poirot\"],\"articleSection\":[\"Eventi\"],\"inLanguage\":\"it-IT\",\"potentialAction\":[{\"@type\":\"CommentAction\",\"name\":\"Comment\",\"target\":[\"https:\/\/www.article-marketing.eu\/comunicati\/comunicati-stampa\/eventi\/apericena-con-delitto\/#respond\"]}]},{\"@type\":\"WebPage\",\"@id\":\"https:\/\/www.article-marketing.eu\/comunicati\/comunicati-stampa\/eventi\/apericena-con-delitto\/\",\"url\":\"https:\/\/www.article-marketing.eu\/comunicati\/comunicati-stampa\/eventi\/apericena-con-delitto\/\",\"name\":\"Apericena con delitto ad Avigliana - Article Marketing\",\"isPartOf\":{\"@id\":\"https:\/\/www.article-marketing.eu\/comunicati\/#website\"},\"datePublished\":\"2017-01-14T16:37:44+00:00\",\"dateModified\":\"2020-08-09T23:16:33+00:00\",\"author\":{\"@id\":\"https:\/\/www.article-marketing.eu\/comunicati\/#\/schema\/person\/44372e4d4d0fa797b18e03ed1ace9017\"},\"breadcrumb\":{\"@id\":\"https:\/\/www.article-marketing.eu\/comunicati\/comunicati-stampa\/eventi\/apericena-con-delitto\/#breadcrumb\"},\"inLanguage\":\"it-IT\",\"potentialAction\":[{\"@type\":\"ReadAction\",\"target\":[\"https:\/\/www.article-marketing.eu\/comunicati\/comunicati-stampa\/eventi\/apericena-con-delitto\/\"]}]},{\"@type\":\"BreadcrumbList\",\"@id\":\"https:\/\/www.article-marketing.eu\/comunicati\/comunicati-stampa\/eventi\/apericena-con-delitto\/#breadcrumb\",\"itemListElement\":[{\"@type\":\"ListItem\",\"position\":1,\"name\":\"Home\",\"item\":\"https:\/\/www.article-marketing.eu\/comunicati\/\"},{\"@type\":\"ListItem\",\"position\":2,\"name\":\"Apericena con delitto ad Avigliana\"}]},{\"@type\":\"WebSite\",\"@id\":\"https:\/\/www.article-marketing.eu\/comunicati\/#website\",\"url\":\"https:\/\/www.article-marketing.eu\/comunicati\/\",\"name\":\"Article Marketing\",\"description\":\"article marketing &amp; press release\",\"potentialAction\":[{\"@type\":\"SearchAction\",\"target\":{\"@type\":\"EntryPoint\",\"urlTemplate\":\"https:\/\/www.article-marketing.eu\/comunicati\/?s={search_term_string}\"},\"query-input\":{\"@type\":\"PropertyValueSpecification\",\"valueRequired\":true,\"valueName\":\"search_term_string\"}}],\"inLanguage\":\"it-IT\"},{\"@type\":\"Person\",\"@id\":\"https:\/\/www.article-marketing.eu\/comunicati\/#\/schema\/person\/44372e4d4d0fa797b18e03ed1ace9017\",\"name\":\"Redazione Comunicati Stampa\",\"image\":{\"@type\":\"ImageObject\",\"inLanguage\":\"it-IT\",\"@id\":\"https:\/\/www.article-marketing.eu\/comunicati\/#\/schema\/person\/image\/\",\"url\":\"https:\/\/secure.gravatar.com\/avatar\/50e5c6421d3072f42e7ace803501602c60d75233d34e29fd05feb91c8760b792?s=96&d=mm&r=g\",\"contentUrl\":\"https:\/\/secure.gravatar.com\/avatar\/50e5c6421d3072f42e7ace803501602c60d75233d34e29fd05feb91c8760b792?s=96&d=mm&r=g\",\"caption\":\"Redazione Comunicati Stampa\"},\"url\":\"https:\/\/www.article-marketing.eu\/comunicati\/author\/redazione-comunicati-stampa\/\"}]}<\/script>\n<!-- \/ Yoast SEO plugin. -->","yoast_head_json":{"title":"Apericena con delitto ad Avigliana - Article Marketing","robots":{"index":"index","follow":"follow","max-snippet":"max-snippet:-1","max-image-preview":"max-image-preview:large","max-video-preview":"max-video-preview:-1"},"canonical":"https:\/\/www.article-marketing.eu\/comunicati\/comunicati-stampa\/eventi\/apericena-con-delitto\/","og_locale":"it_IT","og_type":"article","og_title":"Apericena con delitto ad Avigliana - Article Marketing","og_description":"Poirot e la troupe cinematografica va in scena nella citt\u00e0 dei Laghi. Due spari nel buio \u00e8 una vita \u00e8 stroncata per sempre.","og_url":"https:\/\/www.article-marketing.eu\/comunicati\/comunicati-stampa\/eventi\/apericena-con-delitto\/","og_site_name":"Article Marketing","article_published_time":"2017-01-14T16:37:44+00:00","article_modified_time":"2020-08-09T23:16:33+00:00","author":"Redazione Comunicati Stampa","twitter_card":"summary_large_image","twitter_misc":{"Scritto da":"Redazione Comunicati Stampa","Tempo di lettura stimato":"3 minuti"},"schema":{"@context":"https:\/\/schema.org","@graph":[{"@type":"Article","@id":"https:\/\/www.article-marketing.eu\/comunicati\/comunicati-stampa\/eventi\/apericena-con-delitto\/#article","isPartOf":{"@id":"https:\/\/www.article-marketing.eu\/comunicati\/comunicati-stampa\/eventi\/apericena-con-delitto\/"},"author":{"name":"Redazione Comunicati Stampa","@id":"https:\/\/www.article-marketing.eu\/comunicati\/#\/schema\/person\/44372e4d4d0fa797b18e03ed1ace9017"},"headline":"Apericena con delitto ad Avigliana","datePublished":"2017-01-14T16:37:44+00:00","dateModified":"2020-08-09T23:16:33+00:00","mainEntityOfPage":{"@id":"https:\/\/www.article-marketing.eu\/comunicati\/comunicati-stampa\/eventi\/apericena-con-delitto\/"},"wordCount":528,"commentCount":0,"keywords":["apericena","avigliana","cena con delitto","hogwords","la fabrica","poirot"],"articleSection":["Eventi"],"inLanguage":"it-IT","potentialAction":[{"@type":"CommentAction","name":"Comment","target":["https:\/\/www.article-marketing.eu\/comunicati\/comunicati-stampa\/eventi\/apericena-con-delitto\/#respond"]}]},{"@type":"WebPage","@id":"https:\/\/www.article-marketing.eu\/comunicati\/comunicati-stampa\/eventi\/apericena-con-delitto\/","url":"https:\/\/www.article-marketing.eu\/comunicati\/comunicati-stampa\/eventi\/apericena-con-delitto\/","name":"Apericena con delitto ad Avigliana - Article Marketing","isPartOf":{"@id":"https:\/\/www.article-marketing.eu\/comunicati\/#website"},"datePublished":"2017-01-14T16:37:44+00:00","dateModified":"2020-08-09T23:16:33+00:00","author":{"@id":"https:\/\/www.article-marketing.eu\/comunicati\/#\/schema\/person\/44372e4d4d0fa797b18e03ed1ace9017"},"breadcrumb":{"@id":"https:\/\/www.article-marketing.eu\/comunicati\/comunicati-stampa\/eventi\/apericena-con-delitto\/#breadcrumb"},"inLanguage":"it-IT","potentialAction":[{"@type":"ReadAction","target":["https:\/\/www.article-marketing.eu\/comunicati\/comunicati-stampa\/eventi\/apericena-con-delitto\/"]}]},{"@type":"BreadcrumbList","@id":"https:\/\/www.article-marketing.eu\/comunicati\/comunicati-stampa\/eventi\/apericena-con-delitto\/#breadcrumb","itemListElement":[{"@type":"ListItem","position":1,"name":"Home","item":"https:\/\/www.article-marketing.eu\/comunicati\/"},{"@type":"ListItem","position":2,"name":"Apericena con delitto ad Avigliana"}]},{"@type":"WebSite","@id":"https:\/\/www.article-marketing.eu\/comunicati\/#website","url":"https:\/\/www.article-marketing.eu\/comunicati\/","name":"Article Marketing","description":"article marketing &amp; press release","potentialAction":[{"@type":"SearchAction","target":{"@type":"EntryPoint","urlTemplate":"https:\/\/www.article-marketing.eu\/comunicati\/?s={search_term_string}"},"query-input":{"@type":"PropertyValueSpecification","valueRequired":true,"valueName":"search_term_string"}}],"inLanguage":"it-IT"},{"@type":"Person","@id":"https:\/\/www.article-marketing.eu\/comunicati\/#\/schema\/person\/44372e4d4d0fa797b18e03ed1ace9017","name":"Redazione Comunicati Stampa","image":{"@type":"ImageObject","inLanguage":"it-IT","@id":"https:\/\/www.article-marketing.eu\/comunicati\/#\/schema\/person\/image\/","url":"https:\/\/secure.gravatar.com\/avatar\/50e5c6421d3072f42e7ace803501602c60d75233d34e29fd05feb91c8760b792?s=96&d=mm&r=g","contentUrl":"https:\/\/secure.gravatar.com\/avatar\/50e5c6421d3072f42e7ace803501602c60d75233d34e29fd05feb91c8760b792?s=96&d=mm&r=g","caption":"Redazione Comunicati Stampa"},"url":"https:\/\/www.article-marketing.eu\/comunicati\/author\/redazione-comunicati-stampa\/"}]}},"_links":{"self":[{"href":"https:\/\/www.article-marketing.eu\/comunicati\/wp-json\/wp\/v2\/posts\/54237","targetHints":{"allow":["GET"]}}],"collection":[{"href":"https:\/\/www.article-marketing.eu\/comunicati\/wp-json\/wp\/v2\/posts"}],"about":[{"href":"https:\/\/www.article-marketing.eu\/comunicati\/wp-json\/wp\/v2\/types\/post"}],"author":[{"embeddable":true,"href":"https:\/\/www.article-marketing.eu\/comunicati\/wp-json\/wp\/v2\/users\/10"}],"replies":[{"embeddable":true,"href":"https:\/\/www.article-marketing.eu\/comunicati\/wp-json\/wp\/v2\/comments?post=54237"}],"version-history":[{"count":1,"href":"https:\/\/www.article-marketing.eu\/comunicati\/wp-json\/wp\/v2\/posts\/54237\/revisions"}],"predecessor-version":[{"id":67232,"href":"https:\/\/www.article-marketing.eu\/comunicati\/wp-json\/wp\/v2\/posts\/54237\/revisions\/67232"}],"wp:attachment":[{"href":"https:\/\/www.article-marketing.eu\/comunicati\/wp-json\/wp\/v2\/media?parent=54237"}],"wp:term":[{"taxonomy":"category","embeddable":true,"href":"https:\/\/www.article-marketing.eu\/comunicati\/wp-json\/wp\/v2\/categories?post=54237"},{"taxonomy":"post_tag","embeddable":true,"href":"https:\/\/www.article-marketing.eu\/comunicati\/wp-json\/wp\/v2\/tags?post=54237"}],"curies":[{"name":"wp","href":"https:\/\/api.w.org\/{rel}","templated":true}]}}