{"id":54246,"date":"2017-01-16T10:57:54","date_gmt":"2017-01-16T09:57:54","guid":{"rendered":"http:\/\/www.article-marketing.eu\/comunicati\/senza-categoria\/luxury-convention-2017-a%80-fitness-in-grande-stile\/"},"modified":"2017-01-16T10:57:54","modified_gmt":"2017-01-16T09:57:54","slug":"luxury-convention-2017-a%80-fitness-in-grande-stile","status":"publish","type":"post","link":"https:\/\/www.article-marketing.eu\/comunicati\/salute-e-benessere\/luxury-convention-2017-a%80-fitness-in-grande-stile\/","title":{"rendered":"LUXURY CONVENTION 2017 \u2013 FITNESS IN GRANDE STILE"},"content":{"rendered":"<p><em>L&rsquo;<\/em><a href=\"http:\/\/luxurylanda.wixsite.com\/landa\"><em>Associazione sportiva Landa<\/em><\/a><em>, diretta da Loredana Caporicci e Andrea Mori, propone la IV edizione di &ldquo;LUXURY CONVENTION&rdquo;. L&rsquo;appuntamento &egrave; per sabato 21 e domenica 22 Gennaio 2017, a <\/em><em>Spazio Reale,<\/em><em> Centro congressuale, sportivo, formativo e ristorativo alle porte di Firenze. Un evento che ha consolidato il suo posto nel calendario annuale del Fitness per credibilit&agrave; e qualit&agrave; grazie alla presenza dei rappresentanti del Fitness Internazionale che si sono differenziati per capacit&agrave; e competenze a livello mondiale<\/em> <em>e alla numerosa partecipazione di pubblico.<\/em><br \/>Il programma dell&rsquo;evento prevede <strong>due intense giornate di Fitness Coreografico e di Tonificazione<\/strong>, <strong>oltre ai vari Workshop d&rsquo;aggiornamento <\/strong>con i quali, gli addetti ai lavori, potranno arricchire il loro bagaglio esperienziale utile per crescere professionalmente. Tantissime saranno le attivit&agrave; che si susseguiranno a partire dalle 10:00 del 21 gennaio fino alle 18:30 del 22. <br \/>Durante l&rsquo;evento &ldquo;Luxury Convention&rdquo; <strong>sfileranno molteplici rappresentanti del Fitness Internazionale<\/strong>. Saranno i tutor delle attivit&agrave; di coreografia e di tonificazione, oltre a vestire il ruolo di docenti nelle differenti lezioni e corsi. Colonna portante dell&rsquo;evento &egrave; la Scuola Di Tonificazione Tone Target diretta da Loredana Caporicci, con i docenti Federico Vanzi e Andrea Gianesella, che saranno affiancati da <strong>tantissimi professionisti<\/strong> tra cui: Morgan Moreau, Carlos Ramirez, Carol Lopez, Allegra Deevasis, Israel Mallebr&eacute;, Mihail Bordea, Giacomo Piccoli, Giorgos Chatzimichail, Alessandro Uccellini, Guillermo Gonzales Vega, Valentina Pierini, Stefano Del Serra, Daniele Pietrini, Chiara Albano, Federico Vanzi, Andrea Gianesella, Lorenzo Sommo, Valentina Berti, Andrea Mori, Loredana Caporicci e Manuel Gnicchi.<br \/>Il lusso, da cui il nome Luxury, &egrave; il tema portante dell&rsquo;evento: <strong>Sabato 21 sera,<\/strong> oltre alla cena di gala a cui potranno partecipare tutti gli iscritti, <strong>&egrave; previsto uno spettacolo basato sul tema centrale dell&rsquo;evento e volto ad intrattenere la platea<\/strong>.<br \/>Al IV anno di Luxury, si pu&ograve; ritenere che sia l&rsquo;evento dove &ldquo;si torna sempre con estremo piacere&rdquo; perch&eacute;<strong> somma la qualit&agrave; del prodotto offerto, al clima gioioso e conviviale che si &egrave; sempre venuto a creare tra l&rsquo;utenza, il cast, lo staff e la dirigenza<\/strong>. Luxury Convention infatti, oltre ad ospitare ogni anno sul proprio palco i migliori nomi del mondo del fitness internazionale,<strong> si avvale della partecipazione e collaborazione del Team di <\/strong><strong>Loredana Caporicci e Andrea Mori,<\/strong> che ha reso possibile, anno dopo anno, la realizzazione di questo grande successo.<br \/>Per tutte le informazioni relative al programma, ai prezzi, agli alberghi convenzionati, e ai servizi che l&rsquo;Associazione Landa mette a disposizione dei partecipanti all&rsquo;evento, il sito di riferimento &egrave; http:\/\/luxurylanda.wixsite.com\/landa .<br \/>Segui tutti gli aggiornamenti della Fondazione Spazio Reale su <em>Facebook<\/em>, <em>Twitter<\/em><em>,<\/em> <em>Instagram<\/em> e <em>YouTube<\/em><em>. <\/em><\/p>\n<p><em>Dr. Michele Pasotti, Segreteria Comunicazione Fondazione Spazio Reale Impresa Sociale, 055 8991336 &#8211; e-mail: <\/em><em>segreteriacomunicazione@spazioreale.it<\/em><em> <\/em><\/p>\n","protected":false},"excerpt":{"rendered":"<p>L\u2019Associazione sportiva Landa, diretta da Loredana Caporicci e Andrea Mori, propone la IV edizione di \u201cLUXURY CONVENTION\u201d. L\u2019appuntamento \u00e8 per sabato 21 e domenica 22 Gennaio 2017, a Spazio Reale, Centro congressuale, sportivo, formativo e ristorativo alle porte di Firenze. Un evento che ha consolidato il suo posto nel calendario annuale del Fitness per credibilit\u00e0 e qualit\u00e0 grazie alla presenza dei rappresentanti del Fitness Internazionale che si sono differenziati per capacit\u00e0 e competenze a livello mondiale e alla numerosa partecipazione di pubblico.<\/p>\n","protected":false},"author":10,"featured_media":0,"comment_status":"open","ping_status":"open","sticky":false,"template":"","format":"standard","meta":{"cybocfi_hide_featured_image":"","footnotes":""},"categories":[265],"tags":[1235,2273,4476,8789,11,48786,24892,3371],"class_list":["post-54246","post","type-post","status-publish","format-standard","hentry","category-salute-e-benessere","tag-benessere","tag-divertimento","tag-fitness","tag-pilates","tag-sport","tag-step","tag-style","tag-wellness"],"yoast_head":"<!-- This site is optimized with the Yoast SEO plugin v27.0 - https:\/\/yoast.com\/product\/yoast-seo-wordpress\/ -->\n<title>LUXURY CONVENTION 2017 \u2013 FITNESS IN GRANDE STILE - Article Marketing<\/title>\n<meta name=\"robots\" content=\"index, follow, max-snippet:-1, max-image-preview:large, max-video-preview:-1\" \/>\n<link rel=\"canonical\" href=\"https:\/\/www.article-marketing.eu\/comunicati\/salute-e-benessere\/luxury-convention-2017-a?-fitness-in-grande-stile\/\" \/>\n<meta property=\"og:locale\" content=\"it_IT\" \/>\n<meta property=\"og:type\" content=\"article\" \/>\n<meta property=\"og:title\" content=\"LUXURY CONVENTION 2017 \u2013 FITNESS IN GRANDE STILE - Article Marketing\" \/>\n<meta property=\"og:description\" content=\"L\u2019Associazione sportiva Landa, diretta da Loredana Caporicci e Andrea Mori, propone la IV edizione di \u201cLUXURY CONVENTION\u201d. L\u2019appuntamento \u00e8 per sabato 21 e domenica 22 Gennaio 2017, a Spazio Reale, Centro congressuale, sportivo, formativo e ristorativo alle porte di Firenze. Un evento che ha consolidato il suo posto nel calendario annuale del Fitness per credibilit\u00e0 e qualit\u00e0 grazie alla presenza dei rappresentanti del Fitness Internazionale che si sono differenziati per capacit\u00e0 e competenze a livello mondiale e alla numerosa partecipazione di pubblico.\" \/>\n<meta property=\"og:url\" content=\"\" \/>\n<meta property=\"og:site_name\" content=\"Article Marketing\" \/>\n<meta property=\"article:published_time\" content=\"2017-01-16T09:57:54+00:00\" \/>\n<meta name=\"author\" content=\"Redazione Comunicati Stampa\" \/>\n<meta name=\"twitter:card\" content=\"summary_large_image\" \/>\n<meta name=\"twitter:label1\" content=\"Scritto da\" \/>\n\t<meta name=\"twitter:data1\" content=\"Redazione Comunicati Stampa\" \/>\n\t<meta name=\"twitter:label2\" content=\"Tempo di lettura stimato\" \/>\n\t<meta name=\"twitter:data2\" content=\"2 minuti\" \/>\n<script type=\"application\/ld+json\" class=\"yoast-schema-graph\">{\"@context\":\"https:\/\/schema.org\",\"@graph\":[{\"@type\":\"Article\",\"@id\":\"https:\/\/www.article-marketing.eu\/comunicati\/salute-e-benessere\/luxury-convention-2017-a%80-fitness-in-grande-stile\/#article\",\"isPartOf\":{\"@id\":\"https:\/\/www.article-marketing.eu\/comunicati\/salute-e-benessere\/luxury-convention-2017-a%80-fitness-in-grande-stile\/\"},\"author\":{\"name\":\"Redazione Comunicati Stampa\",\"@id\":\"https:\/\/www.article-marketing.eu\/comunicati\/#\/schema\/person\/44372e4d4d0fa797b18e03ed1ace9017\"},\"headline\":\"LUXURY CONVENTION 2017 \u2013 FITNESS IN GRANDE STILE\",\"datePublished\":\"2017-01-16T09:57:54+00:00\",\"mainEntityOfPage\":{\"@id\":\"https:\/\/www.article-marketing.eu\/comunicati\/salute-e-benessere\/luxury-convention-2017-a%80-fitness-in-grande-stile\/\"},\"wordCount\":477,\"commentCount\":0,\"keywords\":[\"benessere\",\"divertimento\",\"FITNESS\",\"pilates\",\"sport\",\"step\",\"style.\",\"wellness\"],\"articleSection\":[\"Salute e benessere\"],\"inLanguage\":\"it-IT\",\"potentialAction\":[{\"@type\":\"CommentAction\",\"name\":\"Comment\",\"target\":[\"https:\/\/www.article-marketing.eu\/comunicati\/salute-e-benessere\/luxury-convention-2017-a%80-fitness-in-grande-stile\/#respond\"]}]},{\"@type\":\"WebPage\",\"@id\":\"https:\/\/www.article-marketing.eu\/comunicati\/salute-e-benessere\/luxury-convention-2017-a%80-fitness-in-grande-stile\/\",\"url\":\"https:\/\/www.article-marketing.eu\/comunicati\/salute-e-benessere\/luxury-convention-2017-a%80-fitness-in-grande-stile\/\",\"name\":\"LUXURY CONVENTION 2017 \u2013 FITNESS IN GRANDE STILE - Article Marketing\",\"isPartOf\":{\"@id\":\"https:\/\/www.article-marketing.eu\/comunicati\/#website\"},\"datePublished\":\"2017-01-16T09:57:54+00:00\",\"author\":{\"@id\":\"https:\/\/www.article-marketing.eu\/comunicati\/#\/schema\/person\/44372e4d4d0fa797b18e03ed1ace9017\"},\"breadcrumb\":{\"@id\":\"https:\/\/www.article-marketing.eu\/comunicati\/salute-e-benessere\/luxury-convention-2017-a%80-fitness-in-grande-stile\/#breadcrumb\"},\"inLanguage\":\"it-IT\",\"potentialAction\":[{\"@type\":\"ReadAction\",\"target\":[\"https:\/\/www.article-marketing.eu\/comunicati\/salute-e-benessere\/luxury-convention-2017-a%80-fitness-in-grande-stile\/\"]}]},{\"@type\":\"BreadcrumbList\",\"@id\":\"https:\/\/www.article-marketing.eu\/comunicati\/salute-e-benessere\/luxury-convention-2017-a%80-fitness-in-grande-stile\/#breadcrumb\",\"itemListElement\":[{\"@type\":\"ListItem\",\"position\":1,\"name\":\"Home\",\"item\":\"https:\/\/www.article-marketing.eu\/comunicati\/\"},{\"@type\":\"ListItem\",\"position\":2,\"name\":\"LUXURY CONVENTION 2017 \u2013 FITNESS IN GRANDE STILE\"}]},{\"@type\":\"WebSite\",\"@id\":\"https:\/\/www.article-marketing.eu\/comunicati\/#website\",\"url\":\"https:\/\/www.article-marketing.eu\/comunicati\/\",\"name\":\"Article Marketing\",\"description\":\"article marketing &amp; press release\",\"potentialAction\":[{\"@type\":\"SearchAction\",\"target\":{\"@type\":\"EntryPoint\",\"urlTemplate\":\"https:\/\/www.article-marketing.eu\/comunicati\/?s={search_term_string}\"},\"query-input\":{\"@type\":\"PropertyValueSpecification\",\"valueRequired\":true,\"valueName\":\"search_term_string\"}}],\"inLanguage\":\"it-IT\"},{\"@type\":\"Person\",\"@id\":\"https:\/\/www.article-marketing.eu\/comunicati\/#\/schema\/person\/44372e4d4d0fa797b18e03ed1ace9017\",\"name\":\"Redazione Comunicati Stampa\",\"image\":{\"@type\":\"ImageObject\",\"inLanguage\":\"it-IT\",\"@id\":\"https:\/\/www.article-marketing.eu\/comunicati\/#\/schema\/person\/image\/\",\"url\":\"https:\/\/secure.gravatar.com\/avatar\/50e5c6421d3072f42e7ace803501602c60d75233d34e29fd05feb91c8760b792?s=96&d=mm&r=g\",\"contentUrl\":\"https:\/\/secure.gravatar.com\/avatar\/50e5c6421d3072f42e7ace803501602c60d75233d34e29fd05feb91c8760b792?s=96&d=mm&r=g\",\"caption\":\"Redazione Comunicati Stampa\"},\"url\":\"https:\/\/www.article-marketing.eu\/comunicati\/author\/redazione-comunicati-stampa\/\"}]}<\/script>\n<!-- \/ Yoast SEO plugin. -->","yoast_head_json":{"title":"LUXURY CONVENTION 2017 \u2013 FITNESS IN GRANDE STILE - Article Marketing","robots":{"index":"index","follow":"follow","max-snippet":"max-snippet:-1","max-image-preview":"max-image-preview:large","max-video-preview":"max-video-preview:-1"},"canonical":"https:\/\/www.article-marketing.eu\/comunicati\/salute-e-benessere\/luxury-convention-2017-a?-fitness-in-grande-stile\/","og_locale":"it_IT","og_type":"article","og_title":"LUXURY CONVENTION 2017 \u2013 FITNESS IN GRANDE STILE - Article Marketing","og_description":"L\u2019Associazione sportiva Landa, diretta da Loredana Caporicci e Andrea Mori, propone la IV edizione di \u201cLUXURY CONVENTION\u201d. L\u2019appuntamento \u00e8 per sabato 21 e domenica 22 Gennaio 2017, a Spazio Reale, Centro congressuale, sportivo, formativo e ristorativo alle porte di Firenze. Un evento che ha consolidato il suo posto nel calendario annuale del Fitness per credibilit\u00e0 e qualit\u00e0 grazie alla presenza dei rappresentanti del Fitness Internazionale che si sono differenziati per capacit\u00e0 e competenze a livello mondiale e alla numerosa partecipazione di pubblico.","og_url":"https:\/\/www.article-marketing.eu\/comunicati\/salute-e-benessere\/luxury-convention-2017-a?-fitness-in-grande-stile\/","og_site_name":"Article Marketing","article_published_time":"2017-01-16T09:57:54+00:00","author":"Redazione Comunicati Stampa","twitter_card":"summary_large_image","twitter_misc":{"Scritto da":"Redazione Comunicati Stampa","Tempo di lettura stimato":"2 minuti"},"schema":{"@context":"https:\/\/schema.org","@graph":[{"@type":"Article","@id":"https:\/\/www.article-marketing.eu\/comunicati\/salute-e-benessere\/luxury-convention-2017-a%80-fitness-in-grande-stile\/#article","isPartOf":{"@id":"https:\/\/www.article-marketing.eu\/comunicati\/salute-e-benessere\/luxury-convention-2017-a%80-fitness-in-grande-stile\/"},"author":{"name":"Redazione Comunicati Stampa","@id":"https:\/\/www.article-marketing.eu\/comunicati\/#\/schema\/person\/44372e4d4d0fa797b18e03ed1ace9017"},"headline":"LUXURY CONVENTION 2017 \u2013 FITNESS IN GRANDE STILE","datePublished":"2017-01-16T09:57:54+00:00","mainEntityOfPage":{"@id":"https:\/\/www.article-marketing.eu\/comunicati\/salute-e-benessere\/luxury-convention-2017-a%80-fitness-in-grande-stile\/"},"wordCount":477,"commentCount":0,"keywords":["benessere","divertimento","FITNESS","pilates","sport","step","style.","wellness"],"articleSection":["Salute e benessere"],"inLanguage":"it-IT","potentialAction":[{"@type":"CommentAction","name":"Comment","target":["https:\/\/www.article-marketing.eu\/comunicati\/salute-e-benessere\/luxury-convention-2017-a%80-fitness-in-grande-stile\/#respond"]}]},{"@type":"WebPage","@id":"https:\/\/www.article-marketing.eu\/comunicati\/salute-e-benessere\/luxury-convention-2017-a%80-fitness-in-grande-stile\/","url":"https:\/\/www.article-marketing.eu\/comunicati\/salute-e-benessere\/luxury-convention-2017-a%80-fitness-in-grande-stile\/","name":"LUXURY CONVENTION 2017 \u2013 FITNESS IN GRANDE STILE - Article Marketing","isPartOf":{"@id":"https:\/\/www.article-marketing.eu\/comunicati\/#website"},"datePublished":"2017-01-16T09:57:54+00:00","author":{"@id":"https:\/\/www.article-marketing.eu\/comunicati\/#\/schema\/person\/44372e4d4d0fa797b18e03ed1ace9017"},"breadcrumb":{"@id":"https:\/\/www.article-marketing.eu\/comunicati\/salute-e-benessere\/luxury-convention-2017-a%80-fitness-in-grande-stile\/#breadcrumb"},"inLanguage":"it-IT","potentialAction":[{"@type":"ReadAction","target":["https:\/\/www.article-marketing.eu\/comunicati\/salute-e-benessere\/luxury-convention-2017-a%80-fitness-in-grande-stile\/"]}]},{"@type":"BreadcrumbList","@id":"https:\/\/www.article-marketing.eu\/comunicati\/salute-e-benessere\/luxury-convention-2017-a%80-fitness-in-grande-stile\/#breadcrumb","itemListElement":[{"@type":"ListItem","position":1,"name":"Home","item":"https:\/\/www.article-marketing.eu\/comunicati\/"},{"@type":"ListItem","position":2,"name":"LUXURY CONVENTION 2017 \u2013 FITNESS IN GRANDE STILE"}]},{"@type":"WebSite","@id":"https:\/\/www.article-marketing.eu\/comunicati\/#website","url":"https:\/\/www.article-marketing.eu\/comunicati\/","name":"Article Marketing","description":"article marketing &amp; press release","potentialAction":[{"@type":"SearchAction","target":{"@type":"EntryPoint","urlTemplate":"https:\/\/www.article-marketing.eu\/comunicati\/?s={search_term_string}"},"query-input":{"@type":"PropertyValueSpecification","valueRequired":true,"valueName":"search_term_string"}}],"inLanguage":"it-IT"},{"@type":"Person","@id":"https:\/\/www.article-marketing.eu\/comunicati\/#\/schema\/person\/44372e4d4d0fa797b18e03ed1ace9017","name":"Redazione Comunicati Stampa","image":{"@type":"ImageObject","inLanguage":"it-IT","@id":"https:\/\/www.article-marketing.eu\/comunicati\/#\/schema\/person\/image\/","url":"https:\/\/secure.gravatar.com\/avatar\/50e5c6421d3072f42e7ace803501602c60d75233d34e29fd05feb91c8760b792?s=96&d=mm&r=g","contentUrl":"https:\/\/secure.gravatar.com\/avatar\/50e5c6421d3072f42e7ace803501602c60d75233d34e29fd05feb91c8760b792?s=96&d=mm&r=g","caption":"Redazione Comunicati Stampa"},"url":"https:\/\/www.article-marketing.eu\/comunicati\/author\/redazione-comunicati-stampa\/"}]}},"_links":{"self":[{"href":"https:\/\/www.article-marketing.eu\/comunicati\/wp-json\/wp\/v2\/posts\/54246","targetHints":{"allow":["GET"]}}],"collection":[{"href":"https:\/\/www.article-marketing.eu\/comunicati\/wp-json\/wp\/v2\/posts"}],"about":[{"href":"https:\/\/www.article-marketing.eu\/comunicati\/wp-json\/wp\/v2\/types\/post"}],"author":[{"embeddable":true,"href":"https:\/\/www.article-marketing.eu\/comunicati\/wp-json\/wp\/v2\/users\/10"}],"replies":[{"embeddable":true,"href":"https:\/\/www.article-marketing.eu\/comunicati\/wp-json\/wp\/v2\/comments?post=54246"}],"version-history":[{"count":0,"href":"https:\/\/www.article-marketing.eu\/comunicati\/wp-json\/wp\/v2\/posts\/54246\/revisions"}],"wp:attachment":[{"href":"https:\/\/www.article-marketing.eu\/comunicati\/wp-json\/wp\/v2\/media?parent=54246"}],"wp:term":[{"taxonomy":"category","embeddable":true,"href":"https:\/\/www.article-marketing.eu\/comunicati\/wp-json\/wp\/v2\/categories?post=54246"},{"taxonomy":"post_tag","embeddable":true,"href":"https:\/\/www.article-marketing.eu\/comunicati\/wp-json\/wp\/v2\/tags?post=54246"}],"curies":[{"name":"wp","href":"https:\/\/api.w.org\/{rel}","templated":true}]}}