{"id":54640,"date":"2018-04-21T16:04:49","date_gmt":"2018-04-21T14:04:49","guid":{"rendered":"http:\/\/www.italia-news.com\/blog\/?p=103"},"modified":"2018-04-21T16:04:49","modified_gmt":"2018-04-21T14:04:49","slug":"terni-museo-e-storia-archeologicprotagonisti-a-roma-martedi-17-aprile","status":"publish","type":"post","link":"https:\/\/www.article-marketing.eu\/comunicati\/musei-di-roma\/terni-museo-e-storia-archeologicprotagonisti-a-roma-martedi-17-aprile\/","title":{"rendered":"Terni, museo e storia protagonisti a Roma Marted\u00ec 17 aprile a Villa Giulia"},"content":{"rendered":"<p>Si parler\u00e0 di \u2018Terni e il Museo archeologico, una citt\u00e0 e la sua storia\u2019 nella conferenza in programma al Museo nazionale etrusco di Villa Giulia a Roma, marted\u00ec 17 aprile alle 17.30. L\u2019incontro rientra nel ciclo \u2018Storie di persone e di musei\u2019 e vedr\u00e0 la partecipazione dell\u2019archeologa Maria Cristina De Angelis che presenter\u00e0 anche la sezione archeologica del Caos di Terni. L\u2019iniziativa rientra nella programmazione dell\u2019anno europeo del patrimonio culturale 2018 e ha ottenuto il patrocinio dell\u2019International council of museum (Icom) sezione italiana.<\/p>\n<p><strong>Il Museo civico archeologico di Terni<\/strong> ha avuto una storia lunga e travagliata. Fu voluto agli inizi del novecento e curato da Giovanni Eroli, Luigi Lanzi ed Ettore Sconocchia. Nei decenni successivi alla sua costituzione, il museo ha subito numerosi spostamenti, allestimenti diversi, smembramento delle collezioni in pi\u00f9 sedi per effetto dell\u2019indifferenza che ha portato ad obliterare nel tempo dati e informazioni. Gli eventi bellici tra il 1940 e il 1945 hanno contribuito infine, con l\u2019efferatezza dei bombardamenti subiti dalla citt\u00e0, a cancellare quasi la memoria storica pi\u00f9 antica di Terni.<\/p>\n<p><strong>La rinascita<\/strong> Il Museo \u00e8 rinato nel 2004, grazie all\u2019interesse di amministrazioni locali. Attualmente si trova all\u2019interno del Caos che ospita anche il Museo d\u2019arte moderna e contemporanea \u2018Aurelio de Felice\u2019, un teatro sperimentale, una caffetteria, un bookshop e laboratori didattici. Costituito da 17 sale \u00e8 articolato in due sezioni: la sezione preromana, ordinata secondo un criterio cronologico, ospita i reperti di epoca protostorica dal X al VIII secolo a.C. e poi importanti complessi, fino al VI sec. a. C., che documentano la storia dei Nahartes, il popolo umbro che occup\u00f2 la conca tra i fiumi Nera (Nahr) e Serra. Nelle restanti nove sale i materiali, raggruppati secondo un criterio tematico basato su singoli aspetti della vita quotidiana, raccontano la vita di Interamna Nahars, dalla conquista romana del III secolo a.C. fino all\u2019epoca tardo antica.<\/p>\n<p><strong>\u2018Storie di persone e di musei\u2019<\/strong> La conferenza del 17 aprile rientra nel ciclo di incontri \u2018Storie di persone e di musei\u2019, finalizzato al perseguimento dello spirito della Convenzione di Faro (2005) sul valore dell\u2019eredit\u00e0 culturale per la societ\u00e0 e, al contempo, ispirato al \u2018Decalogo per un museo che racconti storie quotidiane\u2019 di Orhan Pamuk, per dare spazio e voce alle molteplici realt\u00e0 culturali locali che popolano il territorio di cui il museo di Villa Giulia \u00e8 stato ed \u00e8 tuttora interprete. Lo scopo \u00e8 quello di mettere a disposizione degli amministratori locali e dei curatori di raccolte civiche di interesse archeologico presenti nelle regioni del Lazio, dell\u2019Umbria e della Toscana un luogo in cui poter raccontare la loro esperienza di valorizzazione non tanto dalla prospettiva delle cose quanto, piuttosto, da quella delle persone, intese sia come operatori museali che come fruitori culturali, in modo tale da far convergere l\u2019attenzione anche sulla dimensione immateriale della nostra eredit\u00e0 culturale e sulle persone che, a vario titolo, desiderano identificarsi in tali valori.<\/p>\n<p><strong>Gli incontri<\/strong> In continuit\u00e0 con il ciclo di conferenze organizzate dal Museo nazionale etrusco di Villa Giulia a Roma, proseguono a Terni fino maggio, gli incontri al Museo archeologico per raccontare donne e uomini della comunit\u00e0 locale.<\/p>\n<div class=\"heateor_sss_sharing_container heateor_sss_horizontal_sharing\">\n<p>&nbsp;<\/p>\n<\/div>\n","protected":false},"excerpt":{"rendered":"<p>Si parler\u00e0 di \u2018Terni e il Museo archeologico, una citt\u00e0 e la sua storia\u2019 nella conferenza in programma al Museo nazionale etrusco di Villa Giulia a Roma, marted\u00ec 17 aprile alle 17.30. L\u2019incontro rientra nel ciclo \u2018Storie di persone e di musei\u2019 e vedr\u00e0 la partecipazione dell\u2019archeologa Maria Cristina De Angelis che presenter\u00e0 anche la sezione archeologica del Caos di Terni. L\u2019iniziativa rientra nella programmazione dell\u2019anno europeo del patrimonio culturale<\/p>\n<p><a class=\"continue-reading\" href=\"https:\/\/www.article-marketing.eu\/comunicati\/musei-di-roma\/terni-museo-e-storia-archeologicprotagonisti-a-roma-martedi-17-aprile\/\">Continue reading&#8230;<\/a><\/p>\n","protected":false},"author":2,"featured_media":54589,"comment_status":"closed","ping_status":"closed","sticky":false,"template":"","format":"standard","meta":{"cybocfi_hide_featured_image":"","footnotes":""},"categories":[55893],"tags":[],"class_list":["post-54640","post","type-post","status-publish","format-standard","has-post-thumbnail","hentry","category-musei-di-roma"],"yoast_head":"<!-- This site is optimized with the Yoast SEO plugin v27.0 - https:\/\/yoast.com\/product\/yoast-seo-wordpress\/ -->\n<title>Terni, museo e storia protagonisti a Roma Marted\u00ec 17 aprile a Villa Giulia<\/title>\n<meta name=\"description\" content=\"Si parler\u00e0 di \u2018Terni e il Museo archeologico, una citt\u00e0 e la sua storia\u2019 nella conferenza in programma al Museo nazionale etrusco di Villa Giulia a Roma, marted\u00ec 17 aprile alle 17.30. L\u2019incontro rientra nel ciclo \u2018Storie di persone e di musei\u2019 e vedr\u00e0 la partecipazione dell\u2019archeologa Maria Cristina De Angelis\" \/>\n<meta name=\"robots\" content=\"index, follow, max-snippet:-1, max-image-preview:large, max-video-preview:-1\" \/>\n<link rel=\"canonical\" href=\"https:\/\/www.article-marketing.eu\/comunicati\/musei-di-roma\/terni-museo-e-storia-archeologicprotagonisti-a-roma-martedi-17-aprile\/\" \/>\n<meta property=\"og:locale\" content=\"it_IT\" \/>\n<meta property=\"og:type\" content=\"article\" \/>\n<meta property=\"og:title\" content=\"Terni, museo e storia protagonisti a Roma Marted\u00ec 17 aprile a Villa Giulia\" \/>\n<meta property=\"og:description\" content=\"Si parler\u00e0 di \u2018Terni e il Museo archeologico, una citt\u00e0 e la sua storia\u2019 nella conferenza in programma al Museo nazionale etrusco di Villa Giulia a Roma, marted\u00ec 17 aprile alle 17.30. L\u2019incontro rientra nel ciclo \u2018Storie di persone e di musei\u2019 e vedr\u00e0 la partecipazione dell\u2019archeologa Maria Cristina De Angelis\" \/>\n<meta property=\"og:url\" content=\"https:\/\/www.article-marketing.eu\/comunicati\/musei-di-roma\/terni-museo-e-storia-archeologicprotagonisti-a-roma-martedi-17-aprile\/\" \/>\n<meta property=\"og:site_name\" content=\"Article Marketing\" \/>\n<meta property=\"article:published_time\" content=\"2018-04-21T14:04:49+00:00\" \/>\n<meta property=\"og:image\" content=\"https:\/\/www.article-marketing.eu\/comunicati\/wp-content\/uploads\/2018\/04\/05edcd2810dada23cbcd7db244af09fe.jpeg\" \/>\n\t<meta property=\"og:image:width\" content=\"1599\" \/>\n\t<meta property=\"og:image:height\" content=\"1200\" \/>\n\t<meta property=\"og:image:type\" content=\"image\/jpeg\" \/>\n<meta name=\"author\" content=\"prosperica\" \/>\n<meta name=\"twitter:card\" content=\"summary_large_image\" \/>\n<meta name=\"twitter:label1\" content=\"Scritto da\" \/>\n\t<meta name=\"twitter:data1\" content=\"prosperica\" \/>\n\t<meta name=\"twitter:label2\" content=\"Tempo di lettura stimato\" \/>\n\t<meta name=\"twitter:data2\" content=\"3 minuti\" \/>\n<script type=\"application\/ld+json\" class=\"yoast-schema-graph\">{\"@context\":\"https:\/\/schema.org\",\"@graph\":[{\"@type\":\"Article\",\"@id\":\"https:\/\/www.article-marketing.eu\/comunicati\/musei-di-roma\/terni-museo-e-storia-archeologicprotagonisti-a-roma-martedi-17-aprile\/#article\",\"isPartOf\":{\"@id\":\"https:\/\/www.article-marketing.eu\/comunicati\/musei-di-roma\/terni-museo-e-storia-archeologicprotagonisti-a-roma-martedi-17-aprile\/\"},\"author\":{\"name\":\"prosperica\",\"@id\":\"https:\/\/www.article-marketing.eu\/comunicati\/#\/schema\/person\/06b0d56bb4e1d2a649d8326d694b2fa1\"},\"headline\":\"Terni, museo e storia protagonisti a Roma Marted\u00ec 17 aprile a Villa Giulia\",\"datePublished\":\"2018-04-21T14:04:49+00:00\",\"mainEntityOfPage\":{\"@id\":\"https:\/\/www.article-marketing.eu\/comunicati\/musei-di-roma\/terni-museo-e-storia-archeologicprotagonisti-a-roma-martedi-17-aprile\/\"},\"wordCount\":531,\"image\":{\"@id\":\"https:\/\/www.article-marketing.eu\/comunicati\/musei-di-roma\/terni-museo-e-storia-archeologicprotagonisti-a-roma-martedi-17-aprile\/#primaryimage\"},\"thumbnailUrl\":\"https:\/\/www.article-marketing.eu\/comunicati\/wp-content\/uploads\/2018\/04\/05edcd2810dada23cbcd7db244af09fe.jpeg\",\"articleSection\":[\"Musei di Roma\"],\"inLanguage\":\"it-IT\"},{\"@type\":\"WebPage\",\"@id\":\"https:\/\/www.article-marketing.eu\/comunicati\/musei-di-roma\/terni-museo-e-storia-archeologicprotagonisti-a-roma-martedi-17-aprile\/\",\"url\":\"https:\/\/www.article-marketing.eu\/comunicati\/musei-di-roma\/terni-museo-e-storia-archeologicprotagonisti-a-roma-martedi-17-aprile\/\",\"name\":\"Terni, museo e storia protagonisti a Roma Marted\u00ec 17 aprile a Villa Giulia\",\"isPartOf\":{\"@id\":\"https:\/\/www.article-marketing.eu\/comunicati\/#website\"},\"primaryImageOfPage\":{\"@id\":\"https:\/\/www.article-marketing.eu\/comunicati\/musei-di-roma\/terni-museo-e-storia-archeologicprotagonisti-a-roma-martedi-17-aprile\/#primaryimage\"},\"image\":{\"@id\":\"https:\/\/www.article-marketing.eu\/comunicati\/musei-di-roma\/terni-museo-e-storia-archeologicprotagonisti-a-roma-martedi-17-aprile\/#primaryimage\"},\"thumbnailUrl\":\"https:\/\/www.article-marketing.eu\/comunicati\/wp-content\/uploads\/2018\/04\/05edcd2810dada23cbcd7db244af09fe.jpeg\",\"datePublished\":\"2018-04-21T14:04:49+00:00\",\"author\":{\"@id\":\"https:\/\/www.article-marketing.eu\/comunicati\/#\/schema\/person\/06b0d56bb4e1d2a649d8326d694b2fa1\"},\"description\":\"Si parler\u00e0 di \u2018Terni e il Museo archeologico, una citt\u00e0 e la sua storia\u2019 nella conferenza in programma al Museo nazionale etrusco di Villa Giulia a Roma, marted\u00ec 17 aprile alle 17.30. L\u2019incontro rientra nel ciclo \u2018Storie di persone e di musei\u2019 e vedr\u00e0 la partecipazione dell\u2019archeologa Maria Cristina De Angelis\",\"breadcrumb\":{\"@id\":\"https:\/\/www.article-marketing.eu\/comunicati\/musei-di-roma\/terni-museo-e-storia-archeologicprotagonisti-a-roma-martedi-17-aprile\/#breadcrumb\"},\"inLanguage\":\"it-IT\",\"potentialAction\":[{\"@type\":\"ReadAction\",\"target\":[\"https:\/\/www.article-marketing.eu\/comunicati\/musei-di-roma\/terni-museo-e-storia-archeologicprotagonisti-a-roma-martedi-17-aprile\/\"]}]},{\"@type\":\"ImageObject\",\"inLanguage\":\"it-IT\",\"@id\":\"https:\/\/www.article-marketing.eu\/comunicati\/musei-di-roma\/terni-museo-e-storia-archeologicprotagonisti-a-roma-martedi-17-aprile\/#primaryimage\",\"url\":\"https:\/\/www.article-marketing.eu\/comunicati\/wp-content\/uploads\/2018\/04\/05edcd2810dada23cbcd7db244af09fe.jpeg\",\"contentUrl\":\"https:\/\/www.article-marketing.eu\/comunicati\/wp-content\/uploads\/2018\/04\/05edcd2810dada23cbcd7db244af09fe.jpeg\",\"width\":1599,\"height\":1200},{\"@type\":\"BreadcrumbList\",\"@id\":\"https:\/\/www.article-marketing.eu\/comunicati\/musei-di-roma\/terni-museo-e-storia-archeologicprotagonisti-a-roma-martedi-17-aprile\/#breadcrumb\",\"itemListElement\":[{\"@type\":\"ListItem\",\"position\":1,\"name\":\"Home\",\"item\":\"https:\/\/www.article-marketing.eu\/comunicati\/\"},{\"@type\":\"ListItem\",\"position\":2,\"name\":\"Terni, museo e storia protagonisti a Roma Marted\u00ec 17 aprile a Villa Giulia\"}]},{\"@type\":\"WebSite\",\"@id\":\"https:\/\/www.article-marketing.eu\/comunicati\/#website\",\"url\":\"https:\/\/www.article-marketing.eu\/comunicati\/\",\"name\":\"Article Marketing\",\"description\":\"article marketing &amp; press release\",\"potentialAction\":[{\"@type\":\"SearchAction\",\"target\":{\"@type\":\"EntryPoint\",\"urlTemplate\":\"https:\/\/www.article-marketing.eu\/comunicati\/?s={search_term_string}\"},\"query-input\":{\"@type\":\"PropertyValueSpecification\",\"valueRequired\":true,\"valueName\":\"search_term_string\"}}],\"inLanguage\":\"it-IT\"},{\"@type\":\"Person\",\"@id\":\"https:\/\/www.article-marketing.eu\/comunicati\/#\/schema\/person\/06b0d56bb4e1d2a649d8326d694b2fa1\",\"name\":\"prosperica\",\"image\":{\"@type\":\"ImageObject\",\"inLanguage\":\"it-IT\",\"@id\":\"https:\/\/www.article-marketing.eu\/comunicati\/#\/schema\/person\/image\/\",\"url\":\"https:\/\/secure.gravatar.com\/avatar\/912734927eb8a51935964ae4aaf65065bab0bd4856fa4b8933c555af3c4eef43?s=96&d=mm&r=g\",\"contentUrl\":\"https:\/\/secure.gravatar.com\/avatar\/912734927eb8a51935964ae4aaf65065bab0bd4856fa4b8933c555af3c4eef43?s=96&d=mm&r=g\",\"caption\":\"prosperica\"},\"url\":\"https:\/\/www.article-marketing.eu\/comunicati\/author\/prosperica\/\"}]}<\/script>\n<!-- \/ Yoast SEO plugin. -->","yoast_head_json":{"title":"Terni, museo e storia protagonisti a Roma Marted\u00ec 17 aprile a Villa Giulia","description":"Si parler\u00e0 di \u2018Terni e il Museo archeologico, una citt\u00e0 e la sua storia\u2019 nella conferenza in programma al Museo nazionale etrusco di Villa Giulia a Roma, marted\u00ec 17 aprile alle 17.30. L\u2019incontro rientra nel ciclo \u2018Storie di persone e di musei\u2019 e vedr\u00e0 la partecipazione dell\u2019archeologa Maria Cristina De Angelis","robots":{"index":"index","follow":"follow","max-snippet":"max-snippet:-1","max-image-preview":"max-image-preview:large","max-video-preview":"max-video-preview:-1"},"canonical":"https:\/\/www.article-marketing.eu\/comunicati\/musei-di-roma\/terni-museo-e-storia-archeologicprotagonisti-a-roma-martedi-17-aprile\/","og_locale":"it_IT","og_type":"article","og_title":"Terni, museo e storia protagonisti a Roma Marted\u00ec 17 aprile a Villa Giulia","og_description":"Si parler\u00e0 di \u2018Terni e il Museo archeologico, una citt\u00e0 e la sua storia\u2019 nella conferenza in programma al Museo nazionale etrusco di Villa Giulia a Roma, marted\u00ec 17 aprile alle 17.30. L\u2019incontro rientra nel ciclo \u2018Storie di persone e di musei\u2019 e vedr\u00e0 la partecipazione dell\u2019archeologa Maria Cristina De Angelis","og_url":"https:\/\/www.article-marketing.eu\/comunicati\/musei-di-roma\/terni-museo-e-storia-archeologicprotagonisti-a-roma-martedi-17-aprile\/","og_site_name":"Article Marketing","article_published_time":"2018-04-21T14:04:49+00:00","og_image":[{"width":1599,"height":1200,"url":"https:\/\/www.article-marketing.eu\/comunicati\/wp-content\/uploads\/2018\/04\/05edcd2810dada23cbcd7db244af09fe.jpeg","type":"image\/jpeg"}],"author":"prosperica","twitter_card":"summary_large_image","twitter_misc":{"Scritto da":"prosperica","Tempo di lettura stimato":"3 minuti"},"schema":{"@context":"https:\/\/schema.org","@graph":[{"@type":"Article","@id":"https:\/\/www.article-marketing.eu\/comunicati\/musei-di-roma\/terni-museo-e-storia-archeologicprotagonisti-a-roma-martedi-17-aprile\/#article","isPartOf":{"@id":"https:\/\/www.article-marketing.eu\/comunicati\/musei-di-roma\/terni-museo-e-storia-archeologicprotagonisti-a-roma-martedi-17-aprile\/"},"author":{"name":"prosperica","@id":"https:\/\/www.article-marketing.eu\/comunicati\/#\/schema\/person\/06b0d56bb4e1d2a649d8326d694b2fa1"},"headline":"Terni, museo e storia protagonisti a Roma Marted\u00ec 17 aprile a Villa Giulia","datePublished":"2018-04-21T14:04:49+00:00","mainEntityOfPage":{"@id":"https:\/\/www.article-marketing.eu\/comunicati\/musei-di-roma\/terni-museo-e-storia-archeologicprotagonisti-a-roma-martedi-17-aprile\/"},"wordCount":531,"image":{"@id":"https:\/\/www.article-marketing.eu\/comunicati\/musei-di-roma\/terni-museo-e-storia-archeologicprotagonisti-a-roma-martedi-17-aprile\/#primaryimage"},"thumbnailUrl":"https:\/\/www.article-marketing.eu\/comunicati\/wp-content\/uploads\/2018\/04\/05edcd2810dada23cbcd7db244af09fe.jpeg","articleSection":["Musei di Roma"],"inLanguage":"it-IT"},{"@type":"WebPage","@id":"https:\/\/www.article-marketing.eu\/comunicati\/musei-di-roma\/terni-museo-e-storia-archeologicprotagonisti-a-roma-martedi-17-aprile\/","url":"https:\/\/www.article-marketing.eu\/comunicati\/musei-di-roma\/terni-museo-e-storia-archeologicprotagonisti-a-roma-martedi-17-aprile\/","name":"Terni, museo e storia protagonisti a Roma Marted\u00ec 17 aprile a Villa Giulia","isPartOf":{"@id":"https:\/\/www.article-marketing.eu\/comunicati\/#website"},"primaryImageOfPage":{"@id":"https:\/\/www.article-marketing.eu\/comunicati\/musei-di-roma\/terni-museo-e-storia-archeologicprotagonisti-a-roma-martedi-17-aprile\/#primaryimage"},"image":{"@id":"https:\/\/www.article-marketing.eu\/comunicati\/musei-di-roma\/terni-museo-e-storia-archeologicprotagonisti-a-roma-martedi-17-aprile\/#primaryimage"},"thumbnailUrl":"https:\/\/www.article-marketing.eu\/comunicati\/wp-content\/uploads\/2018\/04\/05edcd2810dada23cbcd7db244af09fe.jpeg","datePublished":"2018-04-21T14:04:49+00:00","author":{"@id":"https:\/\/www.article-marketing.eu\/comunicati\/#\/schema\/person\/06b0d56bb4e1d2a649d8326d694b2fa1"},"description":"Si parler\u00e0 di \u2018Terni e il Museo archeologico, una citt\u00e0 e la sua storia\u2019 nella conferenza in programma al Museo nazionale etrusco di Villa Giulia a Roma, marted\u00ec 17 aprile alle 17.30. L\u2019incontro rientra nel ciclo \u2018Storie di persone e di musei\u2019 e vedr\u00e0 la partecipazione dell\u2019archeologa Maria Cristina De Angelis","breadcrumb":{"@id":"https:\/\/www.article-marketing.eu\/comunicati\/musei-di-roma\/terni-museo-e-storia-archeologicprotagonisti-a-roma-martedi-17-aprile\/#breadcrumb"},"inLanguage":"it-IT","potentialAction":[{"@type":"ReadAction","target":["https:\/\/www.article-marketing.eu\/comunicati\/musei-di-roma\/terni-museo-e-storia-archeologicprotagonisti-a-roma-martedi-17-aprile\/"]}]},{"@type":"ImageObject","inLanguage":"it-IT","@id":"https:\/\/www.article-marketing.eu\/comunicati\/musei-di-roma\/terni-museo-e-storia-archeologicprotagonisti-a-roma-martedi-17-aprile\/#primaryimage","url":"https:\/\/www.article-marketing.eu\/comunicati\/wp-content\/uploads\/2018\/04\/05edcd2810dada23cbcd7db244af09fe.jpeg","contentUrl":"https:\/\/www.article-marketing.eu\/comunicati\/wp-content\/uploads\/2018\/04\/05edcd2810dada23cbcd7db244af09fe.jpeg","width":1599,"height":1200},{"@type":"BreadcrumbList","@id":"https:\/\/www.article-marketing.eu\/comunicati\/musei-di-roma\/terni-museo-e-storia-archeologicprotagonisti-a-roma-martedi-17-aprile\/#breadcrumb","itemListElement":[{"@type":"ListItem","position":1,"name":"Home","item":"https:\/\/www.article-marketing.eu\/comunicati\/"},{"@type":"ListItem","position":2,"name":"Terni, museo e storia protagonisti a Roma Marted\u00ec 17 aprile a Villa Giulia"}]},{"@type":"WebSite","@id":"https:\/\/www.article-marketing.eu\/comunicati\/#website","url":"https:\/\/www.article-marketing.eu\/comunicati\/","name":"Article Marketing","description":"article marketing &amp; press release","potentialAction":[{"@type":"SearchAction","target":{"@type":"EntryPoint","urlTemplate":"https:\/\/www.article-marketing.eu\/comunicati\/?s={search_term_string}"},"query-input":{"@type":"PropertyValueSpecification","valueRequired":true,"valueName":"search_term_string"}}],"inLanguage":"it-IT"},{"@type":"Person","@id":"https:\/\/www.article-marketing.eu\/comunicati\/#\/schema\/person\/06b0d56bb4e1d2a649d8326d694b2fa1","name":"prosperica","image":{"@type":"ImageObject","inLanguage":"it-IT","@id":"https:\/\/www.article-marketing.eu\/comunicati\/#\/schema\/person\/image\/","url":"https:\/\/secure.gravatar.com\/avatar\/912734927eb8a51935964ae4aaf65065bab0bd4856fa4b8933c555af3c4eef43?s=96&d=mm&r=g","contentUrl":"https:\/\/secure.gravatar.com\/avatar\/912734927eb8a51935964ae4aaf65065bab0bd4856fa4b8933c555af3c4eef43?s=96&d=mm&r=g","caption":"prosperica"},"url":"https:\/\/www.article-marketing.eu\/comunicati\/author\/prosperica\/"}]}},"_links":{"self":[{"href":"https:\/\/www.article-marketing.eu\/comunicati\/wp-json\/wp\/v2\/posts\/54640","targetHints":{"allow":["GET"]}}],"collection":[{"href":"https:\/\/www.article-marketing.eu\/comunicati\/wp-json\/wp\/v2\/posts"}],"about":[{"href":"https:\/\/www.article-marketing.eu\/comunicati\/wp-json\/wp\/v2\/types\/post"}],"author":[{"embeddable":true,"href":"https:\/\/www.article-marketing.eu\/comunicati\/wp-json\/wp\/v2\/users\/2"}],"replies":[{"embeddable":true,"href":"https:\/\/www.article-marketing.eu\/comunicati\/wp-json\/wp\/v2\/comments?post=54640"}],"version-history":[{"count":1,"href":"https:\/\/www.article-marketing.eu\/comunicati\/wp-json\/wp\/v2\/posts\/54640\/revisions"}],"predecessor-version":[{"id":54700,"href":"https:\/\/www.article-marketing.eu\/comunicati\/wp-json\/wp\/v2\/posts\/54640\/revisions\/54700"}],"wp:featuredmedia":[{"embeddable":true,"href":"https:\/\/www.article-marketing.eu\/comunicati\/wp-json\/wp\/v2\/media\/54589"}],"wp:attachment":[{"href":"https:\/\/www.article-marketing.eu\/comunicati\/wp-json\/wp\/v2\/media?parent=54640"}],"wp:term":[{"taxonomy":"category","embeddable":true,"href":"https:\/\/www.article-marketing.eu\/comunicati\/wp-json\/wp\/v2\/categories?post=54640"},{"taxonomy":"post_tag","embeddable":true,"href":"https:\/\/www.article-marketing.eu\/comunicati\/wp-json\/wp\/v2\/tags?post=54640"}],"curies":[{"name":"wp","href":"https:\/\/api.w.org\/{rel}","templated":true}]}}