{"id":54643,"date":"2018-04-21T16:07:28","date_gmt":"2018-04-21T14:07:28","guid":{"rendered":"http:\/\/www.italia-news.com\/blog\/?p=115"},"modified":"2020-08-10T00:52:01","modified_gmt":"2020-08-09T22:52:01","slug":"garlate-una-serata-per-parlare-di-sport-e-nutrizione-con-lasd-canottieri-e-il-dott-godina","status":"publish","type":"post","link":"https:\/\/www.article-marketing.eu\/comunicati\/dieta-e-alimentazione\/garlate-una-serata-per-parlare-di-sport-e-nutrizione-con-lasd-canottieri-e-il-dott-godina\/","title":{"rendered":"Garlate: una serata per parlare di sport e nutrizione con l&#8217;ASD canottieri e il dott. Godina"},"content":{"rendered":"<div>\n<div>\n<div>\n<p>Durante la serata di venerd\u00ec 13 aprile, presso l&#8217;oratorio S.G. Bosco di Garlate, si \u00e8 tenuta riscuotendo un ottimo successo la conferenza sull&#8217;importanza della nutrizione nell&#8217;attivit\u00e0 sportiva. L&#8217;incontro, organizzato da ASD Canottieri Pescate, in collaborazione con il Centro Polidiagnostico CAB di Barzan\u00f2 e Merate e con il patrocinio del comune, del CONI e della Federazione Italiana Canottaggio Comitato Lombardia, \u00e8 stato condotto dal Dott. Paolo Godina, nutrizionista sportivo.<\/p>\n<p>&#8220;<strong>Questa serata \u00e8 rivolta in particolare agli atleti e si parler\u00e0 dell&#8217;alimentazione e di come gestirla tutti giorni per arrivare pronti e con l&#8217;energia giusta alla gara, quindi i momenti prima durante e dopo ogni singolo allenamento&#8221; <\/strong>ha esordito. Poich\u00e8 l&#8217;alimentazione \u00e8 alla base di una buona salute e di un&#8217;ottima prestazione fisica, \u00e8 necessario essere ben informati su una pratica sana e adatta al tipo di sport che si pratica.<\/p>\n<p><strong>VIDEO<\/strong><\/p>\n<p><object data=\"http:\/\/www.youtube.com\/v\/aHyc4pB2xAk&amp;feature\" type=\"application\/x-shockwave-flash\" width=\"425\" height=\"350\"><param name=\"src\" value=\"http:\/\/www.youtube.com\/v\/aHyc4pB2xAk&amp;feature\" \/><param name=\"wmode\" value=\"transparent\" \/><\/object><\/p>\n<p>Come ha specificato il relatore, non \u00e8 una dieta ottimale che garantisce il successo nello competizioni, ma mangiare male pu\u00f2 compromettere sia la salute che l&#8217;attivit\u00e0 sportiva.<\/p>\n<p><img decoding=\"async\" src=\"https:\/\/www.article-marketing.eu\/comunicati\/wp-content\/uploads\/2018\/04\/8b19bb3b0d159fab524ec2972bb897c0.jpeg\" alt=\"\" \/><\/p>\n<p>Ed \u00e8 proprio questo che il Dott. Paolo Godina ha cercato di spiegare, parlando di come un atleta nello sport, e in particolare nel canottaggio, debba gestire la propria alimentazione, prima, durante e dopo ogni singolo allenamento. \u00e8 stato pi\u00f9 volte affrontato anche il tema delle diete e dell&#8217;importanza di definire un programma personalizzato di mantenimento raggiungendo cos\u00ec il peso ottimale in modo stabile, e non con assunzioni di cibo squilibrate che non portano ad alcun beneficio o solo a benefici temporanei. In seguito con varie slides \u00e8 stata illustrata la piramide alimentare e sono stati forniti alcuni esempi di metodi nutrizionali nelle gare e negli allenamenti, arrivando infine a dare consigli utili e chiarimenti sull&#8217;uso degli integratori.<\/p>\n<p><img decoding=\"async\" src=\"https:\/\/www.article-marketing.eu\/comunicati\/wp-content\/uploads\/2018\/04\/d91d537b48b9e3c9a888ce716aa71044.jpeg\" alt=\"\" \/><\/p>\n<p class=\"didascalia\">Il dr. Paolo Godina durante l&#8217;illustrazione delle slides<\/p>\n<p>Molte le domande poste dal pubblico, interessato ad approfondimenti e a chiarimenti circa le informazioni che spesso si trovano in rete e che possono anche essere fuorvianti. La conferenza si \u00e8 rivelata dunque utile per gli atleti che hanno potuto avere un quadro preciso e puntuale, fornito da un professionista, circa l&#8217;importanza dell&#8217;alimentazione e i suoi risvolti sulle prestazioni che si possono ottenere.<br \/>\n\u00c8 stata quindi una conferenza importante e molto utile, che ha fornito consigli base agli atleti in merito all&#8217;alimentazione giusta da seguire e durante la quale il Dott. Paolo Godina si \u00e8 reso disponibile per altri incontri per trattare in maniera ancora pi\u00f9 approfondita problematiche alimentari pi\u00f9 specifiche e inerenti allo sport.<\/p>\n<\/div>\n<p>\u00a9 www.leccoonline.com &#8211; Il primo network di informazione online della provincia di Lecco<\/p>\n<\/div>\n<\/div>\n","protected":false},"excerpt":{"rendered":"<p>Durante la serata di venerd\u00ec 13 aprile, presso l&#8217;oratorio S.G. Bosco di Garlate, si \u00e8 tenuta riscuotendo un ottimo successo la conferenza sull&#8217;importanza della nutrizione nell&#8217;attivit\u00e0 sportiva. L&#8217;incontro, organizzato da ASD Canottieri Pescate, in collaborazione con il Centro Polidiagnostico CAB di Barzan\u00f2 e Merate e con il patrocinio del comune, del CONI e della Federazione Italiana Canottaggio Comitato Lombardia, \u00e8 stato condotto dal Dott. Paolo Godina, nutrizionista sportivo. &#8220;Questa serata<\/p>\n<p><a class=\"continue-reading\" href=\"https:\/\/www.article-marketing.eu\/comunicati\/dieta-e-alimentazione\/garlate-una-serata-per-parlare-di-sport-e-nutrizione-con-lasd-canottieri-e-il-dott-godina\/\">Continue reading&#8230;<\/a><\/p>\n","protected":false},"author":5,"featured_media":54594,"comment_status":"closed","ping_status":"closed","sticky":false,"template":"","format":"standard","meta":{"cybocfi_hide_featured_image":"","footnotes":""},"categories":[55891],"tags":[],"class_list":["post-54643","post","type-post","status-publish","format-standard","has-post-thumbnail","hentry","category-dieta-e-alimentazione"],"yoast_head":"<!-- This site is optimized with the Yoast SEO plugin v27.0 - https:\/\/yoast.com\/product\/yoast-seo-wordpress\/ -->\n<title>Garlate: una serata per parlare di sport e nutrizione con l&#039;ASD canottieri<\/title>\n<meta name=\"description\" content=\"Durante la serata di venerd\u00ec 13 aprile, presso l&#039;oratorio S.G. Bosco di Garlate, si \u00e8 tenuta riscuotendo un ottimo successo la conferenza sull&#039;importanza della nutrizione nell&#039;attivit\u00e0 sportiva. L&#039;incontro, organizzato da ASD Canottieri Pescate, in collaborazione con il Centro Polidiagnostico CAB di Barzan\u00f2\" \/>\n<meta name=\"robots\" content=\"index, follow, max-snippet:-1, max-image-preview:large, max-video-preview:-1\" \/>\n<link rel=\"canonical\" href=\"https:\/\/www.article-marketing.eu\/comunicati\/dieta-e-alimentazione\/garlate-una-serata-per-parlare-di-sport-e-nutrizione-con-lasd-canottieri-e-il-dott-godina\/\" \/>\n<meta property=\"og:locale\" content=\"it_IT\" \/>\n<meta property=\"og:type\" content=\"article\" \/>\n<meta property=\"og:title\" content=\"Garlate: una serata per parlare di sport e nutrizione con l&#039;ASD canottieri\" \/>\n<meta property=\"og:description\" content=\"Durante la serata di venerd\u00ec 13 aprile, presso l&#039;oratorio S.G. Bosco di Garlate, si \u00e8 tenuta riscuotendo un ottimo successo la conferenza sull&#039;importanza della nutrizione nell&#039;attivit\u00e0 sportiva. L&#039;incontro, organizzato da ASD Canottieri Pescate, in collaborazione con il Centro Polidiagnostico CAB di Barzan\u00f2\" \/>\n<meta property=\"og:url\" content=\"https:\/\/www.article-marketing.eu\/comunicati\/dieta-e-alimentazione\/garlate-una-serata-per-parlare-di-sport-e-nutrizione-con-lasd-canottieri-e-il-dott-godina\/\" \/>\n<meta property=\"og:site_name\" content=\"Article Marketing\" \/>\n<meta property=\"article:published_time\" content=\"2018-04-21T14:07:28+00:00\" \/>\n<meta property=\"article:modified_time\" content=\"2020-08-09T22:52:01+00:00\" \/>\n<meta property=\"og:image\" content=\"https:\/\/www.article-marketing.eu\/comunicati\/wp-content\/uploads\/2018\/04\/cdf7187bdff93bd8a6bf78f5a93c18a4.jpeg\" \/>\n\t<meta property=\"og:image:width\" content=\"628\" \/>\n\t<meta property=\"og:image:height\" content=\"404\" \/>\n\t<meta property=\"og:image:type\" content=\"image\/jpeg\" \/>\n<meta name=\"author\" content=\"colombo\" \/>\n<meta name=\"twitter:card\" content=\"summary_large_image\" \/>\n<meta name=\"twitter:label1\" content=\"Scritto da\" \/>\n\t<meta name=\"twitter:data1\" content=\"colombo\" \/>\n\t<meta name=\"twitter:label2\" content=\"Tempo di lettura stimato\" \/>\n\t<meta name=\"twitter:data2\" content=\"2 minuti\" \/>\n<script type=\"application\/ld+json\" class=\"yoast-schema-graph\">{\"@context\":\"https:\/\/schema.org\",\"@graph\":[{\"@type\":\"Article\",\"@id\":\"https:\/\/www.article-marketing.eu\/comunicati\/dieta-e-alimentazione\/garlate-una-serata-per-parlare-di-sport-e-nutrizione-con-lasd-canottieri-e-il-dott-godina\/#article\",\"isPartOf\":{\"@id\":\"https:\/\/www.article-marketing.eu\/comunicati\/dieta-e-alimentazione\/garlate-una-serata-per-parlare-di-sport-e-nutrizione-con-lasd-canottieri-e-il-dott-godina\/\"},\"author\":{\"name\":\"colombo\",\"@id\":\"https:\/\/www.article-marketing.eu\/comunicati\/#\/schema\/person\/552a3924a134de7e9b646a9caf376225\"},\"headline\":\"Garlate: una serata per parlare di sport e nutrizione con l&#8217;ASD canottieri e il dott. Godina\",\"datePublished\":\"2018-04-21T14:07:28+00:00\",\"dateModified\":\"2020-08-09T22:52:01+00:00\",\"mainEntityOfPage\":{\"@id\":\"https:\/\/www.article-marketing.eu\/comunicati\/dieta-e-alimentazione\/garlate-una-serata-per-parlare-di-sport-e-nutrizione-con-lasd-canottieri-e-il-dott-godina\/\"},\"wordCount\":426,\"image\":{\"@id\":\"https:\/\/www.article-marketing.eu\/comunicati\/dieta-e-alimentazione\/garlate-una-serata-per-parlare-di-sport-e-nutrizione-con-lasd-canottieri-e-il-dott-godina\/#primaryimage\"},\"thumbnailUrl\":\"https:\/\/www.article-marketing.eu\/comunicati\/wp-content\/uploads\/2018\/04\/cdf7187bdff93bd8a6bf78f5a93c18a4.jpeg\",\"articleSection\":[\"Dieta e Alimentazione\"],\"inLanguage\":\"it-IT\"},{\"@type\":\"WebPage\",\"@id\":\"https:\/\/www.article-marketing.eu\/comunicati\/dieta-e-alimentazione\/garlate-una-serata-per-parlare-di-sport-e-nutrizione-con-lasd-canottieri-e-il-dott-godina\/\",\"url\":\"https:\/\/www.article-marketing.eu\/comunicati\/dieta-e-alimentazione\/garlate-una-serata-per-parlare-di-sport-e-nutrizione-con-lasd-canottieri-e-il-dott-godina\/\",\"name\":\"Garlate: una serata per parlare di sport e nutrizione con l'ASD canottieri\",\"isPartOf\":{\"@id\":\"https:\/\/www.article-marketing.eu\/comunicati\/#website\"},\"primaryImageOfPage\":{\"@id\":\"https:\/\/www.article-marketing.eu\/comunicati\/dieta-e-alimentazione\/garlate-una-serata-per-parlare-di-sport-e-nutrizione-con-lasd-canottieri-e-il-dott-godina\/#primaryimage\"},\"image\":{\"@id\":\"https:\/\/www.article-marketing.eu\/comunicati\/dieta-e-alimentazione\/garlate-una-serata-per-parlare-di-sport-e-nutrizione-con-lasd-canottieri-e-il-dott-godina\/#primaryimage\"},\"thumbnailUrl\":\"https:\/\/www.article-marketing.eu\/comunicati\/wp-content\/uploads\/2018\/04\/cdf7187bdff93bd8a6bf78f5a93c18a4.jpeg\",\"datePublished\":\"2018-04-21T14:07:28+00:00\",\"dateModified\":\"2020-08-09T22:52:01+00:00\",\"author\":{\"@id\":\"https:\/\/www.article-marketing.eu\/comunicati\/#\/schema\/person\/552a3924a134de7e9b646a9caf376225\"},\"description\":\"Durante la serata di venerd\u00ec 13 aprile, presso l'oratorio S.G. Bosco di Garlate, si \u00e8 tenuta riscuotendo un ottimo successo la conferenza sull'importanza della nutrizione nell'attivit\u00e0 sportiva. L'incontro, organizzato da ASD Canottieri Pescate, in collaborazione con il Centro Polidiagnostico CAB di Barzan\u00f2\",\"breadcrumb\":{\"@id\":\"https:\/\/www.article-marketing.eu\/comunicati\/dieta-e-alimentazione\/garlate-una-serata-per-parlare-di-sport-e-nutrizione-con-lasd-canottieri-e-il-dott-godina\/#breadcrumb\"},\"inLanguage\":\"it-IT\",\"potentialAction\":[{\"@type\":\"ReadAction\",\"target\":[\"https:\/\/www.article-marketing.eu\/comunicati\/dieta-e-alimentazione\/garlate-una-serata-per-parlare-di-sport-e-nutrizione-con-lasd-canottieri-e-il-dott-godina\/\"]}]},{\"@type\":\"ImageObject\",\"inLanguage\":\"it-IT\",\"@id\":\"https:\/\/www.article-marketing.eu\/comunicati\/dieta-e-alimentazione\/garlate-una-serata-per-parlare-di-sport-e-nutrizione-con-lasd-canottieri-e-il-dott-godina\/#primaryimage\",\"url\":\"https:\/\/www.article-marketing.eu\/comunicati\/wp-content\/uploads\/2018\/04\/cdf7187bdff93bd8a6bf78f5a93c18a4.jpeg\",\"contentUrl\":\"https:\/\/www.article-marketing.eu\/comunicati\/wp-content\/uploads\/2018\/04\/cdf7187bdff93bd8a6bf78f5a93c18a4.jpeg\",\"width\":628,\"height\":404},{\"@type\":\"BreadcrumbList\",\"@id\":\"https:\/\/www.article-marketing.eu\/comunicati\/dieta-e-alimentazione\/garlate-una-serata-per-parlare-di-sport-e-nutrizione-con-lasd-canottieri-e-il-dott-godina\/#breadcrumb\",\"itemListElement\":[{\"@type\":\"ListItem\",\"position\":1,\"name\":\"Home\",\"item\":\"https:\/\/www.article-marketing.eu\/comunicati\/\"},{\"@type\":\"ListItem\",\"position\":2,\"name\":\"Garlate: una serata per parlare di sport e nutrizione con l&#8217;ASD canottieri e il dott. Godina\"}]},{\"@type\":\"WebSite\",\"@id\":\"https:\/\/www.article-marketing.eu\/comunicati\/#website\",\"url\":\"https:\/\/www.article-marketing.eu\/comunicati\/\",\"name\":\"Article Marketing\",\"description\":\"article marketing &amp; press release\",\"potentialAction\":[{\"@type\":\"SearchAction\",\"target\":{\"@type\":\"EntryPoint\",\"urlTemplate\":\"https:\/\/www.article-marketing.eu\/comunicati\/?s={search_term_string}\"},\"query-input\":{\"@type\":\"PropertyValueSpecification\",\"valueRequired\":true,\"valueName\":\"search_term_string\"}}],\"inLanguage\":\"it-IT\"},{\"@type\":\"Person\",\"@id\":\"https:\/\/www.article-marketing.eu\/comunicati\/#\/schema\/person\/552a3924a134de7e9b646a9caf376225\",\"name\":\"colombo\",\"image\":{\"@type\":\"ImageObject\",\"inLanguage\":\"it-IT\",\"@id\":\"https:\/\/www.article-marketing.eu\/comunicati\/#\/schema\/person\/image\/\",\"url\":\"https:\/\/secure.gravatar.com\/avatar\/cc251a7e3b2b3b74ca72128bfb9b6c9580ff25629ee758e6ed9e734c41a92e8d?s=96&d=mm&r=g\",\"contentUrl\":\"https:\/\/secure.gravatar.com\/avatar\/cc251a7e3b2b3b74ca72128bfb9b6c9580ff25629ee758e6ed9e734c41a92e8d?s=96&d=mm&r=g\",\"caption\":\"colombo\"},\"url\":\"https:\/\/www.article-marketing.eu\/comunicati\/author\/colombo\/\"}]}<\/script>\n<!-- \/ Yoast SEO plugin. -->","yoast_head_json":{"title":"Garlate: una serata per parlare di sport e nutrizione con l'ASD canottieri","description":"Durante la serata di venerd\u00ec 13 aprile, presso l'oratorio S.G. Bosco di Garlate, si \u00e8 tenuta riscuotendo un ottimo successo la conferenza sull'importanza della nutrizione nell'attivit\u00e0 sportiva. L'incontro, organizzato da ASD Canottieri Pescate, in collaborazione con il Centro Polidiagnostico CAB di Barzan\u00f2","robots":{"index":"index","follow":"follow","max-snippet":"max-snippet:-1","max-image-preview":"max-image-preview:large","max-video-preview":"max-video-preview:-1"},"canonical":"https:\/\/www.article-marketing.eu\/comunicati\/dieta-e-alimentazione\/garlate-una-serata-per-parlare-di-sport-e-nutrizione-con-lasd-canottieri-e-il-dott-godina\/","og_locale":"it_IT","og_type":"article","og_title":"Garlate: una serata per parlare di sport e nutrizione con l'ASD canottieri","og_description":"Durante la serata di venerd\u00ec 13 aprile, presso l'oratorio S.G. Bosco di Garlate, si \u00e8 tenuta riscuotendo un ottimo successo la conferenza sull'importanza della nutrizione nell'attivit\u00e0 sportiva. L'incontro, organizzato da ASD Canottieri Pescate, in collaborazione con il Centro Polidiagnostico CAB di Barzan\u00f2","og_url":"https:\/\/www.article-marketing.eu\/comunicati\/dieta-e-alimentazione\/garlate-una-serata-per-parlare-di-sport-e-nutrizione-con-lasd-canottieri-e-il-dott-godina\/","og_site_name":"Article Marketing","article_published_time":"2018-04-21T14:07:28+00:00","article_modified_time":"2020-08-09T22:52:01+00:00","og_image":[{"width":628,"height":404,"url":"https:\/\/www.article-marketing.eu\/comunicati\/wp-content\/uploads\/2018\/04\/cdf7187bdff93bd8a6bf78f5a93c18a4.jpeg","type":"image\/jpeg"}],"author":"colombo","twitter_card":"summary_large_image","twitter_misc":{"Scritto da":"colombo","Tempo di lettura stimato":"2 minuti"},"schema":{"@context":"https:\/\/schema.org","@graph":[{"@type":"Article","@id":"https:\/\/www.article-marketing.eu\/comunicati\/dieta-e-alimentazione\/garlate-una-serata-per-parlare-di-sport-e-nutrizione-con-lasd-canottieri-e-il-dott-godina\/#article","isPartOf":{"@id":"https:\/\/www.article-marketing.eu\/comunicati\/dieta-e-alimentazione\/garlate-una-serata-per-parlare-di-sport-e-nutrizione-con-lasd-canottieri-e-il-dott-godina\/"},"author":{"name":"colombo","@id":"https:\/\/www.article-marketing.eu\/comunicati\/#\/schema\/person\/552a3924a134de7e9b646a9caf376225"},"headline":"Garlate: una serata per parlare di sport e nutrizione con l&#8217;ASD canottieri e il dott. Godina","datePublished":"2018-04-21T14:07:28+00:00","dateModified":"2020-08-09T22:52:01+00:00","mainEntityOfPage":{"@id":"https:\/\/www.article-marketing.eu\/comunicati\/dieta-e-alimentazione\/garlate-una-serata-per-parlare-di-sport-e-nutrizione-con-lasd-canottieri-e-il-dott-godina\/"},"wordCount":426,"image":{"@id":"https:\/\/www.article-marketing.eu\/comunicati\/dieta-e-alimentazione\/garlate-una-serata-per-parlare-di-sport-e-nutrizione-con-lasd-canottieri-e-il-dott-godina\/#primaryimage"},"thumbnailUrl":"https:\/\/www.article-marketing.eu\/comunicati\/wp-content\/uploads\/2018\/04\/cdf7187bdff93bd8a6bf78f5a93c18a4.jpeg","articleSection":["Dieta e Alimentazione"],"inLanguage":"it-IT"},{"@type":"WebPage","@id":"https:\/\/www.article-marketing.eu\/comunicati\/dieta-e-alimentazione\/garlate-una-serata-per-parlare-di-sport-e-nutrizione-con-lasd-canottieri-e-il-dott-godina\/","url":"https:\/\/www.article-marketing.eu\/comunicati\/dieta-e-alimentazione\/garlate-una-serata-per-parlare-di-sport-e-nutrizione-con-lasd-canottieri-e-il-dott-godina\/","name":"Garlate: una serata per parlare di sport e nutrizione con l'ASD canottieri","isPartOf":{"@id":"https:\/\/www.article-marketing.eu\/comunicati\/#website"},"primaryImageOfPage":{"@id":"https:\/\/www.article-marketing.eu\/comunicati\/dieta-e-alimentazione\/garlate-una-serata-per-parlare-di-sport-e-nutrizione-con-lasd-canottieri-e-il-dott-godina\/#primaryimage"},"image":{"@id":"https:\/\/www.article-marketing.eu\/comunicati\/dieta-e-alimentazione\/garlate-una-serata-per-parlare-di-sport-e-nutrizione-con-lasd-canottieri-e-il-dott-godina\/#primaryimage"},"thumbnailUrl":"https:\/\/www.article-marketing.eu\/comunicati\/wp-content\/uploads\/2018\/04\/cdf7187bdff93bd8a6bf78f5a93c18a4.jpeg","datePublished":"2018-04-21T14:07:28+00:00","dateModified":"2020-08-09T22:52:01+00:00","author":{"@id":"https:\/\/www.article-marketing.eu\/comunicati\/#\/schema\/person\/552a3924a134de7e9b646a9caf376225"},"description":"Durante la serata di venerd\u00ec 13 aprile, presso l'oratorio S.G. Bosco di Garlate, si \u00e8 tenuta riscuotendo un ottimo successo la conferenza sull'importanza della nutrizione nell'attivit\u00e0 sportiva. L'incontro, organizzato da ASD Canottieri Pescate, in collaborazione con il Centro Polidiagnostico CAB di Barzan\u00f2","breadcrumb":{"@id":"https:\/\/www.article-marketing.eu\/comunicati\/dieta-e-alimentazione\/garlate-una-serata-per-parlare-di-sport-e-nutrizione-con-lasd-canottieri-e-il-dott-godina\/#breadcrumb"},"inLanguage":"it-IT","potentialAction":[{"@type":"ReadAction","target":["https:\/\/www.article-marketing.eu\/comunicati\/dieta-e-alimentazione\/garlate-una-serata-per-parlare-di-sport-e-nutrizione-con-lasd-canottieri-e-il-dott-godina\/"]}]},{"@type":"ImageObject","inLanguage":"it-IT","@id":"https:\/\/www.article-marketing.eu\/comunicati\/dieta-e-alimentazione\/garlate-una-serata-per-parlare-di-sport-e-nutrizione-con-lasd-canottieri-e-il-dott-godina\/#primaryimage","url":"https:\/\/www.article-marketing.eu\/comunicati\/wp-content\/uploads\/2018\/04\/cdf7187bdff93bd8a6bf78f5a93c18a4.jpeg","contentUrl":"https:\/\/www.article-marketing.eu\/comunicati\/wp-content\/uploads\/2018\/04\/cdf7187bdff93bd8a6bf78f5a93c18a4.jpeg","width":628,"height":404},{"@type":"BreadcrumbList","@id":"https:\/\/www.article-marketing.eu\/comunicati\/dieta-e-alimentazione\/garlate-una-serata-per-parlare-di-sport-e-nutrizione-con-lasd-canottieri-e-il-dott-godina\/#breadcrumb","itemListElement":[{"@type":"ListItem","position":1,"name":"Home","item":"https:\/\/www.article-marketing.eu\/comunicati\/"},{"@type":"ListItem","position":2,"name":"Garlate: una serata per parlare di sport e nutrizione con l&#8217;ASD canottieri e il dott. Godina"}]},{"@type":"WebSite","@id":"https:\/\/www.article-marketing.eu\/comunicati\/#website","url":"https:\/\/www.article-marketing.eu\/comunicati\/","name":"Article Marketing","description":"article marketing &amp; press release","potentialAction":[{"@type":"SearchAction","target":{"@type":"EntryPoint","urlTemplate":"https:\/\/www.article-marketing.eu\/comunicati\/?s={search_term_string}"},"query-input":{"@type":"PropertyValueSpecification","valueRequired":true,"valueName":"search_term_string"}}],"inLanguage":"it-IT"},{"@type":"Person","@id":"https:\/\/www.article-marketing.eu\/comunicati\/#\/schema\/person\/552a3924a134de7e9b646a9caf376225","name":"colombo","image":{"@type":"ImageObject","inLanguage":"it-IT","@id":"https:\/\/www.article-marketing.eu\/comunicati\/#\/schema\/person\/image\/","url":"https:\/\/secure.gravatar.com\/avatar\/cc251a7e3b2b3b74ca72128bfb9b6c9580ff25629ee758e6ed9e734c41a92e8d?s=96&d=mm&r=g","contentUrl":"https:\/\/secure.gravatar.com\/avatar\/cc251a7e3b2b3b74ca72128bfb9b6c9580ff25629ee758e6ed9e734c41a92e8d?s=96&d=mm&r=g","caption":"colombo"},"url":"https:\/\/www.article-marketing.eu\/comunicati\/author\/colombo\/"}]}},"_links":{"self":[{"href":"https:\/\/www.article-marketing.eu\/comunicati\/wp-json\/wp\/v2\/posts\/54643","targetHints":{"allow":["GET"]}}],"collection":[{"href":"https:\/\/www.article-marketing.eu\/comunicati\/wp-json\/wp\/v2\/posts"}],"about":[{"href":"https:\/\/www.article-marketing.eu\/comunicati\/wp-json\/wp\/v2\/types\/post"}],"author":[{"embeddable":true,"href":"https:\/\/www.article-marketing.eu\/comunicati\/wp-json\/wp\/v2\/users\/5"}],"replies":[{"embeddable":true,"href":"https:\/\/www.article-marketing.eu\/comunicati\/wp-json\/wp\/v2\/comments?post=54643"}],"version-history":[{"count":2,"href":"https:\/\/www.article-marketing.eu\/comunicati\/wp-json\/wp\/v2\/posts\/54643\/revisions"}],"predecessor-version":[{"id":54702,"href":"https:\/\/www.article-marketing.eu\/comunicati\/wp-json\/wp\/v2\/posts\/54643\/revisions\/54702"}],"wp:featuredmedia":[{"embeddable":true,"href":"https:\/\/www.article-marketing.eu\/comunicati\/wp-json\/wp\/v2\/media\/54594"}],"wp:attachment":[{"href":"https:\/\/www.article-marketing.eu\/comunicati\/wp-json\/wp\/v2\/media?parent=54643"}],"wp:term":[{"taxonomy":"category","embeddable":true,"href":"https:\/\/www.article-marketing.eu\/comunicati\/wp-json\/wp\/v2\/categories?post=54643"},{"taxonomy":"post_tag","embeddable":true,"href":"https:\/\/www.article-marketing.eu\/comunicati\/wp-json\/wp\/v2\/tags?post=54643"}],"curies":[{"name":"wp","href":"https:\/\/api.w.org\/{rel}","templated":true}]}}