{"id":54652,"date":"2018-04-21T15:57:39","date_gmt":"2018-04-21T13:57:39","guid":{"rendered":"http:\/\/www.italia-news.com\/blog\/?p=159"},"modified":"2018-04-21T16:14:53","modified_gmt":"2018-04-21T14:14:53","slug":"piu-internazionale-piu-green-e-naturale-ecco-il-vinitaly-2018","status":"publish","type":"post","link":"https:\/\/www.article-marketing.eu\/comunicati\/dieta-e-alimentazione\/piu-internazionale-piu-green-e-naturale-ecco-il-vinitaly-2018\/","title":{"rendered":"Pi\u00f9 internazionale, pi\u00f9 green e naturale. Ecco il Vinitaly 2018"},"content":{"rendered":"<p>Pi\u00f9 internazionale e pi\u00f9 green. Al via la 52esima edizione del <a href=\"https:\/\/www.vinitaly.com\/\" target=\"_blank\" rel=\"noopener\">Vinitaly<\/a> a Veronafiere, il salone dedicato al vino e al mondo dell\u2019enologia presente e futura, e che secondo gli organizzatori quest\u2019anno cresce nei numeri e nelle proposte. \u00c8 infatti aumentato del 25% il numero degli espositori esteri presenti all\u2019interno del padiglione International-Wine Hall; in crescita anche la media degli operatori professionali provenienti ogni anno da 140 nazioni (nel 2017, 128mila presenze totali di cui 48mila dall\u2019estero, di cui 30.200 buyer accreditati da 142 Paesi).<\/p>\n<p>Sempre pi\u00f9 di spicco a Verona l\u2019offerta <strong>\u201cgreen\u201d<\/strong> con le aree <strong>Vivit, VinitalyBio e Fivi<\/strong>. Da una ricerca Vinitaly\/Iri 2018 emerge che le vendite di vino bio sono cresciute nella distribuzione organizzata italiana nel 2017 del 45,3% in volume e del 40,5% quelle degli spumanti per un totale di oltre 4 milioni di litri e 25 milioni di euro. Secondo lo studio Vinitaly\/Wine Monitor su \u201cIl futuro dei mercati, i mercati del futuro\u201d in paesi maturi come la Germania, dove la domanda di vini italiani \u00e8 prevista cedente nei prossimi 5 anni, il vino biologico sar\u00e0 una key factor per il nostro export.<\/p>\n<p>&nbsp;<\/p>\n<p>Anche le <strong>Marche<\/strong> presenti con <strong>141 aziende<\/strong> marchigiane con <strong>258 etichette<\/strong> di vini.<br \/>\nDue gli <strong>anniversari importanti<\/strong>: il 50\u00b0 della Doc (Denominazione di origine controllata) del Rosso Piceno e del Verdicchio dei Castelli di Jesi. A fare il punto il\u00a0vice delegato dell\u2019Associazione Italiana sommelier delegazione Jesi e Castelli, <strong>Luca Civerchia<\/strong>.<\/p>\n<figure id=\"attachment_136470\" class=\"wp-caption alignleft\"><img loading=\"lazy\" decoding=\"async\" class=\"size-medium wp-image-136470\" src=\"https:\/\/www.article-marketing.eu\/comunicati\/wp-content\/uploads\/2018\/04\/9d5cbf7f42e8d357413c75e206d15d93.jpeg\" alt=\"Luca Civerchia\" width=\"300\" height=\"200\" \/><figcaption class=\"wp-caption-text\">Luca Civerchia, vice delegato dell\u2019Associazione Italiana sommelier delegazione Jesi e Castelli<\/figcaption><\/figure>\n<p><strong>Numeri e ricorrenze importanti ma quale sar\u00e0 la curiosit\u00e0 di questa edizione?<\/strong><br \/>\n\u00abCi sar\u00e0 una zona dedicata ai \u201cvini naturali\u201d. In verit\u00e0 il termine \u00e8 impreciso e non \u00e8 sinonimo di biologico, ma con questa parola si identificano quei vini realizzati con un basso impatto ambientale in vigna, con una scarsa aggiunta solforosa, in cui non si utilizzano correttori in cantina. In generale, possiamo dire che sono quei vini in cui c\u2019\u00e8 un maggior rispetto della natura da parte del produttore\u00bb.<\/p>\n<p><strong>Si tratta quindi di un settore che far\u00e0 capolino in questa edizione?<\/strong><br \/>\n\u00abDiciamo che c\u2019\u00e8 molta richiesta da parte dei consumatori, che sono sempre pi\u00f9 attenti. Io stesso, nel mio locale ad esempio, ho clienti anche stranieri che fanno richieste precise sul tipo di fermentazione. Molti produttori anche nelle Marche, soprattutto nel fermano e nel territorio di produzione del Verdicchio, si stanno aprendo a questo comparto del vino, alcuni hanno mosso i primi passi convertendosi al biologico.\u00a0Le richieste di vini naturali arrivano anche dall\u2019estero ed essendo il vino italiano dominante nell\u2019export, i produttori non possono che esaudire queste richieste\u00bb.<\/p>\n<p><strong>La produzione di \u201cvini naturali\u201d \u00e8 pi\u00f9 complessa rispetto a quelli \u201ctradizionali\u201d?<\/strong><br \/>\n\u00abIn un certo senso s\u00ec, perch\u00e9 il vino non deve avere imperfezioni visto che non si possono fare correzioni in seguito. Si utilizzano anche tecniche antiche, come l\u2019anfora\u00bb.<br \/>\n<strong>E il gusto?<br \/>\n<\/strong>\u00abSicuramente serve pi\u00f9 accortezza per fare un vino piacevole, sicuramente avr\u00e0 pi\u00f9 spigolature rispetto al \u201ctradizionale\u201d che invece risulta pulito. Io penso che il vino debba essere un piacere, che sia tradizionale o naturale, l\u2019importante \u00e8 che berne un bicchiere sia piacevole\u00bb.<\/p>\n<p>Immagine di repertorio del Vinitaly2017<br \/>\n(foto: da sito vinitaly.com)<\/p>\n","protected":false},"excerpt":{"rendered":"<p>Pi\u00f9 internazionale e pi\u00f9 green. Al via la 52esima edizione del Vinitaly a Veronafiere, il salone dedicato al vino e al mondo dell\u2019enologia presente e futura, e che secondo gli organizzatori quest\u2019anno cresce nei numeri e nelle proposte. \u00c8 infatti aumentato del 25% il numero degli espositori esteri presenti all\u2019interno del padiglione International-Wine Hall; in crescita anche la media degli operatori professionali provenienti ogni anno da 140 nazioni (nel 2017,<\/p>\n<p><a class=\"continue-reading\" href=\"https:\/\/www.article-marketing.eu\/comunicati\/dieta-e-alimentazione\/piu-internazionale-piu-green-e-naturale-ecco-il-vinitaly-2018\/\">Continue reading&#8230;<\/a><\/p>\n","protected":false},"author":4,"featured_media":54615,"comment_status":"closed","ping_status":"closed","sticky":false,"template":"","format":"standard","meta":{"cybocfi_hide_featured_image":"","footnotes":""},"categories":[55891],"tags":[13663,2462,47004],"class_list":["post-54652","post","type-post","status-publish","format-standard","has-post-thumbnail","hentry","category-dieta-e-alimentazione","tag-vinitaly","tag-vino","tag-vino-biologico"],"yoast_head":"<!-- This site is optimized with the Yoast SEO plugin v27.0 - https:\/\/yoast.com\/product\/yoast-seo-wordpress\/ -->\n<title>Vinitaly 2018 52esima edizione a Verona Fiere internazionale e green<\/title>\n<meta name=\"description\" content=\"Pi\u00f9 internazionale e pi\u00f9 green. Al via la 52esima edizione del Vinitaly a Veronafiere, il salone dedicato al vino e al mondo dell\u2019enologia presente e futura, e che secondo gli organizzatori quest\u2019anno cresce nei numeri e nelle proposte.\" \/>\n<meta name=\"robots\" content=\"index, follow, max-snippet:-1, max-image-preview:large, max-video-preview:-1\" \/>\n<link rel=\"canonical\" href=\"https:\/\/www.article-marketing.eu\/comunicati\/dieta-e-alimentazione\/piu-internazionale-piu-green-e-naturale-ecco-il-vinitaly-2018\/\" \/>\n<meta property=\"og:locale\" content=\"it_IT\" \/>\n<meta property=\"og:type\" content=\"article\" \/>\n<meta property=\"og:title\" content=\"Vinitaly 2018 52esima edizione a Verona Fiere internazionale e green\" \/>\n<meta property=\"og:description\" content=\"Pi\u00f9 internazionale e pi\u00f9 green. Al via la 52esima edizione del Vinitaly a Veronafiere, il salone dedicato al vino e al mondo dell\u2019enologia presente e futura, e che secondo gli organizzatori quest\u2019anno cresce nei numeri e nelle proposte.\" \/>\n<meta property=\"og:url\" content=\"https:\/\/www.article-marketing.eu\/comunicati\/dieta-e-alimentazione\/piu-internazionale-piu-green-e-naturale-ecco-il-vinitaly-2018\/\" \/>\n<meta property=\"og:site_name\" content=\"Article Marketing\" \/>\n<meta property=\"article:published_time\" content=\"2018-04-21T13:57:39+00:00\" \/>\n<meta property=\"article:modified_time\" content=\"2018-04-21T14:14:53+00:00\" \/>\n<meta property=\"og:image\" content=\"https:\/\/www.article-marketing.eu\/comunicati\/wp-content\/uploads\/2018\/04\/a309f1378c13f4bc3ca4469eabf4433e.jpeg\" \/>\n\t<meta property=\"og:image:width\" content=\"640\" \/>\n\t<meta property=\"og:image:height\" content=\"371\" \/>\n\t<meta property=\"og:image:type\" content=\"image\/jpeg\" \/>\n<meta name=\"author\" content=\"ardiluis\" \/>\n<meta name=\"twitter:card\" content=\"summary_large_image\" \/>\n<meta name=\"twitter:label1\" content=\"Scritto da\" \/>\n\t<meta name=\"twitter:data1\" content=\"ardiluis\" \/>\n\t<meta name=\"twitter:label2\" content=\"Tempo di lettura stimato\" \/>\n\t<meta name=\"twitter:data2\" content=\"3 minuti\" \/>\n<script type=\"application\/ld+json\" class=\"yoast-schema-graph\">{\"@context\":\"https:\/\/schema.org\",\"@graph\":[{\"@type\":\"Article\",\"@id\":\"https:\/\/www.article-marketing.eu\/comunicati\/dieta-e-alimentazione\/piu-internazionale-piu-green-e-naturale-ecco-il-vinitaly-2018\/#article\",\"isPartOf\":{\"@id\":\"https:\/\/www.article-marketing.eu\/comunicati\/dieta-e-alimentazione\/piu-internazionale-piu-green-e-naturale-ecco-il-vinitaly-2018\/\"},\"author\":{\"name\":\"ardiluis\",\"@id\":\"https:\/\/www.article-marketing.eu\/comunicati\/#\/schema\/person\/cec2ffb9cc6fbc08c69bce879ab3bddf\"},\"headline\":\"Pi\u00f9 internazionale, pi\u00f9 green e naturale. Ecco il Vinitaly 2018\",\"datePublished\":\"2018-04-21T13:57:39+00:00\",\"dateModified\":\"2018-04-21T14:14:53+00:00\",\"mainEntityOfPage\":{\"@id\":\"https:\/\/www.article-marketing.eu\/comunicati\/dieta-e-alimentazione\/piu-internazionale-piu-green-e-naturale-ecco-il-vinitaly-2018\/\"},\"wordCount\":528,\"image\":{\"@id\":\"https:\/\/www.article-marketing.eu\/comunicati\/dieta-e-alimentazione\/piu-internazionale-piu-green-e-naturale-ecco-il-vinitaly-2018\/#primaryimage\"},\"thumbnailUrl\":\"https:\/\/www.article-marketing.eu\/comunicati\/wp-content\/uploads\/2018\/04\/a309f1378c13f4bc3ca4469eabf4433e.jpeg\",\"keywords\":[\"Vinitaly\",\"vino\",\"vino biologico\"],\"articleSection\":[\"Dieta e Alimentazione\"],\"inLanguage\":\"it-IT\"},{\"@type\":\"WebPage\",\"@id\":\"https:\/\/www.article-marketing.eu\/comunicati\/dieta-e-alimentazione\/piu-internazionale-piu-green-e-naturale-ecco-il-vinitaly-2018\/\",\"url\":\"https:\/\/www.article-marketing.eu\/comunicati\/dieta-e-alimentazione\/piu-internazionale-piu-green-e-naturale-ecco-il-vinitaly-2018\/\",\"name\":\"Vinitaly 2018 52esima edizione a Verona Fiere internazionale e green\",\"isPartOf\":{\"@id\":\"https:\/\/www.article-marketing.eu\/comunicati\/#website\"},\"primaryImageOfPage\":{\"@id\":\"https:\/\/www.article-marketing.eu\/comunicati\/dieta-e-alimentazione\/piu-internazionale-piu-green-e-naturale-ecco-il-vinitaly-2018\/#primaryimage\"},\"image\":{\"@id\":\"https:\/\/www.article-marketing.eu\/comunicati\/dieta-e-alimentazione\/piu-internazionale-piu-green-e-naturale-ecco-il-vinitaly-2018\/#primaryimage\"},\"thumbnailUrl\":\"https:\/\/www.article-marketing.eu\/comunicati\/wp-content\/uploads\/2018\/04\/a309f1378c13f4bc3ca4469eabf4433e.jpeg\",\"datePublished\":\"2018-04-21T13:57:39+00:00\",\"dateModified\":\"2018-04-21T14:14:53+00:00\",\"author\":{\"@id\":\"https:\/\/www.article-marketing.eu\/comunicati\/#\/schema\/person\/cec2ffb9cc6fbc08c69bce879ab3bddf\"},\"description\":\"Pi\u00f9 internazionale e pi\u00f9 green. Al via la 52esima edizione del Vinitaly a Veronafiere, il salone dedicato al vino e al mondo dell\u2019enologia presente e futura, e che secondo gli organizzatori quest\u2019anno cresce nei numeri e nelle proposte.\",\"breadcrumb\":{\"@id\":\"https:\/\/www.article-marketing.eu\/comunicati\/dieta-e-alimentazione\/piu-internazionale-piu-green-e-naturale-ecco-il-vinitaly-2018\/#breadcrumb\"},\"inLanguage\":\"it-IT\",\"potentialAction\":[{\"@type\":\"ReadAction\",\"target\":[\"https:\/\/www.article-marketing.eu\/comunicati\/dieta-e-alimentazione\/piu-internazionale-piu-green-e-naturale-ecco-il-vinitaly-2018\/\"]}]},{\"@type\":\"ImageObject\",\"inLanguage\":\"it-IT\",\"@id\":\"https:\/\/www.article-marketing.eu\/comunicati\/dieta-e-alimentazione\/piu-internazionale-piu-green-e-naturale-ecco-il-vinitaly-2018\/#primaryimage\",\"url\":\"https:\/\/www.article-marketing.eu\/comunicati\/wp-content\/uploads\/2018\/04\/a309f1378c13f4bc3ca4469eabf4433e.jpeg\",\"contentUrl\":\"https:\/\/www.article-marketing.eu\/comunicati\/wp-content\/uploads\/2018\/04\/a309f1378c13f4bc3ca4469eabf4433e.jpeg\",\"width\":640,\"height\":371},{\"@type\":\"BreadcrumbList\",\"@id\":\"https:\/\/www.article-marketing.eu\/comunicati\/dieta-e-alimentazione\/piu-internazionale-piu-green-e-naturale-ecco-il-vinitaly-2018\/#breadcrumb\",\"itemListElement\":[{\"@type\":\"ListItem\",\"position\":1,\"name\":\"Home\",\"item\":\"https:\/\/www.article-marketing.eu\/comunicati\/\"},{\"@type\":\"ListItem\",\"position\":2,\"name\":\"Pi\u00f9 internazionale, pi\u00f9 green e naturale. Ecco il Vinitaly 2018\"}]},{\"@type\":\"WebSite\",\"@id\":\"https:\/\/www.article-marketing.eu\/comunicati\/#website\",\"url\":\"https:\/\/www.article-marketing.eu\/comunicati\/\",\"name\":\"Article Marketing\",\"description\":\"article marketing &amp; press release\",\"potentialAction\":[{\"@type\":\"SearchAction\",\"target\":{\"@type\":\"EntryPoint\",\"urlTemplate\":\"https:\/\/www.article-marketing.eu\/comunicati\/?s={search_term_string}\"},\"query-input\":{\"@type\":\"PropertyValueSpecification\",\"valueRequired\":true,\"valueName\":\"search_term_string\"}}],\"inLanguage\":\"it-IT\"},{\"@type\":\"Person\",\"@id\":\"https:\/\/www.article-marketing.eu\/comunicati\/#\/schema\/person\/cec2ffb9cc6fbc08c69bce879ab3bddf\",\"name\":\"ardiluis\",\"image\":{\"@type\":\"ImageObject\",\"inLanguage\":\"it-IT\",\"@id\":\"https:\/\/www.article-marketing.eu\/comunicati\/#\/schema\/person\/image\/\",\"url\":\"https:\/\/secure.gravatar.com\/avatar\/8c3c014aed60c33d83b295c0ff04b2274dfafa02589393ac84a8bb71a51db78b?s=96&d=mm&r=g\",\"contentUrl\":\"https:\/\/secure.gravatar.com\/avatar\/8c3c014aed60c33d83b295c0ff04b2274dfafa02589393ac84a8bb71a51db78b?s=96&d=mm&r=g\",\"caption\":\"ardiluis\"},\"url\":\"https:\/\/www.article-marketing.eu\/comunicati\/author\/ardiluis\/\"}]}<\/script>\n<!-- \/ Yoast SEO plugin. -->","yoast_head_json":{"title":"Vinitaly 2018 52esima edizione a Verona Fiere internazionale e green","description":"Pi\u00f9 internazionale e pi\u00f9 green. Al via la 52esima edizione del Vinitaly a Veronafiere, il salone dedicato al vino e al mondo dell\u2019enologia presente e futura, e che secondo gli organizzatori quest\u2019anno cresce nei numeri e nelle proposte.","robots":{"index":"index","follow":"follow","max-snippet":"max-snippet:-1","max-image-preview":"max-image-preview:large","max-video-preview":"max-video-preview:-1"},"canonical":"https:\/\/www.article-marketing.eu\/comunicati\/dieta-e-alimentazione\/piu-internazionale-piu-green-e-naturale-ecco-il-vinitaly-2018\/","og_locale":"it_IT","og_type":"article","og_title":"Vinitaly 2018 52esima edizione a Verona Fiere internazionale e green","og_description":"Pi\u00f9 internazionale e pi\u00f9 green. Al via la 52esima edizione del Vinitaly a Veronafiere, il salone dedicato al vino e al mondo dell\u2019enologia presente e futura, e che secondo gli organizzatori quest\u2019anno cresce nei numeri e nelle proposte.","og_url":"https:\/\/www.article-marketing.eu\/comunicati\/dieta-e-alimentazione\/piu-internazionale-piu-green-e-naturale-ecco-il-vinitaly-2018\/","og_site_name":"Article Marketing","article_published_time":"2018-04-21T13:57:39+00:00","article_modified_time":"2018-04-21T14:14:53+00:00","og_image":[{"width":640,"height":371,"url":"https:\/\/www.article-marketing.eu\/comunicati\/wp-content\/uploads\/2018\/04\/a309f1378c13f4bc3ca4469eabf4433e.jpeg","type":"image\/jpeg"}],"author":"ardiluis","twitter_card":"summary_large_image","twitter_misc":{"Scritto da":"ardiluis","Tempo di lettura stimato":"3 minuti"},"schema":{"@context":"https:\/\/schema.org","@graph":[{"@type":"Article","@id":"https:\/\/www.article-marketing.eu\/comunicati\/dieta-e-alimentazione\/piu-internazionale-piu-green-e-naturale-ecco-il-vinitaly-2018\/#article","isPartOf":{"@id":"https:\/\/www.article-marketing.eu\/comunicati\/dieta-e-alimentazione\/piu-internazionale-piu-green-e-naturale-ecco-il-vinitaly-2018\/"},"author":{"name":"ardiluis","@id":"https:\/\/www.article-marketing.eu\/comunicati\/#\/schema\/person\/cec2ffb9cc6fbc08c69bce879ab3bddf"},"headline":"Pi\u00f9 internazionale, pi\u00f9 green e naturale. Ecco il Vinitaly 2018","datePublished":"2018-04-21T13:57:39+00:00","dateModified":"2018-04-21T14:14:53+00:00","mainEntityOfPage":{"@id":"https:\/\/www.article-marketing.eu\/comunicati\/dieta-e-alimentazione\/piu-internazionale-piu-green-e-naturale-ecco-il-vinitaly-2018\/"},"wordCount":528,"image":{"@id":"https:\/\/www.article-marketing.eu\/comunicati\/dieta-e-alimentazione\/piu-internazionale-piu-green-e-naturale-ecco-il-vinitaly-2018\/#primaryimage"},"thumbnailUrl":"https:\/\/www.article-marketing.eu\/comunicati\/wp-content\/uploads\/2018\/04\/a309f1378c13f4bc3ca4469eabf4433e.jpeg","keywords":["Vinitaly","vino","vino biologico"],"articleSection":["Dieta e Alimentazione"],"inLanguage":"it-IT"},{"@type":"WebPage","@id":"https:\/\/www.article-marketing.eu\/comunicati\/dieta-e-alimentazione\/piu-internazionale-piu-green-e-naturale-ecco-il-vinitaly-2018\/","url":"https:\/\/www.article-marketing.eu\/comunicati\/dieta-e-alimentazione\/piu-internazionale-piu-green-e-naturale-ecco-il-vinitaly-2018\/","name":"Vinitaly 2018 52esima edizione a Verona Fiere internazionale e green","isPartOf":{"@id":"https:\/\/www.article-marketing.eu\/comunicati\/#website"},"primaryImageOfPage":{"@id":"https:\/\/www.article-marketing.eu\/comunicati\/dieta-e-alimentazione\/piu-internazionale-piu-green-e-naturale-ecco-il-vinitaly-2018\/#primaryimage"},"image":{"@id":"https:\/\/www.article-marketing.eu\/comunicati\/dieta-e-alimentazione\/piu-internazionale-piu-green-e-naturale-ecco-il-vinitaly-2018\/#primaryimage"},"thumbnailUrl":"https:\/\/www.article-marketing.eu\/comunicati\/wp-content\/uploads\/2018\/04\/a309f1378c13f4bc3ca4469eabf4433e.jpeg","datePublished":"2018-04-21T13:57:39+00:00","dateModified":"2018-04-21T14:14:53+00:00","author":{"@id":"https:\/\/www.article-marketing.eu\/comunicati\/#\/schema\/person\/cec2ffb9cc6fbc08c69bce879ab3bddf"},"description":"Pi\u00f9 internazionale e pi\u00f9 green. Al via la 52esima edizione del Vinitaly a Veronafiere, il salone dedicato al vino e al mondo dell\u2019enologia presente e futura, e che secondo gli organizzatori quest\u2019anno cresce nei numeri e nelle proposte.","breadcrumb":{"@id":"https:\/\/www.article-marketing.eu\/comunicati\/dieta-e-alimentazione\/piu-internazionale-piu-green-e-naturale-ecco-il-vinitaly-2018\/#breadcrumb"},"inLanguage":"it-IT","potentialAction":[{"@type":"ReadAction","target":["https:\/\/www.article-marketing.eu\/comunicati\/dieta-e-alimentazione\/piu-internazionale-piu-green-e-naturale-ecco-il-vinitaly-2018\/"]}]},{"@type":"ImageObject","inLanguage":"it-IT","@id":"https:\/\/www.article-marketing.eu\/comunicati\/dieta-e-alimentazione\/piu-internazionale-piu-green-e-naturale-ecco-il-vinitaly-2018\/#primaryimage","url":"https:\/\/www.article-marketing.eu\/comunicati\/wp-content\/uploads\/2018\/04\/a309f1378c13f4bc3ca4469eabf4433e.jpeg","contentUrl":"https:\/\/www.article-marketing.eu\/comunicati\/wp-content\/uploads\/2018\/04\/a309f1378c13f4bc3ca4469eabf4433e.jpeg","width":640,"height":371},{"@type":"BreadcrumbList","@id":"https:\/\/www.article-marketing.eu\/comunicati\/dieta-e-alimentazione\/piu-internazionale-piu-green-e-naturale-ecco-il-vinitaly-2018\/#breadcrumb","itemListElement":[{"@type":"ListItem","position":1,"name":"Home","item":"https:\/\/www.article-marketing.eu\/comunicati\/"},{"@type":"ListItem","position":2,"name":"Pi\u00f9 internazionale, pi\u00f9 green e naturale. Ecco il Vinitaly 2018"}]},{"@type":"WebSite","@id":"https:\/\/www.article-marketing.eu\/comunicati\/#website","url":"https:\/\/www.article-marketing.eu\/comunicati\/","name":"Article Marketing","description":"article marketing &amp; press release","potentialAction":[{"@type":"SearchAction","target":{"@type":"EntryPoint","urlTemplate":"https:\/\/www.article-marketing.eu\/comunicati\/?s={search_term_string}"},"query-input":{"@type":"PropertyValueSpecification","valueRequired":true,"valueName":"search_term_string"}}],"inLanguage":"it-IT"},{"@type":"Person","@id":"https:\/\/www.article-marketing.eu\/comunicati\/#\/schema\/person\/cec2ffb9cc6fbc08c69bce879ab3bddf","name":"ardiluis","image":{"@type":"ImageObject","inLanguage":"it-IT","@id":"https:\/\/www.article-marketing.eu\/comunicati\/#\/schema\/person\/image\/","url":"https:\/\/secure.gravatar.com\/avatar\/8c3c014aed60c33d83b295c0ff04b2274dfafa02589393ac84a8bb71a51db78b?s=96&d=mm&r=g","contentUrl":"https:\/\/secure.gravatar.com\/avatar\/8c3c014aed60c33d83b295c0ff04b2274dfafa02589393ac84a8bb71a51db78b?s=96&d=mm&r=g","caption":"ardiluis"},"url":"https:\/\/www.article-marketing.eu\/comunicati\/author\/ardiluis\/"}]}},"_links":{"self":[{"href":"https:\/\/www.article-marketing.eu\/comunicati\/wp-json\/wp\/v2\/posts\/54652","targetHints":{"allow":["GET"]}}],"collection":[{"href":"https:\/\/www.article-marketing.eu\/comunicati\/wp-json\/wp\/v2\/posts"}],"about":[{"href":"https:\/\/www.article-marketing.eu\/comunicati\/wp-json\/wp\/v2\/types\/post"}],"author":[{"embeddable":true,"href":"https:\/\/www.article-marketing.eu\/comunicati\/wp-json\/wp\/v2\/users\/4"}],"replies":[{"embeddable":true,"href":"https:\/\/www.article-marketing.eu\/comunicati\/wp-json\/wp\/v2\/comments?post=54652"}],"version-history":[{"count":1,"href":"https:\/\/www.article-marketing.eu\/comunicati\/wp-json\/wp\/v2\/posts\/54652\/revisions"}],"predecessor-version":[{"id":54699,"href":"https:\/\/www.article-marketing.eu\/comunicati\/wp-json\/wp\/v2\/posts\/54652\/revisions\/54699"}],"wp:featuredmedia":[{"embeddable":true,"href":"https:\/\/www.article-marketing.eu\/comunicati\/wp-json\/wp\/v2\/media\/54615"}],"wp:attachment":[{"href":"https:\/\/www.article-marketing.eu\/comunicati\/wp-json\/wp\/v2\/media?parent=54652"}],"wp:term":[{"taxonomy":"category","embeddable":true,"href":"https:\/\/www.article-marketing.eu\/comunicati\/wp-json\/wp\/v2\/categories?post=54652"},{"taxonomy":"post_tag","embeddable":true,"href":"https:\/\/www.article-marketing.eu\/comunicati\/wp-json\/wp\/v2\/tags?post=54652"}],"curies":[{"name":"wp","href":"https:\/\/api.w.org\/{rel}","templated":true}]}}