{"id":5468,"date":"2010-06-16T12:09:54","date_gmt":"2010-06-16T10:09:54","guid":{"rendered":"http:\/\/www.article-marketing.eu\/comunicati\/senza-categoria\/alla-scoperta-della-gallura-oltre-la-costa-smeralda\/"},"modified":"2018-07-10T05:23:30","modified_gmt":"2018-07-10T03:23:30","slug":"alla-scoperta-della-gallura-oltre-la-costa-smeralda","status":"publish","type":"post","link":"https:\/\/www.article-marketing.eu\/comunicati\/viaggi-e-vacanze\/destinazioni\/alla-scoperta-della-gallura-oltre-la-costa-smeralda\/","title":{"rendered":"Alla scoperta della Gallura, oltre la Costa Smeralda"},"content":{"rendered":"<p style=\"line-height: normal;\" class=\"MsoNormal\">La<br \/>\nSardegna nord-occidentale coincide per la massima parte con la Gallura e<br \/>\ncomprende oltre al territorio dell&#8217;Isola principale, anche le isole minori<br \/>\ndell&#8217;arcipelago de La Maddalena e gli isolotti intorno al Golfo di Olbia, tra i<br \/>\nquali spunta la suggestiva isola di Tavolara.<\/p>\n<p style=\"line-height: normal;\" class=\"MsoNormal\">&nbsp;<\/p>\n<p style=\"line-height: normal;\" class=\"MsoNormal\">La<br \/>\nGallura fin dagli anni Sessanta \u00e8 diventata meta di un turismo glamour e<br \/>\nd&#8217;assalto, che purtroppo, nel corso degli anni, ha dismesso i panni delle<br \/>\natmosfere felliniane e da rotocalco internazionale, per trasformarsi in una<br \/>\nversione molto cafona del vippame televisivo che impazza sulle reti italiane,<br \/>\normai dedite a proporre quanta pi\u00f9 spazzatura possibile. La <strong>Sardegna<\/strong>,<br \/>\ndiversamente da altre regioni del Mezzogiorno, non ha mai avuto un problema di<br \/>\nsmaltimento dei rifiuti, eccetto che questo: l&#8217;incredibile mole di turisti vip<br \/>\ndel basso mondo dello spettacolo, che ogni giorno popolano le copertine e i<br \/>\nservizi delle riviste meno patinate e pi\u00f9 volgari del pianeta.<\/p>\n<p style=\"line-height: normal;\" class=\"MsoNormal\">&nbsp;<\/p>\n<p style=\"line-height: normal;\" class=\"MsoNormal\">A<br \/>\nche pro non si sa. Rimane l&#8217;incanto dell&#8217;isola e della regione gallurese,<br \/>\ndominata da delle caratteristiche tutte particolari. Prima di partire alla<br \/>\nscoperta dei segreti di questi luoghi, prenotate un bed and breakfast in<br \/>\nGallura, costituir\u00e0 una base di partenza ideale per visitare i comuni<br \/>\ndell&#8217;entroterra. Innanzitutto va menzionata la lingua locale, che non va presa<br \/>\ncome una variante del sardo-logudorese, cio\u00e8 l&#8217;idioma nazionale sardo. E&#8217; un<br \/>\nmisto di corso-pisano, con alcune inflessioni particolarmente ricche di storia,<br \/>\ne viene parlato largamente nella regione, almeno al di sopra del monte Limbara<br \/>\ne fino alle propaggini del centro principale, Olbia, che invece parla una sua<br \/>\nvariante di logudorese.<\/p>\n<p style=\"line-height: normal;\" class=\"MsoNormal\">&nbsp;<\/p>\n<p style=\"line-height: normal;\" class=\"MsoNormal\">Il<br \/>\nterritorio \u00e8 spettacolare per larghi tratti, a causa delle continue variazioni<br \/>\ndella linea di orizzonte, che offre squarci e prospettive difficili da<br \/>\ninquadrare in un&#8217;unica morfologia. La montagna domina la parte a sud di<br \/>\nTempio-Pausania, la capitale storica della regione, con il <strong>Monte Limbara<\/strong>, le<br \/>\ncui falde settentrionali furono scelte come rifugio dal grande cantautore<br \/>\nFabrizio de Andr\u00e8, che definiva questo angolo di mondo quanto di pi\u00f9 vicino ci<br \/>\npotesse essere al paradiso terrestre. Montagna granitica, con le vette<br \/>\nimbiancate dalla mancanza di vegetazione, il Limbara merita sicuramente<br \/>\nun&#8217;escursione a causa della grande ricchezza faunistica e floreale delle sue<br \/>\npendici. Il versante Sud, risalendo da Berchidda, \u00e8 pi\u00f9 impervio e offre<br \/>\nnotevoli angoli di bellezza, con ruscelli e cascatelle che sbucano da una parte<br \/>\nall&#8217;altra del monte, cogliendo di sorpresa il visitatore. L&#8217;area centrale, la<br \/>\nGallura propriamente detta \u00e8 quella compresa tra Tempio, Calangianus,<br \/>\n<strong>Arzachena<\/strong>, Bassacutena, fino a Santa Teresa di Gallura, centi che raccontano<br \/>\nstorie proprie insieme ai comuni minori, assolutamente imperdibili per la<br \/>\nbellezza delle campagne e dei territori. Per gustare meglio queste zone, per il<br \/>\nristoro un agriturismo in Gallura, \u00e8 super-consigliato, anche per dare un morso<br \/>\nalle specialit\u00e0 enogastronomiche, che vanno dalla zuppa gallurese al famoso<br \/>\nVermentino Superiore, insuperabile come accompagnamento dei piatti a base di<br \/>\npesce.<\/p>\n<p style=\"line-height: normal;\" class=\"MsoNormal\">&nbsp;<\/p>\n<p style=\"line-height: normal;\" class=\"MsoNormal\">E&#8217;<br \/>\nin questa zona centrale che si trovano alcuni tra i principali siti<br \/>\narcheologici della Sardegna, soprattutto menhir, nuraghi e tombe dei giganti,<br \/>\nche fanno venire alla mente un passato grandioso, nel quale gli uomini<br \/>\nspostavano pietre enormi, per consacrare un territorio alle loro divinit\u00e0,<br \/>\nesattamente come \u00e8 accaduto nelle principali civilit\u00e0 del Mediterraneo<br \/>\npre-classico.<\/p>\n<p style=\"line-height: normal;\" class=\"MsoNormal\">&nbsp;<\/p>\n<p style=\"line-height: normal;\" class=\"MsoNormal\">La<br \/>\nfascia costiera \u00e8 dominata dai nomi pi\u00f9 famosi delle localit\u00e0 balneari sarde,<br \/>\nautentiche perle riconosciute a livello internazionale, che fanno vivere le<br \/>\nimmagini da cartolina dei tropici direttamente dal vivo. Calette, scogli<br \/>\nmodellati dal vento, sabbia bianca finissima, fondali dove potersi specchiare,<br \/>\nisolette protette, riserve marine, scogli e tanti yacht al largo. Questa \u00e8 la<br \/>\n<strong>Costa Smeralda<\/strong>, normalmente considerata il biglietto da visita della Sardegna.<br \/>\nMa non vi fate ingannare dal bailamme montato dai rotocalchi televisivi<br \/>\nnazionali: rimane ancora un angolo di pace, solo che bisogna distinguere tra<br \/>\nposti per tasche gonfie di euro e posti ugualmente incantevoli ma raggiungibili<br \/>\ndai comuni mortali, per il semplice fatto che i servizi costano meno. Ancora<br \/>\noggi, percorrendo la litoranea che va fino al Pevero, da Porto Rotondo a Porto<br \/>\nCervo, \u00e8 possibile fermarsi e fare una capatina nelle spiagge, tra le quali<br \/>\ncertamente consigliata \u00e8 Capriccioli.<\/p>\n<p style=\"line-height: normal;\" class=\"MsoNormal\">&nbsp;<\/p>\n<p style=\"line-height: normal;\" class=\"MsoNormal\">Anche<br \/>\na sud di Olbia, sede dell&#8217;aeroporto Costa Smeralda, e di un trafficatissimo<br \/>\nporto che la mette in collegamento col Continente, la <strong>Gallura<\/strong> offre tanto, a<br \/>\npartire da una localit\u00e0 balneare particolarmanete conosciuta fra i giovani<br \/>\namanti della vita notturna: San Teodoro. Oltre a questo piccolo gioiello,<br \/>\ndominato dalla grande spiaggia della Cinta e dalle discoteche, bisogna<br \/>\nmenzionare localit\u00e0 in ascesa come Budoni e Posada, con quest&#8217;ultima che<br \/>\nrecentemente \u00e8 stata inserita tra le spiagge migliori di Italia.<\/p>\n<p>Rimane poco da dire se non invitare al viaggio tutti coloro che sentono di<br \/>\nappartanere a un mondo nel quale l&#8217;ambiente e il rispetto per la natura vale di<br \/>\npi\u00f9 di una sedia sdraio e un ombrellone affianco al calciatore e alla velina di<br \/>\nseconda mano, che tenta di farsi notare dai paparazzi col nuovo tatuaggio sulla<br \/>\nspalla.<\/p>\n","protected":false},"excerpt":{"rendered":"<p>La Gallura, una regione storica della Sardegna, che presenta un insieme di paesaggi e panorami particolari, che si discostano dall&#8217;idea patinata trasmessa nelle riviste di gossip.<\/p>\n","protected":false},"author":10,"featured_media":0,"comment_status":"open","ping_status":"open","sticky":false,"template":"","format":"standard","meta":{"cybocfi_hide_featured_image":"","footnotes":""},"categories":[143],"tags":[595,15254,1086,3],"class_list":["post-5468","post","type-post","status-publish","format-standard","hentry","category-destinazioni","tag-bed-and-breakfast","tag-gallura","tag-sardegna","tag-vacanze"],"yoast_head":"<!-- This site is optimized with the Yoast SEO plugin v27.0 - https:\/\/yoast.com\/product\/yoast-seo-wordpress\/ -->\n<title>Alla scoperta della Gallura, oltre la Costa Smeralda - Article Marketing<\/title>\n<meta name=\"robots\" content=\"index, follow, max-snippet:-1, max-image-preview:large, max-video-preview:-1\" \/>\n<link rel=\"canonical\" href=\"https:\/\/www.article-marketing.eu\/comunicati\/viaggi-e-vacanze\/destinazioni\/alla-scoperta-della-gallura-oltre-la-costa-smeralda\/\" \/>\n<meta property=\"og:locale\" content=\"it_IT\" \/>\n<meta property=\"og:type\" content=\"article\" \/>\n<meta property=\"og:title\" content=\"Alla scoperta della Gallura, oltre la Costa Smeralda - Article Marketing\" \/>\n<meta property=\"og:description\" content=\"La Gallura, una regione storica della Sardegna, che presenta un insieme di paesaggi e panorami particolari, che si discostano dall&#039;idea patinata trasmessa nelle riviste di gossip.\" \/>\n<meta property=\"og:url\" content=\"https:\/\/www.article-marketing.eu\/comunicati\/viaggi-e-vacanze\/destinazioni\/alla-scoperta-della-gallura-oltre-la-costa-smeralda\/\" \/>\n<meta property=\"og:site_name\" content=\"Article Marketing\" \/>\n<meta property=\"article:published_time\" content=\"2010-06-16T10:09:54+00:00\" \/>\n<meta property=\"article:modified_time\" content=\"2018-07-10T03:23:30+00:00\" \/>\n<meta name=\"author\" content=\"Redazione Comunicati Stampa\" \/>\n<meta name=\"twitter:card\" content=\"summary_large_image\" \/>\n<meta name=\"twitter:label1\" content=\"Scritto da\" \/>\n\t<meta name=\"twitter:data1\" content=\"Redazione Comunicati Stampa\" \/>\n\t<meta name=\"twitter:label2\" content=\"Tempo di lettura stimato\" \/>\n\t<meta name=\"twitter:data2\" content=\"4 minuti\" \/>\n<script type=\"application\/ld+json\" class=\"yoast-schema-graph\">{\"@context\":\"https:\/\/schema.org\",\"@graph\":[{\"@type\":\"Article\",\"@id\":\"https:\/\/www.article-marketing.eu\/comunicati\/viaggi-e-vacanze\/destinazioni\/alla-scoperta-della-gallura-oltre-la-costa-smeralda\/#article\",\"isPartOf\":{\"@id\":\"https:\/\/www.article-marketing.eu\/comunicati\/viaggi-e-vacanze\/destinazioni\/alla-scoperta-della-gallura-oltre-la-costa-smeralda\/\"},\"author\":{\"name\":\"Redazione Comunicati Stampa\",\"@id\":\"https:\/\/www.article-marketing.eu\/comunicati\/#\/schema\/person\/44372e4d4d0fa797b18e03ed1ace9017\"},\"headline\":\"Alla scoperta della Gallura, oltre la Costa Smeralda\",\"datePublished\":\"2010-06-16T10:09:54+00:00\",\"dateModified\":\"2018-07-10T03:23:30+00:00\",\"mainEntityOfPage\":{\"@id\":\"https:\/\/www.article-marketing.eu\/comunicati\/viaggi-e-vacanze\/destinazioni\/alla-scoperta-della-gallura-oltre-la-costa-smeralda\/\"},\"wordCount\":805,\"commentCount\":0,\"keywords\":[\"Bed and Breakfast\",\"gallura\",\"sardegna\",\"vacanze\"],\"articleSection\":[\"Destinazioni\"],\"inLanguage\":\"it-IT\",\"potentialAction\":[{\"@type\":\"CommentAction\",\"name\":\"Comment\",\"target\":[\"https:\/\/www.article-marketing.eu\/comunicati\/viaggi-e-vacanze\/destinazioni\/alla-scoperta-della-gallura-oltre-la-costa-smeralda\/#respond\"]}]},{\"@type\":\"WebPage\",\"@id\":\"https:\/\/www.article-marketing.eu\/comunicati\/viaggi-e-vacanze\/destinazioni\/alla-scoperta-della-gallura-oltre-la-costa-smeralda\/\",\"url\":\"https:\/\/www.article-marketing.eu\/comunicati\/viaggi-e-vacanze\/destinazioni\/alla-scoperta-della-gallura-oltre-la-costa-smeralda\/\",\"name\":\"Alla scoperta della Gallura, oltre la Costa Smeralda - Article Marketing\",\"isPartOf\":{\"@id\":\"https:\/\/www.article-marketing.eu\/comunicati\/#website\"},\"datePublished\":\"2010-06-16T10:09:54+00:00\",\"dateModified\":\"2018-07-10T03:23:30+00:00\",\"author\":{\"@id\":\"https:\/\/www.article-marketing.eu\/comunicati\/#\/schema\/person\/44372e4d4d0fa797b18e03ed1ace9017\"},\"breadcrumb\":{\"@id\":\"https:\/\/www.article-marketing.eu\/comunicati\/viaggi-e-vacanze\/destinazioni\/alla-scoperta-della-gallura-oltre-la-costa-smeralda\/#breadcrumb\"},\"inLanguage\":\"it-IT\",\"potentialAction\":[{\"@type\":\"ReadAction\",\"target\":[\"https:\/\/www.article-marketing.eu\/comunicati\/viaggi-e-vacanze\/destinazioni\/alla-scoperta-della-gallura-oltre-la-costa-smeralda\/\"]}]},{\"@type\":\"BreadcrumbList\",\"@id\":\"https:\/\/www.article-marketing.eu\/comunicati\/viaggi-e-vacanze\/destinazioni\/alla-scoperta-della-gallura-oltre-la-costa-smeralda\/#breadcrumb\",\"itemListElement\":[{\"@type\":\"ListItem\",\"position\":1,\"name\":\"Home\",\"item\":\"https:\/\/www.article-marketing.eu\/comunicati\/\"},{\"@type\":\"ListItem\",\"position\":2,\"name\":\"Alla scoperta della Gallura, oltre la Costa Smeralda\"}]},{\"@type\":\"WebSite\",\"@id\":\"https:\/\/www.article-marketing.eu\/comunicati\/#website\",\"url\":\"https:\/\/www.article-marketing.eu\/comunicati\/\",\"name\":\"Article Marketing\",\"description\":\"article marketing &amp; press release\",\"potentialAction\":[{\"@type\":\"SearchAction\",\"target\":{\"@type\":\"EntryPoint\",\"urlTemplate\":\"https:\/\/www.article-marketing.eu\/comunicati\/?s={search_term_string}\"},\"query-input\":{\"@type\":\"PropertyValueSpecification\",\"valueRequired\":true,\"valueName\":\"search_term_string\"}}],\"inLanguage\":\"it-IT\"},{\"@type\":\"Person\",\"@id\":\"https:\/\/www.article-marketing.eu\/comunicati\/#\/schema\/person\/44372e4d4d0fa797b18e03ed1ace9017\",\"name\":\"Redazione Comunicati Stampa\",\"image\":{\"@type\":\"ImageObject\",\"inLanguage\":\"it-IT\",\"@id\":\"https:\/\/www.article-marketing.eu\/comunicati\/#\/schema\/person\/image\/\",\"url\":\"https:\/\/secure.gravatar.com\/avatar\/50e5c6421d3072f42e7ace803501602c60d75233d34e29fd05feb91c8760b792?s=96&d=mm&r=g\",\"contentUrl\":\"https:\/\/secure.gravatar.com\/avatar\/50e5c6421d3072f42e7ace803501602c60d75233d34e29fd05feb91c8760b792?s=96&d=mm&r=g\",\"caption\":\"Redazione Comunicati Stampa\"},\"url\":\"https:\/\/www.article-marketing.eu\/comunicati\/author\/redazione-comunicati-stampa\/\"}]}<\/script>\n<!-- \/ Yoast SEO plugin. -->","yoast_head_json":{"title":"Alla scoperta della Gallura, oltre la Costa Smeralda - Article Marketing","robots":{"index":"index","follow":"follow","max-snippet":"max-snippet:-1","max-image-preview":"max-image-preview:large","max-video-preview":"max-video-preview:-1"},"canonical":"https:\/\/www.article-marketing.eu\/comunicati\/viaggi-e-vacanze\/destinazioni\/alla-scoperta-della-gallura-oltre-la-costa-smeralda\/","og_locale":"it_IT","og_type":"article","og_title":"Alla scoperta della Gallura, oltre la Costa Smeralda - Article Marketing","og_description":"La Gallura, una regione storica della Sardegna, che presenta un insieme di paesaggi e panorami particolari, che si discostano dall'idea patinata trasmessa nelle riviste di gossip.","og_url":"https:\/\/www.article-marketing.eu\/comunicati\/viaggi-e-vacanze\/destinazioni\/alla-scoperta-della-gallura-oltre-la-costa-smeralda\/","og_site_name":"Article Marketing","article_published_time":"2010-06-16T10:09:54+00:00","article_modified_time":"2018-07-10T03:23:30+00:00","author":"Redazione Comunicati Stampa","twitter_card":"summary_large_image","twitter_misc":{"Scritto da":"Redazione Comunicati Stampa","Tempo di lettura stimato":"4 minuti"},"schema":{"@context":"https:\/\/schema.org","@graph":[{"@type":"Article","@id":"https:\/\/www.article-marketing.eu\/comunicati\/viaggi-e-vacanze\/destinazioni\/alla-scoperta-della-gallura-oltre-la-costa-smeralda\/#article","isPartOf":{"@id":"https:\/\/www.article-marketing.eu\/comunicati\/viaggi-e-vacanze\/destinazioni\/alla-scoperta-della-gallura-oltre-la-costa-smeralda\/"},"author":{"name":"Redazione Comunicati Stampa","@id":"https:\/\/www.article-marketing.eu\/comunicati\/#\/schema\/person\/44372e4d4d0fa797b18e03ed1ace9017"},"headline":"Alla scoperta della Gallura, oltre la Costa Smeralda","datePublished":"2010-06-16T10:09:54+00:00","dateModified":"2018-07-10T03:23:30+00:00","mainEntityOfPage":{"@id":"https:\/\/www.article-marketing.eu\/comunicati\/viaggi-e-vacanze\/destinazioni\/alla-scoperta-della-gallura-oltre-la-costa-smeralda\/"},"wordCount":805,"commentCount":0,"keywords":["Bed and Breakfast","gallura","sardegna","vacanze"],"articleSection":["Destinazioni"],"inLanguage":"it-IT","potentialAction":[{"@type":"CommentAction","name":"Comment","target":["https:\/\/www.article-marketing.eu\/comunicati\/viaggi-e-vacanze\/destinazioni\/alla-scoperta-della-gallura-oltre-la-costa-smeralda\/#respond"]}]},{"@type":"WebPage","@id":"https:\/\/www.article-marketing.eu\/comunicati\/viaggi-e-vacanze\/destinazioni\/alla-scoperta-della-gallura-oltre-la-costa-smeralda\/","url":"https:\/\/www.article-marketing.eu\/comunicati\/viaggi-e-vacanze\/destinazioni\/alla-scoperta-della-gallura-oltre-la-costa-smeralda\/","name":"Alla scoperta della Gallura, oltre la Costa Smeralda - Article Marketing","isPartOf":{"@id":"https:\/\/www.article-marketing.eu\/comunicati\/#website"},"datePublished":"2010-06-16T10:09:54+00:00","dateModified":"2018-07-10T03:23:30+00:00","author":{"@id":"https:\/\/www.article-marketing.eu\/comunicati\/#\/schema\/person\/44372e4d4d0fa797b18e03ed1ace9017"},"breadcrumb":{"@id":"https:\/\/www.article-marketing.eu\/comunicati\/viaggi-e-vacanze\/destinazioni\/alla-scoperta-della-gallura-oltre-la-costa-smeralda\/#breadcrumb"},"inLanguage":"it-IT","potentialAction":[{"@type":"ReadAction","target":["https:\/\/www.article-marketing.eu\/comunicati\/viaggi-e-vacanze\/destinazioni\/alla-scoperta-della-gallura-oltre-la-costa-smeralda\/"]}]},{"@type":"BreadcrumbList","@id":"https:\/\/www.article-marketing.eu\/comunicati\/viaggi-e-vacanze\/destinazioni\/alla-scoperta-della-gallura-oltre-la-costa-smeralda\/#breadcrumb","itemListElement":[{"@type":"ListItem","position":1,"name":"Home","item":"https:\/\/www.article-marketing.eu\/comunicati\/"},{"@type":"ListItem","position":2,"name":"Alla scoperta della Gallura, oltre la Costa Smeralda"}]},{"@type":"WebSite","@id":"https:\/\/www.article-marketing.eu\/comunicati\/#website","url":"https:\/\/www.article-marketing.eu\/comunicati\/","name":"Article Marketing","description":"article marketing &amp; press release","potentialAction":[{"@type":"SearchAction","target":{"@type":"EntryPoint","urlTemplate":"https:\/\/www.article-marketing.eu\/comunicati\/?s={search_term_string}"},"query-input":{"@type":"PropertyValueSpecification","valueRequired":true,"valueName":"search_term_string"}}],"inLanguage":"it-IT"},{"@type":"Person","@id":"https:\/\/www.article-marketing.eu\/comunicati\/#\/schema\/person\/44372e4d4d0fa797b18e03ed1ace9017","name":"Redazione Comunicati Stampa","image":{"@type":"ImageObject","inLanguage":"it-IT","@id":"https:\/\/www.article-marketing.eu\/comunicati\/#\/schema\/person\/image\/","url":"https:\/\/secure.gravatar.com\/avatar\/50e5c6421d3072f42e7ace803501602c60d75233d34e29fd05feb91c8760b792?s=96&d=mm&r=g","contentUrl":"https:\/\/secure.gravatar.com\/avatar\/50e5c6421d3072f42e7ace803501602c60d75233d34e29fd05feb91c8760b792?s=96&d=mm&r=g","caption":"Redazione Comunicati Stampa"},"url":"https:\/\/www.article-marketing.eu\/comunicati\/author\/redazione-comunicati-stampa\/"}]}},"_links":{"self":[{"href":"https:\/\/www.article-marketing.eu\/comunicati\/wp-json\/wp\/v2\/posts\/5468","targetHints":{"allow":["GET"]}}],"collection":[{"href":"https:\/\/www.article-marketing.eu\/comunicati\/wp-json\/wp\/v2\/posts"}],"about":[{"href":"https:\/\/www.article-marketing.eu\/comunicati\/wp-json\/wp\/v2\/types\/post"}],"author":[{"embeddable":true,"href":"https:\/\/www.article-marketing.eu\/comunicati\/wp-json\/wp\/v2\/users\/10"}],"replies":[{"embeddable":true,"href":"https:\/\/www.article-marketing.eu\/comunicati\/wp-json\/wp\/v2\/comments?post=5468"}],"version-history":[{"count":2,"href":"https:\/\/www.article-marketing.eu\/comunicati\/wp-json\/wp\/v2\/posts\/5468\/revisions"}],"predecessor-version":[{"id":61390,"href":"https:\/\/www.article-marketing.eu\/comunicati\/wp-json\/wp\/v2\/posts\/5468\/revisions\/61390"}],"wp:attachment":[{"href":"https:\/\/www.article-marketing.eu\/comunicati\/wp-json\/wp\/v2\/media?parent=5468"}],"wp:term":[{"taxonomy":"category","embeddable":true,"href":"https:\/\/www.article-marketing.eu\/comunicati\/wp-json\/wp\/v2\/categories?post=5468"},{"taxonomy":"post_tag","embeddable":true,"href":"https:\/\/www.article-marketing.eu\/comunicati\/wp-json\/wp\/v2\/tags?post=5468"}],"curies":[{"name":"wp","href":"https:\/\/api.w.org\/{rel}","templated":true}]}}