{"id":54768,"date":"2018-04-22T00:32:39","date_gmt":"2018-04-21T22:32:39","guid":{"rendered":"http:\/\/www.italia-news.com\/blog\/?p=285"},"modified":"2018-04-22T00:32:39","modified_gmt":"2018-04-21T22:32:39","slug":"migranti-2325-minori-non-accompagnati-a-roma-nel-2017-meno-dellanno-prima","status":"publish","type":"post","link":"https:\/\/www.article-marketing.eu\/comunicati\/etica-e-societa\/migranti-2325-minori-non-accompagnati-a-roma-nel-2017-meno-dellanno-prima\/","title":{"rendered":"Migranti, 2325 minori non accompagnati a Roma nel 2017: &#8220;Meno dell&#8217;anno prima&#8221;"},"content":{"rendered":"<div>\n<div>\n<div data-amp=\"amp-text\">\n<p>Migranti. Sono<strong> 2.325 i minori non accompagnati<\/strong> registrati a Roma nel 2017. In leggera diminuzione rispetto all&#8217;anno precedente, quando sul territorio della Capitale ne erano stati segnalati 2.625 e in linea con il 2015 quando i minorenni erano 2.625. Sono dati emersi dal convegno sul tema organizzato oggi in Campidoglio dall&#8217;Aimmf (Associazione italiana dei magistrati per i minorenni e la famiglia) con il Tribunale dei minorenni capitolino e il supporto di Roma Capitale.<\/p>\n<p>L&#8217;evento &#8211; a cui hanno partecipato i rappresentanti del mondo accademico, delle istituzioni e dell&#8217;associazionismo &#8211; \u00e8 stato anche un&#8217;occasione per fare il punto sui cambiamenti introdotti dalla legge 47 del 2017, la cosiddetta <strong>legge Zampa<\/strong>. Questa prevede la figura del tutore volontario a cui sono affidati, tra le altre cose, compiti di vigilanza dei <strong>percorsi di accoglienza<\/strong>, sicurezza e protezione; di monitoraggio dei percorsi di educazione e integrazione tenendo conto delle inclinazioni naturale e aspirazioni dell&#8217;individuo. Non solo, al tutor, \u00e8 affidata la rappresentanza legale e la tutela del benessere psico-fisico del minore. Altra novit\u00e0 introdotta dalla legge Zampa, \u00e8 l&#8217;attivazione del Sistema informativo minori non accompagnati (Sim).<\/p>\n<p>Una banca dati all&#8217;interno del ministero del Lavoro e delle Politiche sociali dove confluisce la cartella sociale del minore che dovr\u00e0 essere compilata dal personale qualificato nella fase di prima accoglienza. La cartella include tutti gli <strong>elementi utili<\/strong> alla determinazione della soluzione di lungo periodo per il ragazzo, nel suo interesse.<\/p>\n<p>&#8220;Siamo fortemente impegnati nella costruzione di <strong>ampie sinergie <\/strong>tra le istituzioni per coniugare accoglienza e inclusione &#8211; ha detto l&#8217;assessore alle Politiche sociali Laura Baldassarre di Roma Capitale durante il convegno ai Musei capitolini &#8211; e soprattutto a garantire ascolto a questi ragazzi che si ritrovano in un Paese non loro e senza una famiglia. La legge Zampa, in quanto norma nazionale, consente di colmare le disparit\u00e0 territoriali e per garantirne una efficace attuazione occorre rafforzare il sistema di monitoraggio e raccolta dati&#8221;.<\/p>\n<p>La figura del tutore volontario, &#8220;decisiva nel nuovo sistema di <strong>tutele dei minorenni\u00a0<\/strong>&#8211; ha aggiunto il Garante per l&#8217;Infanzia e l&#8217;Adolescenza della Regione Lazio Jacopo Marzetti &#8211; nel Lazio i corsi di formazione hanno riscosso un successo enorme, basti pensare che all&#8217;avviso pubblico hanno risposto circa 900 persone di cui oltre 400 hanno gia&#8217; completato il percorso formativo. Siamo la prima regione d&#8217;Italia. Il sistema garantisce l&#8217;insegnamento di aspetti giuridici, psicologici e sociosanitari, ma si tratta di un meccanismo in continua evoluzione che stiamo perfezionando progressivamente&#8221;.<\/p>\n<\/div>\n<\/div>\n<\/div>\n","protected":false},"excerpt":{"rendered":"<p>Migranti. Sono 2.325 i minori non accompagnati registrati a Roma nel 2017. In leggera diminuzione rispetto all&#8217;anno precedente, quando sul territorio della Capitale ne erano stati segnalati 2.625 e in linea con il 2015 quando i minorenni erano 2.625. Sono dati emersi dal convegno sul tema organizzato oggi in Campidoglio dall&#8217;Aimmf (Associazione italiana dei magistrati per i minorenni e la famiglia) con il Tribunale dei minorenni capitolino e il supporto<\/p>\n<p><a class=\"continue-reading\" href=\"https:\/\/www.article-marketing.eu\/comunicati\/etica-e-societa\/migranti-2325-minori-non-accompagnati-a-roma-nel-2017-meno-dellanno-prima\/\">Continue reading&#8230;<\/a><\/p>\n","protected":false},"author":2,"featured_media":54796,"comment_status":"closed","ping_status":"closed","sticky":false,"template":"","format":"standard","meta":{"cybocfi_hide_featured_image":"","footnotes":""},"categories":[55892],"tags":[14916],"class_list":["post-54768","post","type-post","status-publish","format-standard","has-post-thumbnail","hentry","category-etica-e-societa","tag-migranti"],"yoast_head":"<!-- This site is optimized with the Yoast SEO plugin v27.0 - https:\/\/yoast.com\/product\/yoast-seo-wordpress\/ -->\n<title>Migranti, 2325 minori non accompagnati a Roma nel 2017<\/title>\n<meta name=\"description\" content=\"Migranti.Sono 2.325 i minori non accompagnati registrati a Roma nel 2017. In diminuzione rispetto 2016, quando ne erano stati segnalati 2.625 come nel 2015. Dati dal convegno con l&#039;Aimmf (Associazione italiana dei magistrati per i minorenni e la famiglia) con il Tribunale dei minorenni capitolino e Roma Capitale.\u00a0\" \/>\n<meta name=\"robots\" content=\"index, follow, max-snippet:-1, max-image-preview:large, max-video-preview:-1\" \/>\n<link rel=\"canonical\" href=\"https:\/\/www.article-marketing.eu\/comunicati\/etica-e-societa\/migranti-2325-minori-non-accompagnati-a-roma-nel-2017-meno-dellanno-prima\/\" \/>\n<meta property=\"og:locale\" content=\"it_IT\" \/>\n<meta property=\"og:type\" content=\"article\" \/>\n<meta property=\"og:title\" content=\"Migranti, 2325 minori non accompagnati a Roma nel 2017\" \/>\n<meta property=\"og:description\" content=\"Migranti.Sono 2.325 i minori non accompagnati registrati a Roma nel 2017. In diminuzione rispetto 2016, quando ne erano stati segnalati 2.625 come nel 2015. Dati dal convegno con l&#039;Aimmf (Associazione italiana dei magistrati per i minorenni e la famiglia) con il Tribunale dei minorenni capitolino e Roma Capitale.\u00a0\" \/>\n<meta property=\"og:url\" content=\"https:\/\/www.article-marketing.eu\/comunicati\/etica-e-societa\/migranti-2325-minori-non-accompagnati-a-roma-nel-2017-meno-dellanno-prima\/\" \/>\n<meta property=\"og:site_name\" content=\"Article Marketing\" \/>\n<meta property=\"article:published_time\" content=\"2018-04-21T22:32:39+00:00\" \/>\n<meta property=\"og:image\" content=\"https:\/\/www.article-marketing.eu\/comunicati\/wp-content\/uploads\/2018\/04\/migranti-minori-non-accompagnati.jpg\" \/>\n\t<meta property=\"og:image:width\" content=\"985\" \/>\n\t<meta property=\"og:image:height\" content=\"1280\" \/>\n\t<meta property=\"og:image:type\" content=\"image\/jpeg\" \/>\n<meta name=\"author\" content=\"prosperica\" \/>\n<meta name=\"twitter:card\" content=\"summary_large_image\" \/>\n<meta name=\"twitter:label1\" content=\"Scritto da\" \/>\n\t<meta name=\"twitter:data1\" content=\"prosperica\" \/>\n\t<meta name=\"twitter:label2\" content=\"Tempo di lettura stimato\" \/>\n\t<meta name=\"twitter:data2\" content=\"2 minuti\" \/>\n<script type=\"application\/ld+json\" class=\"yoast-schema-graph\">{\"@context\":\"https:\/\/schema.org\",\"@graph\":[{\"@type\":\"Article\",\"@id\":\"https:\/\/www.article-marketing.eu\/comunicati\/etica-e-societa\/migranti-2325-minori-non-accompagnati-a-roma-nel-2017-meno-dellanno-prima\/#article\",\"isPartOf\":{\"@id\":\"https:\/\/www.article-marketing.eu\/comunicati\/etica-e-societa\/migranti-2325-minori-non-accompagnati-a-roma-nel-2017-meno-dellanno-prima\/\"},\"author\":{\"name\":\"prosperica\",\"@id\":\"https:\/\/www.article-marketing.eu\/comunicati\/#\/schema\/person\/06b0d56bb4e1d2a649d8326d694b2fa1\"},\"headline\":\"Migranti, 2325 minori non accompagnati a Roma nel 2017: &#8220;Meno dell&#8217;anno prima&#8221;\",\"datePublished\":\"2018-04-21T22:32:39+00:00\",\"mainEntityOfPage\":{\"@id\":\"https:\/\/www.article-marketing.eu\/comunicati\/etica-e-societa\/migranti-2325-minori-non-accompagnati-a-roma-nel-2017-meno-dellanno-prima\/\"},\"wordCount\":401,\"image\":{\"@id\":\"https:\/\/www.article-marketing.eu\/comunicati\/etica-e-societa\/migranti-2325-minori-non-accompagnati-a-roma-nel-2017-meno-dellanno-prima\/#primaryimage\"},\"thumbnailUrl\":\"https:\/\/www.article-marketing.eu\/comunicati\/wp-content\/uploads\/2018\/04\/migranti-minori-non-accompagnati.jpg\",\"keywords\":[\"migranti\"],\"articleSection\":[\"Etica e Societ\u00e0\"],\"inLanguage\":\"it-IT\"},{\"@type\":\"WebPage\",\"@id\":\"https:\/\/www.article-marketing.eu\/comunicati\/etica-e-societa\/migranti-2325-minori-non-accompagnati-a-roma-nel-2017-meno-dellanno-prima\/\",\"url\":\"https:\/\/www.article-marketing.eu\/comunicati\/etica-e-societa\/migranti-2325-minori-non-accompagnati-a-roma-nel-2017-meno-dellanno-prima\/\",\"name\":\"Migranti, 2325 minori non accompagnati a Roma nel 2017\",\"isPartOf\":{\"@id\":\"https:\/\/www.article-marketing.eu\/comunicati\/#website\"},\"primaryImageOfPage\":{\"@id\":\"https:\/\/www.article-marketing.eu\/comunicati\/etica-e-societa\/migranti-2325-minori-non-accompagnati-a-roma-nel-2017-meno-dellanno-prima\/#primaryimage\"},\"image\":{\"@id\":\"https:\/\/www.article-marketing.eu\/comunicati\/etica-e-societa\/migranti-2325-minori-non-accompagnati-a-roma-nel-2017-meno-dellanno-prima\/#primaryimage\"},\"thumbnailUrl\":\"https:\/\/www.article-marketing.eu\/comunicati\/wp-content\/uploads\/2018\/04\/migranti-minori-non-accompagnati.jpg\",\"datePublished\":\"2018-04-21T22:32:39+00:00\",\"author\":{\"@id\":\"https:\/\/www.article-marketing.eu\/comunicati\/#\/schema\/person\/06b0d56bb4e1d2a649d8326d694b2fa1\"},\"description\":\"Migranti.Sono 2.325 i minori non accompagnati registrati a Roma nel 2017. In diminuzione rispetto 2016, quando ne erano stati segnalati 2.625 come nel 2015. Dati dal convegno con l'Aimmf (Associazione italiana dei magistrati per i minorenni e la famiglia) con il Tribunale dei minorenni capitolino e Roma Capitale.\u00a0\",\"breadcrumb\":{\"@id\":\"https:\/\/www.article-marketing.eu\/comunicati\/etica-e-societa\/migranti-2325-minori-non-accompagnati-a-roma-nel-2017-meno-dellanno-prima\/#breadcrumb\"},\"inLanguage\":\"it-IT\",\"potentialAction\":[{\"@type\":\"ReadAction\",\"target\":[\"https:\/\/www.article-marketing.eu\/comunicati\/etica-e-societa\/migranti-2325-minori-non-accompagnati-a-roma-nel-2017-meno-dellanno-prima\/\"]}]},{\"@type\":\"ImageObject\",\"inLanguage\":\"it-IT\",\"@id\":\"https:\/\/www.article-marketing.eu\/comunicati\/etica-e-societa\/migranti-2325-minori-non-accompagnati-a-roma-nel-2017-meno-dellanno-prima\/#primaryimage\",\"url\":\"https:\/\/www.article-marketing.eu\/comunicati\/wp-content\/uploads\/2018\/04\/migranti-minori-non-accompagnati.jpg\",\"contentUrl\":\"https:\/\/www.article-marketing.eu\/comunicati\/wp-content\/uploads\/2018\/04\/migranti-minori-non-accompagnati.jpg\",\"width\":985,\"height\":1280,\"caption\":\"Migranti minori non accompagnati\"},{\"@type\":\"BreadcrumbList\",\"@id\":\"https:\/\/www.article-marketing.eu\/comunicati\/etica-e-societa\/migranti-2325-minori-non-accompagnati-a-roma-nel-2017-meno-dellanno-prima\/#breadcrumb\",\"itemListElement\":[{\"@type\":\"ListItem\",\"position\":1,\"name\":\"Home\",\"item\":\"https:\/\/www.article-marketing.eu\/comunicati\/\"},{\"@type\":\"ListItem\",\"position\":2,\"name\":\"Migranti, 2325 minori non accompagnati a Roma nel 2017: &#8220;Meno dell&#8217;anno prima&#8221;\"}]},{\"@type\":\"WebSite\",\"@id\":\"https:\/\/www.article-marketing.eu\/comunicati\/#website\",\"url\":\"https:\/\/www.article-marketing.eu\/comunicati\/\",\"name\":\"Article Marketing\",\"description\":\"article marketing &amp; press release\",\"potentialAction\":[{\"@type\":\"SearchAction\",\"target\":{\"@type\":\"EntryPoint\",\"urlTemplate\":\"https:\/\/www.article-marketing.eu\/comunicati\/?s={search_term_string}\"},\"query-input\":{\"@type\":\"PropertyValueSpecification\",\"valueRequired\":true,\"valueName\":\"search_term_string\"}}],\"inLanguage\":\"it-IT\"},{\"@type\":\"Person\",\"@id\":\"https:\/\/www.article-marketing.eu\/comunicati\/#\/schema\/person\/06b0d56bb4e1d2a649d8326d694b2fa1\",\"name\":\"prosperica\",\"image\":{\"@type\":\"ImageObject\",\"inLanguage\":\"it-IT\",\"@id\":\"https:\/\/www.article-marketing.eu\/comunicati\/#\/schema\/person\/image\/\",\"url\":\"https:\/\/secure.gravatar.com\/avatar\/912734927eb8a51935964ae4aaf65065bab0bd4856fa4b8933c555af3c4eef43?s=96&d=mm&r=g\",\"contentUrl\":\"https:\/\/secure.gravatar.com\/avatar\/912734927eb8a51935964ae4aaf65065bab0bd4856fa4b8933c555af3c4eef43?s=96&d=mm&r=g\",\"caption\":\"prosperica\"},\"url\":\"https:\/\/www.article-marketing.eu\/comunicati\/author\/prosperica\/\"}]}<\/script>\n<!-- \/ Yoast SEO plugin. -->","yoast_head_json":{"title":"Migranti, 2325 minori non accompagnati a Roma nel 2017","description":"Migranti.Sono 2.325 i minori non accompagnati registrati a Roma nel 2017. In diminuzione rispetto 2016, quando ne erano stati segnalati 2.625 come nel 2015. Dati dal convegno con l'Aimmf (Associazione italiana dei magistrati per i minorenni e la famiglia) con il Tribunale dei minorenni capitolino e Roma Capitale.\u00a0","robots":{"index":"index","follow":"follow","max-snippet":"max-snippet:-1","max-image-preview":"max-image-preview:large","max-video-preview":"max-video-preview:-1"},"canonical":"https:\/\/www.article-marketing.eu\/comunicati\/etica-e-societa\/migranti-2325-minori-non-accompagnati-a-roma-nel-2017-meno-dellanno-prima\/","og_locale":"it_IT","og_type":"article","og_title":"Migranti, 2325 minori non accompagnati a Roma nel 2017","og_description":"Migranti.Sono 2.325 i minori non accompagnati registrati a Roma nel 2017. In diminuzione rispetto 2016, quando ne erano stati segnalati 2.625 come nel 2015. Dati dal convegno con l'Aimmf (Associazione italiana dei magistrati per i minorenni e la famiglia) con il Tribunale dei minorenni capitolino e Roma Capitale.\u00a0","og_url":"https:\/\/www.article-marketing.eu\/comunicati\/etica-e-societa\/migranti-2325-minori-non-accompagnati-a-roma-nel-2017-meno-dellanno-prima\/","og_site_name":"Article Marketing","article_published_time":"2018-04-21T22:32:39+00:00","og_image":[{"width":985,"height":1280,"url":"https:\/\/www.article-marketing.eu\/comunicati\/wp-content\/uploads\/2018\/04\/migranti-minori-non-accompagnati.jpg","type":"image\/jpeg"}],"author":"prosperica","twitter_card":"summary_large_image","twitter_misc":{"Scritto da":"prosperica","Tempo di lettura stimato":"2 minuti"},"schema":{"@context":"https:\/\/schema.org","@graph":[{"@type":"Article","@id":"https:\/\/www.article-marketing.eu\/comunicati\/etica-e-societa\/migranti-2325-minori-non-accompagnati-a-roma-nel-2017-meno-dellanno-prima\/#article","isPartOf":{"@id":"https:\/\/www.article-marketing.eu\/comunicati\/etica-e-societa\/migranti-2325-minori-non-accompagnati-a-roma-nel-2017-meno-dellanno-prima\/"},"author":{"name":"prosperica","@id":"https:\/\/www.article-marketing.eu\/comunicati\/#\/schema\/person\/06b0d56bb4e1d2a649d8326d694b2fa1"},"headline":"Migranti, 2325 minori non accompagnati a Roma nel 2017: &#8220;Meno dell&#8217;anno prima&#8221;","datePublished":"2018-04-21T22:32:39+00:00","mainEntityOfPage":{"@id":"https:\/\/www.article-marketing.eu\/comunicati\/etica-e-societa\/migranti-2325-minori-non-accompagnati-a-roma-nel-2017-meno-dellanno-prima\/"},"wordCount":401,"image":{"@id":"https:\/\/www.article-marketing.eu\/comunicati\/etica-e-societa\/migranti-2325-minori-non-accompagnati-a-roma-nel-2017-meno-dellanno-prima\/#primaryimage"},"thumbnailUrl":"https:\/\/www.article-marketing.eu\/comunicati\/wp-content\/uploads\/2018\/04\/migranti-minori-non-accompagnati.jpg","keywords":["migranti"],"articleSection":["Etica e Societ\u00e0"],"inLanguage":"it-IT"},{"@type":"WebPage","@id":"https:\/\/www.article-marketing.eu\/comunicati\/etica-e-societa\/migranti-2325-minori-non-accompagnati-a-roma-nel-2017-meno-dellanno-prima\/","url":"https:\/\/www.article-marketing.eu\/comunicati\/etica-e-societa\/migranti-2325-minori-non-accompagnati-a-roma-nel-2017-meno-dellanno-prima\/","name":"Migranti, 2325 minori non accompagnati a Roma nel 2017","isPartOf":{"@id":"https:\/\/www.article-marketing.eu\/comunicati\/#website"},"primaryImageOfPage":{"@id":"https:\/\/www.article-marketing.eu\/comunicati\/etica-e-societa\/migranti-2325-minori-non-accompagnati-a-roma-nel-2017-meno-dellanno-prima\/#primaryimage"},"image":{"@id":"https:\/\/www.article-marketing.eu\/comunicati\/etica-e-societa\/migranti-2325-minori-non-accompagnati-a-roma-nel-2017-meno-dellanno-prima\/#primaryimage"},"thumbnailUrl":"https:\/\/www.article-marketing.eu\/comunicati\/wp-content\/uploads\/2018\/04\/migranti-minori-non-accompagnati.jpg","datePublished":"2018-04-21T22:32:39+00:00","author":{"@id":"https:\/\/www.article-marketing.eu\/comunicati\/#\/schema\/person\/06b0d56bb4e1d2a649d8326d694b2fa1"},"description":"Migranti.Sono 2.325 i minori non accompagnati registrati a Roma nel 2017. In diminuzione rispetto 2016, quando ne erano stati segnalati 2.625 come nel 2015. Dati dal convegno con l'Aimmf (Associazione italiana dei magistrati per i minorenni e la famiglia) con il Tribunale dei minorenni capitolino e Roma Capitale.\u00a0","breadcrumb":{"@id":"https:\/\/www.article-marketing.eu\/comunicati\/etica-e-societa\/migranti-2325-minori-non-accompagnati-a-roma-nel-2017-meno-dellanno-prima\/#breadcrumb"},"inLanguage":"it-IT","potentialAction":[{"@type":"ReadAction","target":["https:\/\/www.article-marketing.eu\/comunicati\/etica-e-societa\/migranti-2325-minori-non-accompagnati-a-roma-nel-2017-meno-dellanno-prima\/"]}]},{"@type":"ImageObject","inLanguage":"it-IT","@id":"https:\/\/www.article-marketing.eu\/comunicati\/etica-e-societa\/migranti-2325-minori-non-accompagnati-a-roma-nel-2017-meno-dellanno-prima\/#primaryimage","url":"https:\/\/www.article-marketing.eu\/comunicati\/wp-content\/uploads\/2018\/04\/migranti-minori-non-accompagnati.jpg","contentUrl":"https:\/\/www.article-marketing.eu\/comunicati\/wp-content\/uploads\/2018\/04\/migranti-minori-non-accompagnati.jpg","width":985,"height":1280,"caption":"Migranti minori non accompagnati"},{"@type":"BreadcrumbList","@id":"https:\/\/www.article-marketing.eu\/comunicati\/etica-e-societa\/migranti-2325-minori-non-accompagnati-a-roma-nel-2017-meno-dellanno-prima\/#breadcrumb","itemListElement":[{"@type":"ListItem","position":1,"name":"Home","item":"https:\/\/www.article-marketing.eu\/comunicati\/"},{"@type":"ListItem","position":2,"name":"Migranti, 2325 minori non accompagnati a Roma nel 2017: &#8220;Meno dell&#8217;anno prima&#8221;"}]},{"@type":"WebSite","@id":"https:\/\/www.article-marketing.eu\/comunicati\/#website","url":"https:\/\/www.article-marketing.eu\/comunicati\/","name":"Article Marketing","description":"article marketing &amp; press release","potentialAction":[{"@type":"SearchAction","target":{"@type":"EntryPoint","urlTemplate":"https:\/\/www.article-marketing.eu\/comunicati\/?s={search_term_string}"},"query-input":{"@type":"PropertyValueSpecification","valueRequired":true,"valueName":"search_term_string"}}],"inLanguage":"it-IT"},{"@type":"Person","@id":"https:\/\/www.article-marketing.eu\/comunicati\/#\/schema\/person\/06b0d56bb4e1d2a649d8326d694b2fa1","name":"prosperica","image":{"@type":"ImageObject","inLanguage":"it-IT","@id":"https:\/\/www.article-marketing.eu\/comunicati\/#\/schema\/person\/image\/","url":"https:\/\/secure.gravatar.com\/avatar\/912734927eb8a51935964ae4aaf65065bab0bd4856fa4b8933c555af3c4eef43?s=96&d=mm&r=g","contentUrl":"https:\/\/secure.gravatar.com\/avatar\/912734927eb8a51935964ae4aaf65065bab0bd4856fa4b8933c555af3c4eef43?s=96&d=mm&r=g","caption":"prosperica"},"url":"https:\/\/www.article-marketing.eu\/comunicati\/author\/prosperica\/"}]}},"_links":{"self":[{"href":"https:\/\/www.article-marketing.eu\/comunicati\/wp-json\/wp\/v2\/posts\/54768","targetHints":{"allow":["GET"]}}],"collection":[{"href":"https:\/\/www.article-marketing.eu\/comunicati\/wp-json\/wp\/v2\/posts"}],"about":[{"href":"https:\/\/www.article-marketing.eu\/comunicati\/wp-json\/wp\/v2\/types\/post"}],"author":[{"embeddable":true,"href":"https:\/\/www.article-marketing.eu\/comunicati\/wp-json\/wp\/v2\/users\/2"}],"replies":[{"embeddable":true,"href":"https:\/\/www.article-marketing.eu\/comunicati\/wp-json\/wp\/v2\/comments?post=54768"}],"version-history":[{"count":3,"href":"https:\/\/www.article-marketing.eu\/comunicati\/wp-json\/wp\/v2\/posts\/54768\/revisions"}],"predecessor-version":[{"id":54797,"href":"https:\/\/www.article-marketing.eu\/comunicati\/wp-json\/wp\/v2\/posts\/54768\/revisions\/54797"}],"wp:featuredmedia":[{"embeddable":true,"href":"https:\/\/www.article-marketing.eu\/comunicati\/wp-json\/wp\/v2\/media\/54796"}],"wp:attachment":[{"href":"https:\/\/www.article-marketing.eu\/comunicati\/wp-json\/wp\/v2\/media?parent=54768"}],"wp:term":[{"taxonomy":"category","embeddable":true,"href":"https:\/\/www.article-marketing.eu\/comunicati\/wp-json\/wp\/v2\/categories?post=54768"},{"taxonomy":"post_tag","embeddable":true,"href":"https:\/\/www.article-marketing.eu\/comunicati\/wp-json\/wp\/v2\/tags?post=54768"}],"curies":[{"name":"wp","href":"https:\/\/api.w.org\/{rel}","templated":true}]}}