{"id":54770,"date":"2018-04-21T21:33:45","date_gmt":"2018-04-21T19:33:45","guid":{"rendered":"http:\/\/www.italia-news.com\/blog\/?p=289"},"modified":"2020-08-10T01:16:31","modified_gmt":"2020-08-09T23:16:31","slug":"natale-di-roma-nel-weekend-del-20-22-aprile-gida-diredonna-it","status":"publish","type":"post","link":"https:\/\/www.article-marketing.eu\/comunicati\/musei-di-roma\/natale-di-roma-nel-weekend-del-20-22-aprile-gida-diredonna-it\/","title":{"rendered":"Natale di Roma nel weekend del 20-22 aprile &#8211; Guida diredonna.it"},"content":{"rendered":"<p>Natale di Roma. \u00c8 il natale della Citt\u00e0 Eterna l\u2019appuntamento pi\u00f9 importante del prossimo fine settimana, che catalizza gli eventi tra cui scegliere<strong> cosa\u00a0fare a Roma nel weekend del 20-22 aprile<\/strong>: sabato 21, infatti, la Capitale spegne 2771 candeline\u00a0con un ricco calendario di\u00a0appuntamenti culturali e didattici, mostre e celebrazioni ufficiali, che culminano\u00a0domenica con una festa all\u2019aria aperta\u00a0in cui tutti potranno passeggiare tra\u00a0piazza della Bocca della Verit\u00e0\u00a0e\u00a0via Petroselli,\u00a0zona pedonalizzata per l\u2019occasione, e assistere a\u00a0spettacoli, concerti e teatro di strada.<\/p>\n<p>Dalle 14.30 alle 20, <strong>via Petroselli<\/strong> si trasformer\u00e0 in un grande teatro a cielo aperto, dove viaggiare tra i mille volti di Roma, da quella antica di Plauto a quella immaginata da Shakespeare, da quella del Novecento \u2013 con omaggi a Sordi e Flaiano \u2013 a quella del Belli, fino alla Roma contemporanea, tra musiche popolari e giovani talenti musicali.<\/p>\n<div class=\"mp-code mp-code-container box-mobile-inside-top\">\n<div class=\"banner-content\">\n<style><![CDATA[ #crt-421415{ position:relative; text-align: left; } #crt-421415 > *{<br \/>  position:absolute;<br \/>  width:300px;<br \/>  height:600px;<br \/> }<br \/> #crt-421415:empty{<br \/>  display:none;<br \/> }<br \/>]]><\/style>\n<\/div>\n<\/div>\n<p>Inoltre,\u00a0sabato 21 aprile\u00a0i musei comunali e i <em>Viaggi nell\u2019antica Roma<\/em>\u00a0di Piero Angela e Paco Lanciano saranno gratuiti per tutti, mentre <em>L\u2019Ara com\u2019era<\/em>\u00a0al Museo dell\u2019Ara Pacis riserver\u00e0 una promozione speciale dedicata ai cittadini romani per le giornate di\u00a0venerd\u00ec 20 e sabato 21. Ecco i <strong>10 appuntamenti<\/strong> preferiti dalla redazione tra cui scegliere cosa fare a Roma nel weekend del 20-22 aprile.<\/p>\n<p>&nbsp;<\/p>\n<h2>Viaggio nei Fori di Cesare e Augusto<\/h2>\n<p>Da sabato\u00a0tornano i\u00a0<em>Viaggi nell\u2019antica Roma<\/em>, gli straordinari spettacoli che raccontano\u00a0il Foro di Augusto e il Foro di Cesare partendo da pietre, frammenti e colonne presenti, con l\u2019uso di tecnologie all\u2019avanguardia. Gli spettatori sono accompagnati dalla voce di Piero Angela e da magnifici filmati e proiezioni che ricostruiscono quei luoghi cos\u00ec come si presentavano nell\u2019antica Roma: una rappresentazione emozionante e allo stesso tempo ricca di informazioni dal grande rigore storico e scientifico.\u00a0Grazie ad appositi sistemi audio con cuffie gli spettatori assistono a uno spettacolo di effetti speciali e musiche, raccontato in 8 lingue (italiano, inglese, francese, russo, spagnolo, tedesco, cinese e giapponese).<\/p>\n<p><em>Foro di Cesare,\u00a0in prossimit\u00e0 della Colonna Traiana. Dalla domenica al venerd\u00ec dalle ore 20.20 alle 22.20; sabato dalle ore 20.20 alle 22.40.\u00a0Singolo spettacolo da 15 a 10 euro. Foro di Augusto,\u00a0Via Alessandrina. Alle\u00a0ore 20.20 \u2013 21.20 \u2013\u00a022.20.\u00a0Combinato Foro di Augusto + Foro di Cesare da 25 a 17 euro.\u00a0<\/em><\/p>\n<div id=\"attachment_3230473\" class=\"wp-caption alignleft\">\n<p><img loading=\"lazy\" decoding=\"async\" class=\"wp-image-3230473\" src=\"https:\/\/www.article-marketing.eu\/comunicati\/wp-content\/uploads\/2018\/04\/7c460c1b4f4ce399b5cb08538a0a8af2.jpeg\" alt=\"\" width=\"600\" height=\"401\" \/><\/p>\n<p class=\"wp-caption-text\">Foto: Andrea Franceschini (courtesy press office)<\/p>\n<\/div>\n<h2>Apertura del Roseto comunale<\/h2>\n<p>In occasione del Natale di Roma, riapre al pubblico il Roseto comunale.\u00a0Ospita circa 1.100 variet\u00e0 di rose botaniche, antiche e moderne da tutto il mondo. Gli esemplari coltivati provengono dall\u2019Estremo Oriente sino al Sud Africa, dalla Vecchia Europa sino alla Nuova Zelanda, passando per le Americhe. Sono presenti specie primordiali (rose botaniche) che risalgono a 40 milioni di anni fa, molto pregiate e poco conosciute, dimorate insieme alle rose antiche, tutte di grande originalit\u00e0 e bellezza<\/p>\n<p><em>Via di Valle Murcia, 6. Dalle 8.30 alle 19.30.\u00a0Ingresso gratuito.<\/em><\/p>\n<div id=\"attachment_3230475\" class=\"wp-caption alignleft\">\n<p><img loading=\"lazy\" decoding=\"async\" class=\"wp-image-3230475\" src=\"https:\/\/www.article-marketing.eu\/comunicati\/wp-content\/uploads\/2018\/04\/b9202edc5e9b8e22d0e529d29b357da2.jpeg\" alt=\"\" width=\"600\" height=\"450\" \/><\/p>\n<p class=\"wp-caption-text\">Foto: Wikimedia Commons<\/p>\n<\/div>\n<h2>EurHope al Foro Boario<\/h2>\n<p>Il\u00a0Foro Boario\u00a0ospiter\u00e0\u00a0<em>EurHope.\u00a0In cammino verso la cittadinanza planetaria<\/em>\u00a0a cura di\u00a0Stalker \u2013 Noworking\u00a0con\u00a0Scomodo\u00a0e\u00a0Termini Tv, con il sostegno del\u00a0MAXXI. Si tratta\u00a0della fase conclusiva di progetto artistico dedicato al tema dell\u2019ospitalit\u00e0 e della cittadinanza planetaria\u00a0realizzato\u00a0a partire dal 21 marzo nelle zone limitrofe alla Stazione Termini.\u00a0Tra le diverse azioni intraprese, \u00e8 stata tradotta in 40 lingue la\u00a0Constitutio Antoniniana, editto con cui nel 212 d.C. Caracalla estese la cittadinanza romana a tutto il mondo allora conosciuto. Le diverse traduzioni sono state incise\u00a0su un\u2019antica stele di travertino in un laboratorio aperto a tutti. Al Foro Boario la stele si frantumer\u00e0 e i diversi frammenti intraprenderanno il proprio viaggio verso i quattro angoli d\u2019Europa: Lampedusa, Lesbo, Calais, Melilla, frontiere del rifiuto e della sofferenza di una Europa che ha smarrito se stessa.<\/p>\n<p><em>Via della Greca. Alle ore 14.30. Ingresso gratuito.<\/em><\/p>\n<h2>Mario Martone all\u2019Argentina<\/h2>\n<p>Sul palcoscenico del Teatro Argentina in scena<em> Il Sindaco del Rione Sanit\u00e0<\/em> secondo Mario Martone, il suo primo Eduardo scomposto e ricomposto per essere riportato alla sua potente carica di attualit\u00e0. Il capolavoro eduardiano \u00e8 traslato ai giorni nostri perch\u00e9, come spiega il regista, \u201cil teatro \u00e8 vivo quando s\u2019interroga sulla realt\u00e0, se parla al proprio pubblico non solo osando sul piano formale ma anche agendo in una dimensione politica\u201d. E infatti, fonte di ispirazione \u00e8 la realt\u00e0 del NEST di San Giovanni a Teduccio e dei suoi giovani attori, molti dei quali vivono nel quotidiano una vera guerra di camorra che insanguina da anni la periferia napoletana e dove la criminalit\u00e0 \u00e8 retta da giovani boss neanche trentenni. Un allestimento che associa realt\u00e0 produttive diverse nella realizzazione di un progetto culturale dal forte senso politico e civile, tra i produttori: il gi\u00e0 citato NEST, il Teatro Stabile di Torino, la compagnia Elledieffe, che porta il nome di Luca De Filippo, oggi diretta da Carolina Rosi.<\/p>\n<p><em>Largo di Torre Argentina. Venerd\u00ec ore 21; sabato ore 19; domenica ore 17. Biglietti da 40 a 12 euro.<\/em><\/p>\n<div id=\"attachment_3230477\" class=\"wp-caption alignleft\">\n<p><img loading=\"lazy\" decoding=\"async\" class=\"wp-image-3230477\" src=\"https:\/\/www.article-marketing.eu\/comunicati\/wp-content\/uploads\/2018\/04\/ca307e06df437525e2e78fe39d96a93c.jpeg\" alt=\"\" width=\"600\" height=\"400\" \/><\/p>\n<p class=\"wp-caption-text\">Foto: Mario Spada (courtesy press office)<\/p>\n<\/div>\n<h2>Fratelli, coltelli, gemelli alla Casa del Cinema<\/h2>\n<p>La Casa del Cinema celebra il Natale di Roma con la rassegna <em>Fratelli, coltelli, gemelli<\/em>: un film mitologico, un western e un noir, un percorso a tappe sul fiume della storia. Si inizia alle 16 con <em>Romolo e Remo<\/em> di Sergio Corbucci (1961); alle 18\u00a0<em>Winchester \u201973<\/em>, di Anthony Mann e alle 20 <em>Before the Devil Knows You\u2019re Dead<\/em> (Onora il padre e la madre) di Sidney Lumet.<\/p>\n<p><em>Largo Marcello Mastroianni, 1. Dalle ore 16. Ingresso gratuito.<\/em><\/p>\n<h2>Adriano Annino a Casa Vuota<\/h2>\n<p>Casa Vuota vibra e si riempie di musica: un dispositivo di teletrasporto nel tempo e nello spazio apre finestre e passaggi nei muri, evocando la campagna romana e i suoni festosi di un tempo che non c\u2019\u00e8 pi\u00f9. Ad attivarlo \u00e8 Adriano Annino con la mostra <em>Termoclino Guidarell<\/em>o, a cura di <strong>Francesco Paolo Del Re e Sabino de Nichilo<\/strong>. L\u2019artista napoletano presenta una selezione di dipinti, disegni, un video e un\u2019installazione sonora che sintetizzano la ricerca da lui condotta nell\u2019ultimo anno, a partire da una personale elaborazione \u2013 con un linguaggio stratificato e vibrante \u2013 di suggestioni campestri, visioni bucoliche di pastori che suonano seduti accanto al gregge, accenti e gesti di tempi perduti e ritrovati attraverso citazioni della storia dell\u2019arte.<\/p>\n<p><em>Via Maia, 12 int. 4A. Su appuntamento<\/em>.<\/p>\n<div id=\"attachment_3230479\" class=\"wp-caption alignleft\">\n<p><img loading=\"lazy\" decoding=\"async\" class=\"wp-image-3230479\" src=\"https:\/\/www.article-marketing.eu\/comunicati\/wp-content\/uploads\/2018\/04\/fbd505a43b4d6fa98fe34c912b19629b.jpeg\" alt=\"\" width=\"600\" height=\"918\" \/><\/p>\n<p class=\"wp-caption-text\">Adriano Annino, \u201cTermoclino Otto Dix. Lot e le sue figlie\u201d, 2017 (courtesy press office)<\/p>\n<\/div>\n<h2>Jovanotti al Palalottomatica<\/h2>\n<p>Dieci le date del<em> Lorenzo Live 2018<\/em> a Roma. Jovanotti \u00e8 al Palalottomatica fino al 2 maggio con un concerto romantico, dove si balla sui lenti ma ancor di pi\u00f9 sui ritmi frenetici di canzoni come l\u2019ombelico del mondo. Innovativo il palco che sapr\u00e0 stupire tutti i presenti. Dopo il successo di Lorenzo negli stadi 2015 e del successivo Lorenzo nei Palasport, Jovanotti torner\u00e0 da febbraio a giugno 2018, con svariate decine di appuntamenti nei Palazzi dello Sport e suoner\u00e0 con la sua band nelle citt\u00e0 \u201cfino a prendere la residenza\u201d, come lui stesso ha recentemente dichiarato.<\/p>\n<p><em>Piazzale dello Sport, 1. Alle ore 21. Biglietti da 50 euro circa.<\/em><\/p>\n<div id=\"attachment_3230481\" class=\"wp-caption alignleft\">\n<p><img loading=\"lazy\" decoding=\"async\" class=\"wp-image-3230481\" src=\"https:\/\/www.article-marketing.eu\/comunicati\/wp-content\/uploads\/2018\/04\/0510d7c760759ed49ced8410a3c94173.jpeg\" alt=\"\" width=\"600\" height=\"400\" \/><\/p>\n<p class=\"wp-caption-text\">Foto: Getty Images<\/p>\n<\/div>\n<h2>Il Festival delle Scienze<\/h2>\n<p>Fino a domenica, all\u2019Auditorium Parco della Musica si alternano esperti di livello internazionale, filosofi, storici della scienza, giornalisti, impegnati in un ventaglio di suggestioni e appuntamenti molto ampio. Suddiviso in quattro macro-temi a struttura binaria (\u201cTerra e Ambiente\u201d, \u201cPensiero e Creativit\u00e0\u201d, \u201cSociet\u00e0 e Legge\u201d, \u201cTecnologia e Realt\u00e0\u201d), il programma del National Geographic Festival delle Scienze affronta temi che spaziano dalla tutela dei diritti umani \u2013 con il Premio Nobel per la Pace Tawakkol Karman \u2013 ai viaggi nel tempo \u2013 con lo scrittore James Gleick \u2013 mettendo in luce i nessi causali che non soltanto dominano il campo della scienza ma irrompono anche in ogni dimensione del nostro quotidiano.<\/p>\n<p><em>Viale Pietro de Coubertin, 30. Ingresso 3 euro salvo dove diversamente indicato.<\/em><\/p>\n<div id=\"attachment_3230485\" class=\"wp-caption alignleft\">\n<p><img loading=\"lazy\" decoding=\"async\" class=\"wp-image-3230485\" src=\"https:\/\/www.article-marketing.eu\/comunicati\/wp-content\/uploads\/2018\/04\/2013d0252d334bc9d452f2d9a4c16e28.jpeg\" alt=\"\" width=\"600\" height=\"400\" \/><\/p>\n<p class=\"wp-caption-text\">Foto: Musacchio&amp;Ianniello (courtesy press office)<\/p>\n<\/div>\n<h2>Questioni di pelle a Spazio 5<\/h2>\n<p>Il nuovo appuntamento di DermArt, in programma venerd\u00ec presso lo Spazio 5, \u00e8 dedicato agli integratori, diventati prodotti di ampio uso quotidiano. Per discuterne, Massimo Papi, curatore dell\u2019iniziativa, focalizzer\u00e0 la sua conversazione sugli antiossidanti. A <em>Questioni di pelle<\/em>, con l\u2019aiuto dell\u2019arte visiva, si indagano le patologie, le personalit\u00e0 degli artisti e le curiosit\u00e0 che l\u2019osservazione attenta fa trapelare. Argomenti trasversali a partire dalla nostra pelle che coinvolgono anche il pubblico, che ha una parte fondamentale nella scoperta di nuove esperienze. All\u2019incontro parteciperanno, insieme a Papi, anche la biologa nutrizionista Paola Meo e gli storici dell\u2019arte Vittorio de Bonis e Tiziana Litteri.<\/p>\n<p><em>Via Crescenzio, 99. Alle ore 19. Ingresso libero.<\/em><\/p>\n<h2>Il Tex-Mex a Prati<\/h2>\n<p>Maybu rilegge la cucina Tex-Mex, versione americanizzata della tradizione messicana. La preparazione dei piatti avviene in tempo reale, davanti ai clienti che possono assistere all\u2019esecuzione dei loro burritos, aggiungendo proteine, salse e condimenti.\u00a0Il regno romano del Tex-Mex \u00e8 racchiuso in 150 metri quadri che accolgono circa 70 coperti, inebriati dal profumo di spezie e peperoncini proveniente dalla cucina a vista.\u00a0Maybu non ha solo investito sulla qualit\u00e0 dei prodotti ma anche sulle specificit\u00e0 delle tecnologie impiegate: oltre alla scelta della cottura a vapore, per preservare tutte le propriet\u00e0 organolettiche della materia prima, packaging e stoviglie sono totalmente compostabili ed ecosostenibili, nel pieno rispetto dell\u2019ambiente.<\/p>\n<p><em>Via Candia, 113. Dalle ore 11 alle ore 23.<\/em><\/p>\n<div id=\"attachment_3230495\" class=\"wp-caption alignleft\">\n<p><img loading=\"lazy\" decoding=\"async\" class=\"wp-image-3230495\" src=\"https:\/\/www.article-marketing.eu\/comunicati\/wp-content\/uploads\/2018\/04\/274625b7e855ee39d347883eea67d93e.jpeg\" alt=\"\" width=\"600\" height=\"600\" \/><\/p>\n<p class=\"wp-caption-text\">Foto: courtesy press office<\/p>\n<p>Fonte: diredonna.it<\/p>\n<\/div>\n","protected":false},"excerpt":{"rendered":"<p>Natale di Roma. \u00c8 il natale della Citt\u00e0 Eterna l\u2019appuntamento pi\u00f9 importante del prossimo fine settimana, che catalizza gli eventi tra cui scegliere cosa\u00a0fare a Roma nel weekend del 20-22 aprile: sabato 21, infatti, la Capitale spegne 2771 candeline\u00a0con un ricco calendario di\u00a0appuntamenti culturali e didattici, mostre e celebrazioni ufficiali, che culminano\u00a0domenica con una festa all\u2019aria aperta\u00a0in cui tutti potranno passeggiare tra\u00a0piazza della Bocca della Verit\u00e0\u00a0e\u00a0via Petroselli,\u00a0zona pedonalizzata per l\u2019occasione,<\/p>\n<p><a class=\"continue-reading\" href=\"https:\/\/www.article-marketing.eu\/comunicati\/musei-di-roma\/natale-di-roma-nel-weekend-del-20-22-aprile-gida-diredonna-it\/\">Continue reading&#8230;<\/a><\/p>\n","protected":false},"author":4,"featured_media":54721,"comment_status":"closed","ping_status":"closed","sticky":false,"template":"","format":"standard","meta":{"cybocfi_hide_featured_image":"","footnotes":""},"categories":[55893],"tags":[55902,5559],"class_list":["post-54770","post","type-post","status-publish","format-standard","has-post-thumbnail","hentry","category-musei-di-roma","tag-musei-di-roma","tag-natale-di-roma"],"yoast_head":"<!-- This site is optimized with the Yoast SEO plugin v27.0 - https:\/\/yoast.com\/product\/yoast-seo-wordpress\/ -->\n<title>Natale di Roma nel weekend del 20-22 aprile - Cosa fare e tutti gli eventi<\/title>\n<meta name=\"description\" content=\"Natale di Roma. \u00c8 il natale della Citt\u00e0 Eterna l\u2019appuntamento pi\u00f9 importante del prossimo fine settimana, che catalizza gli eventi tra cui scegliere cosa\u00a0fare a Roma nel weekend del 20-22 aprile: sabato 21, infatti, la Capitale spegne 2771 candeline\u00a0\" \/>\n<meta name=\"robots\" content=\"index, follow, max-snippet:-1, max-image-preview:large, max-video-preview:-1\" \/>\n<link rel=\"canonical\" href=\"https:\/\/www.article-marketing.eu\/comunicati\/musei-di-roma\/natale-di-roma-nel-weekend-del-20-22-aprile-gida-diredonna-it\/\" \/>\n<meta property=\"og:locale\" content=\"it_IT\" \/>\n<meta property=\"og:type\" content=\"article\" \/>\n<meta property=\"og:title\" content=\"Natale di Roma nel weekend del 20-22 aprile - Cosa fare e tutti gli eventi\" \/>\n<meta property=\"og:description\" content=\"Natale di Roma. \u00c8 il natale della Citt\u00e0 Eterna l\u2019appuntamento pi\u00f9 importante del prossimo fine settimana, che catalizza gli eventi tra cui scegliere cosa\u00a0fare a Roma nel weekend del 20-22 aprile: sabato 21, infatti, la Capitale spegne 2771 candeline\u00a0\" \/>\n<meta property=\"og:url\" content=\"https:\/\/www.article-marketing.eu\/comunicati\/musei-di-roma\/natale-di-roma-nel-weekend-del-20-22-aprile-gida-diredonna-it\/\" \/>\n<meta property=\"og:site_name\" content=\"Article Marketing\" \/>\n<meta property=\"article:published_time\" content=\"2018-04-21T19:33:45+00:00\" \/>\n<meta property=\"article:modified_time\" content=\"2020-08-09T23:16:31+00:00\" \/>\n<meta property=\"og:image\" content=\"https:\/\/www.article-marketing.eu\/comunicati\/wp-content\/uploads\/2018\/04\/c4545159489f9bae0c5c56f6fa80006f.jpeg\" \/>\n\t<meta property=\"og:image:width\" content=\"980\" \/>\n\t<meta property=\"og:image:height\" content=\"480\" \/>\n\t<meta property=\"og:image:type\" content=\"image\/jpeg\" \/>\n<meta name=\"author\" content=\"ardiluis\" \/>\n<meta name=\"twitter:card\" content=\"summary_large_image\" \/>\n<meta name=\"twitter:label1\" content=\"Scritto da\" \/>\n\t<meta name=\"twitter:data1\" content=\"ardiluis\" \/>\n\t<meta name=\"twitter:label2\" content=\"Tempo di lettura stimato\" \/>\n\t<meta name=\"twitter:data2\" content=\"7 minuti\" \/>\n<script type=\"application\/ld+json\" class=\"yoast-schema-graph\">{\"@context\":\"https:\/\/schema.org\",\"@graph\":[{\"@type\":\"Article\",\"@id\":\"https:\/\/www.article-marketing.eu\/comunicati\/musei-di-roma\/natale-di-roma-nel-weekend-del-20-22-aprile-gida-diredonna-it\/#article\",\"isPartOf\":{\"@id\":\"https:\/\/www.article-marketing.eu\/comunicati\/musei-di-roma\/natale-di-roma-nel-weekend-del-20-22-aprile-gida-diredonna-it\/\"},\"author\":{\"name\":\"ardiluis\",\"@id\":\"https:\/\/www.article-marketing.eu\/comunicati\/#\/schema\/person\/cec2ffb9cc6fbc08c69bce879ab3bddf\"},\"headline\":\"Natale di Roma nel weekend del 20-22 aprile &#8211; Guida diredonna.it\",\"datePublished\":\"2018-04-21T19:33:45+00:00\",\"dateModified\":\"2020-08-09T23:16:31+00:00\",\"mainEntityOfPage\":{\"@id\":\"https:\/\/www.article-marketing.eu\/comunicati\/musei-di-roma\/natale-di-roma-nel-weekend-del-20-22-aprile-gida-diredonna-it\/\"},\"wordCount\":1509,\"image\":{\"@id\":\"https:\/\/www.article-marketing.eu\/comunicati\/musei-di-roma\/natale-di-roma-nel-weekend-del-20-22-aprile-gida-diredonna-it\/#primaryimage\"},\"thumbnailUrl\":\"https:\/\/www.article-marketing.eu\/comunicati\/wp-content\/uploads\/2018\/04\/c4545159489f9bae0c5c56f6fa80006f.jpeg\",\"keywords\":[\"Musei di Roma\",\"natale di Roma\"],\"articleSection\":[\"Musei di Roma\"],\"inLanguage\":\"it-IT\"},{\"@type\":\"WebPage\",\"@id\":\"https:\/\/www.article-marketing.eu\/comunicati\/musei-di-roma\/natale-di-roma-nel-weekend-del-20-22-aprile-gida-diredonna-it\/\",\"url\":\"https:\/\/www.article-marketing.eu\/comunicati\/musei-di-roma\/natale-di-roma-nel-weekend-del-20-22-aprile-gida-diredonna-it\/\",\"name\":\"Natale di Roma nel weekend del 20-22 aprile - Cosa fare e tutti gli eventi\",\"isPartOf\":{\"@id\":\"https:\/\/www.article-marketing.eu\/comunicati\/#website\"},\"primaryImageOfPage\":{\"@id\":\"https:\/\/www.article-marketing.eu\/comunicati\/musei-di-roma\/natale-di-roma-nel-weekend-del-20-22-aprile-gida-diredonna-it\/#primaryimage\"},\"image\":{\"@id\":\"https:\/\/www.article-marketing.eu\/comunicati\/musei-di-roma\/natale-di-roma-nel-weekend-del-20-22-aprile-gida-diredonna-it\/#primaryimage\"},\"thumbnailUrl\":\"https:\/\/www.article-marketing.eu\/comunicati\/wp-content\/uploads\/2018\/04\/c4545159489f9bae0c5c56f6fa80006f.jpeg\",\"datePublished\":\"2018-04-21T19:33:45+00:00\",\"dateModified\":\"2020-08-09T23:16:31+00:00\",\"author\":{\"@id\":\"https:\/\/www.article-marketing.eu\/comunicati\/#\/schema\/person\/cec2ffb9cc6fbc08c69bce879ab3bddf\"},\"description\":\"Natale di Roma. \u00c8 il natale della Citt\u00e0 Eterna l\u2019appuntamento pi\u00f9 importante del prossimo fine settimana, che catalizza gli eventi tra cui scegliere cosa\u00a0fare a Roma nel weekend del 20-22 aprile: sabato 21, infatti, la Capitale spegne 2771 candeline\u00a0\",\"breadcrumb\":{\"@id\":\"https:\/\/www.article-marketing.eu\/comunicati\/musei-di-roma\/natale-di-roma-nel-weekend-del-20-22-aprile-gida-diredonna-it\/#breadcrumb\"},\"inLanguage\":\"it-IT\",\"potentialAction\":[{\"@type\":\"ReadAction\",\"target\":[\"https:\/\/www.article-marketing.eu\/comunicati\/musei-di-roma\/natale-di-roma-nel-weekend-del-20-22-aprile-gida-diredonna-it\/\"]}]},{\"@type\":\"ImageObject\",\"inLanguage\":\"it-IT\",\"@id\":\"https:\/\/www.article-marketing.eu\/comunicati\/musei-di-roma\/natale-di-roma-nel-weekend-del-20-22-aprile-gida-diredonna-it\/#primaryimage\",\"url\":\"https:\/\/www.article-marketing.eu\/comunicati\/wp-content\/uploads\/2018\/04\/c4545159489f9bae0c5c56f6fa80006f.jpeg\",\"contentUrl\":\"https:\/\/www.article-marketing.eu\/comunicati\/wp-content\/uploads\/2018\/04\/c4545159489f9bae0c5c56f6fa80006f.jpeg\",\"width\":980,\"height\":480},{\"@type\":\"BreadcrumbList\",\"@id\":\"https:\/\/www.article-marketing.eu\/comunicati\/musei-di-roma\/natale-di-roma-nel-weekend-del-20-22-aprile-gida-diredonna-it\/#breadcrumb\",\"itemListElement\":[{\"@type\":\"ListItem\",\"position\":1,\"name\":\"Home\",\"item\":\"https:\/\/www.article-marketing.eu\/comunicati\/\"},{\"@type\":\"ListItem\",\"position\":2,\"name\":\"Natale di Roma nel weekend del 20-22 aprile &#8211; Guida diredonna.it\"}]},{\"@type\":\"WebSite\",\"@id\":\"https:\/\/www.article-marketing.eu\/comunicati\/#website\",\"url\":\"https:\/\/www.article-marketing.eu\/comunicati\/\",\"name\":\"Article Marketing\",\"description\":\"article marketing &amp; press release\",\"potentialAction\":[{\"@type\":\"SearchAction\",\"target\":{\"@type\":\"EntryPoint\",\"urlTemplate\":\"https:\/\/www.article-marketing.eu\/comunicati\/?s={search_term_string}\"},\"query-input\":{\"@type\":\"PropertyValueSpecification\",\"valueRequired\":true,\"valueName\":\"search_term_string\"}}],\"inLanguage\":\"it-IT\"},{\"@type\":\"Person\",\"@id\":\"https:\/\/www.article-marketing.eu\/comunicati\/#\/schema\/person\/cec2ffb9cc6fbc08c69bce879ab3bddf\",\"name\":\"ardiluis\",\"image\":{\"@type\":\"ImageObject\",\"inLanguage\":\"it-IT\",\"@id\":\"https:\/\/www.article-marketing.eu\/comunicati\/#\/schema\/person\/image\/\",\"url\":\"https:\/\/secure.gravatar.com\/avatar\/8c3c014aed60c33d83b295c0ff04b2274dfafa02589393ac84a8bb71a51db78b?s=96&d=mm&r=g\",\"contentUrl\":\"https:\/\/secure.gravatar.com\/avatar\/8c3c014aed60c33d83b295c0ff04b2274dfafa02589393ac84a8bb71a51db78b?s=96&d=mm&r=g\",\"caption\":\"ardiluis\"},\"url\":\"https:\/\/www.article-marketing.eu\/comunicati\/author\/ardiluis\/\"}]}<\/script>\n<!-- \/ Yoast SEO plugin. -->","yoast_head_json":{"title":"Natale di Roma nel weekend del 20-22 aprile - Cosa fare e tutti gli eventi","description":"Natale di Roma. \u00c8 il natale della Citt\u00e0 Eterna l\u2019appuntamento pi\u00f9 importante del prossimo fine settimana, che catalizza gli eventi tra cui scegliere cosa\u00a0fare a Roma nel weekend del 20-22 aprile: sabato 21, infatti, la Capitale spegne 2771 candeline\u00a0","robots":{"index":"index","follow":"follow","max-snippet":"max-snippet:-1","max-image-preview":"max-image-preview:large","max-video-preview":"max-video-preview:-1"},"canonical":"https:\/\/www.article-marketing.eu\/comunicati\/musei-di-roma\/natale-di-roma-nel-weekend-del-20-22-aprile-gida-diredonna-it\/","og_locale":"it_IT","og_type":"article","og_title":"Natale di Roma nel weekend del 20-22 aprile - Cosa fare e tutti gli eventi","og_description":"Natale di Roma. \u00c8 il natale della Citt\u00e0 Eterna l\u2019appuntamento pi\u00f9 importante del prossimo fine settimana, che catalizza gli eventi tra cui scegliere cosa\u00a0fare a Roma nel weekend del 20-22 aprile: sabato 21, infatti, la Capitale spegne 2771 candeline\u00a0","og_url":"https:\/\/www.article-marketing.eu\/comunicati\/musei-di-roma\/natale-di-roma-nel-weekend-del-20-22-aprile-gida-diredonna-it\/","og_site_name":"Article Marketing","article_published_time":"2018-04-21T19:33:45+00:00","article_modified_time":"2020-08-09T23:16:31+00:00","og_image":[{"width":980,"height":480,"url":"https:\/\/www.article-marketing.eu\/comunicati\/wp-content\/uploads\/2018\/04\/c4545159489f9bae0c5c56f6fa80006f.jpeg","type":"image\/jpeg"}],"author":"ardiluis","twitter_card":"summary_large_image","twitter_misc":{"Scritto da":"ardiluis","Tempo di lettura stimato":"7 minuti"},"schema":{"@context":"https:\/\/schema.org","@graph":[{"@type":"Article","@id":"https:\/\/www.article-marketing.eu\/comunicati\/musei-di-roma\/natale-di-roma-nel-weekend-del-20-22-aprile-gida-diredonna-it\/#article","isPartOf":{"@id":"https:\/\/www.article-marketing.eu\/comunicati\/musei-di-roma\/natale-di-roma-nel-weekend-del-20-22-aprile-gida-diredonna-it\/"},"author":{"name":"ardiluis","@id":"https:\/\/www.article-marketing.eu\/comunicati\/#\/schema\/person\/cec2ffb9cc6fbc08c69bce879ab3bddf"},"headline":"Natale di Roma nel weekend del 20-22 aprile &#8211; Guida diredonna.it","datePublished":"2018-04-21T19:33:45+00:00","dateModified":"2020-08-09T23:16:31+00:00","mainEntityOfPage":{"@id":"https:\/\/www.article-marketing.eu\/comunicati\/musei-di-roma\/natale-di-roma-nel-weekend-del-20-22-aprile-gida-diredonna-it\/"},"wordCount":1509,"image":{"@id":"https:\/\/www.article-marketing.eu\/comunicati\/musei-di-roma\/natale-di-roma-nel-weekend-del-20-22-aprile-gida-diredonna-it\/#primaryimage"},"thumbnailUrl":"https:\/\/www.article-marketing.eu\/comunicati\/wp-content\/uploads\/2018\/04\/c4545159489f9bae0c5c56f6fa80006f.jpeg","keywords":["Musei di Roma","natale di Roma"],"articleSection":["Musei di Roma"],"inLanguage":"it-IT"},{"@type":"WebPage","@id":"https:\/\/www.article-marketing.eu\/comunicati\/musei-di-roma\/natale-di-roma-nel-weekend-del-20-22-aprile-gida-diredonna-it\/","url":"https:\/\/www.article-marketing.eu\/comunicati\/musei-di-roma\/natale-di-roma-nel-weekend-del-20-22-aprile-gida-diredonna-it\/","name":"Natale di Roma nel weekend del 20-22 aprile - Cosa fare e tutti gli eventi","isPartOf":{"@id":"https:\/\/www.article-marketing.eu\/comunicati\/#website"},"primaryImageOfPage":{"@id":"https:\/\/www.article-marketing.eu\/comunicati\/musei-di-roma\/natale-di-roma-nel-weekend-del-20-22-aprile-gida-diredonna-it\/#primaryimage"},"image":{"@id":"https:\/\/www.article-marketing.eu\/comunicati\/musei-di-roma\/natale-di-roma-nel-weekend-del-20-22-aprile-gida-diredonna-it\/#primaryimage"},"thumbnailUrl":"https:\/\/www.article-marketing.eu\/comunicati\/wp-content\/uploads\/2018\/04\/c4545159489f9bae0c5c56f6fa80006f.jpeg","datePublished":"2018-04-21T19:33:45+00:00","dateModified":"2020-08-09T23:16:31+00:00","author":{"@id":"https:\/\/www.article-marketing.eu\/comunicati\/#\/schema\/person\/cec2ffb9cc6fbc08c69bce879ab3bddf"},"description":"Natale di Roma. \u00c8 il natale della Citt\u00e0 Eterna l\u2019appuntamento pi\u00f9 importante del prossimo fine settimana, che catalizza gli eventi tra cui scegliere cosa\u00a0fare a Roma nel weekend del 20-22 aprile: sabato 21, infatti, la Capitale spegne 2771 candeline\u00a0","breadcrumb":{"@id":"https:\/\/www.article-marketing.eu\/comunicati\/musei-di-roma\/natale-di-roma-nel-weekend-del-20-22-aprile-gida-diredonna-it\/#breadcrumb"},"inLanguage":"it-IT","potentialAction":[{"@type":"ReadAction","target":["https:\/\/www.article-marketing.eu\/comunicati\/musei-di-roma\/natale-di-roma-nel-weekend-del-20-22-aprile-gida-diredonna-it\/"]}]},{"@type":"ImageObject","inLanguage":"it-IT","@id":"https:\/\/www.article-marketing.eu\/comunicati\/musei-di-roma\/natale-di-roma-nel-weekend-del-20-22-aprile-gida-diredonna-it\/#primaryimage","url":"https:\/\/www.article-marketing.eu\/comunicati\/wp-content\/uploads\/2018\/04\/c4545159489f9bae0c5c56f6fa80006f.jpeg","contentUrl":"https:\/\/www.article-marketing.eu\/comunicati\/wp-content\/uploads\/2018\/04\/c4545159489f9bae0c5c56f6fa80006f.jpeg","width":980,"height":480},{"@type":"BreadcrumbList","@id":"https:\/\/www.article-marketing.eu\/comunicati\/musei-di-roma\/natale-di-roma-nel-weekend-del-20-22-aprile-gida-diredonna-it\/#breadcrumb","itemListElement":[{"@type":"ListItem","position":1,"name":"Home","item":"https:\/\/www.article-marketing.eu\/comunicati\/"},{"@type":"ListItem","position":2,"name":"Natale di Roma nel weekend del 20-22 aprile &#8211; Guida diredonna.it"}]},{"@type":"WebSite","@id":"https:\/\/www.article-marketing.eu\/comunicati\/#website","url":"https:\/\/www.article-marketing.eu\/comunicati\/","name":"Article Marketing","description":"article marketing &amp; press release","potentialAction":[{"@type":"SearchAction","target":{"@type":"EntryPoint","urlTemplate":"https:\/\/www.article-marketing.eu\/comunicati\/?s={search_term_string}"},"query-input":{"@type":"PropertyValueSpecification","valueRequired":true,"valueName":"search_term_string"}}],"inLanguage":"it-IT"},{"@type":"Person","@id":"https:\/\/www.article-marketing.eu\/comunicati\/#\/schema\/person\/cec2ffb9cc6fbc08c69bce879ab3bddf","name":"ardiluis","image":{"@type":"ImageObject","inLanguage":"it-IT","@id":"https:\/\/www.article-marketing.eu\/comunicati\/#\/schema\/person\/image\/","url":"https:\/\/secure.gravatar.com\/avatar\/8c3c014aed60c33d83b295c0ff04b2274dfafa02589393ac84a8bb71a51db78b?s=96&d=mm&r=g","contentUrl":"https:\/\/secure.gravatar.com\/avatar\/8c3c014aed60c33d83b295c0ff04b2274dfafa02589393ac84a8bb71a51db78b?s=96&d=mm&r=g","caption":"ardiluis"},"url":"https:\/\/www.article-marketing.eu\/comunicati\/author\/ardiluis\/"}]}},"_links":{"self":[{"href":"https:\/\/www.article-marketing.eu\/comunicati\/wp-json\/wp\/v2\/posts\/54770","targetHints":{"allow":["GET"]}}],"collection":[{"href":"https:\/\/www.article-marketing.eu\/comunicati\/wp-json\/wp\/v2\/posts"}],"about":[{"href":"https:\/\/www.article-marketing.eu\/comunicati\/wp-json\/wp\/v2\/types\/post"}],"author":[{"embeddable":true,"href":"https:\/\/www.article-marketing.eu\/comunicati\/wp-json\/wp\/v2\/users\/4"}],"replies":[{"embeddable":true,"href":"https:\/\/www.article-marketing.eu\/comunicati\/wp-json\/wp\/v2\/comments?post=54770"}],"version-history":[{"count":3,"href":"https:\/\/www.article-marketing.eu\/comunicati\/wp-json\/wp\/v2\/posts\/54770\/revisions"}],"predecessor-version":[{"id":54788,"href":"https:\/\/www.article-marketing.eu\/comunicati\/wp-json\/wp\/v2\/posts\/54770\/revisions\/54788"}],"wp:featuredmedia":[{"embeddable":true,"href":"https:\/\/www.article-marketing.eu\/comunicati\/wp-json\/wp\/v2\/media\/54721"}],"wp:attachment":[{"href":"https:\/\/www.article-marketing.eu\/comunicati\/wp-json\/wp\/v2\/media?parent=54770"}],"wp:term":[{"taxonomy":"category","embeddable":true,"href":"https:\/\/www.article-marketing.eu\/comunicati\/wp-json\/wp\/v2\/categories?post=54770"},{"taxonomy":"post_tag","embeddable":true,"href":"https:\/\/www.article-marketing.eu\/comunicati\/wp-json\/wp\/v2\/tags?post=54770"}],"curies":[{"name":"wp","href":"https:\/\/api.w.org\/{rel}","templated":true}]}}