{"id":54881,"date":"2018-05-10T08:53:35","date_gmt":"2018-05-10T06:53:35","guid":{"rendered":"http:\/\/www.italia-news.com\/blog\/?p=453"},"modified":"2018-05-10T09:39:23","modified_gmt":"2018-05-10T07:39:23","slug":"alimentazione-carciofi-e-gli-altri-superfood-di-primavera","status":"publish","type":"post","link":"https:\/\/www.article-marketing.eu\/comunicati\/dieta-e-alimentazione\/alimentazione-carciofi-e-gli-altri-superfood-di-primavera\/","title":{"rendered":"Alimentazione: carciofi e gli altri superfood di primavera"},"content":{"rendered":"<p><img loading=\"lazy\" decoding=\"async\" class=\"entry-thumb\" title=\"SUPERFOOD COP\" src=\"https:\/\/www.article-marketing.eu\/comunicati\/wp-content\/uploads\/2018\/05\/e085ffd2f23a9861be3f69ca8a284a9f.jpeg\" alt=\"\" width=\"640\" height=\"320\" \/><\/p>\n<h1>Carciofi. Superalimenti di primavera<\/h1>\n<p>La primavera non \u00e8 solo sinonimo di giornate pi\u00f9 lunghe, pi\u00f9 ore di luce e temperature miti ma anche di <strong>malesseri quotidiani<\/strong> come <strong>stanchezza, spossatezza, capogiri, palpitazioni, depressione e ansia.<\/strong> Molti di questi, possono essere curati a tavola.Tra i <strong>superfood di primavera<\/strong> troviamo i carciofi, ideali per fegato e cistifellea, oltre che ricchi di glotatione, uno degli antiossidanti pi\u00f9 potenti in natura che contrastano invecchiamento, tumori, detosiff icano, donano longevit\u00e0.Si al goude, formaggio olandese ricco di vitamina k2, per la salute di ossa e denti e per prevenire l\u2019aterosclerosi, perfetto spuntino per chi \u00e8 sempre in movimento. Ed ancora cipollotti, bianchi o rossi, ricchi di calcio, zolfo e vitamina C, preziosi contro affezioni delle vie respiratorie, tosse e forme lievi di asma, febbre e raffreddori; aglio ottimo antinfiammatorio naturale, carote contro colesteorlo cattivo, trigliceridi alti, digestione difficile.<\/p>\n<p><a href=\"http:\/\/www.meteoweb.eu\/wp-content\/uploads\/2018\/05\/SUPERFOOD-LIMONE.jpg\"><img loading=\"lazy\" decoding=\"async\" class=\"alignright size-medium wp-image-1090577\" src=\"https:\/\/www.article-marketing.eu\/comunicati\/wp-content\/uploads\/2018\/05\/33f3ab7870c14a66c0f248b5f9f4ab33.jpeg\" alt=\"\" width=\"300\" height=\"200\" \/><\/a>Si al limone, dissetante, rinfrescante e depurativo; asparagi per ripulire i reni e per la salute della flora batterica intestinale, riducendo il sovrappeso; il tarassaco in insalate, frittate, zuppe e sformati, per purificare il fegato e aiutare la digestione dei grassi.Tra i tanti superalimenti di primavera: i <strong>ravanelli<\/strong> che riaccendono il colorito della pelle e riattivano la circolazione; il <strong>sedano<\/strong>, per bruciare calorie, con un buon effetto drenante; l\u2019<strong>ortica<\/strong>, ricca di minerali, da consumare specie in menopausa ed i piselli, ottima fonte di proteine vegetali e fibre, per un effetto detox assicurato.<\/p>\n<p>Per consultare i principi nutritivi e le calorie dei principali cibi potete consultare<br \/>\n<a href=\"https:\/\/www.dieta-dimagrante.com\/alimentazione\/tabella-dei-valori-nutrizionali-lettera-a\/\">https:\/\/www.dieta-dimagrante.com\/alimentazione\/tabella-dei-valori-nutrizionali-lettera-a\/<\/a><\/p>\n","protected":false},"excerpt":{"rendered":"<p>Carciofi. Superalimenti di primavera La primavera non \u00e8 solo sinonimo di giornate pi\u00f9 lunghe, pi\u00f9 ore di luce e temperature miti ma anche di malesseri quotidiani come stanchezza, spossatezza, capogiri, palpitazioni, depressione e ansia. Molti di questi, possono essere curati a tavola.Tra i superfood di primavera troviamo i carciofi, ideali per fegato e cistifellea, oltre che ricchi di glotatione, uno degli antiossidanti pi\u00f9 potenti in natura che contrastano invecchiamento, tumori,<\/p>\n<p><a class=\"continue-reading\" href=\"https:\/\/www.article-marketing.eu\/comunicati\/dieta-e-alimentazione\/alimentazione-carciofi-e-gli-altri-superfood-di-primavera\/\">Continue reading&#8230;<\/a><\/p>\n","protected":false},"author":8,"featured_media":54830,"comment_status":"closed","ping_status":"closed","sticky":false,"template":"","format":"standard","meta":{"cybocfi_hide_featured_image":"","footnotes":""},"categories":[55891],"tags":[55908,55911,55909,55910],"class_list":["post-54881","post","type-post","status-publish","format-standard","has-post-thumbnail","hentry","category-dieta-e-alimentazione","tag-carciofi","tag-ortica","tag-ravanelli","tag-sedano"],"yoast_head":"<!-- This site is optimized with the Yoast SEO plugin v27.0 - https:\/\/yoast.com\/product\/yoast-seo-wordpress\/ -->\n<title>Alimentazione: carciofi e gli altri superfood di primavera - Article Marketing<\/title>\n<meta name=\"robots\" content=\"index, follow, max-snippet:-1, max-image-preview:large, max-video-preview:-1\" \/>\n<link rel=\"canonical\" href=\"https:\/\/www.article-marketing.eu\/comunicati\/dieta-e-alimentazione\/alimentazione-carciofi-e-gli-altri-superfood-di-primavera\/\" \/>\n<meta property=\"og:locale\" content=\"it_IT\" \/>\n<meta property=\"og:type\" content=\"article\" \/>\n<meta property=\"og:title\" content=\"Alimentazione: carciofi e gli altri superfood di primavera - Article Marketing\" \/>\n<meta property=\"og:description\" content=\"Carciofi. Superalimenti di primavera La primavera non \u00e8 solo sinonimo di giornate pi\u00f9 lunghe, pi\u00f9 ore di luce e temperature miti ma anche di malesseri quotidiani come stanchezza, spossatezza, capogiri, palpitazioni, depressione e ansia. Molti di questi, possono essere curati a tavola.Tra i superfood di primavera troviamo i carciofi, ideali per fegato e cistifellea, oltre che ricchi di glotatione, uno degli antiossidanti pi\u00f9 potenti in natura che contrastano invecchiamento, tumori,Continue reading...\" \/>\n<meta property=\"og:url\" content=\"https:\/\/www.article-marketing.eu\/comunicati\/dieta-e-alimentazione\/alimentazione-carciofi-e-gli-altri-superfood-di-primavera\/\" \/>\n<meta property=\"og:site_name\" content=\"Article Marketing\" \/>\n<meta property=\"article:published_time\" content=\"2018-05-10T06:53:35+00:00\" \/>\n<meta property=\"article:modified_time\" content=\"2018-05-10T07:39:23+00:00\" \/>\n<meta property=\"og:image\" content=\"https:\/\/www.article-marketing.eu\/comunicati\/wp-content\/uploads\/2018\/05\/e085ffd2f23a9861be3f69ca8a284a9f.jpeg\" \/>\n\t<meta property=\"og:image:width\" content=\"640\" \/>\n\t<meta property=\"og:image:height\" content=\"320\" \/>\n\t<meta property=\"og:image:type\" content=\"image\/jpeg\" \/>\n<meta name=\"author\" content=\"luisita\" \/>\n<meta name=\"twitter:card\" content=\"summary_large_image\" \/>\n<meta name=\"twitter:label1\" content=\"Scritto da\" \/>\n\t<meta name=\"twitter:data1\" content=\"luisita\" \/>\n\t<meta name=\"twitter:label2\" content=\"Tempo di lettura stimato\" \/>\n\t<meta name=\"twitter:data2\" content=\"1 minuto\" \/>\n<script type=\"application\/ld+json\" class=\"yoast-schema-graph\">{\"@context\":\"https:\/\/schema.org\",\"@graph\":[{\"@type\":\"Article\",\"@id\":\"https:\/\/www.article-marketing.eu\/comunicati\/dieta-e-alimentazione\/alimentazione-carciofi-e-gli-altri-superfood-di-primavera\/#article\",\"isPartOf\":{\"@id\":\"https:\/\/www.article-marketing.eu\/comunicati\/dieta-e-alimentazione\/alimentazione-carciofi-e-gli-altri-superfood-di-primavera\/\"},\"author\":{\"name\":\"luisita\",\"@id\":\"https:\/\/www.article-marketing.eu\/comunicati\/#\/schema\/person\/b48c9a6025f6c1767e04a353481c0f5b\"},\"headline\":\"Alimentazione: carciofi e gli altri superfood di primavera\",\"datePublished\":\"2018-05-10T06:53:35+00:00\",\"dateModified\":\"2018-05-10T07:39:23+00:00\",\"mainEntityOfPage\":{\"@id\":\"https:\/\/www.article-marketing.eu\/comunicati\/dieta-e-alimentazione\/alimentazione-carciofi-e-gli-altri-superfood-di-primavera\/\"},\"wordCount\":263,\"image\":{\"@id\":\"https:\/\/www.article-marketing.eu\/comunicati\/dieta-e-alimentazione\/alimentazione-carciofi-e-gli-altri-superfood-di-primavera\/#primaryimage\"},\"thumbnailUrl\":\"https:\/\/www.article-marketing.eu\/comunicati\/wp-content\/uploads\/2018\/05\/e085ffd2f23a9861be3f69ca8a284a9f.jpeg\",\"keywords\":[\"carciofi\",\"ortica\",\"ravanelli\",\"sedano\"],\"articleSection\":[\"Dieta e Alimentazione\"],\"inLanguage\":\"it-IT\"},{\"@type\":\"WebPage\",\"@id\":\"https:\/\/www.article-marketing.eu\/comunicati\/dieta-e-alimentazione\/alimentazione-carciofi-e-gli-altri-superfood-di-primavera\/\",\"url\":\"https:\/\/www.article-marketing.eu\/comunicati\/dieta-e-alimentazione\/alimentazione-carciofi-e-gli-altri-superfood-di-primavera\/\",\"name\":\"Alimentazione: carciofi e gli altri superfood di primavera - Article Marketing\",\"isPartOf\":{\"@id\":\"https:\/\/www.article-marketing.eu\/comunicati\/#website\"},\"primaryImageOfPage\":{\"@id\":\"https:\/\/www.article-marketing.eu\/comunicati\/dieta-e-alimentazione\/alimentazione-carciofi-e-gli-altri-superfood-di-primavera\/#primaryimage\"},\"image\":{\"@id\":\"https:\/\/www.article-marketing.eu\/comunicati\/dieta-e-alimentazione\/alimentazione-carciofi-e-gli-altri-superfood-di-primavera\/#primaryimage\"},\"thumbnailUrl\":\"https:\/\/www.article-marketing.eu\/comunicati\/wp-content\/uploads\/2018\/05\/e085ffd2f23a9861be3f69ca8a284a9f.jpeg\",\"datePublished\":\"2018-05-10T06:53:35+00:00\",\"dateModified\":\"2018-05-10T07:39:23+00:00\",\"author\":{\"@id\":\"https:\/\/www.article-marketing.eu\/comunicati\/#\/schema\/person\/b48c9a6025f6c1767e04a353481c0f5b\"},\"breadcrumb\":{\"@id\":\"https:\/\/www.article-marketing.eu\/comunicati\/dieta-e-alimentazione\/alimentazione-carciofi-e-gli-altri-superfood-di-primavera\/#breadcrumb\"},\"inLanguage\":\"it-IT\",\"potentialAction\":[{\"@type\":\"ReadAction\",\"target\":[\"https:\/\/www.article-marketing.eu\/comunicati\/dieta-e-alimentazione\/alimentazione-carciofi-e-gli-altri-superfood-di-primavera\/\"]}]},{\"@type\":\"ImageObject\",\"inLanguage\":\"it-IT\",\"@id\":\"https:\/\/www.article-marketing.eu\/comunicati\/dieta-e-alimentazione\/alimentazione-carciofi-e-gli-altri-superfood-di-primavera\/#primaryimage\",\"url\":\"https:\/\/www.article-marketing.eu\/comunicati\/wp-content\/uploads\/2018\/05\/e085ffd2f23a9861be3f69ca8a284a9f.jpeg\",\"contentUrl\":\"https:\/\/www.article-marketing.eu\/comunicati\/wp-content\/uploads\/2018\/05\/e085ffd2f23a9861be3f69ca8a284a9f.jpeg\",\"width\":640,\"height\":320,\"caption\":\"carciofi\"},{\"@type\":\"BreadcrumbList\",\"@id\":\"https:\/\/www.article-marketing.eu\/comunicati\/dieta-e-alimentazione\/alimentazione-carciofi-e-gli-altri-superfood-di-primavera\/#breadcrumb\",\"itemListElement\":[{\"@type\":\"ListItem\",\"position\":1,\"name\":\"Home\",\"item\":\"https:\/\/www.article-marketing.eu\/comunicati\/\"},{\"@type\":\"ListItem\",\"position\":2,\"name\":\"Alimentazione: carciofi e gli altri superfood di primavera\"}]},{\"@type\":\"WebSite\",\"@id\":\"https:\/\/www.article-marketing.eu\/comunicati\/#website\",\"url\":\"https:\/\/www.article-marketing.eu\/comunicati\/\",\"name\":\"Article Marketing\",\"description\":\"article marketing &amp; press release\",\"potentialAction\":[{\"@type\":\"SearchAction\",\"target\":{\"@type\":\"EntryPoint\",\"urlTemplate\":\"https:\/\/www.article-marketing.eu\/comunicati\/?s={search_term_string}\"},\"query-input\":{\"@type\":\"PropertyValueSpecification\",\"valueRequired\":true,\"valueName\":\"search_term_string\"}}],\"inLanguage\":\"it-IT\"},{\"@type\":\"Person\",\"@id\":\"https:\/\/www.article-marketing.eu\/comunicati\/#\/schema\/person\/b48c9a6025f6c1767e04a353481c0f5b\",\"name\":\"luisita\",\"image\":{\"@type\":\"ImageObject\",\"inLanguage\":\"it-IT\",\"@id\":\"https:\/\/www.article-marketing.eu\/comunicati\/#\/schema\/person\/image\/\",\"url\":\"https:\/\/secure.gravatar.com\/avatar\/908fd836459a0800151fc60bb5b277db0ce33152060bfd2029493ea15dba2eff?s=96&d=mm&r=g\",\"contentUrl\":\"https:\/\/secure.gravatar.com\/avatar\/908fd836459a0800151fc60bb5b277db0ce33152060bfd2029493ea15dba2eff?s=96&d=mm&r=g\",\"caption\":\"luisita\"},\"url\":\"https:\/\/www.article-marketing.eu\/comunicati\/author\/luisita\/\"}]}<\/script>\n<!-- \/ Yoast SEO plugin. -->","yoast_head_json":{"title":"Alimentazione: carciofi e gli altri superfood di primavera - Article Marketing","robots":{"index":"index","follow":"follow","max-snippet":"max-snippet:-1","max-image-preview":"max-image-preview:large","max-video-preview":"max-video-preview:-1"},"canonical":"https:\/\/www.article-marketing.eu\/comunicati\/dieta-e-alimentazione\/alimentazione-carciofi-e-gli-altri-superfood-di-primavera\/","og_locale":"it_IT","og_type":"article","og_title":"Alimentazione: carciofi e gli altri superfood di primavera - Article Marketing","og_description":"Carciofi. Superalimenti di primavera La primavera non \u00e8 solo sinonimo di giornate pi\u00f9 lunghe, pi\u00f9 ore di luce e temperature miti ma anche di malesseri quotidiani come stanchezza, spossatezza, capogiri, palpitazioni, depressione e ansia. Molti di questi, possono essere curati a tavola.Tra i superfood di primavera troviamo i carciofi, ideali per fegato e cistifellea, oltre che ricchi di glotatione, uno degli antiossidanti pi\u00f9 potenti in natura che contrastano invecchiamento, tumori,Continue reading...","og_url":"https:\/\/www.article-marketing.eu\/comunicati\/dieta-e-alimentazione\/alimentazione-carciofi-e-gli-altri-superfood-di-primavera\/","og_site_name":"Article Marketing","article_published_time":"2018-05-10T06:53:35+00:00","article_modified_time":"2018-05-10T07:39:23+00:00","og_image":[{"width":640,"height":320,"url":"https:\/\/www.article-marketing.eu\/comunicati\/wp-content\/uploads\/2018\/05\/e085ffd2f23a9861be3f69ca8a284a9f.jpeg","type":"image\/jpeg"}],"author":"luisita","twitter_card":"summary_large_image","twitter_misc":{"Scritto da":"luisita","Tempo di lettura stimato":"1 minuto"},"schema":{"@context":"https:\/\/schema.org","@graph":[{"@type":"Article","@id":"https:\/\/www.article-marketing.eu\/comunicati\/dieta-e-alimentazione\/alimentazione-carciofi-e-gli-altri-superfood-di-primavera\/#article","isPartOf":{"@id":"https:\/\/www.article-marketing.eu\/comunicati\/dieta-e-alimentazione\/alimentazione-carciofi-e-gli-altri-superfood-di-primavera\/"},"author":{"name":"luisita","@id":"https:\/\/www.article-marketing.eu\/comunicati\/#\/schema\/person\/b48c9a6025f6c1767e04a353481c0f5b"},"headline":"Alimentazione: carciofi e gli altri superfood di primavera","datePublished":"2018-05-10T06:53:35+00:00","dateModified":"2018-05-10T07:39:23+00:00","mainEntityOfPage":{"@id":"https:\/\/www.article-marketing.eu\/comunicati\/dieta-e-alimentazione\/alimentazione-carciofi-e-gli-altri-superfood-di-primavera\/"},"wordCount":263,"image":{"@id":"https:\/\/www.article-marketing.eu\/comunicati\/dieta-e-alimentazione\/alimentazione-carciofi-e-gli-altri-superfood-di-primavera\/#primaryimage"},"thumbnailUrl":"https:\/\/www.article-marketing.eu\/comunicati\/wp-content\/uploads\/2018\/05\/e085ffd2f23a9861be3f69ca8a284a9f.jpeg","keywords":["carciofi","ortica","ravanelli","sedano"],"articleSection":["Dieta e Alimentazione"],"inLanguage":"it-IT"},{"@type":"WebPage","@id":"https:\/\/www.article-marketing.eu\/comunicati\/dieta-e-alimentazione\/alimentazione-carciofi-e-gli-altri-superfood-di-primavera\/","url":"https:\/\/www.article-marketing.eu\/comunicati\/dieta-e-alimentazione\/alimentazione-carciofi-e-gli-altri-superfood-di-primavera\/","name":"Alimentazione: carciofi e gli altri superfood di primavera - Article Marketing","isPartOf":{"@id":"https:\/\/www.article-marketing.eu\/comunicati\/#website"},"primaryImageOfPage":{"@id":"https:\/\/www.article-marketing.eu\/comunicati\/dieta-e-alimentazione\/alimentazione-carciofi-e-gli-altri-superfood-di-primavera\/#primaryimage"},"image":{"@id":"https:\/\/www.article-marketing.eu\/comunicati\/dieta-e-alimentazione\/alimentazione-carciofi-e-gli-altri-superfood-di-primavera\/#primaryimage"},"thumbnailUrl":"https:\/\/www.article-marketing.eu\/comunicati\/wp-content\/uploads\/2018\/05\/e085ffd2f23a9861be3f69ca8a284a9f.jpeg","datePublished":"2018-05-10T06:53:35+00:00","dateModified":"2018-05-10T07:39:23+00:00","author":{"@id":"https:\/\/www.article-marketing.eu\/comunicati\/#\/schema\/person\/b48c9a6025f6c1767e04a353481c0f5b"},"breadcrumb":{"@id":"https:\/\/www.article-marketing.eu\/comunicati\/dieta-e-alimentazione\/alimentazione-carciofi-e-gli-altri-superfood-di-primavera\/#breadcrumb"},"inLanguage":"it-IT","potentialAction":[{"@type":"ReadAction","target":["https:\/\/www.article-marketing.eu\/comunicati\/dieta-e-alimentazione\/alimentazione-carciofi-e-gli-altri-superfood-di-primavera\/"]}]},{"@type":"ImageObject","inLanguage":"it-IT","@id":"https:\/\/www.article-marketing.eu\/comunicati\/dieta-e-alimentazione\/alimentazione-carciofi-e-gli-altri-superfood-di-primavera\/#primaryimage","url":"https:\/\/www.article-marketing.eu\/comunicati\/wp-content\/uploads\/2018\/05\/e085ffd2f23a9861be3f69ca8a284a9f.jpeg","contentUrl":"https:\/\/www.article-marketing.eu\/comunicati\/wp-content\/uploads\/2018\/05\/e085ffd2f23a9861be3f69ca8a284a9f.jpeg","width":640,"height":320,"caption":"carciofi"},{"@type":"BreadcrumbList","@id":"https:\/\/www.article-marketing.eu\/comunicati\/dieta-e-alimentazione\/alimentazione-carciofi-e-gli-altri-superfood-di-primavera\/#breadcrumb","itemListElement":[{"@type":"ListItem","position":1,"name":"Home","item":"https:\/\/www.article-marketing.eu\/comunicati\/"},{"@type":"ListItem","position":2,"name":"Alimentazione: carciofi e gli altri superfood di primavera"}]},{"@type":"WebSite","@id":"https:\/\/www.article-marketing.eu\/comunicati\/#website","url":"https:\/\/www.article-marketing.eu\/comunicati\/","name":"Article Marketing","description":"article marketing &amp; press release","potentialAction":[{"@type":"SearchAction","target":{"@type":"EntryPoint","urlTemplate":"https:\/\/www.article-marketing.eu\/comunicati\/?s={search_term_string}"},"query-input":{"@type":"PropertyValueSpecification","valueRequired":true,"valueName":"search_term_string"}}],"inLanguage":"it-IT"},{"@type":"Person","@id":"https:\/\/www.article-marketing.eu\/comunicati\/#\/schema\/person\/b48c9a6025f6c1767e04a353481c0f5b","name":"luisita","image":{"@type":"ImageObject","inLanguage":"it-IT","@id":"https:\/\/www.article-marketing.eu\/comunicati\/#\/schema\/person\/image\/","url":"https:\/\/secure.gravatar.com\/avatar\/908fd836459a0800151fc60bb5b277db0ce33152060bfd2029493ea15dba2eff?s=96&d=mm&r=g","contentUrl":"https:\/\/secure.gravatar.com\/avatar\/908fd836459a0800151fc60bb5b277db0ce33152060bfd2029493ea15dba2eff?s=96&d=mm&r=g","caption":"luisita"},"url":"https:\/\/www.article-marketing.eu\/comunicati\/author\/luisita\/"}]}},"_links":{"self":[{"href":"https:\/\/www.article-marketing.eu\/comunicati\/wp-json\/wp\/v2\/posts\/54881","targetHints":{"allow":["GET"]}}],"collection":[{"href":"https:\/\/www.article-marketing.eu\/comunicati\/wp-json\/wp\/v2\/posts"}],"about":[{"href":"https:\/\/www.article-marketing.eu\/comunicati\/wp-json\/wp\/v2\/types\/post"}],"author":[{"embeddable":true,"href":"https:\/\/www.article-marketing.eu\/comunicati\/wp-json\/wp\/v2\/users\/8"}],"replies":[{"embeddable":true,"href":"https:\/\/www.article-marketing.eu\/comunicati\/wp-json\/wp\/v2\/comments?post=54881"}],"version-history":[{"count":2,"href":"https:\/\/www.article-marketing.eu\/comunicati\/wp-json\/wp\/v2\/posts\/54881\/revisions"}],"predecessor-version":[{"id":54963,"href":"https:\/\/www.article-marketing.eu\/comunicati\/wp-json\/wp\/v2\/posts\/54881\/revisions\/54963"}],"wp:featuredmedia":[{"embeddable":true,"href":"https:\/\/www.article-marketing.eu\/comunicati\/wp-json\/wp\/v2\/media\/54830"}],"wp:attachment":[{"href":"https:\/\/www.article-marketing.eu\/comunicati\/wp-json\/wp\/v2\/media?parent=54881"}],"wp:term":[{"taxonomy":"category","embeddable":true,"href":"https:\/\/www.article-marketing.eu\/comunicati\/wp-json\/wp\/v2\/categories?post=54881"},{"taxonomy":"post_tag","embeddable":true,"href":"https:\/\/www.article-marketing.eu\/comunicati\/wp-json\/wp\/v2\/tags?post=54881"}],"curies":[{"name":"wp","href":"https:\/\/api.w.org\/{rel}","templated":true}]}}