{"id":54891,"date":"2018-05-10T09:04:58","date_gmt":"2018-05-10T07:04:58","guid":{"rendered":"http:\/\/www.italia-news.com\/blog\/?p=477"},"modified":"2018-05-10T09:38:37","modified_gmt":"2018-05-10T07:38:37","slug":"diabete-e-prediabete-il-campanello-dallarme-spesso-sottovalutato","status":"publish","type":"post","link":"https:\/\/www.article-marketing.eu\/comunicati\/dieta-e-alimentazione\/diabete-e-prediabete-il-campanello-dallarme-spesso-sottovalutato\/","title":{"rendered":"Diabete e prediabete: il campanello d\u2019allarme spesso sottovalutato"},"content":{"rendered":"<div>\n<div>\n<div>\n<div class=\"td-post-featured-image\">\n<p><img loading=\"lazy\" decoding=\"async\" class=\"entry-thumb\" title=\"diabete\" src=\"https:\/\/www.article-marketing.eu\/comunicati\/wp-content\/uploads\/2018\/05\/8957cdb923577254a379ba7727ba27c5.png\" alt=\"diabete\" width=\"640\" height=\"330\" \/><\/p>\n<\/div>\n<p><a id=\"titFixedHide\" href=\"http:\/\/www.meteoweb.eu\/2018\/05\/diabete-prediabete-campanello-dallarme-sintomi\/1090673\/\" name=\"titFixedHide\"><\/a><\/p>\n<div id=\"contMW\">\n<p>Scoperto un legame tra diabete ed uno stato emotivo molto diffuso e spesso sottovalutato. Tristezza, rabbia e ansia sono alcune delle sensazioni che per diverse persone <strong>obese<\/strong> che convivono con <strong>diabete<\/strong> o con il <strong>prediabete<\/strong>, sono parte della vita quotidiana. Un nuovo studio della <strong>Iowa State University<\/strong> suggerisce che tali sentimenti negativi possono derivare da<strong> problemi nel regolare i livelli di zucchero nel sangue<\/strong> che influenzano la risposta emotiva nel cervello.<\/p>\n<p>La\u00a0ricerca\u00a0ha riscontrato che \u201c<em>le persone con diabete di tipo 2 e prediabete hanno pi\u00f9 probabilit\u00e0 di concentrarsi e di avere una <strong>forte risposta emotiva<\/strong> rispetto a minacce o cose negative, con un impatto sulla qualit\u00e0 della vita e un aumento del rischio di depressione.\u201d<\/em><\/p>\n<p>Lo studio \u00e8 stato pubblicato su <em>Psychosomatic Medicine:<\/em>\u00a0i ricercatori hanno analizzato i dati relativi a 331 adulti, nell\u2019ambito del Midlife in the U.S., uno studio sulla salute e il benessere. Si sono focalizzati, in particolare sulla risposta a stimoli negativi, sull\u2019attivit\u00e0 cerebrale e sui livelli di cortisolo. L\u2019attivit\u00e0 del sistema nervoso centrale \u00e8 stata misurata usando piccoli elettrodi posti sotto l\u2019occhio e ai partecipanti sono state mostrate una serie di immagini negative, positive e neutre.<\/p>\n<p><em> \u201cLe persone con livelli pi\u00f9 elevati di insulino-resistenza erano pi\u00f9 sorprese da immagini negative<\/em>\u201d evidenzia <strong>Auriel Willette<\/strong>, uno degli autori dello studio. <em>\u201cE\u2019 una prova evidente<\/em> \u2013 aggiunge \u2013 <em>che suggerisce che questi problemi metabolici sono legati ad altri, relativi al modo in cui percepiamo e affrontiamo cose che stressano tutti noi\u201d. <\/em><\/p>\n<p>Anche i risultati dell\u2019elettroencefalografia, che registra l\u2019attivit\u00e0 quando il cervello \u00e8 a riposo, hanno evidenziato che con prediabete e diabete di tipo 2 vi era maggiore attivit\u00e0 sul lato destro del cervello, associato alla depressione e alle emozioni negative. Comprendere l\u2019influenza di questi fattori pu\u00f2, secondo gli studiosi, aiutare a sviluppare nel modo giusto la motivazione personale, che ad esempio pu\u00f2 dare la spinta a dimagrire.<\/p>\n<\/div>\n<\/div>\n<\/div>\n<\/div>\n","protected":false},"excerpt":{"rendered":"<p>Scoperto un legame tra diabete ed uno stato emotivo molto diffuso e spesso sottovalutato. Tristezza, rabbia e ansia sono alcune delle sensazioni che per diverse persone obese che convivono con diabete o con il prediabete, sono parte della vita quotidiana. Un nuovo studio della Iowa State University suggerisce che tali sentimenti negativi possono derivare da problemi nel regolare i livelli di zucchero nel sangue che influenzano la risposta emotiva nel<\/p>\n<p><a class=\"continue-reading\" href=\"https:\/\/www.article-marketing.eu\/comunicati\/dieta-e-alimentazione\/diabete-e-prediabete-il-campanello-dallarme-spesso-sottovalutato\/\">Continue reading&#8230;<\/a><\/p>\n","protected":false},"author":5,"featured_media":54843,"comment_status":"closed","ping_status":"closed","sticky":false,"template":"","format":"standard","meta":{"cybocfi_hide_featured_image":"","footnotes":""},"categories":[55891],"tags":[20595],"class_list":["post-54891","post","type-post","status-publish","format-standard","has-post-thumbnail","hentry","category-dieta-e-alimentazione","tag-diabete"],"yoast_head":"<!-- This site is optimized with the Yoast SEO plugin v27.0 - https:\/\/yoast.com\/product\/yoast-seo-wordpress\/ -->\n<title>Diabete e prediabete: il campanello d\u2019allarme spesso sottovalutato - Article Marketing<\/title>\n<meta name=\"robots\" content=\"index, follow, max-snippet:-1, max-image-preview:large, max-video-preview:-1\" \/>\n<link rel=\"canonical\" href=\"https:\/\/www.article-marketing.eu\/comunicati\/dieta-e-alimentazione\/diabete-e-prediabete-il-campanello-dallarme-spesso-sottovalutato\/\" \/>\n<meta property=\"og:locale\" content=\"it_IT\" \/>\n<meta property=\"og:type\" content=\"article\" \/>\n<meta property=\"og:title\" content=\"Diabete e prediabete: il campanello d\u2019allarme spesso sottovalutato - Article Marketing\" \/>\n<meta property=\"og:description\" content=\"Scoperto un legame tra diabete ed uno stato emotivo molto diffuso e spesso sottovalutato. Tristezza, rabbia e ansia sono alcune delle sensazioni che per diverse persone obese che convivono con diabete o con il prediabete, sono parte della vita quotidiana. Un nuovo studio della Iowa State University suggerisce che tali sentimenti negativi possono derivare da problemi nel regolare i livelli di zucchero nel sangue che influenzano la risposta emotiva nelContinue reading...\" \/>\n<meta property=\"og:url\" content=\"https:\/\/www.article-marketing.eu\/comunicati\/dieta-e-alimentazione\/diabete-e-prediabete-il-campanello-dallarme-spesso-sottovalutato\/\" \/>\n<meta property=\"og:site_name\" content=\"Article Marketing\" \/>\n<meta property=\"article:published_time\" content=\"2018-05-10T07:04:58+00:00\" \/>\n<meta property=\"article:modified_time\" content=\"2018-05-10T07:38:37+00:00\" \/>\n<meta property=\"og:image\" content=\"https:\/\/www.article-marketing.eu\/comunicati\/wp-content\/uploads\/2018\/05\/8957cdb923577254a379ba7727ba27c5.png\" \/>\n\t<meta property=\"og:image:width\" content=\"640\" \/>\n\t<meta property=\"og:image:height\" content=\"330\" \/>\n\t<meta property=\"og:image:type\" content=\"image\/png\" \/>\n<meta name=\"author\" content=\"colombo\" \/>\n<meta name=\"twitter:card\" content=\"summary_large_image\" \/>\n<meta name=\"twitter:label1\" content=\"Scritto da\" \/>\n\t<meta name=\"twitter:data1\" content=\"colombo\" \/>\n\t<meta name=\"twitter:label2\" content=\"Tempo di lettura stimato\" \/>\n\t<meta name=\"twitter:data2\" content=\"2 minuti\" \/>\n<script type=\"application\/ld+json\" class=\"yoast-schema-graph\">{\"@context\":\"https:\/\/schema.org\",\"@graph\":[{\"@type\":\"Article\",\"@id\":\"https:\/\/www.article-marketing.eu\/comunicati\/dieta-e-alimentazione\/diabete-e-prediabete-il-campanello-dallarme-spesso-sottovalutato\/#article\",\"isPartOf\":{\"@id\":\"https:\/\/www.article-marketing.eu\/comunicati\/dieta-e-alimentazione\/diabete-e-prediabete-il-campanello-dallarme-spesso-sottovalutato\/\"},\"author\":{\"name\":\"colombo\",\"@id\":\"https:\/\/www.article-marketing.eu\/comunicati\/#\/schema\/person\/552a3924a134de7e9b646a9caf376225\"},\"headline\":\"Diabete e prediabete: il campanello d\u2019allarme spesso sottovalutato\",\"datePublished\":\"2018-05-10T07:04:58+00:00\",\"dateModified\":\"2018-05-10T07:38:37+00:00\",\"mainEntityOfPage\":{\"@id\":\"https:\/\/www.article-marketing.eu\/comunicati\/dieta-e-alimentazione\/diabete-e-prediabete-il-campanello-dallarme-spesso-sottovalutato\/\"},\"wordCount\":320,\"image\":{\"@id\":\"https:\/\/www.article-marketing.eu\/comunicati\/dieta-e-alimentazione\/diabete-e-prediabete-il-campanello-dallarme-spesso-sottovalutato\/#primaryimage\"},\"thumbnailUrl\":\"https:\/\/www.article-marketing.eu\/comunicati\/wp-content\/uploads\/2018\/05\/8957cdb923577254a379ba7727ba27c5.png\",\"keywords\":[\"diabete\"],\"articleSection\":[\"Dieta e Alimentazione\"],\"inLanguage\":\"it-IT\"},{\"@type\":\"WebPage\",\"@id\":\"https:\/\/www.article-marketing.eu\/comunicati\/dieta-e-alimentazione\/diabete-e-prediabete-il-campanello-dallarme-spesso-sottovalutato\/\",\"url\":\"https:\/\/www.article-marketing.eu\/comunicati\/dieta-e-alimentazione\/diabete-e-prediabete-il-campanello-dallarme-spesso-sottovalutato\/\",\"name\":\"Diabete e prediabete: il campanello d\u2019allarme spesso sottovalutato - Article Marketing\",\"isPartOf\":{\"@id\":\"https:\/\/www.article-marketing.eu\/comunicati\/#website\"},\"primaryImageOfPage\":{\"@id\":\"https:\/\/www.article-marketing.eu\/comunicati\/dieta-e-alimentazione\/diabete-e-prediabete-il-campanello-dallarme-spesso-sottovalutato\/#primaryimage\"},\"image\":{\"@id\":\"https:\/\/www.article-marketing.eu\/comunicati\/dieta-e-alimentazione\/diabete-e-prediabete-il-campanello-dallarme-spesso-sottovalutato\/#primaryimage\"},\"thumbnailUrl\":\"https:\/\/www.article-marketing.eu\/comunicati\/wp-content\/uploads\/2018\/05\/8957cdb923577254a379ba7727ba27c5.png\",\"datePublished\":\"2018-05-10T07:04:58+00:00\",\"dateModified\":\"2018-05-10T07:38:37+00:00\",\"author\":{\"@id\":\"https:\/\/www.article-marketing.eu\/comunicati\/#\/schema\/person\/552a3924a134de7e9b646a9caf376225\"},\"breadcrumb\":{\"@id\":\"https:\/\/www.article-marketing.eu\/comunicati\/dieta-e-alimentazione\/diabete-e-prediabete-il-campanello-dallarme-spesso-sottovalutato\/#breadcrumb\"},\"inLanguage\":\"it-IT\",\"potentialAction\":[{\"@type\":\"ReadAction\",\"target\":[\"https:\/\/www.article-marketing.eu\/comunicati\/dieta-e-alimentazione\/diabete-e-prediabete-il-campanello-dallarme-spesso-sottovalutato\/\"]}]},{\"@type\":\"ImageObject\",\"inLanguage\":\"it-IT\",\"@id\":\"https:\/\/www.article-marketing.eu\/comunicati\/dieta-e-alimentazione\/diabete-e-prediabete-il-campanello-dallarme-spesso-sottovalutato\/#primaryimage\",\"url\":\"https:\/\/www.article-marketing.eu\/comunicati\/wp-content\/uploads\/2018\/05\/8957cdb923577254a379ba7727ba27c5.png\",\"contentUrl\":\"https:\/\/www.article-marketing.eu\/comunicati\/wp-content\/uploads\/2018\/05\/8957cdb923577254a379ba7727ba27c5.png\",\"width\":640,\"height\":330,\"caption\":\"diabete\"},{\"@type\":\"BreadcrumbList\",\"@id\":\"https:\/\/www.article-marketing.eu\/comunicati\/dieta-e-alimentazione\/diabete-e-prediabete-il-campanello-dallarme-spesso-sottovalutato\/#breadcrumb\",\"itemListElement\":[{\"@type\":\"ListItem\",\"position\":1,\"name\":\"Home\",\"item\":\"https:\/\/www.article-marketing.eu\/comunicati\/\"},{\"@type\":\"ListItem\",\"position\":2,\"name\":\"Diabete e prediabete: il campanello d\u2019allarme spesso sottovalutato\"}]},{\"@type\":\"WebSite\",\"@id\":\"https:\/\/www.article-marketing.eu\/comunicati\/#website\",\"url\":\"https:\/\/www.article-marketing.eu\/comunicati\/\",\"name\":\"Article Marketing\",\"description\":\"article marketing &amp; press release\",\"potentialAction\":[{\"@type\":\"SearchAction\",\"target\":{\"@type\":\"EntryPoint\",\"urlTemplate\":\"https:\/\/www.article-marketing.eu\/comunicati\/?s={search_term_string}\"},\"query-input\":{\"@type\":\"PropertyValueSpecification\",\"valueRequired\":true,\"valueName\":\"search_term_string\"}}],\"inLanguage\":\"it-IT\"},{\"@type\":\"Person\",\"@id\":\"https:\/\/www.article-marketing.eu\/comunicati\/#\/schema\/person\/552a3924a134de7e9b646a9caf376225\",\"name\":\"colombo\",\"image\":{\"@type\":\"ImageObject\",\"inLanguage\":\"it-IT\",\"@id\":\"https:\/\/www.article-marketing.eu\/comunicati\/#\/schema\/person\/image\/\",\"url\":\"https:\/\/secure.gravatar.com\/avatar\/cc251a7e3b2b3b74ca72128bfb9b6c9580ff25629ee758e6ed9e734c41a92e8d?s=96&d=mm&r=g\",\"contentUrl\":\"https:\/\/secure.gravatar.com\/avatar\/cc251a7e3b2b3b74ca72128bfb9b6c9580ff25629ee758e6ed9e734c41a92e8d?s=96&d=mm&r=g\",\"caption\":\"colombo\"},\"url\":\"https:\/\/www.article-marketing.eu\/comunicati\/author\/colombo\/\"}]}<\/script>\n<!-- \/ Yoast SEO plugin. -->","yoast_head_json":{"title":"Diabete e prediabete: il campanello d\u2019allarme spesso sottovalutato - Article Marketing","robots":{"index":"index","follow":"follow","max-snippet":"max-snippet:-1","max-image-preview":"max-image-preview:large","max-video-preview":"max-video-preview:-1"},"canonical":"https:\/\/www.article-marketing.eu\/comunicati\/dieta-e-alimentazione\/diabete-e-prediabete-il-campanello-dallarme-spesso-sottovalutato\/","og_locale":"it_IT","og_type":"article","og_title":"Diabete e prediabete: il campanello d\u2019allarme spesso sottovalutato - Article Marketing","og_description":"Scoperto un legame tra diabete ed uno stato emotivo molto diffuso e spesso sottovalutato. Tristezza, rabbia e ansia sono alcune delle sensazioni che per diverse persone obese che convivono con diabete o con il prediabete, sono parte della vita quotidiana. Un nuovo studio della Iowa State University suggerisce che tali sentimenti negativi possono derivare da problemi nel regolare i livelli di zucchero nel sangue che influenzano la risposta emotiva nelContinue reading...","og_url":"https:\/\/www.article-marketing.eu\/comunicati\/dieta-e-alimentazione\/diabete-e-prediabete-il-campanello-dallarme-spesso-sottovalutato\/","og_site_name":"Article Marketing","article_published_time":"2018-05-10T07:04:58+00:00","article_modified_time":"2018-05-10T07:38:37+00:00","og_image":[{"width":640,"height":330,"url":"https:\/\/www.article-marketing.eu\/comunicati\/wp-content\/uploads\/2018\/05\/8957cdb923577254a379ba7727ba27c5.png","type":"image\/png"}],"author":"colombo","twitter_card":"summary_large_image","twitter_misc":{"Scritto da":"colombo","Tempo di lettura stimato":"2 minuti"},"schema":{"@context":"https:\/\/schema.org","@graph":[{"@type":"Article","@id":"https:\/\/www.article-marketing.eu\/comunicati\/dieta-e-alimentazione\/diabete-e-prediabete-il-campanello-dallarme-spesso-sottovalutato\/#article","isPartOf":{"@id":"https:\/\/www.article-marketing.eu\/comunicati\/dieta-e-alimentazione\/diabete-e-prediabete-il-campanello-dallarme-spesso-sottovalutato\/"},"author":{"name":"colombo","@id":"https:\/\/www.article-marketing.eu\/comunicati\/#\/schema\/person\/552a3924a134de7e9b646a9caf376225"},"headline":"Diabete e prediabete: il campanello d\u2019allarme spesso sottovalutato","datePublished":"2018-05-10T07:04:58+00:00","dateModified":"2018-05-10T07:38:37+00:00","mainEntityOfPage":{"@id":"https:\/\/www.article-marketing.eu\/comunicati\/dieta-e-alimentazione\/diabete-e-prediabete-il-campanello-dallarme-spesso-sottovalutato\/"},"wordCount":320,"image":{"@id":"https:\/\/www.article-marketing.eu\/comunicati\/dieta-e-alimentazione\/diabete-e-prediabete-il-campanello-dallarme-spesso-sottovalutato\/#primaryimage"},"thumbnailUrl":"https:\/\/www.article-marketing.eu\/comunicati\/wp-content\/uploads\/2018\/05\/8957cdb923577254a379ba7727ba27c5.png","keywords":["diabete"],"articleSection":["Dieta e Alimentazione"],"inLanguage":"it-IT"},{"@type":"WebPage","@id":"https:\/\/www.article-marketing.eu\/comunicati\/dieta-e-alimentazione\/diabete-e-prediabete-il-campanello-dallarme-spesso-sottovalutato\/","url":"https:\/\/www.article-marketing.eu\/comunicati\/dieta-e-alimentazione\/diabete-e-prediabete-il-campanello-dallarme-spesso-sottovalutato\/","name":"Diabete e prediabete: il campanello d\u2019allarme spesso sottovalutato - Article Marketing","isPartOf":{"@id":"https:\/\/www.article-marketing.eu\/comunicati\/#website"},"primaryImageOfPage":{"@id":"https:\/\/www.article-marketing.eu\/comunicati\/dieta-e-alimentazione\/diabete-e-prediabete-il-campanello-dallarme-spesso-sottovalutato\/#primaryimage"},"image":{"@id":"https:\/\/www.article-marketing.eu\/comunicati\/dieta-e-alimentazione\/diabete-e-prediabete-il-campanello-dallarme-spesso-sottovalutato\/#primaryimage"},"thumbnailUrl":"https:\/\/www.article-marketing.eu\/comunicati\/wp-content\/uploads\/2018\/05\/8957cdb923577254a379ba7727ba27c5.png","datePublished":"2018-05-10T07:04:58+00:00","dateModified":"2018-05-10T07:38:37+00:00","author":{"@id":"https:\/\/www.article-marketing.eu\/comunicati\/#\/schema\/person\/552a3924a134de7e9b646a9caf376225"},"breadcrumb":{"@id":"https:\/\/www.article-marketing.eu\/comunicati\/dieta-e-alimentazione\/diabete-e-prediabete-il-campanello-dallarme-spesso-sottovalutato\/#breadcrumb"},"inLanguage":"it-IT","potentialAction":[{"@type":"ReadAction","target":["https:\/\/www.article-marketing.eu\/comunicati\/dieta-e-alimentazione\/diabete-e-prediabete-il-campanello-dallarme-spesso-sottovalutato\/"]}]},{"@type":"ImageObject","inLanguage":"it-IT","@id":"https:\/\/www.article-marketing.eu\/comunicati\/dieta-e-alimentazione\/diabete-e-prediabete-il-campanello-dallarme-spesso-sottovalutato\/#primaryimage","url":"https:\/\/www.article-marketing.eu\/comunicati\/wp-content\/uploads\/2018\/05\/8957cdb923577254a379ba7727ba27c5.png","contentUrl":"https:\/\/www.article-marketing.eu\/comunicati\/wp-content\/uploads\/2018\/05\/8957cdb923577254a379ba7727ba27c5.png","width":640,"height":330,"caption":"diabete"},{"@type":"BreadcrumbList","@id":"https:\/\/www.article-marketing.eu\/comunicati\/dieta-e-alimentazione\/diabete-e-prediabete-il-campanello-dallarme-spesso-sottovalutato\/#breadcrumb","itemListElement":[{"@type":"ListItem","position":1,"name":"Home","item":"https:\/\/www.article-marketing.eu\/comunicati\/"},{"@type":"ListItem","position":2,"name":"Diabete e prediabete: il campanello d\u2019allarme spesso sottovalutato"}]},{"@type":"WebSite","@id":"https:\/\/www.article-marketing.eu\/comunicati\/#website","url":"https:\/\/www.article-marketing.eu\/comunicati\/","name":"Article Marketing","description":"article marketing &amp; press release","potentialAction":[{"@type":"SearchAction","target":{"@type":"EntryPoint","urlTemplate":"https:\/\/www.article-marketing.eu\/comunicati\/?s={search_term_string}"},"query-input":{"@type":"PropertyValueSpecification","valueRequired":true,"valueName":"search_term_string"}}],"inLanguage":"it-IT"},{"@type":"Person","@id":"https:\/\/www.article-marketing.eu\/comunicati\/#\/schema\/person\/552a3924a134de7e9b646a9caf376225","name":"colombo","image":{"@type":"ImageObject","inLanguage":"it-IT","@id":"https:\/\/www.article-marketing.eu\/comunicati\/#\/schema\/person\/image\/","url":"https:\/\/secure.gravatar.com\/avatar\/cc251a7e3b2b3b74ca72128bfb9b6c9580ff25629ee758e6ed9e734c41a92e8d?s=96&d=mm&r=g","contentUrl":"https:\/\/secure.gravatar.com\/avatar\/cc251a7e3b2b3b74ca72128bfb9b6c9580ff25629ee758e6ed9e734c41a92e8d?s=96&d=mm&r=g","caption":"colombo"},"url":"https:\/\/www.article-marketing.eu\/comunicati\/author\/colombo\/"}]}},"_links":{"self":[{"href":"https:\/\/www.article-marketing.eu\/comunicati\/wp-json\/wp\/v2\/posts\/54891","targetHints":{"allow":["GET"]}}],"collection":[{"href":"https:\/\/www.article-marketing.eu\/comunicati\/wp-json\/wp\/v2\/posts"}],"about":[{"href":"https:\/\/www.article-marketing.eu\/comunicati\/wp-json\/wp\/v2\/types\/post"}],"author":[{"embeddable":true,"href":"https:\/\/www.article-marketing.eu\/comunicati\/wp-json\/wp\/v2\/users\/5"}],"replies":[{"embeddable":true,"href":"https:\/\/www.article-marketing.eu\/comunicati\/wp-json\/wp\/v2\/comments?post=54891"}],"version-history":[{"count":1,"href":"https:\/\/www.article-marketing.eu\/comunicati\/wp-json\/wp\/v2\/posts\/54891\/revisions"}],"predecessor-version":[{"id":54957,"href":"https:\/\/www.article-marketing.eu\/comunicati\/wp-json\/wp\/v2\/posts\/54891\/revisions\/54957"}],"wp:featuredmedia":[{"embeddable":true,"href":"https:\/\/www.article-marketing.eu\/comunicati\/wp-json\/wp\/v2\/media\/54843"}],"wp:attachment":[{"href":"https:\/\/www.article-marketing.eu\/comunicati\/wp-json\/wp\/v2\/media?parent=54891"}],"wp:term":[{"taxonomy":"category","embeddable":true,"href":"https:\/\/www.article-marketing.eu\/comunicati\/wp-json\/wp\/v2\/categories?post=54891"},{"taxonomy":"post_tag","embeddable":true,"href":"https:\/\/www.article-marketing.eu\/comunicati\/wp-json\/wp\/v2\/tags?post=54891"}],"curies":[{"name":"wp","href":"https:\/\/api.w.org\/{rel}","templated":true}]}}