{"id":54909,"date":"2018-05-10T09:49:05","date_gmt":"2018-05-10T07:49:05","guid":{"rendered":"http:\/\/www.italia-news.com\/blog\/?p=516"},"modified":"2020-08-10T01:16:30","modified_gmt":"2020-08-09T23:16:30","slug":"altro-che-bullismo-cosi-il-volontariato-cambia-i-ragazzi-discoli","status":"publish","type":"post","link":"https:\/\/www.article-marketing.eu\/comunicati\/volontariato-e-societa\/altro-che-bullismo-cosi-il-volontariato-cambia-i-ragazzi-discoli\/","title":{"rendered":"Volontariato anche per cambiare i \u201cragazzi discoli\u201d"},"content":{"rendered":"<h1>Volontariato contro il bullismo<\/h1>\n<p>Don Lorenzo Milani lo aveva scritto chiaramente, insieme ai suoi ragazzi, in \u201cLettera ad una professoressa\u201d nel 1966: \u201cSe si perde loro (gli ultimi, ndr) la scuola non \u00e8 pi\u00f9 scuola. \u00c8 un ospedale che cura i sani e respinge i malati\u201d. Il termine \u201cbullismo\u201d ancora non era nato all\u2019epoca di don Milani, ma \u00e8 suo l\u2019insegnamento alla base di <strong>\u201cS\u00ec, possiamo cambiare\u201d<\/strong>, il progetto di riconciliazione, cio\u00e8 di misura alternativa alla sospensione scolastica, del Centro di servizio per il volontariato di Padova <strong>dedicato ai \u201cragazzi discoli\u201d<\/strong>.<\/p>\n<p><strong>-Dietro l\u2019etichetta \u201cbullismo\u201d.\u00a0<\/strong>\u201cIl progetto \u00e8 rivolto a studenti che sono stati sanzionati per comportamenti scorretti, &#8211; spiega Mario Polisciano, psicologo esperto in contesti educativi e operatore del Csv. \u2013 L\u2019obiettivo \u00e8 portarli a mettere in gioco le loro potenzialit\u00e0 e competenze in contesti diversi da quello della scuola, per far loro riconquistare maggior consapevolezza degli altri, di s\u00e9 stessi e quindi dei propri desideri di futuro, ridando senso al proprio percorso di vita e scolastico\u201d. In pratica, lo studente realizza un percorso individuale che <strong>trasforma la sospensione in una opportunit\u00e0 attraverso il volontariato<\/strong>.<\/p>\n<p>Dal 2010, anno in cui \u00e8 nato il progetto, il fenomeno bullismo \u00e8 esploso arrivando ad interessare tutti i livelli scolastici a partire dalle scuole primarie, e fa spesso notizia. Ci\u00f2 che per\u00f2 il Csv di Padova ha potuto constatare attraverso le centinaia di ragazzi incontrati \u00e8 che spesso <strong>ci\u00f2 che viene velocemente etichettato come \u201cbullismo\u201d in realt\u00e0 \u00e8 \u201cun fenomeno complesso<\/strong> che da un lato pu\u00f2 nascondere difficolt\u00e0 familiari, sociali o relazionali che dovrebbero essere riconosciute e prese in carico anche dalla scuola, dall\u2019altro lato consiste a volte in poco pi\u00f9 che bravate\u201d, prosegue Polisciano.<\/p>\n<p><strong>Dal colloquio al volontariato.\u00a0<\/strong>In caso di necessit\u00e0 gli istituti scolastici che aderiscono a \u201cS\u00ec, possiamo cambiare\u201d prendono contatto con il Csv di Padova per avviare un colloquio conoscitivo tra il suo psicologo, il ragazzo sanzionato, l\u2019insegnante e i genitori. In seguito viene definita l\u2019esperienza di volontariato da far svolgere al ragazzo in alternativa alla sospensione, che viene monitorata in itinere e al termine per verificarne la buona riuscita. Il gruppo di lavoro organizzato dal Csv \u00e8 composto da: psicologo, psicoterapeuta e mediatore familiare. In alcuni casi particolarmente delicati o di coinvolgimento di pi\u00f9 ragazzi vengono concordati anche incontri con l\u2019intero gruppo classe.<\/p>\n<p><strong>E qualcuno prosegue&#8230;\u00a0<\/strong>Tutte le esperienze sono svolte in ambiti costruttivi senza alcun rischio emotivo per i ragazzi; si tratta di servizi in ambito interculturale (doposcuola a minori), con bambini (attivit\u00e0 ricreative e doposcuola), anziani (attivit\u00e0 ricreative), persone con disabilit\u00e0 (laboratori creativi, teatrali, musicali, di cucina), persone senza fissa dimora, in ambito culturale (laboratori creativi e di semplici riparazioni e riutilizzo di materiale di scarto) e in ambito equosolidale. I periodi di volontariato sono riconosciuti come molto validi da insegnanti, dirigenti scolastici e famiglie oltre che dagli stessi ragazzi che, in alcuni casi, proseguono il loro impegno in associazione al di l\u00e0 dell\u2019esperienza concordata.<\/p>\n<p><strong>I ragazzi coinvolti sono un centinaio l\u2019anno<\/strong> e una trentina le associazioni che li accolgono e li seguono in questo percorso di <strong>trasformazione in opera d\u2019arte<\/strong>, come la intendeva don Milani, sempre in \u201cLettera ad una professoressa\u201d: \u201cCos\u00ec abbiamo capito cos\u2019\u00e8 un\u2019opera d\u2019arte. \u00c8 voler male a qualcuno o a qualcosa. Ripensarci sopra a lungo. Farsi aiutare dagli amici in un paziente lavoro di squadra. Pian piano viene fuori quello che di vero c\u2019\u00e8 sotto l\u2019odio. Nasce l\u2019opera d\u2019arte: una mano tesa al nemico perch\u00e9 cambi.\u201d (Anna Doneg\u00e0-Donatella Gasperi)<\/p>\n<p>FONTE:\u00a0<strong>redattoresociale.it<\/p>\n<p>Per bullismo e cyberbullismo vedi anche<br \/>\n<a href=\"http:\/\/www.miur.gov.it\/bullismo-e-cyberbullismo\">http:\/\/www.miur.gov.it\/bullismo-e-cyberbullismo<\/a><br \/>\n<\/strong><\/p>\n","protected":false},"excerpt":{"rendered":"<p>Volontariato contro il bullismo Don Lorenzo Milani lo aveva scritto chiaramente, insieme ai suoi ragazzi, in \u201cLettera ad una professoressa\u201d nel 1966: \u201cSe si perde loro (gli ultimi, ndr) la scuola non \u00e8 pi\u00f9 scuola. \u00c8 un ospedale che cura i sani e respinge i malati\u201d. Il termine \u201cbullismo\u201d ancora non era nato all\u2019epoca di don Milani, ma \u00e8 suo l\u2019insegnamento alla base di \u201cS\u00ec, possiamo cambiare\u201d, il progetto di<\/p>\n<p><a class=\"continue-reading\" href=\"https:\/\/www.article-marketing.eu\/comunicati\/volontariato-e-societa\/altro-che-bullismo-cosi-il-volontariato-cambia-i-ragazzi-discoli\/\">Continue reading&#8230;<\/a><\/p>\n","protected":false},"author":2,"featured_media":0,"comment_status":"closed","ping_status":"closed","sticky":false,"template":"","format":"standard","meta":{"cybocfi_hide_featured_image":"","footnotes":""},"categories":[55897],"tags":[41704,1707],"class_list":["post-54909","post","type-post","status-publish","format-standard","hentry","category-volontariato-e-societa","tag-bullismo","tag-volontariato"],"yoast_head":"<!-- This site is optimized with the Yoast SEO plugin v27.0 - https:\/\/yoast.com\/product\/yoast-seo-wordpress\/ -->\n<title>Volontariato anche per cambiare i \u201cragazzi discoli\u201d contro il bullismo<\/title>\n<meta name=\"description\" content=\"-Dietro l\u2019etichetta \u201cbullismo\u201d.\u00a0\u201cIl progetto \u00e8 rivolto a studenti che sono stati sanzionati per comportamenti scorretti, - spiega Mario Polisciano, psicologo esperto in contesti educativi e operatore del Csv.\" \/>\n<meta name=\"robots\" content=\"index, follow, max-snippet:-1, max-image-preview:large, max-video-preview:-1\" \/>\n<link rel=\"canonical\" href=\"https:\/\/www.article-marketing.eu\/comunicati\/volontariato-e-societa\/altro-che-bullismo-cosi-il-volontariato-cambia-i-ragazzi-discoli\/\" \/>\n<meta property=\"og:locale\" content=\"it_IT\" \/>\n<meta property=\"og:type\" content=\"article\" \/>\n<meta property=\"og:title\" content=\"Volontariato anche per cambiare i \u201cragazzi discoli\u201d contro il bullismo\" \/>\n<meta property=\"og:description\" content=\"-Dietro l\u2019etichetta \u201cbullismo\u201d.\u00a0\u201cIl progetto \u00e8 rivolto a studenti che sono stati sanzionati per comportamenti scorretti, - spiega Mario Polisciano, psicologo esperto in contesti educativi e operatore del Csv.\" \/>\n<meta property=\"og:url\" content=\"https:\/\/www.article-marketing.eu\/comunicati\/volontariato-e-societa\/altro-che-bullismo-cosi-il-volontariato-cambia-i-ragazzi-discoli\/\" \/>\n<meta property=\"og:site_name\" content=\"Article Marketing\" \/>\n<meta property=\"article:published_time\" content=\"2018-05-10T07:49:05+00:00\" \/>\n<meta property=\"article:modified_time\" content=\"2020-08-09T23:16:30+00:00\" \/>\n<meta name=\"author\" content=\"prosperica\" \/>\n<meta name=\"twitter:card\" content=\"summary_large_image\" \/>\n<meta name=\"twitter:label1\" content=\"Scritto da\" \/>\n\t<meta name=\"twitter:data1\" content=\"prosperica\" \/>\n\t<meta name=\"twitter:label2\" content=\"Tempo di lettura stimato\" \/>\n\t<meta name=\"twitter:data2\" content=\"3 minuti\" \/>\n<script type=\"application\/ld+json\" class=\"yoast-schema-graph\">{\"@context\":\"https:\/\/schema.org\",\"@graph\":[{\"@type\":\"Article\",\"@id\":\"https:\/\/www.article-marketing.eu\/comunicati\/volontariato-e-societa\/altro-che-bullismo-cosi-il-volontariato-cambia-i-ragazzi-discoli\/#article\",\"isPartOf\":{\"@id\":\"https:\/\/www.article-marketing.eu\/comunicati\/volontariato-e-societa\/altro-che-bullismo-cosi-il-volontariato-cambia-i-ragazzi-discoli\/\"},\"author\":{\"name\":\"prosperica\",\"@id\":\"https:\/\/www.article-marketing.eu\/comunicati\/#\/schema\/person\/06b0d56bb4e1d2a649d8326d694b2fa1\"},\"headline\":\"Volontariato anche per cambiare i \u201cragazzi discoli\u201d\",\"datePublished\":\"2018-05-10T07:49:05+00:00\",\"dateModified\":\"2020-08-09T23:16:30+00:00\",\"mainEntityOfPage\":{\"@id\":\"https:\/\/www.article-marketing.eu\/comunicati\/volontariato-e-societa\/altro-che-bullismo-cosi-il-volontariato-cambia-i-ragazzi-discoli\/\"},\"wordCount\":602,\"keywords\":[\"bullismo\",\"volontariato\"],\"articleSection\":[\"Volontariato e Societ\u00e0\"],\"inLanguage\":\"it-IT\"},{\"@type\":\"WebPage\",\"@id\":\"https:\/\/www.article-marketing.eu\/comunicati\/volontariato-e-societa\/altro-che-bullismo-cosi-il-volontariato-cambia-i-ragazzi-discoli\/\",\"url\":\"https:\/\/www.article-marketing.eu\/comunicati\/volontariato-e-societa\/altro-che-bullismo-cosi-il-volontariato-cambia-i-ragazzi-discoli\/\",\"name\":\"Volontariato anche per cambiare i \u201cragazzi discoli\u201d contro il bullismo\",\"isPartOf\":{\"@id\":\"https:\/\/www.article-marketing.eu\/comunicati\/#website\"},\"datePublished\":\"2018-05-10T07:49:05+00:00\",\"dateModified\":\"2020-08-09T23:16:30+00:00\",\"author\":{\"@id\":\"https:\/\/www.article-marketing.eu\/comunicati\/#\/schema\/person\/06b0d56bb4e1d2a649d8326d694b2fa1\"},\"description\":\"-Dietro l\u2019etichetta \u201cbullismo\u201d.\u00a0\u201cIl progetto \u00e8 rivolto a studenti che sono stati sanzionati per comportamenti scorretti, - spiega Mario Polisciano, psicologo esperto in contesti educativi e operatore del Csv.\",\"breadcrumb\":{\"@id\":\"https:\/\/www.article-marketing.eu\/comunicati\/volontariato-e-societa\/altro-che-bullismo-cosi-il-volontariato-cambia-i-ragazzi-discoli\/#breadcrumb\"},\"inLanguage\":\"it-IT\",\"potentialAction\":[{\"@type\":\"ReadAction\",\"target\":[\"https:\/\/www.article-marketing.eu\/comunicati\/volontariato-e-societa\/altro-che-bullismo-cosi-il-volontariato-cambia-i-ragazzi-discoli\/\"]}]},{\"@type\":\"BreadcrumbList\",\"@id\":\"https:\/\/www.article-marketing.eu\/comunicati\/volontariato-e-societa\/altro-che-bullismo-cosi-il-volontariato-cambia-i-ragazzi-discoli\/#breadcrumb\",\"itemListElement\":[{\"@type\":\"ListItem\",\"position\":1,\"name\":\"Home\",\"item\":\"https:\/\/www.article-marketing.eu\/comunicati\/\"},{\"@type\":\"ListItem\",\"position\":2,\"name\":\"Volontariato anche per cambiare i \u201cragazzi discoli\u201d\"}]},{\"@type\":\"WebSite\",\"@id\":\"https:\/\/www.article-marketing.eu\/comunicati\/#website\",\"url\":\"https:\/\/www.article-marketing.eu\/comunicati\/\",\"name\":\"Article Marketing\",\"description\":\"article marketing &amp; press release\",\"potentialAction\":[{\"@type\":\"SearchAction\",\"target\":{\"@type\":\"EntryPoint\",\"urlTemplate\":\"https:\/\/www.article-marketing.eu\/comunicati\/?s={search_term_string}\"},\"query-input\":{\"@type\":\"PropertyValueSpecification\",\"valueRequired\":true,\"valueName\":\"search_term_string\"}}],\"inLanguage\":\"it-IT\"},{\"@type\":\"Person\",\"@id\":\"https:\/\/www.article-marketing.eu\/comunicati\/#\/schema\/person\/06b0d56bb4e1d2a649d8326d694b2fa1\",\"name\":\"prosperica\",\"image\":{\"@type\":\"ImageObject\",\"inLanguage\":\"it-IT\",\"@id\":\"https:\/\/www.article-marketing.eu\/comunicati\/#\/schema\/person\/image\/\",\"url\":\"https:\/\/secure.gravatar.com\/avatar\/912734927eb8a51935964ae4aaf65065bab0bd4856fa4b8933c555af3c4eef43?s=96&d=mm&r=g\",\"contentUrl\":\"https:\/\/secure.gravatar.com\/avatar\/912734927eb8a51935964ae4aaf65065bab0bd4856fa4b8933c555af3c4eef43?s=96&d=mm&r=g\",\"caption\":\"prosperica\"},\"url\":\"https:\/\/www.article-marketing.eu\/comunicati\/author\/prosperica\/\"}]}<\/script>\n<!-- \/ Yoast SEO plugin. -->","yoast_head_json":{"title":"Volontariato anche per cambiare i \u201cragazzi discoli\u201d contro il bullismo","description":"-Dietro l\u2019etichetta \u201cbullismo\u201d.\u00a0\u201cIl progetto \u00e8 rivolto a studenti che sono stati sanzionati per comportamenti scorretti, - spiega Mario Polisciano, psicologo esperto in contesti educativi e operatore del Csv.","robots":{"index":"index","follow":"follow","max-snippet":"max-snippet:-1","max-image-preview":"max-image-preview:large","max-video-preview":"max-video-preview:-1"},"canonical":"https:\/\/www.article-marketing.eu\/comunicati\/volontariato-e-societa\/altro-che-bullismo-cosi-il-volontariato-cambia-i-ragazzi-discoli\/","og_locale":"it_IT","og_type":"article","og_title":"Volontariato anche per cambiare i \u201cragazzi discoli\u201d contro il bullismo","og_description":"-Dietro l\u2019etichetta \u201cbullismo\u201d.\u00a0\u201cIl progetto \u00e8 rivolto a studenti che sono stati sanzionati per comportamenti scorretti, - spiega Mario Polisciano, psicologo esperto in contesti educativi e operatore del Csv.","og_url":"https:\/\/www.article-marketing.eu\/comunicati\/volontariato-e-societa\/altro-che-bullismo-cosi-il-volontariato-cambia-i-ragazzi-discoli\/","og_site_name":"Article Marketing","article_published_time":"2018-05-10T07:49:05+00:00","article_modified_time":"2020-08-09T23:16:30+00:00","author":"prosperica","twitter_card":"summary_large_image","twitter_misc":{"Scritto da":"prosperica","Tempo di lettura stimato":"3 minuti"},"schema":{"@context":"https:\/\/schema.org","@graph":[{"@type":"Article","@id":"https:\/\/www.article-marketing.eu\/comunicati\/volontariato-e-societa\/altro-che-bullismo-cosi-il-volontariato-cambia-i-ragazzi-discoli\/#article","isPartOf":{"@id":"https:\/\/www.article-marketing.eu\/comunicati\/volontariato-e-societa\/altro-che-bullismo-cosi-il-volontariato-cambia-i-ragazzi-discoli\/"},"author":{"name":"prosperica","@id":"https:\/\/www.article-marketing.eu\/comunicati\/#\/schema\/person\/06b0d56bb4e1d2a649d8326d694b2fa1"},"headline":"Volontariato anche per cambiare i \u201cragazzi discoli\u201d","datePublished":"2018-05-10T07:49:05+00:00","dateModified":"2020-08-09T23:16:30+00:00","mainEntityOfPage":{"@id":"https:\/\/www.article-marketing.eu\/comunicati\/volontariato-e-societa\/altro-che-bullismo-cosi-il-volontariato-cambia-i-ragazzi-discoli\/"},"wordCount":602,"keywords":["bullismo","volontariato"],"articleSection":["Volontariato e Societ\u00e0"],"inLanguage":"it-IT"},{"@type":"WebPage","@id":"https:\/\/www.article-marketing.eu\/comunicati\/volontariato-e-societa\/altro-che-bullismo-cosi-il-volontariato-cambia-i-ragazzi-discoli\/","url":"https:\/\/www.article-marketing.eu\/comunicati\/volontariato-e-societa\/altro-che-bullismo-cosi-il-volontariato-cambia-i-ragazzi-discoli\/","name":"Volontariato anche per cambiare i \u201cragazzi discoli\u201d contro il bullismo","isPartOf":{"@id":"https:\/\/www.article-marketing.eu\/comunicati\/#website"},"datePublished":"2018-05-10T07:49:05+00:00","dateModified":"2020-08-09T23:16:30+00:00","author":{"@id":"https:\/\/www.article-marketing.eu\/comunicati\/#\/schema\/person\/06b0d56bb4e1d2a649d8326d694b2fa1"},"description":"-Dietro l\u2019etichetta \u201cbullismo\u201d.\u00a0\u201cIl progetto \u00e8 rivolto a studenti che sono stati sanzionati per comportamenti scorretti, - spiega Mario Polisciano, psicologo esperto in contesti educativi e operatore del Csv.","breadcrumb":{"@id":"https:\/\/www.article-marketing.eu\/comunicati\/volontariato-e-societa\/altro-che-bullismo-cosi-il-volontariato-cambia-i-ragazzi-discoli\/#breadcrumb"},"inLanguage":"it-IT","potentialAction":[{"@type":"ReadAction","target":["https:\/\/www.article-marketing.eu\/comunicati\/volontariato-e-societa\/altro-che-bullismo-cosi-il-volontariato-cambia-i-ragazzi-discoli\/"]}]},{"@type":"BreadcrumbList","@id":"https:\/\/www.article-marketing.eu\/comunicati\/volontariato-e-societa\/altro-che-bullismo-cosi-il-volontariato-cambia-i-ragazzi-discoli\/#breadcrumb","itemListElement":[{"@type":"ListItem","position":1,"name":"Home","item":"https:\/\/www.article-marketing.eu\/comunicati\/"},{"@type":"ListItem","position":2,"name":"Volontariato anche per cambiare i \u201cragazzi discoli\u201d"}]},{"@type":"WebSite","@id":"https:\/\/www.article-marketing.eu\/comunicati\/#website","url":"https:\/\/www.article-marketing.eu\/comunicati\/","name":"Article Marketing","description":"article marketing &amp; press release","potentialAction":[{"@type":"SearchAction","target":{"@type":"EntryPoint","urlTemplate":"https:\/\/www.article-marketing.eu\/comunicati\/?s={search_term_string}"},"query-input":{"@type":"PropertyValueSpecification","valueRequired":true,"valueName":"search_term_string"}}],"inLanguage":"it-IT"},{"@type":"Person","@id":"https:\/\/www.article-marketing.eu\/comunicati\/#\/schema\/person\/06b0d56bb4e1d2a649d8326d694b2fa1","name":"prosperica","image":{"@type":"ImageObject","inLanguage":"it-IT","@id":"https:\/\/www.article-marketing.eu\/comunicati\/#\/schema\/person\/image\/","url":"https:\/\/secure.gravatar.com\/avatar\/912734927eb8a51935964ae4aaf65065bab0bd4856fa4b8933c555af3c4eef43?s=96&d=mm&r=g","contentUrl":"https:\/\/secure.gravatar.com\/avatar\/912734927eb8a51935964ae4aaf65065bab0bd4856fa4b8933c555af3c4eef43?s=96&d=mm&r=g","caption":"prosperica"},"url":"https:\/\/www.article-marketing.eu\/comunicati\/author\/prosperica\/"}]}},"_links":{"self":[{"href":"https:\/\/www.article-marketing.eu\/comunicati\/wp-json\/wp\/v2\/posts\/54909","targetHints":{"allow":["GET"]}}],"collection":[{"href":"https:\/\/www.article-marketing.eu\/comunicati\/wp-json\/wp\/v2\/posts"}],"about":[{"href":"https:\/\/www.article-marketing.eu\/comunicati\/wp-json\/wp\/v2\/types\/post"}],"author":[{"embeddable":true,"href":"https:\/\/www.article-marketing.eu\/comunicati\/wp-json\/wp\/v2\/users\/2"}],"replies":[{"embeddable":true,"href":"https:\/\/www.article-marketing.eu\/comunicati\/wp-json\/wp\/v2\/comments?post=54909"}],"version-history":[{"count":1,"href":"https:\/\/www.article-marketing.eu\/comunicati\/wp-json\/wp\/v2\/posts\/54909\/revisions"}],"predecessor-version":[{"id":54967,"href":"https:\/\/www.article-marketing.eu\/comunicati\/wp-json\/wp\/v2\/posts\/54909\/revisions\/54967"}],"wp:attachment":[{"href":"https:\/\/www.article-marketing.eu\/comunicati\/wp-json\/wp\/v2\/media?parent=54909"}],"wp:term":[{"taxonomy":"category","embeddable":true,"href":"https:\/\/www.article-marketing.eu\/comunicati\/wp-json\/wp\/v2\/categories?post=54909"},{"taxonomy":"post_tag","embeddable":true,"href":"https:\/\/www.article-marketing.eu\/comunicati\/wp-json\/wp\/v2\/tags?post=54909"}],"curies":[{"name":"wp","href":"https:\/\/api.w.org\/{rel}","templated":true}]}}