{"id":5525,"date":"2010-06-21T15:32:04","date_gmt":"2010-06-21T13:32:04","guid":{"rendered":"http:\/\/www.article-marketing.eu\/comunicati\/senza-categoria\/camerette-come-arredare-lambiente-di-crescita-dei-bambini\/"},"modified":"2010-06-21T15:32:04","modified_gmt":"2010-06-21T13:32:04","slug":"camerette-come-arredare-lambiente-di-crescita-dei-bambini","status":"publish","type":"post","link":"https:\/\/www.article-marketing.eu\/comunicati\/casa\/interni\/camerette-come-arredare-lambiente-di-crescita-dei-bambini\/","title":{"rendered":"Camerette: come arredare l\u2019ambiente di crescita dei bambini"},"content":{"rendered":"<p>L\u2019arredamento della cameretta gioca un ruolo fondamentale nella crescita e nello sviluppo dei nostri bambini e ragazzi. E\u2019 in fin dei conti, l\u2019ambiente dove passano la maggior parte del loro tempo non solo per dormire, ma per giocare, studiare, rilassarsi.<br \/>E\u2019 di fondamentale importanza che l\u2019arredamento della cameretta risponda a determinati requisiti di qualit\u00e0, resistenza e soprattutto sicurezza. I materiali impiegati devono essere di ottima qualit\u00e0 e possibilmente certificati da appositi enti in materia di rilascio di sostanze dannose per l\u2019organismo. Infatti il 99% dei mobili costruiti al giorno d\u2019oggi, impiegano per strutture ed ante, pannelli di truciolare tristemente famosi in passato per il progressivo rilascio di formaldeide, sostanza assai tossica per la salute dei nostri ragazzi. <br \/>Fortunatamente le aziende pi\u00f9 serie che operano nel campo dell\u2019<a href=\"http:\/\/www.porrospaziogiovane.it\" title=\"letti a scomparsa\">arredamento camerette<\/a>, sono corse ai ripari utilizzando per la loro produzione solo pannelli certificati a bassisima o nulla emissione.&nbsp; &nbsp;<br \/>Altro aspetto fondamentale nella scelta della nuova cameretta, \u00e8 certamente la sicurezza; come detto i bambini usano la cameretta come un parco giochi e la necessit\u00e0 di studiare i mobili con un certo criterio si rivela sempre la scelta migliore. I produttori studiano i loro programmi cameretta cercando di smussare ogni angolo o spigolo vivo, fornendo spalliere e paratie per ogni elemento possibilmente pericoloso e utilizzando materiali adatti ad attutire gli urti nelle zone pi\u00f9 a rischio.<\/p>\n<p>Ovviamente non bisogna trascurare l\u2019aspetto pi\u00f9 caro alle mamme, ovvero la possibilit\u00e0 di riordinare e svolgere le faccende domestiche nel modo pi\u00f9 agevole possibile. <br \/>E proprio questo aspetto che le case produttrici di camerette per ragazzi hanno studiato a fondo, creando soluzioni come quelle dotate di letti scorrevoli, letti a scomparsa o letti a castello basculanti. In tal senso, rifare il letto, specie quelli a castello, \u00e8 diventata un\u2019attivit\u00e0 estremamente pi\u00f9 agevole di quanto non lo fosse in passato. <\/p>\n<p>Le camerette per ragazzi, soprattutto quelle deputate ad accogliere pi\u00f9 di un soggetto, devono rispondere anche all\u2019adeguamento delle tendenze in fatto di architettura. Gli spazi dedicati alla zona notte dei ragazzi sono sempre pi\u00f9 ristretti e per legge si pu\u00f2 arrivare a creare camerette di soli 9 mq. E\u2019 inevitabile che le soluzioni d\u2019arredo devono essere studiate anche per offrire capacit\u00e0 contenitiva e possibilit\u00e0 di trasformazione tra il giorno e la notte. In questa fascia si collocano tutte le soluzioni scorrevoli e a scomparsa oltre agli armadi a ponte con scrivanie e scrittoi estraibili.<\/p>\n<p>Ultimo, ma non meno importante, il design. La gamma colori e finiture dei produttori di camerette per ragazzi \u00e8 assai ampia e permette di creare le pi\u00f9 estrose e vivaci composizioni.<br \/>Quindi, quando vi recate ad acquistare la vostra nuova cameretta, non dimenticate di verificare con il rivenditore (o se siete fortunati e potete andare direttamente in fabbrica, con il produttore), i punti fondamentali esposti:<\/p>\n<p>\u00e8 sicura?<br \/>i materiali sono di qualit\u00e0 e\/o certificati?<br \/>offre soluzioni e meccanismi per poter agevolare le faccende domestiche?<br \/>in base ai metri quadri a disposizione, qual\u2019\u00e8 la soluzione pi\u00f9 adatta?<br \/>il design e le finiture mi permettono di personalizzare la cameretta e adattarla allo stile della mia casa e dei miei figli?<\/p>\n<p>Dimenticavo, c\u2019\u00e8 anche una variabile prezzo! Ma su questo argomento ognuno ha la propria esperienza.&nbsp;<\/p>\n","protected":false},"excerpt":{"rendered":"<p>Come arredare l\u2019ambiente di crescita dei bambini con camerette per bambini di alta qualit\u00e0.<\/p>\n","protected":false},"author":10,"featured_media":0,"comment_status":"open","ping_status":"open","sticky":false,"template":"","format":"standard","meta":{"cybocfi_hide_featured_image":"","footnotes":""},"categories":[574],"tags":[15364,15365,15366],"class_list":["post-5525","post","type-post","status-publish","format-standard","hentry","category-interni","tag-camerette-per-bambini","tag-camerette-per-ragazzi","tag-letti-a-scomparsa"],"yoast_head":"<!-- This site is optimized with the Yoast SEO plugin v27.0 - https:\/\/yoast.com\/product\/yoast-seo-wordpress\/ -->\n<title>Camerette: come arredare l\u2019ambiente di crescita dei bambini - Article Marketing<\/title>\n<meta name=\"robots\" content=\"index, follow, max-snippet:-1, max-image-preview:large, max-video-preview:-1\" \/>\n<link rel=\"canonical\" href=\"https:\/\/www.article-marketing.eu\/comunicati\/casa\/interni\/camerette-come-arredare-lambiente-di-crescita-dei-bambini\/\" \/>\n<meta property=\"og:locale\" content=\"it_IT\" \/>\n<meta property=\"og:type\" content=\"article\" \/>\n<meta property=\"og:title\" content=\"Camerette: come arredare l\u2019ambiente di crescita dei bambini - Article Marketing\" \/>\n<meta property=\"og:description\" content=\"Come arredare l\u2019ambiente di crescita dei bambini con camerette per bambini di alta qualit\u00e0.\" \/>\n<meta property=\"og:url\" content=\"https:\/\/www.article-marketing.eu\/comunicati\/casa\/interni\/camerette-come-arredare-lambiente-di-crescita-dei-bambini\/\" \/>\n<meta property=\"og:site_name\" content=\"Article Marketing\" \/>\n<meta property=\"article:published_time\" content=\"2010-06-21T13:32:04+00:00\" \/>\n<meta name=\"author\" content=\"Redazione Comunicati Stampa\" \/>\n<meta name=\"twitter:card\" content=\"summary_large_image\" \/>\n<meta name=\"twitter:label1\" content=\"Scritto da\" \/>\n\t<meta name=\"twitter:data1\" content=\"Redazione Comunicati Stampa\" \/>\n\t<meta name=\"twitter:label2\" content=\"Tempo di lettura stimato\" \/>\n\t<meta name=\"twitter:data2\" content=\"3 minuti\" \/>\n<script type=\"application\/ld+json\" class=\"yoast-schema-graph\">{\"@context\":\"https:\/\/schema.org\",\"@graph\":[{\"@type\":\"Article\",\"@id\":\"https:\/\/www.article-marketing.eu\/comunicati\/casa\/interni\/camerette-come-arredare-lambiente-di-crescita-dei-bambini\/#article\",\"isPartOf\":{\"@id\":\"https:\/\/www.article-marketing.eu\/comunicati\/casa\/interni\/camerette-come-arredare-lambiente-di-crescita-dei-bambini\/\"},\"author\":{\"name\":\"Redazione Comunicati Stampa\",\"@id\":\"https:\/\/www.article-marketing.eu\/comunicati\/#\/schema\/person\/44372e4d4d0fa797b18e03ed1ace9017\"},\"headline\":\"Camerette: come arredare l\u2019ambiente di crescita dei bambini\",\"datePublished\":\"2010-06-21T13:32:04+00:00\",\"mainEntityOfPage\":{\"@id\":\"https:\/\/www.article-marketing.eu\/comunicati\/casa\/interni\/camerette-come-arredare-lambiente-di-crescita-dei-bambini\/\"},\"wordCount\":545,\"commentCount\":0,\"keywords\":[\"camerette per bambini\",\"camerette per ragazzi\",\"letti a scomparsa\"],\"articleSection\":[\"Interni\"],\"inLanguage\":\"it-IT\",\"potentialAction\":[{\"@type\":\"CommentAction\",\"name\":\"Comment\",\"target\":[\"https:\/\/www.article-marketing.eu\/comunicati\/casa\/interni\/camerette-come-arredare-lambiente-di-crescita-dei-bambini\/#respond\"]}]},{\"@type\":\"WebPage\",\"@id\":\"https:\/\/www.article-marketing.eu\/comunicati\/casa\/interni\/camerette-come-arredare-lambiente-di-crescita-dei-bambini\/\",\"url\":\"https:\/\/www.article-marketing.eu\/comunicati\/casa\/interni\/camerette-come-arredare-lambiente-di-crescita-dei-bambini\/\",\"name\":\"Camerette: come arredare l\u2019ambiente di crescita dei bambini - Article Marketing\",\"isPartOf\":{\"@id\":\"https:\/\/www.article-marketing.eu\/comunicati\/#website\"},\"datePublished\":\"2010-06-21T13:32:04+00:00\",\"author\":{\"@id\":\"https:\/\/www.article-marketing.eu\/comunicati\/#\/schema\/person\/44372e4d4d0fa797b18e03ed1ace9017\"},\"breadcrumb\":{\"@id\":\"https:\/\/www.article-marketing.eu\/comunicati\/casa\/interni\/camerette-come-arredare-lambiente-di-crescita-dei-bambini\/#breadcrumb\"},\"inLanguage\":\"it-IT\",\"potentialAction\":[{\"@type\":\"ReadAction\",\"target\":[\"https:\/\/www.article-marketing.eu\/comunicati\/casa\/interni\/camerette-come-arredare-lambiente-di-crescita-dei-bambini\/\"]}]},{\"@type\":\"BreadcrumbList\",\"@id\":\"https:\/\/www.article-marketing.eu\/comunicati\/casa\/interni\/camerette-come-arredare-lambiente-di-crescita-dei-bambini\/#breadcrumb\",\"itemListElement\":[{\"@type\":\"ListItem\",\"position\":1,\"name\":\"Home\",\"item\":\"https:\/\/www.article-marketing.eu\/comunicati\/\"},{\"@type\":\"ListItem\",\"position\":2,\"name\":\"Camerette: come arredare l\u2019ambiente di crescita dei bambini\"}]},{\"@type\":\"WebSite\",\"@id\":\"https:\/\/www.article-marketing.eu\/comunicati\/#website\",\"url\":\"https:\/\/www.article-marketing.eu\/comunicati\/\",\"name\":\"Article Marketing\",\"description\":\"article marketing &amp; press release\",\"potentialAction\":[{\"@type\":\"SearchAction\",\"target\":{\"@type\":\"EntryPoint\",\"urlTemplate\":\"https:\/\/www.article-marketing.eu\/comunicati\/?s={search_term_string}\"},\"query-input\":{\"@type\":\"PropertyValueSpecification\",\"valueRequired\":true,\"valueName\":\"search_term_string\"}}],\"inLanguage\":\"it-IT\"},{\"@type\":\"Person\",\"@id\":\"https:\/\/www.article-marketing.eu\/comunicati\/#\/schema\/person\/44372e4d4d0fa797b18e03ed1ace9017\",\"name\":\"Redazione Comunicati Stampa\",\"image\":{\"@type\":\"ImageObject\",\"inLanguage\":\"it-IT\",\"@id\":\"https:\/\/www.article-marketing.eu\/comunicati\/#\/schema\/person\/image\/\",\"url\":\"https:\/\/secure.gravatar.com\/avatar\/50e5c6421d3072f42e7ace803501602c60d75233d34e29fd05feb91c8760b792?s=96&d=mm&r=g\",\"contentUrl\":\"https:\/\/secure.gravatar.com\/avatar\/50e5c6421d3072f42e7ace803501602c60d75233d34e29fd05feb91c8760b792?s=96&d=mm&r=g\",\"caption\":\"Redazione Comunicati Stampa\"},\"url\":\"https:\/\/www.article-marketing.eu\/comunicati\/author\/redazione-comunicati-stampa\/\"}]}<\/script>\n<!-- \/ Yoast SEO plugin. -->","yoast_head_json":{"title":"Camerette: come arredare l\u2019ambiente di crescita dei bambini - Article Marketing","robots":{"index":"index","follow":"follow","max-snippet":"max-snippet:-1","max-image-preview":"max-image-preview:large","max-video-preview":"max-video-preview:-1"},"canonical":"https:\/\/www.article-marketing.eu\/comunicati\/casa\/interni\/camerette-come-arredare-lambiente-di-crescita-dei-bambini\/","og_locale":"it_IT","og_type":"article","og_title":"Camerette: come arredare l\u2019ambiente di crescita dei bambini - Article Marketing","og_description":"Come arredare l\u2019ambiente di crescita dei bambini con camerette per bambini di alta qualit\u00e0.","og_url":"https:\/\/www.article-marketing.eu\/comunicati\/casa\/interni\/camerette-come-arredare-lambiente-di-crescita-dei-bambini\/","og_site_name":"Article Marketing","article_published_time":"2010-06-21T13:32:04+00:00","author":"Redazione Comunicati Stampa","twitter_card":"summary_large_image","twitter_misc":{"Scritto da":"Redazione Comunicati Stampa","Tempo di lettura stimato":"3 minuti"},"schema":{"@context":"https:\/\/schema.org","@graph":[{"@type":"Article","@id":"https:\/\/www.article-marketing.eu\/comunicati\/casa\/interni\/camerette-come-arredare-lambiente-di-crescita-dei-bambini\/#article","isPartOf":{"@id":"https:\/\/www.article-marketing.eu\/comunicati\/casa\/interni\/camerette-come-arredare-lambiente-di-crescita-dei-bambini\/"},"author":{"name":"Redazione Comunicati Stampa","@id":"https:\/\/www.article-marketing.eu\/comunicati\/#\/schema\/person\/44372e4d4d0fa797b18e03ed1ace9017"},"headline":"Camerette: come arredare l\u2019ambiente di crescita dei bambini","datePublished":"2010-06-21T13:32:04+00:00","mainEntityOfPage":{"@id":"https:\/\/www.article-marketing.eu\/comunicati\/casa\/interni\/camerette-come-arredare-lambiente-di-crescita-dei-bambini\/"},"wordCount":545,"commentCount":0,"keywords":["camerette per bambini","camerette per ragazzi","letti a scomparsa"],"articleSection":["Interni"],"inLanguage":"it-IT","potentialAction":[{"@type":"CommentAction","name":"Comment","target":["https:\/\/www.article-marketing.eu\/comunicati\/casa\/interni\/camerette-come-arredare-lambiente-di-crescita-dei-bambini\/#respond"]}]},{"@type":"WebPage","@id":"https:\/\/www.article-marketing.eu\/comunicati\/casa\/interni\/camerette-come-arredare-lambiente-di-crescita-dei-bambini\/","url":"https:\/\/www.article-marketing.eu\/comunicati\/casa\/interni\/camerette-come-arredare-lambiente-di-crescita-dei-bambini\/","name":"Camerette: come arredare l\u2019ambiente di crescita dei bambini - Article Marketing","isPartOf":{"@id":"https:\/\/www.article-marketing.eu\/comunicati\/#website"},"datePublished":"2010-06-21T13:32:04+00:00","author":{"@id":"https:\/\/www.article-marketing.eu\/comunicati\/#\/schema\/person\/44372e4d4d0fa797b18e03ed1ace9017"},"breadcrumb":{"@id":"https:\/\/www.article-marketing.eu\/comunicati\/casa\/interni\/camerette-come-arredare-lambiente-di-crescita-dei-bambini\/#breadcrumb"},"inLanguage":"it-IT","potentialAction":[{"@type":"ReadAction","target":["https:\/\/www.article-marketing.eu\/comunicati\/casa\/interni\/camerette-come-arredare-lambiente-di-crescita-dei-bambini\/"]}]},{"@type":"BreadcrumbList","@id":"https:\/\/www.article-marketing.eu\/comunicati\/casa\/interni\/camerette-come-arredare-lambiente-di-crescita-dei-bambini\/#breadcrumb","itemListElement":[{"@type":"ListItem","position":1,"name":"Home","item":"https:\/\/www.article-marketing.eu\/comunicati\/"},{"@type":"ListItem","position":2,"name":"Camerette: come arredare l\u2019ambiente di crescita dei bambini"}]},{"@type":"WebSite","@id":"https:\/\/www.article-marketing.eu\/comunicati\/#website","url":"https:\/\/www.article-marketing.eu\/comunicati\/","name":"Article Marketing","description":"article marketing &amp; press release","potentialAction":[{"@type":"SearchAction","target":{"@type":"EntryPoint","urlTemplate":"https:\/\/www.article-marketing.eu\/comunicati\/?s={search_term_string}"},"query-input":{"@type":"PropertyValueSpecification","valueRequired":true,"valueName":"search_term_string"}}],"inLanguage":"it-IT"},{"@type":"Person","@id":"https:\/\/www.article-marketing.eu\/comunicati\/#\/schema\/person\/44372e4d4d0fa797b18e03ed1ace9017","name":"Redazione Comunicati Stampa","image":{"@type":"ImageObject","inLanguage":"it-IT","@id":"https:\/\/www.article-marketing.eu\/comunicati\/#\/schema\/person\/image\/","url":"https:\/\/secure.gravatar.com\/avatar\/50e5c6421d3072f42e7ace803501602c60d75233d34e29fd05feb91c8760b792?s=96&d=mm&r=g","contentUrl":"https:\/\/secure.gravatar.com\/avatar\/50e5c6421d3072f42e7ace803501602c60d75233d34e29fd05feb91c8760b792?s=96&d=mm&r=g","caption":"Redazione Comunicati Stampa"},"url":"https:\/\/www.article-marketing.eu\/comunicati\/author\/redazione-comunicati-stampa\/"}]}},"_links":{"self":[{"href":"https:\/\/www.article-marketing.eu\/comunicati\/wp-json\/wp\/v2\/posts\/5525","targetHints":{"allow":["GET"]}}],"collection":[{"href":"https:\/\/www.article-marketing.eu\/comunicati\/wp-json\/wp\/v2\/posts"}],"about":[{"href":"https:\/\/www.article-marketing.eu\/comunicati\/wp-json\/wp\/v2\/types\/post"}],"author":[{"embeddable":true,"href":"https:\/\/www.article-marketing.eu\/comunicati\/wp-json\/wp\/v2\/users\/10"}],"replies":[{"embeddable":true,"href":"https:\/\/www.article-marketing.eu\/comunicati\/wp-json\/wp\/v2\/comments?post=5525"}],"version-history":[{"count":0,"href":"https:\/\/www.article-marketing.eu\/comunicati\/wp-json\/wp\/v2\/posts\/5525\/revisions"}],"wp:attachment":[{"href":"https:\/\/www.article-marketing.eu\/comunicati\/wp-json\/wp\/v2\/media?parent=5525"}],"wp:term":[{"taxonomy":"category","embeddable":true,"href":"https:\/\/www.article-marketing.eu\/comunicati\/wp-json\/wp\/v2\/categories?post=5525"},{"taxonomy":"post_tag","embeddable":true,"href":"https:\/\/www.article-marketing.eu\/comunicati\/wp-json\/wp\/v2\/tags?post=5525"}],"curies":[{"name":"wp","href":"https:\/\/api.w.org\/{rel}","templated":true}]}}