{"id":553,"date":"2008-07-24T11:16:55","date_gmt":"2008-07-24T09:16:55","guid":{"rendered":"http:\/\/www.article-marketing.eu\/comunicati\/senza-categoria\/meningite-in-fase-di-attuazione-il-test-rapido\/"},"modified":"2018-06-04T20:08:06","modified_gmt":"2018-06-04T18:08:06","slug":"meningite-in-fase-di-attuazione-il-test-rapido","status":"publish","type":"post","link":"https:\/\/www.article-marketing.eu\/comunicati\/salute-e-benessere\/medicina\/meningite-in-fase-di-attuazione-il-test-rapido\/","title":{"rendered":"Meningite, in fase di attuazione il test rapido"},"content":{"rendered":"<p>TRIESTE, 23 luglio 2008 &#8211; Importante novit\u00e0 tutta italiana sul fronte della diagnosi precoce della meningite, una delle malattie pi\u00f9 pericolose e letali oggi conosciute. E\u2019 infatti in fase di attuazione un nuovo test rapido in grado di individuare in sole tre ore la presenza nel corpo umano di alcuni batteri particolarmente infettivi, fra i quali appunto anche il meningococco, responsabile della meningite fulminante. Grazie al nuovo test si accorcer\u00e0 enormemente il tempo necessario per esprimere la diagnosi della malattia, attualmente stabilito in circa tre giorni. In questo modo sar\u00e0 possibile procedere in modo pi\u00f9 tempestivo e mirato sia nella cura dei pazienti colpiti dalla malattia che nella profilassi per meningite dei possibili contagiati. \u201cIl test rivoluzioner\u00e0 completamente sia il modo di fare la diagnosi che la cura della meningite \u2013 dice la professoressa Chiara Azzari, direttore della Clinica Pediatrica II e responsabile del laboratorio di immunologia dell\u2019ospedale Meyer di Firenze che ha messo a punto il test rapido per la meningite in collaborazione con l\u2019universit\u00e0 del capoluogo toscano &#8211; Attualmente infatti \u00e8 necessario utilizzare tecniche di coltura microbiologica che davano un esito solo dopo 36 ore, a volte falsamente negativo a causa delle terapia antibiotica ad ampio spettro che viene subito praticata al paziente per contrastare l\u2019infezione. Ora invece siamo riusciti a mettere a punto un test basato sulla biologia molecolare di rapida esecuzione, alta specificit\u00e0 e sensibilit\u00e0 di gran lunga superiore ai metodi colturali: si esegue direttamente su campioni biologici come il sangue, d\u00e0 il risultato in tempo reale e permette di intervenire con una terapia antibiotica mirata e quindi pi\u00f9 efficace sia in caso di meningite che di altre patologie molto pericolose per l\u2019uomo, come la polmonite\u201d. Il nuovo test, una volta completata la fase progettuale, sar\u00e0 distribuito negli ospedali italiani dalla Eurospital di Trieste, una delle poche realt\u00e0 nazionali impegnate nella diagnostica con una propria ricerca e sviluppo e produttrice, fra l\u2019altro, del primo test rapido per la celiachia. \u201cSiamo molto onorati della collaborazione con l\u2019ospedale pediatrico Meyer di Firenze, importante centro riconosciuto e stimato in tutto il mondo \u2013 dice Marco Ferrari, direttore della Divisione Diagnostici di Eurospital \u2013 ma anche fiduciosi di essere in grado, entro un breve lasso di tempo, di mettere a disposizione di tutti gli ospedali del nostro Paese un importante risultato frutto esclusivo della ricerca italiana\u201d. Oltre al meningococco responsabile della meningite, il test individua la presenza di altri batteri particolarmente pericolosi per l\u2019uomo come lo pneumococco \u2013 causa di varie patologie come polmonite, pericardite e osteomielite\u2013 e l\u2019haemophilus influenzae (HI), che porta all\u2019uomo gravi infezioni delle vie aeree superiori e inferiori. Ma \u00e8 soprattutto per l\u2019individuazione della meningite fulminante da meningococco che il test potr\u00e0 rivelarsi estremamente prezioso, soprattutto alla luce dei numerosi casi che si sono verificati ultimamente in Italia, soprattutto nel Veneto e, pi\u00f9 di recente, in Lombardia. Estremamente pericolosa e contagiosa, la meningite \u00e8 una malattia infiammatoria delle membrane che rivestono l\u2019encefalo e del liquido cerebro-spinale. Causata nelle sue forme pi\u00f9 gravi dal meningococco, un batterio letale che nei paesi occidentali rappresenta uno dei fattori scatenanti pi\u00f9 frequenti della malattia, deve essere trattata immediatamente perch\u00e9 solo poche ore possono essere determinanti per la sorte del malato. Della meningite da meningococco muoiono attualmente ancora il 10 per cento dei pazienti. Molto difficile da diagnosticare soprattutto nei neonati e nei bambini piccoli, la meningite ha sintomi iniziali poco specifici come mal di testa, mialgie, fotofobia, febbre alta, alterazioni di coscienza, rigidit\u00e0 nucale, sepsi. Inoltre pu\u00f2 comportare crisi convulsive generalizzate, deficit di nervi cranici e, pi\u00f9 raramente, segni di lesione piramidale e setticemia.<\/p>\n","protected":false},"excerpt":{"rendered":"<p><i>Dai primi sintomi di meningite, basteranno solo poche ore per individuare la pericolosissima malattia, molto contagiosa e spesso letale. Un  test rapido in studio su licenza dell\u2019Eurospital di Trieste e prossimamente disponibile negli ospedali, consentir\u00e0 una  terapia antibiotica pi\u00f9 mirata ed efficace e render\u00e0  pi\u00f9 semplici e tempestive le operazioni di profilassi verso i possibili contagiati<\/i><\/p>\n","protected":false},"author":10,"featured_media":0,"comment_status":"open","ping_status":"open","sticky":false,"template":"","format":"standard","meta":{"cybocfi_hide_featured_image":"","footnotes":""},"categories":[70],"tags":[1963,1967,1966,1960,1961,1965,1962,1964],"class_list":["post-553","post","type-post","status-publish","format-standard","hentry","category-medicina","tag-diagnosi-precoce-meningite","tag-febbre-alta","tag-mal-di-testa","tag-meningite","tag-meningite-fulminante","tag-profilassi-meningite","tag-sintomi-meningite","tag-test-rapido-meningite"],"yoast_head":"<!-- This site is optimized with the Yoast SEO plugin v27.0 - https:\/\/yoast.com\/product\/yoast-seo-wordpress\/ -->\n<title>Meningite, in fase di attuazione il test rapido - Article Marketing<\/title>\n<meta name=\"robots\" content=\"index, follow, max-snippet:-1, max-image-preview:large, max-video-preview:-1\" \/>\n<link rel=\"canonical\" href=\"https:\/\/www.article-marketing.eu\/comunicati\/salute-e-benessere\/medicina\/meningite-in-fase-di-attuazione-il-test-rapido\/\" \/>\n<meta property=\"og:locale\" content=\"it_IT\" \/>\n<meta property=\"og:type\" content=\"article\" \/>\n<meta property=\"og:title\" content=\"Meningite, in fase di attuazione il test rapido - Article Marketing\" \/>\n<meta property=\"og:description\" content=\"Dai primi sintomi di meningite, basteranno solo poche ore per individuare la pericolosissima malattia, molto contagiosa e spesso letale. Un test rapido in studio su licenza dell\u2019Eurospital di Trieste e prossimamente disponibile negli ospedali, consentir\u00e0 una terapia antibiotica pi\u00f9 mirata ed efficace e render\u00e0 pi\u00f9 semplici e tempestive le operazioni di profilassi verso i possibili contagiati\" \/>\n<meta property=\"og:url\" content=\"https:\/\/www.article-marketing.eu\/comunicati\/salute-e-benessere\/medicina\/meningite-in-fase-di-attuazione-il-test-rapido\/\" \/>\n<meta property=\"og:site_name\" content=\"Article Marketing\" \/>\n<meta property=\"article:published_time\" content=\"2008-07-24T09:16:55+00:00\" \/>\n<meta property=\"article:modified_time\" content=\"2018-06-04T18:08:06+00:00\" \/>\n<meta name=\"author\" content=\"Redazione Comunicati Stampa\" \/>\n<meta name=\"twitter:card\" content=\"summary_large_image\" \/>\n<meta name=\"twitter:label1\" content=\"Scritto da\" \/>\n\t<meta name=\"twitter:data1\" content=\"Redazione Comunicati Stampa\" \/>\n\t<meta name=\"twitter:label2\" content=\"Tempo di lettura stimato\" \/>\n\t<meta name=\"twitter:data2\" content=\"3 minuti\" \/>\n<script type=\"application\/ld+json\" class=\"yoast-schema-graph\">{\"@context\":\"https:\/\/schema.org\",\"@graph\":[{\"@type\":\"Article\",\"@id\":\"https:\/\/www.article-marketing.eu\/comunicati\/salute-e-benessere\/medicina\/meningite-in-fase-di-attuazione-il-test-rapido\/#article\",\"isPartOf\":{\"@id\":\"https:\/\/www.article-marketing.eu\/comunicati\/salute-e-benessere\/medicina\/meningite-in-fase-di-attuazione-il-test-rapido\/\"},\"author\":{\"name\":\"Redazione Comunicati Stampa\",\"@id\":\"https:\/\/www.article-marketing.eu\/comunicati\/#\/schema\/person\/44372e4d4d0fa797b18e03ed1ace9017\"},\"headline\":\"Meningite, in fase di attuazione il test rapido\",\"datePublished\":\"2008-07-24T09:16:55+00:00\",\"dateModified\":\"2018-06-04T18:08:06+00:00\",\"mainEntityOfPage\":{\"@id\":\"https:\/\/www.article-marketing.eu\/comunicati\/salute-e-benessere\/medicina\/meningite-in-fase-di-attuazione-il-test-rapido\/\"},\"wordCount\":602,\"commentCount\":0,\"keywords\":[\"diagnosi precoce meningite\",\"febbre alta\",\"mal di testa\",\"meningite\",\"meningite fulminante\",\"profilassi meningite\",\"sintomi meningite\",\"test rapido meningite\"],\"articleSection\":[\"Medicina\"],\"inLanguage\":\"it-IT\",\"potentialAction\":[{\"@type\":\"CommentAction\",\"name\":\"Comment\",\"target\":[\"https:\/\/www.article-marketing.eu\/comunicati\/salute-e-benessere\/medicina\/meningite-in-fase-di-attuazione-il-test-rapido\/#respond\"]}]},{\"@type\":\"WebPage\",\"@id\":\"https:\/\/www.article-marketing.eu\/comunicati\/salute-e-benessere\/medicina\/meningite-in-fase-di-attuazione-il-test-rapido\/\",\"url\":\"https:\/\/www.article-marketing.eu\/comunicati\/salute-e-benessere\/medicina\/meningite-in-fase-di-attuazione-il-test-rapido\/\",\"name\":\"Meningite, in fase di attuazione il test rapido - Article Marketing\",\"isPartOf\":{\"@id\":\"https:\/\/www.article-marketing.eu\/comunicati\/#website\"},\"datePublished\":\"2008-07-24T09:16:55+00:00\",\"dateModified\":\"2018-06-04T18:08:06+00:00\",\"author\":{\"@id\":\"https:\/\/www.article-marketing.eu\/comunicati\/#\/schema\/person\/44372e4d4d0fa797b18e03ed1ace9017\"},\"breadcrumb\":{\"@id\":\"https:\/\/www.article-marketing.eu\/comunicati\/salute-e-benessere\/medicina\/meningite-in-fase-di-attuazione-il-test-rapido\/#breadcrumb\"},\"inLanguage\":\"it-IT\",\"potentialAction\":[{\"@type\":\"ReadAction\",\"target\":[\"https:\/\/www.article-marketing.eu\/comunicati\/salute-e-benessere\/medicina\/meningite-in-fase-di-attuazione-il-test-rapido\/\"]}]},{\"@type\":\"BreadcrumbList\",\"@id\":\"https:\/\/www.article-marketing.eu\/comunicati\/salute-e-benessere\/medicina\/meningite-in-fase-di-attuazione-il-test-rapido\/#breadcrumb\",\"itemListElement\":[{\"@type\":\"ListItem\",\"position\":1,\"name\":\"Home\",\"item\":\"https:\/\/www.article-marketing.eu\/comunicati\/\"},{\"@type\":\"ListItem\",\"position\":2,\"name\":\"Meningite, in fase di attuazione il test rapido\"}]},{\"@type\":\"WebSite\",\"@id\":\"https:\/\/www.article-marketing.eu\/comunicati\/#website\",\"url\":\"https:\/\/www.article-marketing.eu\/comunicati\/\",\"name\":\"Article Marketing\",\"description\":\"article marketing &amp; press release\",\"potentialAction\":[{\"@type\":\"SearchAction\",\"target\":{\"@type\":\"EntryPoint\",\"urlTemplate\":\"https:\/\/www.article-marketing.eu\/comunicati\/?s={search_term_string}\"},\"query-input\":{\"@type\":\"PropertyValueSpecification\",\"valueRequired\":true,\"valueName\":\"search_term_string\"}}],\"inLanguage\":\"it-IT\"},{\"@type\":\"Person\",\"@id\":\"https:\/\/www.article-marketing.eu\/comunicati\/#\/schema\/person\/44372e4d4d0fa797b18e03ed1ace9017\",\"name\":\"Redazione Comunicati Stampa\",\"image\":{\"@type\":\"ImageObject\",\"inLanguage\":\"it-IT\",\"@id\":\"https:\/\/www.article-marketing.eu\/comunicati\/#\/schema\/person\/image\/\",\"url\":\"https:\/\/secure.gravatar.com\/avatar\/50e5c6421d3072f42e7ace803501602c60d75233d34e29fd05feb91c8760b792?s=96&d=mm&r=g\",\"contentUrl\":\"https:\/\/secure.gravatar.com\/avatar\/50e5c6421d3072f42e7ace803501602c60d75233d34e29fd05feb91c8760b792?s=96&d=mm&r=g\",\"caption\":\"Redazione Comunicati Stampa\"},\"url\":\"https:\/\/www.article-marketing.eu\/comunicati\/author\/redazione-comunicati-stampa\/\"}]}<\/script>\n<!-- \/ Yoast SEO plugin. -->","yoast_head_json":{"title":"Meningite, in fase di attuazione il test rapido - Article Marketing","robots":{"index":"index","follow":"follow","max-snippet":"max-snippet:-1","max-image-preview":"max-image-preview:large","max-video-preview":"max-video-preview:-1"},"canonical":"https:\/\/www.article-marketing.eu\/comunicati\/salute-e-benessere\/medicina\/meningite-in-fase-di-attuazione-il-test-rapido\/","og_locale":"it_IT","og_type":"article","og_title":"Meningite, in fase di attuazione il test rapido - Article Marketing","og_description":"Dai primi sintomi di meningite, basteranno solo poche ore per individuare la pericolosissima malattia, molto contagiosa e spesso letale. Un test rapido in studio su licenza dell\u2019Eurospital di Trieste e prossimamente disponibile negli ospedali, consentir\u00e0 una terapia antibiotica pi\u00f9 mirata ed efficace e render\u00e0 pi\u00f9 semplici e tempestive le operazioni di profilassi verso i possibili contagiati","og_url":"https:\/\/www.article-marketing.eu\/comunicati\/salute-e-benessere\/medicina\/meningite-in-fase-di-attuazione-il-test-rapido\/","og_site_name":"Article Marketing","article_published_time":"2008-07-24T09:16:55+00:00","article_modified_time":"2018-06-04T18:08:06+00:00","author":"Redazione Comunicati Stampa","twitter_card":"summary_large_image","twitter_misc":{"Scritto da":"Redazione Comunicati Stampa","Tempo di lettura stimato":"3 minuti"},"schema":{"@context":"https:\/\/schema.org","@graph":[{"@type":"Article","@id":"https:\/\/www.article-marketing.eu\/comunicati\/salute-e-benessere\/medicina\/meningite-in-fase-di-attuazione-il-test-rapido\/#article","isPartOf":{"@id":"https:\/\/www.article-marketing.eu\/comunicati\/salute-e-benessere\/medicina\/meningite-in-fase-di-attuazione-il-test-rapido\/"},"author":{"name":"Redazione Comunicati Stampa","@id":"https:\/\/www.article-marketing.eu\/comunicati\/#\/schema\/person\/44372e4d4d0fa797b18e03ed1ace9017"},"headline":"Meningite, in fase di attuazione il test rapido","datePublished":"2008-07-24T09:16:55+00:00","dateModified":"2018-06-04T18:08:06+00:00","mainEntityOfPage":{"@id":"https:\/\/www.article-marketing.eu\/comunicati\/salute-e-benessere\/medicina\/meningite-in-fase-di-attuazione-il-test-rapido\/"},"wordCount":602,"commentCount":0,"keywords":["diagnosi precoce meningite","febbre alta","mal di testa","meningite","meningite fulminante","profilassi meningite","sintomi meningite","test rapido meningite"],"articleSection":["Medicina"],"inLanguage":"it-IT","potentialAction":[{"@type":"CommentAction","name":"Comment","target":["https:\/\/www.article-marketing.eu\/comunicati\/salute-e-benessere\/medicina\/meningite-in-fase-di-attuazione-il-test-rapido\/#respond"]}]},{"@type":"WebPage","@id":"https:\/\/www.article-marketing.eu\/comunicati\/salute-e-benessere\/medicina\/meningite-in-fase-di-attuazione-il-test-rapido\/","url":"https:\/\/www.article-marketing.eu\/comunicati\/salute-e-benessere\/medicina\/meningite-in-fase-di-attuazione-il-test-rapido\/","name":"Meningite, in fase di attuazione il test rapido - Article Marketing","isPartOf":{"@id":"https:\/\/www.article-marketing.eu\/comunicati\/#website"},"datePublished":"2008-07-24T09:16:55+00:00","dateModified":"2018-06-04T18:08:06+00:00","author":{"@id":"https:\/\/www.article-marketing.eu\/comunicati\/#\/schema\/person\/44372e4d4d0fa797b18e03ed1ace9017"},"breadcrumb":{"@id":"https:\/\/www.article-marketing.eu\/comunicati\/salute-e-benessere\/medicina\/meningite-in-fase-di-attuazione-il-test-rapido\/#breadcrumb"},"inLanguage":"it-IT","potentialAction":[{"@type":"ReadAction","target":["https:\/\/www.article-marketing.eu\/comunicati\/salute-e-benessere\/medicina\/meningite-in-fase-di-attuazione-il-test-rapido\/"]}]},{"@type":"BreadcrumbList","@id":"https:\/\/www.article-marketing.eu\/comunicati\/salute-e-benessere\/medicina\/meningite-in-fase-di-attuazione-il-test-rapido\/#breadcrumb","itemListElement":[{"@type":"ListItem","position":1,"name":"Home","item":"https:\/\/www.article-marketing.eu\/comunicati\/"},{"@type":"ListItem","position":2,"name":"Meningite, in fase di attuazione il test rapido"}]},{"@type":"WebSite","@id":"https:\/\/www.article-marketing.eu\/comunicati\/#website","url":"https:\/\/www.article-marketing.eu\/comunicati\/","name":"Article Marketing","description":"article marketing &amp; press release","potentialAction":[{"@type":"SearchAction","target":{"@type":"EntryPoint","urlTemplate":"https:\/\/www.article-marketing.eu\/comunicati\/?s={search_term_string}"},"query-input":{"@type":"PropertyValueSpecification","valueRequired":true,"valueName":"search_term_string"}}],"inLanguage":"it-IT"},{"@type":"Person","@id":"https:\/\/www.article-marketing.eu\/comunicati\/#\/schema\/person\/44372e4d4d0fa797b18e03ed1ace9017","name":"Redazione Comunicati Stampa","image":{"@type":"ImageObject","inLanguage":"it-IT","@id":"https:\/\/www.article-marketing.eu\/comunicati\/#\/schema\/person\/image\/","url":"https:\/\/secure.gravatar.com\/avatar\/50e5c6421d3072f42e7ace803501602c60d75233d34e29fd05feb91c8760b792?s=96&d=mm&r=g","contentUrl":"https:\/\/secure.gravatar.com\/avatar\/50e5c6421d3072f42e7ace803501602c60d75233d34e29fd05feb91c8760b792?s=96&d=mm&r=g","caption":"Redazione Comunicati Stampa"},"url":"https:\/\/www.article-marketing.eu\/comunicati\/author\/redazione-comunicati-stampa\/"}]}},"_links":{"self":[{"href":"https:\/\/www.article-marketing.eu\/comunicati\/wp-json\/wp\/v2\/posts\/553","targetHints":{"allow":["GET"]}}],"collection":[{"href":"https:\/\/www.article-marketing.eu\/comunicati\/wp-json\/wp\/v2\/posts"}],"about":[{"href":"https:\/\/www.article-marketing.eu\/comunicati\/wp-json\/wp\/v2\/types\/post"}],"author":[{"embeddable":true,"href":"https:\/\/www.article-marketing.eu\/comunicati\/wp-json\/wp\/v2\/users\/10"}],"replies":[{"embeddable":true,"href":"https:\/\/www.article-marketing.eu\/comunicati\/wp-json\/wp\/v2\/comments?post=553"}],"version-history":[{"count":1,"href":"https:\/\/www.article-marketing.eu\/comunicati\/wp-json\/wp\/v2\/posts\/553\/revisions"}],"predecessor-version":[{"id":55106,"href":"https:\/\/www.article-marketing.eu\/comunicati\/wp-json\/wp\/v2\/posts\/553\/revisions\/55106"}],"wp:attachment":[{"href":"https:\/\/www.article-marketing.eu\/comunicati\/wp-json\/wp\/v2\/media?parent=553"}],"wp:term":[{"taxonomy":"category","embeddable":true,"href":"https:\/\/www.article-marketing.eu\/comunicati\/wp-json\/wp\/v2\/categories?post=553"},{"taxonomy":"post_tag","embeddable":true,"href":"https:\/\/www.article-marketing.eu\/comunicati\/wp-json\/wp\/v2\/tags?post=553"}],"curies":[{"name":"wp","href":"https:\/\/api.w.org\/{rel}","templated":true}]}}