{"id":556,"date":"2008-07-24T17:42:44","date_gmt":"2008-07-24T15:42:44","guid":{"rendered":"http:\/\/www.article-marketing.eu\/comunicati\/senza-categoria\/te-e-caffe-destate-come-dinverno-ma-non-solo\/"},"modified":"2018-06-04T20:08:06","modified_gmt":"2018-06-04T18:08:06","slug":"te-e-caffe-destate-come-dinverno-ma-non-solo","status":"publish","type":"post","link":"https:\/\/www.article-marketing.eu\/comunicati\/salute-e-benessere\/dieta-e-nutrizione\/te-e-caffe-destate-come-dinverno-ma-non-solo\/","title":{"rendered":"T\u00e8 e caff\u00e8 d&#8217;estate come d&#8217;inverno ma non solo&#8230;"},"content":{"rendered":"<p>Se nel periodo invernale optiamo per cibi sostanziosi, cotti, lavorati, a cui affianchiamo oltre all&#8217;indispensabile acqua, bevande quali vino o birra per poi chiudere i pasti con un buon caff\u00e8, nei mesi estivi l&#8217;alimento principale diventa oltre al pesce una veloce e ricca insalata di fresche verdure anche prelevate da distributori automatici sparsi in ogni angolo di uffici ed enti pubblici. Il caldo richiama la voglia di bevande dissetanti fra cui non manca mai la famosa coca-cola, ma molti prediligono bibite pi\u00f9 naturali ed \u00e8 per questo che il t\u00e8 \u00e8 molto apprezzato, si beve freddo, magari con ghiaccio e limone e nelle sue tante varianti dal gusto alla pesca al t\u00e8 verde, fino ad arrivare ai pi\u00f9 ricercati infusi al mirtillo o ai frutti tropicali, molto apprezzati anche caldi, come gustose tisane. Il t\u00e8 freddo nei suoi tanti gusti, si trova gi\u00e0 pronto ormai commercializzato da quasi tutte le principali distributrici di acque minerali, ma \u00e8 altrettanto comodo prepararlo a casa con le miscele gi\u00e0 pronte, solubili all&#8217;istante oppure selezionato da un distributore di bevande automatico. Vino o birra sono sempre apprezzati e se \u00e8 consueta abitudine, affiancare un vino adatto al cibo che si sta consumando, per la scelta della birra si sceglie spesso la qualit\u00e0 che piace di pi\u00f9. Se il tempo per la pausa caff\u00e8 non manca mai, d&#8217;inverno come d&#8217;estate, se rimane l&#8217;abitudine di berlo a fine pasto o durante il giorno per un momento di carica in pi\u00f9, negli ultimi anni sono nate anche molte gustose varianti che lo rendono ingrediente protagonista e permettono una dolce pausa in ogni momento della giornata. Cos\u00ec si trova il semplice caff\u00e8 freddo o la granita al caff\u00e8 fino al cosiddetto \u201cmarocchino\u201d freddo o caldo dove con il caff\u00e8 unito al latte e al cioccolato si scoprono nuovi sapori giocando con l&#8217;accostamento caldo e freddo. Il t\u00e8 freddo nei suoi tanti gusti, si trova gi\u00e0 pronto ormai commercializzato da quasi tutte le principali distributrici di acque minerali, ma \u00e8 altrettanto comodo prepararlo a casa con le miscele gi\u00e0 pronte, solubili all&#8217;istante oppure selezionato da un distributore di bevande automatico. Queste ultime tendenze sono analizzate dai produttori distributori automatici, che propongono soluzioni sempre pi\u00f9 avanzate per offrire nuove bevande e fanno in modo di far avvicinare al caff\u00e8 anche coloro che preferiscono altro ed in questo modo ne riscoprono l&#8217;aroma e sapore. Vino o birra sono sempre apprezzati e se \u00e8 consueta abitudine, affiancare un vino adatto al cibo che si sta consumando, per la scelta della birra si sceglie spesso la qualit\u00e0 che piace di pi\u00f9. Quando si \u00e8 a cena con amici, l&#8217;accoppiata pizza e birra o coca-cola, in vacanza come durante una cena di lavoro, \u00e8 sempre valida. Molte sono quindi le bevande che accompagnano le ore della nostra giornata, magari iniziamo con un caff\u00e8 alla mattina e finiamo con una calda tisana la sera. Ogni momento del giorno trova il suo gusto con una bevanda diversa, calda e delicata o fredda e pungente, la scelta c&#8217;\u00e8 per tutti e ognuno pu\u00f2 trovare il sapore giusto per sedare la sua sete.<\/p>\n","protected":false},"excerpt":{"rendered":"<p>Arrivano i mesi pi\u00f9 caldi dell&#8217;anno e la voglia di bevande sane e fresche si fa sentire pi\u00f9 del solito.<\/p>\n","protected":false},"author":10,"featured_media":0,"comment_status":"open","ping_status":"open","sticky":false,"template":"","format":"standard","meta":{"cybocfi_hide_featured_image":"","footnotes":""},"categories":[162],"tags":[1969],"class_list":["post-556","post","type-post","status-publish","format-standard","hentry","category-dieta-e-nutrizione","tag-distributori"],"yoast_head":"<!-- This site is optimized with the Yoast SEO plugin v27.0 - https:\/\/yoast.com\/product\/yoast-seo-wordpress\/ -->\n<title>T\u00e8 e caff\u00e8 d&#039;estate come d&#039;inverno ma non solo... - Article Marketing<\/title>\n<meta name=\"robots\" content=\"index, follow, max-snippet:-1, max-image-preview:large, max-video-preview:-1\" \/>\n<link rel=\"canonical\" href=\"https:\/\/www.article-marketing.eu\/comunicati\/salute-e-benessere\/dieta-e-nutrizione\/te-e-caffe-destate-come-dinverno-ma-non-solo\/\" \/>\n<meta property=\"og:locale\" content=\"it_IT\" \/>\n<meta property=\"og:type\" content=\"article\" \/>\n<meta property=\"og:title\" content=\"T\u00e8 e caff\u00e8 d&#039;estate come d&#039;inverno ma non solo... - Article Marketing\" \/>\n<meta property=\"og:description\" content=\"Arrivano i mesi pi\u00f9 caldi dell&#039;anno e la voglia di bevande sane e fresche si fa sentire pi\u00f9 del solito.\" \/>\n<meta property=\"og:url\" content=\"https:\/\/www.article-marketing.eu\/comunicati\/salute-e-benessere\/dieta-e-nutrizione\/te-e-caffe-destate-come-dinverno-ma-non-solo\/\" \/>\n<meta property=\"og:site_name\" content=\"Article Marketing\" \/>\n<meta property=\"article:published_time\" content=\"2008-07-24T15:42:44+00:00\" \/>\n<meta property=\"article:modified_time\" content=\"2018-06-04T18:08:06+00:00\" \/>\n<meta name=\"author\" content=\"Redazione Comunicati Stampa\" \/>\n<meta name=\"twitter:card\" content=\"summary_large_image\" \/>\n<meta name=\"twitter:label1\" content=\"Scritto da\" \/>\n\t<meta name=\"twitter:data1\" content=\"Redazione Comunicati Stampa\" \/>\n\t<meta name=\"twitter:label2\" content=\"Tempo di lettura stimato\" \/>\n\t<meta name=\"twitter:data2\" content=\"3 minuti\" \/>\n<script type=\"application\/ld+json\" class=\"yoast-schema-graph\">{\"@context\":\"https:\/\/schema.org\",\"@graph\":[{\"@type\":\"Article\",\"@id\":\"https:\/\/www.article-marketing.eu\/comunicati\/salute-e-benessere\/dieta-e-nutrizione\/te-e-caffe-destate-come-dinverno-ma-non-solo\/#article\",\"isPartOf\":{\"@id\":\"https:\/\/www.article-marketing.eu\/comunicati\/salute-e-benessere\/dieta-e-nutrizione\/te-e-caffe-destate-come-dinverno-ma-non-solo\/\"},\"author\":{\"name\":\"Redazione Comunicati Stampa\",\"@id\":\"https:\/\/www.article-marketing.eu\/comunicati\/#\/schema\/person\/44372e4d4d0fa797b18e03ed1ace9017\"},\"headline\":\"T\u00e8 e caff\u00e8 d&#8217;estate come d&#8217;inverno ma non solo&#8230;\",\"datePublished\":\"2008-07-24T15:42:44+00:00\",\"dateModified\":\"2018-06-04T18:08:06+00:00\",\"mainEntityOfPage\":{\"@id\":\"https:\/\/www.article-marketing.eu\/comunicati\/salute-e-benessere\/dieta-e-nutrizione\/te-e-caffe-destate-come-dinverno-ma-non-solo\/\"},\"wordCount\":516,\"commentCount\":0,\"keywords\":[\"distributori\"],\"articleSection\":[\"Dieta e Nutrizione\"],\"inLanguage\":\"it-IT\",\"potentialAction\":[{\"@type\":\"CommentAction\",\"name\":\"Comment\",\"target\":[\"https:\/\/www.article-marketing.eu\/comunicati\/salute-e-benessere\/dieta-e-nutrizione\/te-e-caffe-destate-come-dinverno-ma-non-solo\/#respond\"]}]},{\"@type\":\"WebPage\",\"@id\":\"https:\/\/www.article-marketing.eu\/comunicati\/salute-e-benessere\/dieta-e-nutrizione\/te-e-caffe-destate-come-dinverno-ma-non-solo\/\",\"url\":\"https:\/\/www.article-marketing.eu\/comunicati\/salute-e-benessere\/dieta-e-nutrizione\/te-e-caffe-destate-come-dinverno-ma-non-solo\/\",\"name\":\"T\u00e8 e caff\u00e8 d'estate come d'inverno ma non solo... - Article Marketing\",\"isPartOf\":{\"@id\":\"https:\/\/www.article-marketing.eu\/comunicati\/#website\"},\"datePublished\":\"2008-07-24T15:42:44+00:00\",\"dateModified\":\"2018-06-04T18:08:06+00:00\",\"author\":{\"@id\":\"https:\/\/www.article-marketing.eu\/comunicati\/#\/schema\/person\/44372e4d4d0fa797b18e03ed1ace9017\"},\"breadcrumb\":{\"@id\":\"https:\/\/www.article-marketing.eu\/comunicati\/salute-e-benessere\/dieta-e-nutrizione\/te-e-caffe-destate-come-dinverno-ma-non-solo\/#breadcrumb\"},\"inLanguage\":\"it-IT\",\"potentialAction\":[{\"@type\":\"ReadAction\",\"target\":[\"https:\/\/www.article-marketing.eu\/comunicati\/salute-e-benessere\/dieta-e-nutrizione\/te-e-caffe-destate-come-dinverno-ma-non-solo\/\"]}]},{\"@type\":\"BreadcrumbList\",\"@id\":\"https:\/\/www.article-marketing.eu\/comunicati\/salute-e-benessere\/dieta-e-nutrizione\/te-e-caffe-destate-come-dinverno-ma-non-solo\/#breadcrumb\",\"itemListElement\":[{\"@type\":\"ListItem\",\"position\":1,\"name\":\"Home\",\"item\":\"https:\/\/www.article-marketing.eu\/comunicati\/\"},{\"@type\":\"ListItem\",\"position\":2,\"name\":\"T\u00e8 e caff\u00e8 d&#8217;estate come d&#8217;inverno ma non solo&#8230;\"}]},{\"@type\":\"WebSite\",\"@id\":\"https:\/\/www.article-marketing.eu\/comunicati\/#website\",\"url\":\"https:\/\/www.article-marketing.eu\/comunicati\/\",\"name\":\"Article Marketing\",\"description\":\"article marketing &amp; press release\",\"potentialAction\":[{\"@type\":\"SearchAction\",\"target\":{\"@type\":\"EntryPoint\",\"urlTemplate\":\"https:\/\/www.article-marketing.eu\/comunicati\/?s={search_term_string}\"},\"query-input\":{\"@type\":\"PropertyValueSpecification\",\"valueRequired\":true,\"valueName\":\"search_term_string\"}}],\"inLanguage\":\"it-IT\"},{\"@type\":\"Person\",\"@id\":\"https:\/\/www.article-marketing.eu\/comunicati\/#\/schema\/person\/44372e4d4d0fa797b18e03ed1ace9017\",\"name\":\"Redazione Comunicati Stampa\",\"image\":{\"@type\":\"ImageObject\",\"inLanguage\":\"it-IT\",\"@id\":\"https:\/\/www.article-marketing.eu\/comunicati\/#\/schema\/person\/image\/\",\"url\":\"https:\/\/secure.gravatar.com\/avatar\/50e5c6421d3072f42e7ace803501602c60d75233d34e29fd05feb91c8760b792?s=96&d=mm&r=g\",\"contentUrl\":\"https:\/\/secure.gravatar.com\/avatar\/50e5c6421d3072f42e7ace803501602c60d75233d34e29fd05feb91c8760b792?s=96&d=mm&r=g\",\"caption\":\"Redazione Comunicati Stampa\"},\"url\":\"https:\/\/www.article-marketing.eu\/comunicati\/author\/redazione-comunicati-stampa\/\"}]}<\/script>\n<!-- \/ Yoast SEO plugin. -->","yoast_head_json":{"title":"T\u00e8 e caff\u00e8 d'estate come d'inverno ma non solo... - Article Marketing","robots":{"index":"index","follow":"follow","max-snippet":"max-snippet:-1","max-image-preview":"max-image-preview:large","max-video-preview":"max-video-preview:-1"},"canonical":"https:\/\/www.article-marketing.eu\/comunicati\/salute-e-benessere\/dieta-e-nutrizione\/te-e-caffe-destate-come-dinverno-ma-non-solo\/","og_locale":"it_IT","og_type":"article","og_title":"T\u00e8 e caff\u00e8 d'estate come d'inverno ma non solo... - Article Marketing","og_description":"Arrivano i mesi pi\u00f9 caldi dell'anno e la voglia di bevande sane e fresche si fa sentire pi\u00f9 del solito.","og_url":"https:\/\/www.article-marketing.eu\/comunicati\/salute-e-benessere\/dieta-e-nutrizione\/te-e-caffe-destate-come-dinverno-ma-non-solo\/","og_site_name":"Article Marketing","article_published_time":"2008-07-24T15:42:44+00:00","article_modified_time":"2018-06-04T18:08:06+00:00","author":"Redazione Comunicati Stampa","twitter_card":"summary_large_image","twitter_misc":{"Scritto da":"Redazione Comunicati Stampa","Tempo di lettura stimato":"3 minuti"},"schema":{"@context":"https:\/\/schema.org","@graph":[{"@type":"Article","@id":"https:\/\/www.article-marketing.eu\/comunicati\/salute-e-benessere\/dieta-e-nutrizione\/te-e-caffe-destate-come-dinverno-ma-non-solo\/#article","isPartOf":{"@id":"https:\/\/www.article-marketing.eu\/comunicati\/salute-e-benessere\/dieta-e-nutrizione\/te-e-caffe-destate-come-dinverno-ma-non-solo\/"},"author":{"name":"Redazione Comunicati Stampa","@id":"https:\/\/www.article-marketing.eu\/comunicati\/#\/schema\/person\/44372e4d4d0fa797b18e03ed1ace9017"},"headline":"T\u00e8 e caff\u00e8 d&#8217;estate come d&#8217;inverno ma non solo&#8230;","datePublished":"2008-07-24T15:42:44+00:00","dateModified":"2018-06-04T18:08:06+00:00","mainEntityOfPage":{"@id":"https:\/\/www.article-marketing.eu\/comunicati\/salute-e-benessere\/dieta-e-nutrizione\/te-e-caffe-destate-come-dinverno-ma-non-solo\/"},"wordCount":516,"commentCount":0,"keywords":["distributori"],"articleSection":["Dieta e Nutrizione"],"inLanguage":"it-IT","potentialAction":[{"@type":"CommentAction","name":"Comment","target":["https:\/\/www.article-marketing.eu\/comunicati\/salute-e-benessere\/dieta-e-nutrizione\/te-e-caffe-destate-come-dinverno-ma-non-solo\/#respond"]}]},{"@type":"WebPage","@id":"https:\/\/www.article-marketing.eu\/comunicati\/salute-e-benessere\/dieta-e-nutrizione\/te-e-caffe-destate-come-dinverno-ma-non-solo\/","url":"https:\/\/www.article-marketing.eu\/comunicati\/salute-e-benessere\/dieta-e-nutrizione\/te-e-caffe-destate-come-dinverno-ma-non-solo\/","name":"T\u00e8 e caff\u00e8 d'estate come d'inverno ma non solo... - Article Marketing","isPartOf":{"@id":"https:\/\/www.article-marketing.eu\/comunicati\/#website"},"datePublished":"2008-07-24T15:42:44+00:00","dateModified":"2018-06-04T18:08:06+00:00","author":{"@id":"https:\/\/www.article-marketing.eu\/comunicati\/#\/schema\/person\/44372e4d4d0fa797b18e03ed1ace9017"},"breadcrumb":{"@id":"https:\/\/www.article-marketing.eu\/comunicati\/salute-e-benessere\/dieta-e-nutrizione\/te-e-caffe-destate-come-dinverno-ma-non-solo\/#breadcrumb"},"inLanguage":"it-IT","potentialAction":[{"@type":"ReadAction","target":["https:\/\/www.article-marketing.eu\/comunicati\/salute-e-benessere\/dieta-e-nutrizione\/te-e-caffe-destate-come-dinverno-ma-non-solo\/"]}]},{"@type":"BreadcrumbList","@id":"https:\/\/www.article-marketing.eu\/comunicati\/salute-e-benessere\/dieta-e-nutrizione\/te-e-caffe-destate-come-dinverno-ma-non-solo\/#breadcrumb","itemListElement":[{"@type":"ListItem","position":1,"name":"Home","item":"https:\/\/www.article-marketing.eu\/comunicati\/"},{"@type":"ListItem","position":2,"name":"T\u00e8 e caff\u00e8 d&#8217;estate come d&#8217;inverno ma non solo&#8230;"}]},{"@type":"WebSite","@id":"https:\/\/www.article-marketing.eu\/comunicati\/#website","url":"https:\/\/www.article-marketing.eu\/comunicati\/","name":"Article Marketing","description":"article marketing &amp; press release","potentialAction":[{"@type":"SearchAction","target":{"@type":"EntryPoint","urlTemplate":"https:\/\/www.article-marketing.eu\/comunicati\/?s={search_term_string}"},"query-input":{"@type":"PropertyValueSpecification","valueRequired":true,"valueName":"search_term_string"}}],"inLanguage":"it-IT"},{"@type":"Person","@id":"https:\/\/www.article-marketing.eu\/comunicati\/#\/schema\/person\/44372e4d4d0fa797b18e03ed1ace9017","name":"Redazione Comunicati Stampa","image":{"@type":"ImageObject","inLanguage":"it-IT","@id":"https:\/\/www.article-marketing.eu\/comunicati\/#\/schema\/person\/image\/","url":"https:\/\/secure.gravatar.com\/avatar\/50e5c6421d3072f42e7ace803501602c60d75233d34e29fd05feb91c8760b792?s=96&d=mm&r=g","contentUrl":"https:\/\/secure.gravatar.com\/avatar\/50e5c6421d3072f42e7ace803501602c60d75233d34e29fd05feb91c8760b792?s=96&d=mm&r=g","caption":"Redazione Comunicati Stampa"},"url":"https:\/\/www.article-marketing.eu\/comunicati\/author\/redazione-comunicati-stampa\/"}]}},"_links":{"self":[{"href":"https:\/\/www.article-marketing.eu\/comunicati\/wp-json\/wp\/v2\/posts\/556","targetHints":{"allow":["GET"]}}],"collection":[{"href":"https:\/\/www.article-marketing.eu\/comunicati\/wp-json\/wp\/v2\/posts"}],"about":[{"href":"https:\/\/www.article-marketing.eu\/comunicati\/wp-json\/wp\/v2\/types\/post"}],"author":[{"embeddable":true,"href":"https:\/\/www.article-marketing.eu\/comunicati\/wp-json\/wp\/v2\/users\/10"}],"replies":[{"embeddable":true,"href":"https:\/\/www.article-marketing.eu\/comunicati\/wp-json\/wp\/v2\/comments?post=556"}],"version-history":[{"count":1,"href":"https:\/\/www.article-marketing.eu\/comunicati\/wp-json\/wp\/v2\/posts\/556\/revisions"}],"predecessor-version":[{"id":55108,"href":"https:\/\/www.article-marketing.eu\/comunicati\/wp-json\/wp\/v2\/posts\/556\/revisions\/55108"}],"wp:attachment":[{"href":"https:\/\/www.article-marketing.eu\/comunicati\/wp-json\/wp\/v2\/media?parent=556"}],"wp:term":[{"taxonomy":"category","embeddable":true,"href":"https:\/\/www.article-marketing.eu\/comunicati\/wp-json\/wp\/v2\/categories?post=556"},{"taxonomy":"post_tag","embeddable":true,"href":"https:\/\/www.article-marketing.eu\/comunicati\/wp-json\/wp\/v2\/tags?post=556"}],"curies":[{"name":"wp","href":"https:\/\/api.w.org\/{rel}","templated":true}]}}