{"id":5580,"date":"2010-06-25T11:01:38","date_gmt":"2010-06-25T09:01:38","guid":{"rendered":"http:\/\/www.article-marketing.eu\/comunicati\/senza-categoria\/cibo-e-organizzazione-il-catering\/"},"modified":"2010-06-25T11:01:38","modified_gmt":"2010-06-25T09:01:38","slug":"cibo-e-organizzazione-il-catering","status":"publish","type":"post","link":"https:\/\/www.article-marketing.eu\/comunicati\/casa\/cucina\/cibo-e-organizzazione-il-catering\/","title":{"rendered":"Cibo e organizzazione: il catering"},"content":{"rendered":"<p style=\"text-align: justify;\" class=\"MsoNormal\"><\/p>\n<p style=\"text-align: justify;\" class=\"MsoNormal\">Le agenzie di <a href=\"http:\/\/www.guarnier.it\/catering\/\">catering ristorazione<\/a> mettono a<br \/>\ndisposizione tutto, dagli ingredienti al trasporto, passando per cuochi e<br \/>\ncucine; a loro si appoggiano bar e ristoranti per le forniture alimentari,<br \/>\ngastronomie e tutti coloro che lavorano con il buon cibo, compresi alberghi e<br \/>\nnegozi al dettaglio. <\/p>\n<p style=\"text-align: justify;\" class=\"MsoNormal\">Dietro ad un buffet o ad un<br \/>\npranzo, infatti, c\u2019\u00e8 un lavoro enorme, nascosto perfettamente dalla<br \/>\nprofessionalit\u00e0 dei camerieri di sala che fanno sembrare tutto semplice: in<br \/>\nrealt\u00e0 ci sono tantissime cose da considerare, e per chi non se ne occupa di<br \/>\nmestiere sarebbe difficile riuscire a gestire tutto quanto. \u00c8 necessario avere<br \/>\ncontatti con dei buoni distributori<br \/>\nalimentari all\u2019ingrosso, dai quali si deve riuscire ad ottenere il meglio<br \/>\nal prezzo pi\u00f9 basso possibile; ovvio? Certo, ma come in qualsiasi campo \u00e8<br \/>\nnecessaria una buona conoscenza del mercato per riuscire a capire quali sono<br \/>\ngli affari veri.<\/p>\n<p style=\"text-align: justify;\" class=\"MsoNormal\">Gli esercizi commerciali, a<br \/>\nseconda del genere e delle scelte del gestore, si affidano ad un unico<br \/>\nfornitore che d\u00e0 loro tutto il necessario per la loro attivit\u00e0 o si rivolge a<br \/>\ndiversi fornitori specifici per i vari prodotti di cui ha bisogno. Un fornitore<br \/>\nunico probabilmente risolve molte complicazioni, ma ovviamente bisogna essere<br \/>\ncerti della qualit\u00e0 dei suoi prodotti: una volta accertato questo, si pu\u00f2 stare<br \/>\ntranquilli e appoggiarsi a lui, prendendo tutti gli ingredienti freschi o meno,<br \/>\ne magari trovando anche nuove idee e proposte per ampliare il proprio men\u00f9, nel<br \/>\ncibo e nelle bevande. <\/p>\n<p style=\"text-align: justify;\" class=\"MsoNormal\">L\u2019ingrosso birra e vino<br \/>\nsono fondamentali per i bar di ogni genere, naturalmente, e per le agenzie di<br \/>\ncatering per matrimoni e altre agenzie particolari a cui i provati si possono<br \/>\nrivolgere per le loro occasioni importanti. Comprare all\u2019ingrosso d\u00e0 grandi<br \/>\nconvenienze ai gestori degli esercizi commerciali, perch\u00e9 la regola che vige da<br \/>\nsempre \u00e8 \u201cpi\u00f9 compri, meno paghi\u201d: seguendo questa logica, i gestori di bar e<br \/>\npub in genere fanno stime accurate per capire quanto possono prendere facendo<br \/>\nattenzione a quanto consumano, perch\u00e9 ovviamente devono tenere in alta<br \/>\nconsiderazione la freschezza dei prodotti. <\/p>\n<p style=\"text-align: justify;\" class=\"MsoNormal\">Insomma, il servizio di catering<br \/>\nper i privati e per gli esercizi commerciali non \u00e8 cosa facile, n\u00e9 per chi ordina<br \/>\nn\u00e9 per chi fornisce; chi ordina si pu\u00f2 affidare alla professionalit\u00e0 dei<br \/>\nfornitori, ma loro devono essere in grado di garantire qualit\u00e0 e freschezza, il<br \/>\nche implica un trasporto adeguato con le temperature indicate e le dovute cure.<br \/>\nOvviamente, pi\u00f9 vicina \u00e8 l\u2019azienda che rifornisce pi\u00f9 si pu\u00f2 stare tranquilli<br \/>\nper il trasporto: il cosiddetto \u201cchilometro zero\u201d, che garantisce prodotti pi\u00f9<br \/>\nfreschi e, grazie alla diminuzione delle distanze nelle tratte dei trasporti, prezzi<br \/>\npi\u00f9 bassi e un minore impatto ambientale, negli ultimi anni sta diventando un<br \/>\nmust che ha gi\u00e0 coinvolto tantissimi esercizi. Mangiare \u00e8 un piacere \u2026 e chi<br \/>\nper lavoro fa da mangiare deve essere sicuro che i suoi piatti siano un<br \/>\npiacere, dagli ingredienti alla cottura. <\/p>\n<p style=\"text-align: justify;\" class=\"MsoNormal\">&nbsp;<\/p>\n","protected":false},"excerpt":{"rendered":"<p>Per organizzare un banchetto o un pranzo per una cerimonia, di qualunque genere essa sia, \u00e8 necessaria una buona dose di esperienza, insieme a grandi capacit\u00e0 organizzative e culinarie: in una parola, catering.<\/p>\n","protected":false},"author":10,"featured_media":0,"comment_status":"open","ping_status":"open","sticky":false,"template":"","format":"standard","meta":{"cybocfi_hide_featured_image":"","footnotes":""},"categories":[944],"tags":[],"class_list":["post-5580","post","type-post","status-publish","format-standard","hentry","category-cucina"],"yoast_head":"<!-- This site is optimized with the Yoast SEO plugin v27.0 - https:\/\/yoast.com\/product\/yoast-seo-wordpress\/ -->\n<title>Cibo e organizzazione: il catering - Article Marketing<\/title>\n<meta name=\"robots\" content=\"index, follow, max-snippet:-1, max-image-preview:large, max-video-preview:-1\" \/>\n<link rel=\"canonical\" href=\"https:\/\/www.article-marketing.eu\/comunicati\/casa\/cucina\/cibo-e-organizzazione-il-catering\/\" \/>\n<meta property=\"og:locale\" content=\"it_IT\" \/>\n<meta property=\"og:type\" content=\"article\" \/>\n<meta property=\"og:title\" content=\"Cibo e organizzazione: il catering - Article Marketing\" \/>\n<meta property=\"og:description\" content=\"Per organizzare un banchetto o un pranzo per una cerimonia, di qualunque genere essa sia, \u00e8 necessaria una buona dose di esperienza, insieme a grandi capacit\u00e0 organizzative e culinarie: in una parola, catering.\" \/>\n<meta property=\"og:url\" content=\"https:\/\/www.article-marketing.eu\/comunicati\/casa\/cucina\/cibo-e-organizzazione-il-catering\/\" \/>\n<meta property=\"og:site_name\" content=\"Article Marketing\" \/>\n<meta property=\"article:published_time\" content=\"2010-06-25T09:01:38+00:00\" \/>\n<meta name=\"author\" content=\"Redazione Comunicati Stampa\" \/>\n<meta name=\"twitter:card\" content=\"summary_large_image\" \/>\n<meta name=\"twitter:label1\" content=\"Scritto da\" \/>\n\t<meta name=\"twitter:data1\" content=\"Redazione Comunicati Stampa\" \/>\n\t<meta name=\"twitter:label2\" content=\"Tempo di lettura stimato\" \/>\n\t<meta name=\"twitter:data2\" content=\"2 minuti\" \/>\n<script type=\"application\/ld+json\" class=\"yoast-schema-graph\">{\"@context\":\"https:\/\/schema.org\",\"@graph\":[{\"@type\":\"Article\",\"@id\":\"https:\/\/www.article-marketing.eu\/comunicati\/casa\/cucina\/cibo-e-organizzazione-il-catering\/#article\",\"isPartOf\":{\"@id\":\"https:\/\/www.article-marketing.eu\/comunicati\/casa\/cucina\/cibo-e-organizzazione-il-catering\/\"},\"author\":{\"name\":\"Redazione Comunicati Stampa\",\"@id\":\"https:\/\/www.article-marketing.eu\/comunicati\/#\/schema\/person\/44372e4d4d0fa797b18e03ed1ace9017\"},\"headline\":\"Cibo e organizzazione: il catering\",\"datePublished\":\"2010-06-25T09:01:38+00:00\",\"mainEntityOfPage\":{\"@id\":\"https:\/\/www.article-marketing.eu\/comunicati\/casa\/cucina\/cibo-e-organizzazione-il-catering\/\"},\"wordCount\":476,\"commentCount\":0,\"articleSection\":[\"Cucina\"],\"inLanguage\":\"it-IT\",\"potentialAction\":[{\"@type\":\"CommentAction\",\"name\":\"Comment\",\"target\":[\"https:\/\/www.article-marketing.eu\/comunicati\/casa\/cucina\/cibo-e-organizzazione-il-catering\/#respond\"]}]},{\"@type\":\"WebPage\",\"@id\":\"https:\/\/www.article-marketing.eu\/comunicati\/casa\/cucina\/cibo-e-organizzazione-il-catering\/\",\"url\":\"https:\/\/www.article-marketing.eu\/comunicati\/casa\/cucina\/cibo-e-organizzazione-il-catering\/\",\"name\":\"Cibo e organizzazione: il catering - Article Marketing\",\"isPartOf\":{\"@id\":\"https:\/\/www.article-marketing.eu\/comunicati\/#website\"},\"datePublished\":\"2010-06-25T09:01:38+00:00\",\"author\":{\"@id\":\"https:\/\/www.article-marketing.eu\/comunicati\/#\/schema\/person\/44372e4d4d0fa797b18e03ed1ace9017\"},\"breadcrumb\":{\"@id\":\"https:\/\/www.article-marketing.eu\/comunicati\/casa\/cucina\/cibo-e-organizzazione-il-catering\/#breadcrumb\"},\"inLanguage\":\"it-IT\",\"potentialAction\":[{\"@type\":\"ReadAction\",\"target\":[\"https:\/\/www.article-marketing.eu\/comunicati\/casa\/cucina\/cibo-e-organizzazione-il-catering\/\"]}]},{\"@type\":\"BreadcrumbList\",\"@id\":\"https:\/\/www.article-marketing.eu\/comunicati\/casa\/cucina\/cibo-e-organizzazione-il-catering\/#breadcrumb\",\"itemListElement\":[{\"@type\":\"ListItem\",\"position\":1,\"name\":\"Home\",\"item\":\"https:\/\/www.article-marketing.eu\/comunicati\/\"},{\"@type\":\"ListItem\",\"position\":2,\"name\":\"Cibo e organizzazione: il catering\"}]},{\"@type\":\"WebSite\",\"@id\":\"https:\/\/www.article-marketing.eu\/comunicati\/#website\",\"url\":\"https:\/\/www.article-marketing.eu\/comunicati\/\",\"name\":\"Article Marketing\",\"description\":\"article marketing &amp; press release\",\"potentialAction\":[{\"@type\":\"SearchAction\",\"target\":{\"@type\":\"EntryPoint\",\"urlTemplate\":\"https:\/\/www.article-marketing.eu\/comunicati\/?s={search_term_string}\"},\"query-input\":{\"@type\":\"PropertyValueSpecification\",\"valueRequired\":true,\"valueName\":\"search_term_string\"}}],\"inLanguage\":\"it-IT\"},{\"@type\":\"Person\",\"@id\":\"https:\/\/www.article-marketing.eu\/comunicati\/#\/schema\/person\/44372e4d4d0fa797b18e03ed1ace9017\",\"name\":\"Redazione Comunicati Stampa\",\"image\":{\"@type\":\"ImageObject\",\"inLanguage\":\"it-IT\",\"@id\":\"https:\/\/www.article-marketing.eu\/comunicati\/#\/schema\/person\/image\/\",\"url\":\"https:\/\/secure.gravatar.com\/avatar\/50e5c6421d3072f42e7ace803501602c60d75233d34e29fd05feb91c8760b792?s=96&d=mm&r=g\",\"contentUrl\":\"https:\/\/secure.gravatar.com\/avatar\/50e5c6421d3072f42e7ace803501602c60d75233d34e29fd05feb91c8760b792?s=96&d=mm&r=g\",\"caption\":\"Redazione Comunicati Stampa\"},\"url\":\"https:\/\/www.article-marketing.eu\/comunicati\/author\/redazione-comunicati-stampa\/\"}]}<\/script>\n<!-- \/ Yoast SEO plugin. -->","yoast_head_json":{"title":"Cibo e organizzazione: il catering - Article Marketing","robots":{"index":"index","follow":"follow","max-snippet":"max-snippet:-1","max-image-preview":"max-image-preview:large","max-video-preview":"max-video-preview:-1"},"canonical":"https:\/\/www.article-marketing.eu\/comunicati\/casa\/cucina\/cibo-e-organizzazione-il-catering\/","og_locale":"it_IT","og_type":"article","og_title":"Cibo e organizzazione: il catering - Article Marketing","og_description":"Per organizzare un banchetto o un pranzo per una cerimonia, di qualunque genere essa sia, \u00e8 necessaria una buona dose di esperienza, insieme a grandi capacit\u00e0 organizzative e culinarie: in una parola, catering.","og_url":"https:\/\/www.article-marketing.eu\/comunicati\/casa\/cucina\/cibo-e-organizzazione-il-catering\/","og_site_name":"Article Marketing","article_published_time":"2010-06-25T09:01:38+00:00","author":"Redazione Comunicati Stampa","twitter_card":"summary_large_image","twitter_misc":{"Scritto da":"Redazione Comunicati Stampa","Tempo di lettura stimato":"2 minuti"},"schema":{"@context":"https:\/\/schema.org","@graph":[{"@type":"Article","@id":"https:\/\/www.article-marketing.eu\/comunicati\/casa\/cucina\/cibo-e-organizzazione-il-catering\/#article","isPartOf":{"@id":"https:\/\/www.article-marketing.eu\/comunicati\/casa\/cucina\/cibo-e-organizzazione-il-catering\/"},"author":{"name":"Redazione Comunicati Stampa","@id":"https:\/\/www.article-marketing.eu\/comunicati\/#\/schema\/person\/44372e4d4d0fa797b18e03ed1ace9017"},"headline":"Cibo e organizzazione: il catering","datePublished":"2010-06-25T09:01:38+00:00","mainEntityOfPage":{"@id":"https:\/\/www.article-marketing.eu\/comunicati\/casa\/cucina\/cibo-e-organizzazione-il-catering\/"},"wordCount":476,"commentCount":0,"articleSection":["Cucina"],"inLanguage":"it-IT","potentialAction":[{"@type":"CommentAction","name":"Comment","target":["https:\/\/www.article-marketing.eu\/comunicati\/casa\/cucina\/cibo-e-organizzazione-il-catering\/#respond"]}]},{"@type":"WebPage","@id":"https:\/\/www.article-marketing.eu\/comunicati\/casa\/cucina\/cibo-e-organizzazione-il-catering\/","url":"https:\/\/www.article-marketing.eu\/comunicati\/casa\/cucina\/cibo-e-organizzazione-il-catering\/","name":"Cibo e organizzazione: il catering - Article Marketing","isPartOf":{"@id":"https:\/\/www.article-marketing.eu\/comunicati\/#website"},"datePublished":"2010-06-25T09:01:38+00:00","author":{"@id":"https:\/\/www.article-marketing.eu\/comunicati\/#\/schema\/person\/44372e4d4d0fa797b18e03ed1ace9017"},"breadcrumb":{"@id":"https:\/\/www.article-marketing.eu\/comunicati\/casa\/cucina\/cibo-e-organizzazione-il-catering\/#breadcrumb"},"inLanguage":"it-IT","potentialAction":[{"@type":"ReadAction","target":["https:\/\/www.article-marketing.eu\/comunicati\/casa\/cucina\/cibo-e-organizzazione-il-catering\/"]}]},{"@type":"BreadcrumbList","@id":"https:\/\/www.article-marketing.eu\/comunicati\/casa\/cucina\/cibo-e-organizzazione-il-catering\/#breadcrumb","itemListElement":[{"@type":"ListItem","position":1,"name":"Home","item":"https:\/\/www.article-marketing.eu\/comunicati\/"},{"@type":"ListItem","position":2,"name":"Cibo e organizzazione: il catering"}]},{"@type":"WebSite","@id":"https:\/\/www.article-marketing.eu\/comunicati\/#website","url":"https:\/\/www.article-marketing.eu\/comunicati\/","name":"Article Marketing","description":"article marketing &amp; press release","potentialAction":[{"@type":"SearchAction","target":{"@type":"EntryPoint","urlTemplate":"https:\/\/www.article-marketing.eu\/comunicati\/?s={search_term_string}"},"query-input":{"@type":"PropertyValueSpecification","valueRequired":true,"valueName":"search_term_string"}}],"inLanguage":"it-IT"},{"@type":"Person","@id":"https:\/\/www.article-marketing.eu\/comunicati\/#\/schema\/person\/44372e4d4d0fa797b18e03ed1ace9017","name":"Redazione Comunicati Stampa","image":{"@type":"ImageObject","inLanguage":"it-IT","@id":"https:\/\/www.article-marketing.eu\/comunicati\/#\/schema\/person\/image\/","url":"https:\/\/secure.gravatar.com\/avatar\/50e5c6421d3072f42e7ace803501602c60d75233d34e29fd05feb91c8760b792?s=96&d=mm&r=g","contentUrl":"https:\/\/secure.gravatar.com\/avatar\/50e5c6421d3072f42e7ace803501602c60d75233d34e29fd05feb91c8760b792?s=96&d=mm&r=g","caption":"Redazione Comunicati Stampa"},"url":"https:\/\/www.article-marketing.eu\/comunicati\/author\/redazione-comunicati-stampa\/"}]}},"_links":{"self":[{"href":"https:\/\/www.article-marketing.eu\/comunicati\/wp-json\/wp\/v2\/posts\/5580","targetHints":{"allow":["GET"]}}],"collection":[{"href":"https:\/\/www.article-marketing.eu\/comunicati\/wp-json\/wp\/v2\/posts"}],"about":[{"href":"https:\/\/www.article-marketing.eu\/comunicati\/wp-json\/wp\/v2\/types\/post"}],"author":[{"embeddable":true,"href":"https:\/\/www.article-marketing.eu\/comunicati\/wp-json\/wp\/v2\/users\/10"}],"replies":[{"embeddable":true,"href":"https:\/\/www.article-marketing.eu\/comunicati\/wp-json\/wp\/v2\/comments?post=5580"}],"version-history":[{"count":0,"href":"https:\/\/www.article-marketing.eu\/comunicati\/wp-json\/wp\/v2\/posts\/5580\/revisions"}],"wp:attachment":[{"href":"https:\/\/www.article-marketing.eu\/comunicati\/wp-json\/wp\/v2\/media?parent=5580"}],"wp:term":[{"taxonomy":"category","embeddable":true,"href":"https:\/\/www.article-marketing.eu\/comunicati\/wp-json\/wp\/v2\/categories?post=5580"},{"taxonomy":"post_tag","embeddable":true,"href":"https:\/\/www.article-marketing.eu\/comunicati\/wp-json\/wp\/v2\/tags?post=5580"}],"curies":[{"name":"wp","href":"https:\/\/api.w.org\/{rel}","templated":true}]}}