{"id":5594,"date":"2010-06-25T17:39:30","date_gmt":"2010-06-25T15:39:30","guid":{"rendered":"http:\/\/www.article-marketing.eu\/comunicati\/senza-categoria\/la-calvizie-ed-il-deficit-della-vascolarizzazione\/"},"modified":"2010-06-25T17:39:30","modified_gmt":"2010-06-25T15:39:30","slug":"la-calvizie-ed-il-deficit-della-vascolarizzazione","status":"publish","type":"post","link":"https:\/\/www.article-marketing.eu\/comunicati\/salute-e-benessere\/la-calvizie-ed-il-deficit-della-vascolarizzazione\/","title":{"rendered":"La Calvizie ed il deficit della vascolarizzazione."},"content":{"rendered":"<p>La&nbsp;<strong><a href=\"http:\/\/www.chirurgiaesteticacapelli.it\/\">calvizie<\/a><\/strong>&nbsp;pu\u00f2 essere considerata come un evento catabolico per un prevalere della caduta dei capelli rispetto alla ricrescita.<\/p>\n<p>L&#8217;alterato trofismo del cuoio capelluto e di conseguenza la caduta dei capelli vanno correlati, in molti casi, a uno scadimento psico-fisico della vitalit\u00e0 dell&#8217;intero organismo. E&#8217; ben noto, che in caso di malattia i capelli perdono di lucentezza e che negli animali la bellezza e lucentezza del pelo \u00e8 chiara espressione dello stato di salute. <\/p>\n<p>Va precisato, che questa correlazione tra&nbsp;caduta dei capelli&nbsp;e scadimento psico-fisico spesso manca nel caso della calvizie androgenetica, salvo quando \u00e8 la calvizie, che suscita la depressione e non viceversa.<\/p>\n<p>E&#8217; fuor di dubbio, che esiste una predisposizione costituzionale nei confronti della calvizie, dal momento che i soggetti non calvi rappresentano l&#8217;evidente dimostrazione, che esiste una resistenza alla calvizie, nonostante la sicura azione su di loro della gran parte dei fattori considerati responsabili della calvizie, fatta forse eccezione per la calvizie androgenetica.<\/p>\n<p>Ferma restando l&#8217;esistenza di fattori, che provocano direttamente la caduta dei capelli, \u00e8 evidente che l&#8217;assottigliamento del cuoio capelluto pu\u00f2 rappresentare di per s\u00e9 un fattore negativo per la crescita dei capelli. Sicuramente l&#8217;assottigliamento del cuoio capelluto rappresenta un aspetto locale dell&#8217;invecchiamento generale dell&#8217;organismo, che pu\u00f2 insorgere pi\u00f9 o meno precocemente o tardivamente da soggetto a soggetto. <\/p>\n<p>Rappresentano una importanza particolare tutte le cause, che provocano un deficit della vascolarizzazione e quindi dell&#8217;apporrto di ossigeno e dei vari nutrienti. Avrebbe quindi importanza sia uno stato anemico, che tutte le cause, che provocano uno spasmo vascolare, come stress e distonie neurovegetative.<\/p>\n<p>Ma a provocare pi\u00f9 che un deficit funzionale, una involuzione della rete vascolare \u00e8 certamente la sclerosi del connettivo del derma e sottocutaneo, correlata a un deficit funzionale del cuoio capelluto, con conseguente saldamente al periostio della teca cranica.<\/p>\n<p>La rete capillare subisce inevitabilmente una involuzione a causa dellacompressione da parte delle fibre sclerotiche. Un fattore, che pu\u00f2 favorire la distrofia sclerotica pu\u00f2 essere anche rappresentato da un invecchiamento del connettivo in generale, per carenza di vitamica C, costituita dal fattore C1 (acido ascorbico) e fattore C2 (bioflavonoidi), che presiede al metabolismo dei connettivi.<\/p>\n<p>Questo deficit della vascolarizzazione si ripercuote negativit\u00e0 nei confronti del trofismo dei muscoli pellicciai, gi\u00e0 tendenzialmente ipotrofici per mancato movimento, sia volontario, che involontario, in quanto muscoli mimici e a causa della frequente fissazione del cuoio capelluto al periostio della teca cranica. A ci\u00f2 si aggiunga l&#8217;azione particolare del testosterone, che, come \u00e8 noto si deposita nei capelli.<\/p>\n<p>I capelli, particolarmente ai vertice e alle tempio, sono provvisti di recettori che captano il testosterone, che ad opera di un enzima, la 5 alfa reduttasi viene trasformato in diidrotestosterone, che sarebbe dotato di azione tossica per il capello, anche per una vasocostrizione, a livello della papilla germinativa.<\/p>\n<p>E&#8217; probabile, che l&#8217;azione vasocostrittrice del diidrotestosterone agisca oltre che elettivamente sui vasi delia papilla pilifera, con conseguente azione distrofizzante sul&nbsp;bulbo&nbsp;fino all&#8217;atrofia, anche sulla vascolarizzazione generale del cuoio capelluto, danneggiandone il trofismo.<\/p>\n","protected":false},"excerpt":{"rendered":"<p>Nella Calvizie rappresentano una importanza particolare tutte le cause, che provocano un deficit della vascolarizzazione e quindi dell&#8217;apporrto di ossigeno e dei vari nutrienti.<\/p>\n","protected":false},"author":10,"featured_media":0,"comment_status":"open","ping_status":"open","sticky":false,"template":"","format":"standard","meta":{"cybocfi_hide_featured_image":"","footnotes":""},"categories":[265],"tags":[12163,3321,15532],"class_list":["post-5594","post","type-post","status-publish","format-standard","hentry","category-salute-e-benessere","tag-caduta-dei-capelli","tag-calvizie","tag-trapianto-di-capelli"],"yoast_head":"<!-- This site is optimized with the Yoast SEO plugin v27.0 - https:\/\/yoast.com\/product\/yoast-seo-wordpress\/ -->\n<title>La Calvizie ed il deficit della vascolarizzazione. - Article Marketing<\/title>\n<meta name=\"robots\" content=\"index, follow, max-snippet:-1, max-image-preview:large, max-video-preview:-1\" \/>\n<link rel=\"canonical\" href=\"https:\/\/www.article-marketing.eu\/comunicati\/salute-e-benessere\/la-calvizie-ed-il-deficit-della-vascolarizzazione\/\" \/>\n<meta property=\"og:locale\" content=\"it_IT\" \/>\n<meta property=\"og:type\" content=\"article\" \/>\n<meta property=\"og:title\" content=\"La Calvizie ed il deficit della vascolarizzazione. - Article Marketing\" \/>\n<meta property=\"og:description\" content=\"Nella Calvizie rappresentano una importanza particolare tutte le cause, che provocano un deficit della vascolarizzazione e quindi dell&#039;apporrto di ossigeno e dei vari nutrienti.\" \/>\n<meta property=\"og:url\" content=\"https:\/\/www.article-marketing.eu\/comunicati\/salute-e-benessere\/la-calvizie-ed-il-deficit-della-vascolarizzazione\/\" \/>\n<meta property=\"og:site_name\" content=\"Article Marketing\" \/>\n<meta property=\"article:published_time\" content=\"2010-06-25T15:39:30+00:00\" \/>\n<meta name=\"author\" content=\"Redazione Comunicati Stampa\" \/>\n<meta name=\"twitter:card\" content=\"summary_large_image\" \/>\n<meta name=\"twitter:label1\" content=\"Scritto da\" \/>\n\t<meta name=\"twitter:data1\" content=\"Redazione Comunicati Stampa\" \/>\n\t<meta name=\"twitter:label2\" content=\"Tempo di lettura stimato\" \/>\n\t<meta name=\"twitter:data2\" content=\"2 minuti\" \/>\n<script type=\"application\/ld+json\" class=\"yoast-schema-graph\">{\"@context\":\"https:\/\/schema.org\",\"@graph\":[{\"@type\":\"Article\",\"@id\":\"https:\/\/www.article-marketing.eu\/comunicati\/salute-e-benessere\/la-calvizie-ed-il-deficit-della-vascolarizzazione\/#article\",\"isPartOf\":{\"@id\":\"https:\/\/www.article-marketing.eu\/comunicati\/salute-e-benessere\/la-calvizie-ed-il-deficit-della-vascolarizzazione\/\"},\"author\":{\"name\":\"Redazione Comunicati Stampa\",\"@id\":\"https:\/\/www.article-marketing.eu\/comunicati\/#\/schema\/person\/44372e4d4d0fa797b18e03ed1ace9017\"},\"headline\":\"La Calvizie ed il deficit della vascolarizzazione.\",\"datePublished\":\"2010-06-25T15:39:30+00:00\",\"mainEntityOfPage\":{\"@id\":\"https:\/\/www.article-marketing.eu\/comunicati\/salute-e-benessere\/la-calvizie-ed-il-deficit-della-vascolarizzazione\/\"},\"wordCount\":498,\"commentCount\":0,\"keywords\":[\"Caduta dei Capelli\",\"calvizie\",\"Trapianto di Capelli\"],\"articleSection\":[\"Salute e benessere\"],\"inLanguage\":\"it-IT\",\"potentialAction\":[{\"@type\":\"CommentAction\",\"name\":\"Comment\",\"target\":[\"https:\/\/www.article-marketing.eu\/comunicati\/salute-e-benessere\/la-calvizie-ed-il-deficit-della-vascolarizzazione\/#respond\"]}]},{\"@type\":\"WebPage\",\"@id\":\"https:\/\/www.article-marketing.eu\/comunicati\/salute-e-benessere\/la-calvizie-ed-il-deficit-della-vascolarizzazione\/\",\"url\":\"https:\/\/www.article-marketing.eu\/comunicati\/salute-e-benessere\/la-calvizie-ed-il-deficit-della-vascolarizzazione\/\",\"name\":\"La Calvizie ed il deficit della vascolarizzazione. - Article Marketing\",\"isPartOf\":{\"@id\":\"https:\/\/www.article-marketing.eu\/comunicati\/#website\"},\"datePublished\":\"2010-06-25T15:39:30+00:00\",\"author\":{\"@id\":\"https:\/\/www.article-marketing.eu\/comunicati\/#\/schema\/person\/44372e4d4d0fa797b18e03ed1ace9017\"},\"breadcrumb\":{\"@id\":\"https:\/\/www.article-marketing.eu\/comunicati\/salute-e-benessere\/la-calvizie-ed-il-deficit-della-vascolarizzazione\/#breadcrumb\"},\"inLanguage\":\"it-IT\",\"potentialAction\":[{\"@type\":\"ReadAction\",\"target\":[\"https:\/\/www.article-marketing.eu\/comunicati\/salute-e-benessere\/la-calvizie-ed-il-deficit-della-vascolarizzazione\/\"]}]},{\"@type\":\"BreadcrumbList\",\"@id\":\"https:\/\/www.article-marketing.eu\/comunicati\/salute-e-benessere\/la-calvizie-ed-il-deficit-della-vascolarizzazione\/#breadcrumb\",\"itemListElement\":[{\"@type\":\"ListItem\",\"position\":1,\"name\":\"Home\",\"item\":\"https:\/\/www.article-marketing.eu\/comunicati\/\"},{\"@type\":\"ListItem\",\"position\":2,\"name\":\"La Calvizie ed il deficit della vascolarizzazione.\"}]},{\"@type\":\"WebSite\",\"@id\":\"https:\/\/www.article-marketing.eu\/comunicati\/#website\",\"url\":\"https:\/\/www.article-marketing.eu\/comunicati\/\",\"name\":\"Article Marketing\",\"description\":\"article marketing &amp; press release\",\"potentialAction\":[{\"@type\":\"SearchAction\",\"target\":{\"@type\":\"EntryPoint\",\"urlTemplate\":\"https:\/\/www.article-marketing.eu\/comunicati\/?s={search_term_string}\"},\"query-input\":{\"@type\":\"PropertyValueSpecification\",\"valueRequired\":true,\"valueName\":\"search_term_string\"}}],\"inLanguage\":\"it-IT\"},{\"@type\":\"Person\",\"@id\":\"https:\/\/www.article-marketing.eu\/comunicati\/#\/schema\/person\/44372e4d4d0fa797b18e03ed1ace9017\",\"name\":\"Redazione Comunicati Stampa\",\"image\":{\"@type\":\"ImageObject\",\"inLanguage\":\"it-IT\",\"@id\":\"https:\/\/www.article-marketing.eu\/comunicati\/#\/schema\/person\/image\/\",\"url\":\"https:\/\/secure.gravatar.com\/avatar\/50e5c6421d3072f42e7ace803501602c60d75233d34e29fd05feb91c8760b792?s=96&d=mm&r=g\",\"contentUrl\":\"https:\/\/secure.gravatar.com\/avatar\/50e5c6421d3072f42e7ace803501602c60d75233d34e29fd05feb91c8760b792?s=96&d=mm&r=g\",\"caption\":\"Redazione Comunicati Stampa\"},\"url\":\"https:\/\/www.article-marketing.eu\/comunicati\/author\/redazione-comunicati-stampa\/\"}]}<\/script>\n<!-- \/ Yoast SEO plugin. -->","yoast_head_json":{"title":"La Calvizie ed il deficit della vascolarizzazione. - Article Marketing","robots":{"index":"index","follow":"follow","max-snippet":"max-snippet:-1","max-image-preview":"max-image-preview:large","max-video-preview":"max-video-preview:-1"},"canonical":"https:\/\/www.article-marketing.eu\/comunicati\/salute-e-benessere\/la-calvizie-ed-il-deficit-della-vascolarizzazione\/","og_locale":"it_IT","og_type":"article","og_title":"La Calvizie ed il deficit della vascolarizzazione. - Article Marketing","og_description":"Nella Calvizie rappresentano una importanza particolare tutte le cause, che provocano un deficit della vascolarizzazione e quindi dell'apporrto di ossigeno e dei vari nutrienti.","og_url":"https:\/\/www.article-marketing.eu\/comunicati\/salute-e-benessere\/la-calvizie-ed-il-deficit-della-vascolarizzazione\/","og_site_name":"Article Marketing","article_published_time":"2010-06-25T15:39:30+00:00","author":"Redazione Comunicati Stampa","twitter_card":"summary_large_image","twitter_misc":{"Scritto da":"Redazione Comunicati Stampa","Tempo di lettura stimato":"2 minuti"},"schema":{"@context":"https:\/\/schema.org","@graph":[{"@type":"Article","@id":"https:\/\/www.article-marketing.eu\/comunicati\/salute-e-benessere\/la-calvizie-ed-il-deficit-della-vascolarizzazione\/#article","isPartOf":{"@id":"https:\/\/www.article-marketing.eu\/comunicati\/salute-e-benessere\/la-calvizie-ed-il-deficit-della-vascolarizzazione\/"},"author":{"name":"Redazione Comunicati Stampa","@id":"https:\/\/www.article-marketing.eu\/comunicati\/#\/schema\/person\/44372e4d4d0fa797b18e03ed1ace9017"},"headline":"La Calvizie ed il deficit della vascolarizzazione.","datePublished":"2010-06-25T15:39:30+00:00","mainEntityOfPage":{"@id":"https:\/\/www.article-marketing.eu\/comunicati\/salute-e-benessere\/la-calvizie-ed-il-deficit-della-vascolarizzazione\/"},"wordCount":498,"commentCount":0,"keywords":["Caduta dei Capelli","calvizie","Trapianto di Capelli"],"articleSection":["Salute e benessere"],"inLanguage":"it-IT","potentialAction":[{"@type":"CommentAction","name":"Comment","target":["https:\/\/www.article-marketing.eu\/comunicati\/salute-e-benessere\/la-calvizie-ed-il-deficit-della-vascolarizzazione\/#respond"]}]},{"@type":"WebPage","@id":"https:\/\/www.article-marketing.eu\/comunicati\/salute-e-benessere\/la-calvizie-ed-il-deficit-della-vascolarizzazione\/","url":"https:\/\/www.article-marketing.eu\/comunicati\/salute-e-benessere\/la-calvizie-ed-il-deficit-della-vascolarizzazione\/","name":"La Calvizie ed il deficit della vascolarizzazione. - Article Marketing","isPartOf":{"@id":"https:\/\/www.article-marketing.eu\/comunicati\/#website"},"datePublished":"2010-06-25T15:39:30+00:00","author":{"@id":"https:\/\/www.article-marketing.eu\/comunicati\/#\/schema\/person\/44372e4d4d0fa797b18e03ed1ace9017"},"breadcrumb":{"@id":"https:\/\/www.article-marketing.eu\/comunicati\/salute-e-benessere\/la-calvizie-ed-il-deficit-della-vascolarizzazione\/#breadcrumb"},"inLanguage":"it-IT","potentialAction":[{"@type":"ReadAction","target":["https:\/\/www.article-marketing.eu\/comunicati\/salute-e-benessere\/la-calvizie-ed-il-deficit-della-vascolarizzazione\/"]}]},{"@type":"BreadcrumbList","@id":"https:\/\/www.article-marketing.eu\/comunicati\/salute-e-benessere\/la-calvizie-ed-il-deficit-della-vascolarizzazione\/#breadcrumb","itemListElement":[{"@type":"ListItem","position":1,"name":"Home","item":"https:\/\/www.article-marketing.eu\/comunicati\/"},{"@type":"ListItem","position":2,"name":"La Calvizie ed il deficit della vascolarizzazione."}]},{"@type":"WebSite","@id":"https:\/\/www.article-marketing.eu\/comunicati\/#website","url":"https:\/\/www.article-marketing.eu\/comunicati\/","name":"Article Marketing","description":"article marketing &amp; press release","potentialAction":[{"@type":"SearchAction","target":{"@type":"EntryPoint","urlTemplate":"https:\/\/www.article-marketing.eu\/comunicati\/?s={search_term_string}"},"query-input":{"@type":"PropertyValueSpecification","valueRequired":true,"valueName":"search_term_string"}}],"inLanguage":"it-IT"},{"@type":"Person","@id":"https:\/\/www.article-marketing.eu\/comunicati\/#\/schema\/person\/44372e4d4d0fa797b18e03ed1ace9017","name":"Redazione Comunicati Stampa","image":{"@type":"ImageObject","inLanguage":"it-IT","@id":"https:\/\/www.article-marketing.eu\/comunicati\/#\/schema\/person\/image\/","url":"https:\/\/secure.gravatar.com\/avatar\/50e5c6421d3072f42e7ace803501602c60d75233d34e29fd05feb91c8760b792?s=96&d=mm&r=g","contentUrl":"https:\/\/secure.gravatar.com\/avatar\/50e5c6421d3072f42e7ace803501602c60d75233d34e29fd05feb91c8760b792?s=96&d=mm&r=g","caption":"Redazione Comunicati Stampa"},"url":"https:\/\/www.article-marketing.eu\/comunicati\/author\/redazione-comunicati-stampa\/"}]}},"_links":{"self":[{"href":"https:\/\/www.article-marketing.eu\/comunicati\/wp-json\/wp\/v2\/posts\/5594","targetHints":{"allow":["GET"]}}],"collection":[{"href":"https:\/\/www.article-marketing.eu\/comunicati\/wp-json\/wp\/v2\/posts"}],"about":[{"href":"https:\/\/www.article-marketing.eu\/comunicati\/wp-json\/wp\/v2\/types\/post"}],"author":[{"embeddable":true,"href":"https:\/\/www.article-marketing.eu\/comunicati\/wp-json\/wp\/v2\/users\/10"}],"replies":[{"embeddable":true,"href":"https:\/\/www.article-marketing.eu\/comunicati\/wp-json\/wp\/v2\/comments?post=5594"}],"version-history":[{"count":0,"href":"https:\/\/www.article-marketing.eu\/comunicati\/wp-json\/wp\/v2\/posts\/5594\/revisions"}],"wp:attachment":[{"href":"https:\/\/www.article-marketing.eu\/comunicati\/wp-json\/wp\/v2\/media?parent=5594"}],"wp:term":[{"taxonomy":"category","embeddable":true,"href":"https:\/\/www.article-marketing.eu\/comunicati\/wp-json\/wp\/v2\/categories?post=5594"},{"taxonomy":"post_tag","embeddable":true,"href":"https:\/\/www.article-marketing.eu\/comunicati\/wp-json\/wp\/v2\/tags?post=5594"}],"curies":[{"name":"wp","href":"https:\/\/api.w.org\/{rel}","templated":true}]}}