{"id":5595,"date":"2010-06-25T21:21:29","date_gmt":"2010-06-25T19:21:29","guid":{"rendered":"http:\/\/www.article-marketing.eu\/comunicati\/senza-categoria\/musica-nel-bosco-di-groscavallo\/"},"modified":"2020-08-10T01:16:12","modified_gmt":"2020-08-09T23:16:12","slug":"musica-nel-bosco-di-groscavallo","status":"publish","type":"post","link":"https:\/\/www.article-marketing.eu\/comunicati\/comunicati-stampa\/eventi\/musica-nel-bosco-di-groscavallo\/","title":{"rendered":"MUSICA NEL BOSCO DI GROSCAVALLO."},"content":{"rendered":"<p class=\" \" style=\"TEXT-ALIGN: justify\"><strong>Quattro concerti in un bosco<\/strong><\/p>\n<p class=\" \" style=\"TEXT-ALIGN: justify\">La proposta di questa piccola rassegna&nbsp; musicale in un bosco prevede quattro concerti dal programma assai vario e dalla dinamica sonora estremamente differente.<\/p>\n<p class=\" \" style=\"TEXT-ALIGN: justify\">Il primo presenta un repertorio legato intimamente al contesto, \u00e8 quasi una sorta di narrazione bucolica attraverso musiche che effettivamente nei secoli possiamo immaginarci di aver gi\u00e0 ascoltato in&nbsp; situazioni simili a questa, dove i suoni dei flauti, del liuto, della chitarra, colorati dalla voce femminile vanno ad inserirsi in un&#8217;evocazione onirica di ci\u00f2 che poteva essere l&#8217;ascolto di musica all&#8217;aperto fra il 1500 e il 1800.<\/p>\n<p class=\" \" style=\"TEXT-ALIGN: justify\">Di seguito, l&#8217;arpa sola. Uno strumento affascinante gi\u00e0 semplicemente nella sua forma e nella gamma unica dei suoi suoni, ci presenter\u00e0 un programma assai vario che spazia dal repertorio pi\u00f9 classico e tradizionale alla musica di compositori contemporanei presentando in prima esecuzione pubblica assoluta un brano di Nicola Campogrande.<\/p>\n<p class=\" \" style=\"TEXT-ALIGN: justify\">Il concerto del brass ensemble invece ci proietter\u00e0 magicamente in un caleidoscopio sonoro dove i potenti armonici degli ottoni invaderanno tutto il corpo, distendendo e rilassando le nostre capacit\u00e0 percettive: non ci sar\u00e0 fatica alcuna nell&#8217;ascolto, baster\u00e0 lasciarsi trasportare dal suono di questi straordinari strumenti che gli antichi, senza fallo, suonavano solo all&#8217;aperto.<\/p>\n<p class=\" \" style=\"TEXT-ALIGN: justify\">Protagonisti dell&#8217;ultimo concerto saranno invece gli strumenti ad arco: violino, viola, violoncello con l&#8217;aggiunta di un flauto che nel periodo tardo barocco e classico \u00e8 perfettamente intercambiabile col violino. La tavolozza di colori assai ricca spazia dal dolce suono del flauto a quello penetrante del violino, dal vellutato suono della viola al nobile e versatile violoncello. Il repertorio rigorosamente classico, con gli autori simbolo di queste due epoche di storia della musica &#8211; Bach e Mozart &#8211; degno di un vero e proprio salotto musicale all&#8217;aperto.<\/p>\n<p class=\" \" style=\"TEXT-ALIGN: justify\">Quattro concerti in un bosco al buio, di notte, per un\u2019esaltazione del suono a cui la civilt\u00e0 delle macchine e della luce elettrica ci ha quasi interamente disabituato.<\/p>\n<p class=\" \" style=\"TEXT-ALIGN: justify\">E&#8217; da tempo che l&#8217;uomo contemporaneo non ha pi\u00f9 relazione con il buio assoluto. La citt\u00e0 soprattutto ci ha abituato ad una luce continua, pi\u00f9 o meno intensa, rassicurante, certo, ma anche veicolo di sensazioni approssimative, generiche, mediate da una continua relazione con la logica del nostro pensiero codificabile nel linguaggio della realt\u00e0.<\/p>\n<p class=\" \" style=\"TEXT-ALIGN: justify\">Buio, quanto \u00e8 necessario per dominare le emozioni, per esaltare le sensazioni, gli odori, i suoni&#8230;<\/p>\n<p class=\" \" style=\"TEXT-ALIGN: justify\">Siamo spaventati quasi, dal buio e dal silenzio rumoroso che percorrono un bosco di notte, incapaci di dominarne i meccanismi.<\/p>\n<p class=\" \" style=\"TEXT-ALIGN: justify\">Cosa c&#8217;entra la musica in tutto questo, nel buio e nel silenzio di un bosco in una notte d&#8217;estate?<\/p>\n<p class=\" \" style=\"TEXT-ALIGN: justify\">Il suono di per s\u00e9, \u00e8 imprescindibilmente in costante relazione con il silenzio. La prima nota di un qualsiasi brano musicale proviene dal silenzio che la precede cos\u00ec come l&#8217;ultimo suono non \u00e8 il termine della musica, ma lo \u00e8 il silenzio che la segue. Ma quale la relazione fra i due? E&#8217; il suono a dominare il silenzio o viceversa? Se il suono nasce dal silenzio assoluto, la musica o lo interrompe, o si sviluppa in esso&#8230;. <\/p>\n<p class=\" \" style=\"TEXT-ALIGN: justify\">Francesca Odling<\/p>\n<p>&nbsp;<\/p>\n","protected":false},"excerpt":{"rendered":"<p>MUSICA NEL BOSCO<br \/>\nIl Comune di Groscavallo (Val Grande di Lanzo, Torino) organizza per l\u2019estate 2010 una rassegna di quattro concerti notturni di musica classica gratuiti, all\u2019aperto, in un bosco, dal 17 luglio all\u20198 agosto.<br \/>\nIl pubblico, munito di pila e scarpe pesanti, raggiunger\u00e0 l\u2019area dello spettacolo alle 21, in tempo per apprezzare la bellezza del luogo.<br \/>\nNell\u2019attesa del buio sar\u00e0 presentato il programma e, quando l\u2019oscurit\u00e0 avr\u00e0 creato l\u2019atmosfera adatta, luci discrete si accenderanno sui concertisti e la musica si diffonder\u00e0 tra gli alberi.<br \/>\nElemento qualificante delle serate sar\u00e0 l\u2019ascolto della musica immersi nella natura, in contatto diretto con l\u2019ambiente, seduti per terra, sulle foglie, con i profumi del bosco e la presenza inquietante della notte.<br \/>\nEcco l\u2019elenco dei gruppi che si alterneranno sul palcoscenico:<br \/>\nSabato 17 Luglio, \u201cI Concerti delle Dame\u201d, voce soprano, flauti, liuto, chitarra, mandolino.<br \/>\nSabato 24 Luglio, \u201cColor Brass\u201d, trombe, corno, trombone, tuba.<br \/>\nSabato 31 Luglio, \u201cNotturno per arpa\u201d, arpa solista.<br \/>\nDomenica 8 Agosto, \u201cWildequartett\u201d, flauto, violino, viola,<br \/>\nvioloncello.<br \/>\nInfo: 3343654365 musicanelboscogroscavallo@yahoo.it<\/p>\n","protected":false},"author":10,"featured_media":0,"comment_status":"open","ping_status":"open","sticky":false,"template":"","format":"standard","meta":{"cybocfi_hide_featured_image":"","footnotes":""},"categories":[388],"tags":[15533],"class_list":["post-5595","post","type-post","status-publish","format-standard","hentry","category-eventi","tag-concerto-musica-classica-bosco-notte-groscavallo-valli-lanzo-torino-piemonte"],"yoast_head":"<!-- This site is optimized with the Yoast SEO plugin v27.0 - https:\/\/yoast.com\/product\/yoast-seo-wordpress\/ -->\n<title>MUSICA NEL BOSCO DI GROSCAVALLO. - Article Marketing<\/title>\n<meta name=\"robots\" content=\"index, follow, max-snippet:-1, max-image-preview:large, max-video-preview:-1\" \/>\n<link rel=\"canonical\" href=\"https:\/\/www.article-marketing.eu\/comunicati\/comunicati-stampa\/eventi\/musica-nel-bosco-di-groscavallo\/\" \/>\n<meta property=\"og:locale\" content=\"it_IT\" \/>\n<meta property=\"og:type\" content=\"article\" \/>\n<meta property=\"og:title\" content=\"MUSICA NEL BOSCO DI GROSCAVALLO. - Article Marketing\" \/>\n<meta property=\"og:description\" content=\"MUSICA NEL BOSCO Il Comune di Groscavallo (Val Grande di Lanzo, Torino) organizza per l\u2019estate 2010 una rassegna di quattro concerti notturni di musica classica gratuiti, all\u2019aperto, in un bosco, dal 17 luglio all\u20198 agosto. Il pubblico, munito di pila e scarpe pesanti, raggiunger\u00e0 l\u2019area dello spettacolo alle 21, in tempo per apprezzare la bellezza del luogo. Nell\u2019attesa del buio sar\u00e0 presentato il programma e, quando l\u2019oscurit\u00e0 avr\u00e0 creato l\u2019atmosfera adatta, luci discrete si accenderanno sui concertisti e la musica si diffonder\u00e0 tra gli alberi. Elemento qualificante delle serate sar\u00e0 l\u2019ascolto della musica immersi nella natura, in contatto diretto con l\u2019ambiente, seduti per terra, sulle foglie, con i profumi del bosco e la presenza inquietante della notte. Ecco l\u2019elenco dei gruppi che si alterneranno sul palcoscenico: Sabato 17 Luglio, \u201cI Concerti delle Dame\u201d, voce soprano, flauti, liuto, chitarra, mandolino. Sabato 24 Luglio, \u201cColor Brass\u201d, trombe, corno, trombone, tuba. Sabato 31 Luglio, \u201cNotturno per arpa\u201d, arpa solista. Domenica 8 Agosto, \u201cWildequartett\u201d, flauto, violino, viola, violoncello. Info: 3343654365 musicanelboscogroscavallo@yahoo.it\" \/>\n<meta property=\"og:url\" content=\"https:\/\/www.article-marketing.eu\/comunicati\/comunicati-stampa\/eventi\/musica-nel-bosco-di-groscavallo\/\" \/>\n<meta property=\"og:site_name\" content=\"Article Marketing\" \/>\n<meta property=\"article:published_time\" content=\"2010-06-25T19:21:29+00:00\" \/>\n<meta property=\"article:modified_time\" content=\"2020-08-09T23:16:12+00:00\" \/>\n<meta name=\"author\" content=\"Redazione Comunicati Stampa\" \/>\n<meta name=\"twitter:card\" content=\"summary_large_image\" \/>\n<meta name=\"twitter:label1\" content=\"Scritto da\" \/>\n\t<meta name=\"twitter:data1\" content=\"Redazione Comunicati Stampa\" \/>\n\t<meta name=\"twitter:label2\" content=\"Tempo di lettura stimato\" \/>\n\t<meta name=\"twitter:data2\" content=\"2 minuti\" \/>\n<script type=\"application\/ld+json\" class=\"yoast-schema-graph\">{\"@context\":\"https:\/\/schema.org\",\"@graph\":[{\"@type\":\"Article\",\"@id\":\"https:\/\/www.article-marketing.eu\/comunicati\/comunicati-stampa\/eventi\/musica-nel-bosco-di-groscavallo\/#article\",\"isPartOf\":{\"@id\":\"https:\/\/www.article-marketing.eu\/comunicati\/comunicati-stampa\/eventi\/musica-nel-bosco-di-groscavallo\/\"},\"author\":{\"name\":\"Redazione Comunicati Stampa\",\"@id\":\"https:\/\/www.article-marketing.eu\/comunicati\/#\/schema\/person\/44372e4d4d0fa797b18e03ed1ace9017\"},\"headline\":\"MUSICA NEL BOSCO DI GROSCAVALLO.\",\"datePublished\":\"2010-06-25T19:21:29+00:00\",\"dateModified\":\"2020-08-09T23:16:12+00:00\",\"mainEntityOfPage\":{\"@id\":\"https:\/\/www.article-marketing.eu\/comunicati\/comunicati-stampa\/eventi\/musica-nel-bosco-di-groscavallo\/\"},\"wordCount\":500,\"commentCount\":0,\"keywords\":[\"concerto musica classica bosco notte groscavallo valli lanzo torino piemonte\"],\"articleSection\":[\"Eventi\"],\"inLanguage\":\"it-IT\",\"potentialAction\":[{\"@type\":\"CommentAction\",\"name\":\"Comment\",\"target\":[\"https:\/\/www.article-marketing.eu\/comunicati\/comunicati-stampa\/eventi\/musica-nel-bosco-di-groscavallo\/#respond\"]}]},{\"@type\":\"WebPage\",\"@id\":\"https:\/\/www.article-marketing.eu\/comunicati\/comunicati-stampa\/eventi\/musica-nel-bosco-di-groscavallo\/\",\"url\":\"https:\/\/www.article-marketing.eu\/comunicati\/comunicati-stampa\/eventi\/musica-nel-bosco-di-groscavallo\/\",\"name\":\"MUSICA NEL BOSCO DI GROSCAVALLO. - Article Marketing\",\"isPartOf\":{\"@id\":\"https:\/\/www.article-marketing.eu\/comunicati\/#website\"},\"datePublished\":\"2010-06-25T19:21:29+00:00\",\"dateModified\":\"2020-08-09T23:16:12+00:00\",\"author\":{\"@id\":\"https:\/\/www.article-marketing.eu\/comunicati\/#\/schema\/person\/44372e4d4d0fa797b18e03ed1ace9017\"},\"breadcrumb\":{\"@id\":\"https:\/\/www.article-marketing.eu\/comunicati\/comunicati-stampa\/eventi\/musica-nel-bosco-di-groscavallo\/#breadcrumb\"},\"inLanguage\":\"it-IT\",\"potentialAction\":[{\"@type\":\"ReadAction\",\"target\":[\"https:\/\/www.article-marketing.eu\/comunicati\/comunicati-stampa\/eventi\/musica-nel-bosco-di-groscavallo\/\"]}]},{\"@type\":\"BreadcrumbList\",\"@id\":\"https:\/\/www.article-marketing.eu\/comunicati\/comunicati-stampa\/eventi\/musica-nel-bosco-di-groscavallo\/#breadcrumb\",\"itemListElement\":[{\"@type\":\"ListItem\",\"position\":1,\"name\":\"Home\",\"item\":\"https:\/\/www.article-marketing.eu\/comunicati\/\"},{\"@type\":\"ListItem\",\"position\":2,\"name\":\"MUSICA NEL BOSCO DI GROSCAVALLO.\"}]},{\"@type\":\"WebSite\",\"@id\":\"https:\/\/www.article-marketing.eu\/comunicati\/#website\",\"url\":\"https:\/\/www.article-marketing.eu\/comunicati\/\",\"name\":\"Article Marketing\",\"description\":\"article marketing &amp; press release\",\"potentialAction\":[{\"@type\":\"SearchAction\",\"target\":{\"@type\":\"EntryPoint\",\"urlTemplate\":\"https:\/\/www.article-marketing.eu\/comunicati\/?s={search_term_string}\"},\"query-input\":{\"@type\":\"PropertyValueSpecification\",\"valueRequired\":true,\"valueName\":\"search_term_string\"}}],\"inLanguage\":\"it-IT\"},{\"@type\":\"Person\",\"@id\":\"https:\/\/www.article-marketing.eu\/comunicati\/#\/schema\/person\/44372e4d4d0fa797b18e03ed1ace9017\",\"name\":\"Redazione Comunicati Stampa\",\"image\":{\"@type\":\"ImageObject\",\"inLanguage\":\"it-IT\",\"@id\":\"https:\/\/www.article-marketing.eu\/comunicati\/#\/schema\/person\/image\/\",\"url\":\"https:\/\/secure.gravatar.com\/avatar\/50e5c6421d3072f42e7ace803501602c60d75233d34e29fd05feb91c8760b792?s=96&d=mm&r=g\",\"contentUrl\":\"https:\/\/secure.gravatar.com\/avatar\/50e5c6421d3072f42e7ace803501602c60d75233d34e29fd05feb91c8760b792?s=96&d=mm&r=g\",\"caption\":\"Redazione Comunicati Stampa\"},\"url\":\"https:\/\/www.article-marketing.eu\/comunicati\/author\/redazione-comunicati-stampa\/\"}]}<\/script>\n<!-- \/ Yoast SEO plugin. -->","yoast_head_json":{"title":"MUSICA NEL BOSCO DI GROSCAVALLO. - Article Marketing","robots":{"index":"index","follow":"follow","max-snippet":"max-snippet:-1","max-image-preview":"max-image-preview:large","max-video-preview":"max-video-preview:-1"},"canonical":"https:\/\/www.article-marketing.eu\/comunicati\/comunicati-stampa\/eventi\/musica-nel-bosco-di-groscavallo\/","og_locale":"it_IT","og_type":"article","og_title":"MUSICA NEL BOSCO DI GROSCAVALLO. - Article Marketing","og_description":"MUSICA NEL BOSCO Il Comune di Groscavallo (Val Grande di Lanzo, Torino) organizza per l\u2019estate 2010 una rassegna di quattro concerti notturni di musica classica gratuiti, all\u2019aperto, in un bosco, dal 17 luglio all\u20198 agosto. Il pubblico, munito di pila e scarpe pesanti, raggiunger\u00e0 l\u2019area dello spettacolo alle 21, in tempo per apprezzare la bellezza del luogo. Nell\u2019attesa del buio sar\u00e0 presentato il programma e, quando l\u2019oscurit\u00e0 avr\u00e0 creato l\u2019atmosfera adatta, luci discrete si accenderanno sui concertisti e la musica si diffonder\u00e0 tra gli alberi. Elemento qualificante delle serate sar\u00e0 l\u2019ascolto della musica immersi nella natura, in contatto diretto con l\u2019ambiente, seduti per terra, sulle foglie, con i profumi del bosco e la presenza inquietante della notte. Ecco l\u2019elenco dei gruppi che si alterneranno sul palcoscenico: Sabato 17 Luglio, \u201cI Concerti delle Dame\u201d, voce soprano, flauti, liuto, chitarra, mandolino. Sabato 24 Luglio, \u201cColor Brass\u201d, trombe, corno, trombone, tuba. Sabato 31 Luglio, \u201cNotturno per arpa\u201d, arpa solista. Domenica 8 Agosto, \u201cWildequartett\u201d, flauto, violino, viola, violoncello. Info: 3343654365 musicanelboscogroscavallo@yahoo.it","og_url":"https:\/\/www.article-marketing.eu\/comunicati\/comunicati-stampa\/eventi\/musica-nel-bosco-di-groscavallo\/","og_site_name":"Article Marketing","article_published_time":"2010-06-25T19:21:29+00:00","article_modified_time":"2020-08-09T23:16:12+00:00","author":"Redazione Comunicati Stampa","twitter_card":"summary_large_image","twitter_misc":{"Scritto da":"Redazione Comunicati Stampa","Tempo di lettura stimato":"2 minuti"},"schema":{"@context":"https:\/\/schema.org","@graph":[{"@type":"Article","@id":"https:\/\/www.article-marketing.eu\/comunicati\/comunicati-stampa\/eventi\/musica-nel-bosco-di-groscavallo\/#article","isPartOf":{"@id":"https:\/\/www.article-marketing.eu\/comunicati\/comunicati-stampa\/eventi\/musica-nel-bosco-di-groscavallo\/"},"author":{"name":"Redazione Comunicati Stampa","@id":"https:\/\/www.article-marketing.eu\/comunicati\/#\/schema\/person\/44372e4d4d0fa797b18e03ed1ace9017"},"headline":"MUSICA NEL BOSCO DI GROSCAVALLO.","datePublished":"2010-06-25T19:21:29+00:00","dateModified":"2020-08-09T23:16:12+00:00","mainEntityOfPage":{"@id":"https:\/\/www.article-marketing.eu\/comunicati\/comunicati-stampa\/eventi\/musica-nel-bosco-di-groscavallo\/"},"wordCount":500,"commentCount":0,"keywords":["concerto musica classica bosco notte groscavallo valli lanzo torino piemonte"],"articleSection":["Eventi"],"inLanguage":"it-IT","potentialAction":[{"@type":"CommentAction","name":"Comment","target":["https:\/\/www.article-marketing.eu\/comunicati\/comunicati-stampa\/eventi\/musica-nel-bosco-di-groscavallo\/#respond"]}]},{"@type":"WebPage","@id":"https:\/\/www.article-marketing.eu\/comunicati\/comunicati-stampa\/eventi\/musica-nel-bosco-di-groscavallo\/","url":"https:\/\/www.article-marketing.eu\/comunicati\/comunicati-stampa\/eventi\/musica-nel-bosco-di-groscavallo\/","name":"MUSICA NEL BOSCO DI GROSCAVALLO. - Article Marketing","isPartOf":{"@id":"https:\/\/www.article-marketing.eu\/comunicati\/#website"},"datePublished":"2010-06-25T19:21:29+00:00","dateModified":"2020-08-09T23:16:12+00:00","author":{"@id":"https:\/\/www.article-marketing.eu\/comunicati\/#\/schema\/person\/44372e4d4d0fa797b18e03ed1ace9017"},"breadcrumb":{"@id":"https:\/\/www.article-marketing.eu\/comunicati\/comunicati-stampa\/eventi\/musica-nel-bosco-di-groscavallo\/#breadcrumb"},"inLanguage":"it-IT","potentialAction":[{"@type":"ReadAction","target":["https:\/\/www.article-marketing.eu\/comunicati\/comunicati-stampa\/eventi\/musica-nel-bosco-di-groscavallo\/"]}]},{"@type":"BreadcrumbList","@id":"https:\/\/www.article-marketing.eu\/comunicati\/comunicati-stampa\/eventi\/musica-nel-bosco-di-groscavallo\/#breadcrumb","itemListElement":[{"@type":"ListItem","position":1,"name":"Home","item":"https:\/\/www.article-marketing.eu\/comunicati\/"},{"@type":"ListItem","position":2,"name":"MUSICA NEL BOSCO DI GROSCAVALLO."}]},{"@type":"WebSite","@id":"https:\/\/www.article-marketing.eu\/comunicati\/#website","url":"https:\/\/www.article-marketing.eu\/comunicati\/","name":"Article Marketing","description":"article marketing &amp; press release","potentialAction":[{"@type":"SearchAction","target":{"@type":"EntryPoint","urlTemplate":"https:\/\/www.article-marketing.eu\/comunicati\/?s={search_term_string}"},"query-input":{"@type":"PropertyValueSpecification","valueRequired":true,"valueName":"search_term_string"}}],"inLanguage":"it-IT"},{"@type":"Person","@id":"https:\/\/www.article-marketing.eu\/comunicati\/#\/schema\/person\/44372e4d4d0fa797b18e03ed1ace9017","name":"Redazione Comunicati Stampa","image":{"@type":"ImageObject","inLanguage":"it-IT","@id":"https:\/\/www.article-marketing.eu\/comunicati\/#\/schema\/person\/image\/","url":"https:\/\/secure.gravatar.com\/avatar\/50e5c6421d3072f42e7ace803501602c60d75233d34e29fd05feb91c8760b792?s=96&d=mm&r=g","contentUrl":"https:\/\/secure.gravatar.com\/avatar\/50e5c6421d3072f42e7ace803501602c60d75233d34e29fd05feb91c8760b792?s=96&d=mm&r=g","caption":"Redazione Comunicati Stampa"},"url":"https:\/\/www.article-marketing.eu\/comunicati\/author\/redazione-comunicati-stampa\/"}]}},"_links":{"self":[{"href":"https:\/\/www.article-marketing.eu\/comunicati\/wp-json\/wp\/v2\/posts\/5595","targetHints":{"allow":["GET"]}}],"collection":[{"href":"https:\/\/www.article-marketing.eu\/comunicati\/wp-json\/wp\/v2\/posts"}],"about":[{"href":"https:\/\/www.article-marketing.eu\/comunicati\/wp-json\/wp\/v2\/types\/post"}],"author":[{"embeddable":true,"href":"https:\/\/www.article-marketing.eu\/comunicati\/wp-json\/wp\/v2\/users\/10"}],"replies":[{"embeddable":true,"href":"https:\/\/www.article-marketing.eu\/comunicati\/wp-json\/wp\/v2\/comments?post=5595"}],"version-history":[{"count":1,"href":"https:\/\/www.article-marketing.eu\/comunicati\/wp-json\/wp\/v2\/posts\/5595\/revisions"}],"predecessor-version":[{"id":67186,"href":"https:\/\/www.article-marketing.eu\/comunicati\/wp-json\/wp\/v2\/posts\/5595\/revisions\/67186"}],"wp:attachment":[{"href":"https:\/\/www.article-marketing.eu\/comunicati\/wp-json\/wp\/v2\/media?parent=5595"}],"wp:term":[{"taxonomy":"category","embeddable":true,"href":"https:\/\/www.article-marketing.eu\/comunicati\/wp-json\/wp\/v2\/categories?post=5595"},{"taxonomy":"post_tag","embeddable":true,"href":"https:\/\/www.article-marketing.eu\/comunicati\/wp-json\/wp\/v2\/tags?post=5595"}],"curies":[{"name":"wp","href":"https:\/\/api.w.org\/{rel}","templated":true}]}}