{"id":5596,"date":"2010-06-30T12:01:32","date_gmt":"2010-06-30T10:01:32","guid":{"rendered":"http:\/\/www.article-marketing.eu\/comunicati\/senza-categoria\/a-bucarest-la-crisi-non-e-nemmeno-passata\/"},"modified":"2010-06-30T12:01:32","modified_gmt":"2010-06-30T10:01:32","slug":"a-bucarest-la-crisi-non-e-nemmeno-passata","status":"publish","type":"post","link":"https:\/\/www.article-marketing.eu\/comunicati\/casa\/esterni\/a-bucarest-la-crisi-non-e-nemmeno-passata\/","title":{"rendered":"A Bucarest la crisi non \u00e8 nemmeno passata"},"content":{"rendered":"<p style=\"text-align: justify;\" class=\"MsoNormal\">Dopo essere entrata nella<br \/>\nComunit\u00e0 Europea, la <strong>Romania<\/strong>, ma<br \/>\nsoprattutto <strong>Bucarest<\/strong>, sta<br \/>\nregistrando una spettacolare crescita immobiliare favorita dalla crescita dei<br \/>\nsalari e grazie al &quot;progetto prima casa&quot; con cui il governo<br \/>\ngarantisce mutui trentennali per chi intende acquistare case o terreni.<\/p>\n<p style=\"text-align: justify;\" class=\"MsoNormal\">Come ogni grande citt\u00e0, Bucarest<br \/>\ncrede in se stessa: nei caff\u00e8 all&#8217;aperto del centro si respira l&#8217;entusiasmo<br \/>\ndegli studenti, delle coppie di tutte le et\u00e0 che frequentano teatri e cinema e<br \/>\nsono tante le famiglie con bambini a trascorrere il sabato o la domenica nei<br \/>\nparchi ben tenuti della &quot;Parigi dei Balcani&quot;. <\/p>\n<p style=\"text-align: justify;\" class=\"MsoNormal\">Grazie alla sua eccellente<br \/>\nposizione strategica e al grande piano di sviluppo infrastrutturale attualmente<br \/>\nin corso di realizzazione, Bucarest \u00e8 oggi una delle pi\u00f9 importanti localit\u00e0<br \/>\neuropee per quanto riguarda gli investimenti immobiliari.<\/p>\n<p style=\"text-align: justify;\" class=\"MsoNormal\">Il \u201c<strong>Progetto Bucarest Metropoli<\/strong>\u201d contempla l\u2019allargamento dei confini<br \/>\ndella citt\u00e0 nei comuni della prima periferia limitrofi ai due primari anelli<br \/>\nstradali.<\/p>\n<p style=\"text-align: justify;\" class=\"MsoNormal\">La Romania \u00e8 attualmente da<br \/>\nconsiderarsi una Top Investment Location ed \u00e8 al primo posto tra i 20 paesi<br \/>\neuropei pi\u00f9 profittevoli in termine di reddito stimato nei prossimi 10 anni nel<br \/>\nsettore immobiliare. Per questo il mercato immobiliare della Romania viene<br \/>\nguardato con molto interesse da parte degli investitori.<\/p>\n<p style=\"text-align: justify;\" class=\"MsoNormal\"><strong>Magum Real Estate<\/strong> ha sviluppato negli anni una notevole esperienza<br \/>\nnella compravendita immobiliare in Romania e offre alla propria clientela una<br \/>\nserie di servizi garantendo assistenza precisa e accurata, oltre a professionalit\u00e0<br \/>\ne competenza.<\/p>\n","protected":false},"excerpt":{"rendered":"<p>Dopo essere entrata nella Comunit\u00e0 Europea, la Romania, ma soprattutto Bucarest, sta registrando una spettacolare crescita immobiliare favorita dalla crescita dei salari e grazie al &#8220;progetto prima casa&#8221; con cui il governo garantisce mutui trentennali per chi intende acquistare case o terreni.<\/p>\n","protected":false},"author":10,"featured_media":0,"comment_status":"open","ping_status":"open","sticky":false,"template":"","format":"standard","meta":{"cybocfi_hide_featured_image":"","footnotes":""},"categories":[612],"tags":[9055,1995,3428,13940,15534,15536,15535,15537],"class_list":["post-5596","post","type-post","status-publish","format-standard","hentry","category-esterni","tag-bucarest","tag-investimento-immobiliare","tag-paesi-emergenti","tag-romania","tag-terreni","tag-terreni-edificabili","tag-terreno","tag-terreno-edificabile"],"yoast_head":"<!-- This site is optimized with the Yoast SEO plugin v27.0 - https:\/\/yoast.com\/product\/yoast-seo-wordpress\/ -->\n<title>A Bucarest la crisi non \u00e8 nemmeno passata - Article Marketing<\/title>\n<meta name=\"robots\" content=\"index, follow, max-snippet:-1, max-image-preview:large, max-video-preview:-1\" \/>\n<link rel=\"canonical\" href=\"https:\/\/www.article-marketing.eu\/comunicati\/casa\/esterni\/a-bucarest-la-crisi-non-e-nemmeno-passata\/\" \/>\n<meta property=\"og:locale\" content=\"it_IT\" \/>\n<meta property=\"og:type\" content=\"article\" \/>\n<meta property=\"og:title\" content=\"A Bucarest la crisi non \u00e8 nemmeno passata - Article Marketing\" \/>\n<meta property=\"og:description\" content=\"Dopo essere entrata nella Comunit\u00e0 Europea, la Romania, ma soprattutto Bucarest, sta registrando una spettacolare crescita immobiliare favorita dalla crescita dei salari e grazie al &quot;progetto prima casa&quot; con cui il governo garantisce mutui trentennali per chi intende acquistare case o terreni.\" \/>\n<meta property=\"og:url\" content=\"https:\/\/www.article-marketing.eu\/comunicati\/casa\/esterni\/a-bucarest-la-crisi-non-e-nemmeno-passata\/\" \/>\n<meta property=\"og:site_name\" content=\"Article Marketing\" \/>\n<meta property=\"article:published_time\" content=\"2010-06-30T10:01:32+00:00\" \/>\n<meta name=\"author\" content=\"Redazione Comunicati Stampa\" \/>\n<meta name=\"twitter:card\" content=\"summary_large_image\" \/>\n<meta name=\"twitter:label1\" content=\"Scritto da\" \/>\n\t<meta name=\"twitter:data1\" content=\"Redazione Comunicati Stampa\" \/>\n\t<meta name=\"twitter:label2\" content=\"Tempo di lettura stimato\" \/>\n\t<meta name=\"twitter:data2\" content=\"1 minuto\" \/>\n<script type=\"application\/ld+json\" class=\"yoast-schema-graph\">{\"@context\":\"https:\/\/schema.org\",\"@graph\":[{\"@type\":\"Article\",\"@id\":\"https:\/\/www.article-marketing.eu\/comunicati\/casa\/esterni\/a-bucarest-la-crisi-non-e-nemmeno-passata\/#article\",\"isPartOf\":{\"@id\":\"https:\/\/www.article-marketing.eu\/comunicati\/casa\/esterni\/a-bucarest-la-crisi-non-e-nemmeno-passata\/\"},\"author\":{\"name\":\"Redazione Comunicati Stampa\",\"@id\":\"https:\/\/www.article-marketing.eu\/comunicati\/#\/schema\/person\/44372e4d4d0fa797b18e03ed1ace9017\"},\"headline\":\"A Bucarest la crisi non \u00e8 nemmeno passata\",\"datePublished\":\"2010-06-30T10:01:32+00:00\",\"mainEntityOfPage\":{\"@id\":\"https:\/\/www.article-marketing.eu\/comunicati\/casa\/esterni\/a-bucarest-la-crisi-non-e-nemmeno-passata\/\"},\"wordCount\":239,\"commentCount\":0,\"keywords\":[\"bucarest\",\"investimento immobiliare\",\"paesi emergenti\",\"romania\",\"terreni\",\"terreni edificabili\",\"terreno\",\"terreno edificabile\"],\"articleSection\":[\"Esterni\"],\"inLanguage\":\"it-IT\",\"potentialAction\":[{\"@type\":\"CommentAction\",\"name\":\"Comment\",\"target\":[\"https:\/\/www.article-marketing.eu\/comunicati\/casa\/esterni\/a-bucarest-la-crisi-non-e-nemmeno-passata\/#respond\"]}]},{\"@type\":\"WebPage\",\"@id\":\"https:\/\/www.article-marketing.eu\/comunicati\/casa\/esterni\/a-bucarest-la-crisi-non-e-nemmeno-passata\/\",\"url\":\"https:\/\/www.article-marketing.eu\/comunicati\/casa\/esterni\/a-bucarest-la-crisi-non-e-nemmeno-passata\/\",\"name\":\"A Bucarest la crisi non \u00e8 nemmeno passata - Article Marketing\",\"isPartOf\":{\"@id\":\"https:\/\/www.article-marketing.eu\/comunicati\/#website\"},\"datePublished\":\"2010-06-30T10:01:32+00:00\",\"author\":{\"@id\":\"https:\/\/www.article-marketing.eu\/comunicati\/#\/schema\/person\/44372e4d4d0fa797b18e03ed1ace9017\"},\"breadcrumb\":{\"@id\":\"https:\/\/www.article-marketing.eu\/comunicati\/casa\/esterni\/a-bucarest-la-crisi-non-e-nemmeno-passata\/#breadcrumb\"},\"inLanguage\":\"it-IT\",\"potentialAction\":[{\"@type\":\"ReadAction\",\"target\":[\"https:\/\/www.article-marketing.eu\/comunicati\/casa\/esterni\/a-bucarest-la-crisi-non-e-nemmeno-passata\/\"]}]},{\"@type\":\"BreadcrumbList\",\"@id\":\"https:\/\/www.article-marketing.eu\/comunicati\/casa\/esterni\/a-bucarest-la-crisi-non-e-nemmeno-passata\/#breadcrumb\",\"itemListElement\":[{\"@type\":\"ListItem\",\"position\":1,\"name\":\"Home\",\"item\":\"https:\/\/www.article-marketing.eu\/comunicati\/\"},{\"@type\":\"ListItem\",\"position\":2,\"name\":\"A Bucarest la crisi non \u00e8 nemmeno passata\"}]},{\"@type\":\"WebSite\",\"@id\":\"https:\/\/www.article-marketing.eu\/comunicati\/#website\",\"url\":\"https:\/\/www.article-marketing.eu\/comunicati\/\",\"name\":\"Article Marketing\",\"description\":\"article marketing &amp; press release\",\"potentialAction\":[{\"@type\":\"SearchAction\",\"target\":{\"@type\":\"EntryPoint\",\"urlTemplate\":\"https:\/\/www.article-marketing.eu\/comunicati\/?s={search_term_string}\"},\"query-input\":{\"@type\":\"PropertyValueSpecification\",\"valueRequired\":true,\"valueName\":\"search_term_string\"}}],\"inLanguage\":\"it-IT\"},{\"@type\":\"Person\",\"@id\":\"https:\/\/www.article-marketing.eu\/comunicati\/#\/schema\/person\/44372e4d4d0fa797b18e03ed1ace9017\",\"name\":\"Redazione Comunicati Stampa\",\"image\":{\"@type\":\"ImageObject\",\"inLanguage\":\"it-IT\",\"@id\":\"https:\/\/www.article-marketing.eu\/comunicati\/#\/schema\/person\/image\/\",\"url\":\"https:\/\/secure.gravatar.com\/avatar\/50e5c6421d3072f42e7ace803501602c60d75233d34e29fd05feb91c8760b792?s=96&d=mm&r=g\",\"contentUrl\":\"https:\/\/secure.gravatar.com\/avatar\/50e5c6421d3072f42e7ace803501602c60d75233d34e29fd05feb91c8760b792?s=96&d=mm&r=g\",\"caption\":\"Redazione Comunicati Stampa\"},\"url\":\"https:\/\/www.article-marketing.eu\/comunicati\/author\/redazione-comunicati-stampa\/\"}]}<\/script>\n<!-- \/ Yoast SEO plugin. -->","yoast_head_json":{"title":"A Bucarest la crisi non \u00e8 nemmeno passata - Article Marketing","robots":{"index":"index","follow":"follow","max-snippet":"max-snippet:-1","max-image-preview":"max-image-preview:large","max-video-preview":"max-video-preview:-1"},"canonical":"https:\/\/www.article-marketing.eu\/comunicati\/casa\/esterni\/a-bucarest-la-crisi-non-e-nemmeno-passata\/","og_locale":"it_IT","og_type":"article","og_title":"A Bucarest la crisi non \u00e8 nemmeno passata - Article Marketing","og_description":"Dopo essere entrata nella Comunit\u00e0 Europea, la Romania, ma soprattutto Bucarest, sta registrando una spettacolare crescita immobiliare favorita dalla crescita dei salari e grazie al \"progetto prima casa\" con cui il governo garantisce mutui trentennali per chi intende acquistare case o terreni.","og_url":"https:\/\/www.article-marketing.eu\/comunicati\/casa\/esterni\/a-bucarest-la-crisi-non-e-nemmeno-passata\/","og_site_name":"Article Marketing","article_published_time":"2010-06-30T10:01:32+00:00","author":"Redazione Comunicati Stampa","twitter_card":"summary_large_image","twitter_misc":{"Scritto da":"Redazione Comunicati Stampa","Tempo di lettura stimato":"1 minuto"},"schema":{"@context":"https:\/\/schema.org","@graph":[{"@type":"Article","@id":"https:\/\/www.article-marketing.eu\/comunicati\/casa\/esterni\/a-bucarest-la-crisi-non-e-nemmeno-passata\/#article","isPartOf":{"@id":"https:\/\/www.article-marketing.eu\/comunicati\/casa\/esterni\/a-bucarest-la-crisi-non-e-nemmeno-passata\/"},"author":{"name":"Redazione Comunicati Stampa","@id":"https:\/\/www.article-marketing.eu\/comunicati\/#\/schema\/person\/44372e4d4d0fa797b18e03ed1ace9017"},"headline":"A Bucarest la crisi non \u00e8 nemmeno passata","datePublished":"2010-06-30T10:01:32+00:00","mainEntityOfPage":{"@id":"https:\/\/www.article-marketing.eu\/comunicati\/casa\/esterni\/a-bucarest-la-crisi-non-e-nemmeno-passata\/"},"wordCount":239,"commentCount":0,"keywords":["bucarest","investimento immobiliare","paesi emergenti","romania","terreni","terreni edificabili","terreno","terreno edificabile"],"articleSection":["Esterni"],"inLanguage":"it-IT","potentialAction":[{"@type":"CommentAction","name":"Comment","target":["https:\/\/www.article-marketing.eu\/comunicati\/casa\/esterni\/a-bucarest-la-crisi-non-e-nemmeno-passata\/#respond"]}]},{"@type":"WebPage","@id":"https:\/\/www.article-marketing.eu\/comunicati\/casa\/esterni\/a-bucarest-la-crisi-non-e-nemmeno-passata\/","url":"https:\/\/www.article-marketing.eu\/comunicati\/casa\/esterni\/a-bucarest-la-crisi-non-e-nemmeno-passata\/","name":"A Bucarest la crisi non \u00e8 nemmeno passata - Article Marketing","isPartOf":{"@id":"https:\/\/www.article-marketing.eu\/comunicati\/#website"},"datePublished":"2010-06-30T10:01:32+00:00","author":{"@id":"https:\/\/www.article-marketing.eu\/comunicati\/#\/schema\/person\/44372e4d4d0fa797b18e03ed1ace9017"},"breadcrumb":{"@id":"https:\/\/www.article-marketing.eu\/comunicati\/casa\/esterni\/a-bucarest-la-crisi-non-e-nemmeno-passata\/#breadcrumb"},"inLanguage":"it-IT","potentialAction":[{"@type":"ReadAction","target":["https:\/\/www.article-marketing.eu\/comunicati\/casa\/esterni\/a-bucarest-la-crisi-non-e-nemmeno-passata\/"]}]},{"@type":"BreadcrumbList","@id":"https:\/\/www.article-marketing.eu\/comunicati\/casa\/esterni\/a-bucarest-la-crisi-non-e-nemmeno-passata\/#breadcrumb","itemListElement":[{"@type":"ListItem","position":1,"name":"Home","item":"https:\/\/www.article-marketing.eu\/comunicati\/"},{"@type":"ListItem","position":2,"name":"A Bucarest la crisi non \u00e8 nemmeno passata"}]},{"@type":"WebSite","@id":"https:\/\/www.article-marketing.eu\/comunicati\/#website","url":"https:\/\/www.article-marketing.eu\/comunicati\/","name":"Article Marketing","description":"article marketing &amp; press release","potentialAction":[{"@type":"SearchAction","target":{"@type":"EntryPoint","urlTemplate":"https:\/\/www.article-marketing.eu\/comunicati\/?s={search_term_string}"},"query-input":{"@type":"PropertyValueSpecification","valueRequired":true,"valueName":"search_term_string"}}],"inLanguage":"it-IT"},{"@type":"Person","@id":"https:\/\/www.article-marketing.eu\/comunicati\/#\/schema\/person\/44372e4d4d0fa797b18e03ed1ace9017","name":"Redazione Comunicati Stampa","image":{"@type":"ImageObject","inLanguage":"it-IT","@id":"https:\/\/www.article-marketing.eu\/comunicati\/#\/schema\/person\/image\/","url":"https:\/\/secure.gravatar.com\/avatar\/50e5c6421d3072f42e7ace803501602c60d75233d34e29fd05feb91c8760b792?s=96&d=mm&r=g","contentUrl":"https:\/\/secure.gravatar.com\/avatar\/50e5c6421d3072f42e7ace803501602c60d75233d34e29fd05feb91c8760b792?s=96&d=mm&r=g","caption":"Redazione Comunicati Stampa"},"url":"https:\/\/www.article-marketing.eu\/comunicati\/author\/redazione-comunicati-stampa\/"}]}},"_links":{"self":[{"href":"https:\/\/www.article-marketing.eu\/comunicati\/wp-json\/wp\/v2\/posts\/5596","targetHints":{"allow":["GET"]}}],"collection":[{"href":"https:\/\/www.article-marketing.eu\/comunicati\/wp-json\/wp\/v2\/posts"}],"about":[{"href":"https:\/\/www.article-marketing.eu\/comunicati\/wp-json\/wp\/v2\/types\/post"}],"author":[{"embeddable":true,"href":"https:\/\/www.article-marketing.eu\/comunicati\/wp-json\/wp\/v2\/users\/10"}],"replies":[{"embeddable":true,"href":"https:\/\/www.article-marketing.eu\/comunicati\/wp-json\/wp\/v2\/comments?post=5596"}],"version-history":[{"count":0,"href":"https:\/\/www.article-marketing.eu\/comunicati\/wp-json\/wp\/v2\/posts\/5596\/revisions"}],"wp:attachment":[{"href":"https:\/\/www.article-marketing.eu\/comunicati\/wp-json\/wp\/v2\/media?parent=5596"}],"wp:term":[{"taxonomy":"category","embeddable":true,"href":"https:\/\/www.article-marketing.eu\/comunicati\/wp-json\/wp\/v2\/categories?post=5596"},{"taxonomy":"post_tag","embeddable":true,"href":"https:\/\/www.article-marketing.eu\/comunicati\/wp-json\/wp\/v2\/tags?post=5596"}],"curies":[{"name":"wp","href":"https:\/\/api.w.org\/{rel}","templated":true}]}}