{"id":5608,"date":"2010-06-27T16:19:21","date_gmt":"2010-06-27T14:19:21","guid":{"rendered":"http:\/\/www.article-marketing.eu\/comunicati\/senza-categoria\/un-approccio-olistico-al-vizio-del-fumo\/"},"modified":"2010-06-27T16:19:21","modified_gmt":"2010-06-27T14:19:21","slug":"un-approccio-olistico-al-vizio-del-fumo","status":"publish","type":"post","link":"https:\/\/www.article-marketing.eu\/comunicati\/salute-e-benessere\/dieta-e-nutrizione\/un-approccio-olistico-al-vizio-del-fumo\/","title":{"rendered":"Un approccio olistico al vizio del fumo"},"content":{"rendered":"<p><strong style=\"margin-top: 0px; margin-right: 0px; margin-bottom: 0px; margin-left: 0px; padding-top: 0px; padding-right: 0px; padding-bottom: 0px; padding-left: 0px; \">Estratto dal blog divulgativo Il Sentiero della Natura:<\/strong><\/p>\n<p><strong style=\"margin-top: 0px; margin-right: 0px; margin-bottom: 0px; margin-left: 0px; padding-top: 0px; padding-right: 0px; padding-bottom: 0px; padding-left: 0px; \">Un approccio olistico&nbsp;<\/strong><strong style=\"margin-top: 0px; margin-right: 0px; margin-bottom: 0px; margin-left: 0px; padding-top: 0px; padding-right: 0px; padding-bottom: 0px; padding-left: 0px; \">al vizio del fumo&nbsp;<\/strong><\/p>\n<p><strong style=\"margin-top: 0px; margin-right: 0px; margin-bottom: 0px; margin-left: 0px; padding-top: 0px; padding-right: 0px; padding-bottom: 0px; padding-left: 0px; \">\u00e8 in grado di dare risultati sorprendenti&#8230;<\/strong><strong><br style=\"margin-top: 0px; margin-right: 0px; margin-bottom: 0px; margin-left: 0px; padding-top: 0px; padding-right: 0px; padding-bottom: 0px; padding-left: 0px; \" \/><\/strong>Come?Lavorando ogni giorno sulla relazione tra stile di vita e fumo.Secondo&nbsp;una visione olistica&nbsp;il fumo non va cosiderato un nemico da combattere: spesso&nbsp;si&nbsp;consuma buona parte dell&#8217;energia nello scontro frontale, con risultati che possono rivelarsi controproducenti.Allo stesso tempo il fumo non va ignorato.Si pu\u00f2 invece lavorare sul &#8216;terreno&#8217; della persona,&nbsp;&nbsp;introducendo progressivamente elementi (alleati) virtuosi nello stile di vita e nelle abitudini alimentari.<br \/>Un tale approcio, in un &#8216;sistema&#8217; olografico qual \u00e8 l&#8217;essere umano, \u00e8 in grado per osmosi (l&#8217;analogia col mondo della fisica \u00e8 molto efficace)&nbsp;di produrre l&#8217;inversione di tendenza&nbsp;determinando l&#8217;indebolimento dell&#8217;abitudine dannosa, fumare ,&nbsp;che perder\u00e0 potere a tutto vantaggio della salute!<br style=\"margin-top: 0px; margin-right: 0px; margin-bottom: 0px; margin-left: 0px; padding-top: 0px; padding-right: 0px; padding-bottom: 0px; padding-left: 0px; \" \/>Per essere concreti cominceremo questo percorso spiegando come introdurre nella dieta quodidiana alimenti in grado di ridurre i rischi per la salute.[&#8230;]<strong style=\"margin-top: 0px; margin-right: 0px; margin-bottom: 0px; margin-left: 0px; padding-top: 0px; padding-right: 0px; padding-bottom: 0px; padding-left: 0px; \">I FOLATI CONTRO IL FUMO<\/strong><br style=\"margin-top: 0px; margin-right: 0px; margin-bottom: 0px; margin-left: 0px; padding-top: 0px; padding-right: 0px; padding-bottom: 0px; padding-left: 0px; \" \/>I folati riducono il processo di metilazione dei geni critici. In sostanza riducono la probabilit\u00e0 di mutazioni del DNA, alterazioni genetiche alla base del tumore al polmone.I folati non andrebbero assunti attraverso integratori (nel caso dei folati sono addirittura pericolosi in quanto mascherano carenze di B12 con conseguenze imprevedibili sul sistema nervoso).&nbsp;La natura del resto \u00e8 generosa e ce&nbsp;li propone abbondanti e in ogni stagione in molte delle sue &#8216;creazioni&#8217;: verdure a foglia verde, legumi, semi oleosi e frutti sono ricchi di folati.<br \/>Cibi crudi e freschi ricchi di folati[&#8230;]<br style=\"margin-top: 0px; margin-right: 0px; margin-bottom: 0px; margin-left: 0px; padding-top: 0px; padding-right: 0px; padding-bottom: 0px; padding-left: 0px; \" \/><a href=\"http:\/\/4.bp.blogspot.com\/_6b_C4Lhkrd8\/S-x0LXN0PlI\/AAAAAAAAA0Y\/myXvsDdkXS0\/s1600\/folati+fumo+noci.jpg\" imageanchor=\"1\" style=\"margin-top: 0px; margin-right: 0px; margin-bottom: 1em; margin-left: 1em; padding-top: 0px; padding-right: 0px; padding-bottom: 0px; padding-left: 0px; color: rgb(0, 0, 255); text-decoration: none; outline-style: none; outline-width: initial; outline-color: initial; background-color: transparent; clear: right; float: right; \"><img loading=\"lazy\" decoding=\"async\" border=\"0\" height=\"150\" src=\"http:\/\/4.bp.blogspot.com\/_6b_C4Lhkrd8\/S-x0LXN0PlI\/AAAAAAAAA0Y\/myXvsDdkXS0\/s200\/folati+fumo+noci.jpg\" width=\"200\" wt=\"true\" style=\"margin-top: 0px; margin-right: 0px; margin-bottom: 0px; margin-left: 0px; padding-top: 3px; padding-right: 3px; padding-bottom: 3px; padding-left: 3px; border-top-width: 0px; border-right-width: 0px; border-bottom-width: 0px; border-left-width: 0px; border-style: initial; border-color: initial; \" \/><\/a>Ad esempio:- spinaci crudi&nbsp;in insalata (buonissimi, meglio ancora in insalate miste: forniscono da soli ben 150-193 &#956;g per 100g)- lattuga romana&nbsp;179 &#956;g- indivia&nbsp;e&nbsp;scarola&nbsp;46-156 &#956;g- germogli di soia&nbsp;&nbsp;140-172 &#956;g- barbabietole rosse&nbsp;(squisite spellate e tagliate a fettine in insalata) 101&#956;g<img loading=\"lazy\" decoding=\"async\" border=\"0\" height=\"172\" src=\"http:\/\/4.bp.blogspot.com\/_6b_C4Lhkrd8\/S-x0MF2RRzI\/AAAAAAAAA0c\/lhvw3DcEzHw\/s200\/folati+fumo+rucola.jpg\" width=\"200\" wt=\"true\" style=\"margin-top: 0px; margin-right: 0px; margin-bottom: 0px; margin-left: 0px; padding-top: 3px; padding-right: 3px; padding-bottom: 3px; padding-left: 3px; border-top-width: 0px; border-right-width: 0px; border-bottom-width: 0px; border-left-width: 0px; border-style: initial; border-color: initial; \" \/>&#8211; rucola-&nbsp;germe di grano&nbsp;20g ovvero 2 cucchiai colmi contengon&nbsp;66 &#956;g- lattuga cappuccio verde&nbsp;79 &#956;g- noci&nbsp;66- pinoli&nbsp;57- fiocchi d&#8217; avena&nbsp;51-56 &#956;g- sedano-rapa&nbsp;51 &#956;g- uova&nbsp;50 &#956;g- pomodori 40 &#956;g- ravanelli&nbsp;38 &#956;g,<img loading=\"lazy\" decoding=\"async\" border=\"0\" height=\"122\" src=\"http:\/\/1.bp.blogspot.com\/_6b_C4Lhkrd8\/S-x0K9vww-I\/AAAAAAAAA0U\/9EqdmxLV2f0\/s200\/folati+fumo+fragole.jpg\" width=\"200\" wt=\"true\" style=\"margin-top: 0px; margin-right: 0px; margin-bottom: 0px; margin-left: 0px; padding-top: 3px; padding-right: 3px; padding-bottom: 3px; padding-left: 3px; border-top-width: 0px; border-right-width: 0px; border-bottom-width: 0px; border-left-width: 0px; border-style: initial; border-color: initial; \" \/>&#8211; cavolo rosso&nbsp;32-34 &#956;g- arance&nbsp;31-43 &#956;g- fragole&nbsp;30 &#956;g- clementine&nbsp;26 &#956;g- prezzemolo&nbsp;10g contengono 13 &#956;g.<br \/><strong style=\"margin-top: 0px; margin-right: 0px; margin-bottom: 0px; margin-left: 0px; padding-top: 0px; padding-right: 0px; padding-bottom: 0px; padding-left: 0px; \">Fonte:<\/strong><em style=\"margin-top: 0px; margin-right: 0px; margin-bottom: 0px; margin-left: 0px; padding-top: 0px; padding-right: 0px; padding-bottom: 0px; padding-left: 0px; \">AAVV*:&nbsp;Multivitamins, Folate and Green Vegetables Protect against Gene Promoter Methylation in the Aerodigestive Tract of Smokers.&nbsp;Cancer Research,&nbsp;Gennaio 2010&nbsp;(doi: 10.1158\/0008-5472. CAN-09-3410)<\/em>*&nbsp;<em style=\"margin-top: 0px; margin-right: 0px; margin-bottom: 0px; margin-left: 0px; padding-top: 0px; padding-right: 0px; padding-bottom: 0px; padding-left: 0px; \">Christine A. Stidley, Maria A. Picchi, Shuguang Leng, Randy Willink, Richard E. Crowell, Kristina G. Flores, Huining Kang, Tim Byers, Frank D. Gilliland, Steven A. Belinsky.<\/em><em style=\"margin-top: 0px; margin-right: 0px; margin-bottom: 0px; margin-left: 0px; padding-top: 0px; padding-right: 0px; padding-bottom: 0px; padding-left: 0px; \"><br \/><\/em><\/p>\n","protected":false},"excerpt":{"rendered":"<p>Smettere di fumare con l&#8217;alimentazione?<\/p>\n<p>Come?<br \/>\nLavorando ogni giorno sulla relazione tra stile di vita e fumo.<br \/>\nSecondo una visione olistica il fumo non va cosiderato un nemico da combattere: spesso si consuma buona parte dell&#8217;energia nello scontro frontale, con risultati che possono rivelarsi controproducenti.<\/p>\n","protected":false},"author":10,"featured_media":0,"comment_status":"open","ping_status":"open","sticky":false,"template":"","format":"standard","meta":{"cybocfi_hide_featured_image":"","footnotes":""},"categories":[162],"tags":[15558,15553,5897,15559],"class_list":["post-5608","post","type-post","status-publish","format-standard","hentry","category-dieta-e-nutrizione","tag-fumo-e-alimentazione","tag-il-sentiero-della-natura","tag-naturopatia","tag-nutrizione-e-fumo"],"yoast_head":"<!-- This site is optimized with the Yoast SEO plugin v27.0 - https:\/\/yoast.com\/product\/yoast-seo-wordpress\/ -->\n<title>Un approccio olistico al vizio del fumo - Article Marketing<\/title>\n<meta name=\"robots\" content=\"index, follow, max-snippet:-1, max-image-preview:large, max-video-preview:-1\" \/>\n<link rel=\"canonical\" href=\"https:\/\/www.article-marketing.eu\/comunicati\/salute-e-benessere\/dieta-e-nutrizione\/un-approccio-olistico-al-vizio-del-fumo\/\" \/>\n<meta property=\"og:locale\" content=\"it_IT\" \/>\n<meta property=\"og:type\" content=\"article\" \/>\n<meta property=\"og:title\" content=\"Un approccio olistico al vizio del fumo - Article Marketing\" \/>\n<meta property=\"og:description\" content=\"Smettere di fumare con l&#039;alimentazione? Come? Lavorando ogni giorno sulla relazione tra stile di vita e fumo. Secondo una visione olistica il fumo non va cosiderato un nemico da combattere: spesso si consuma buona parte dell&#039;energia nello scontro frontale, con risultati che possono rivelarsi controproducenti.\" \/>\n<meta property=\"og:url\" content=\"https:\/\/www.article-marketing.eu\/comunicati\/salute-e-benessere\/dieta-e-nutrizione\/un-approccio-olistico-al-vizio-del-fumo\/\" \/>\n<meta property=\"og:site_name\" content=\"Article Marketing\" \/>\n<meta property=\"article:published_time\" content=\"2010-06-27T14:19:21+00:00\" \/>\n<meta property=\"og:image\" content=\"http:\/\/4.bp.blogspot.com\/_6b_C4Lhkrd8\/S-x0LXN0PlI\/AAAAAAAAA0Y\/myXvsDdkXS0\/s200\/folati+fumo+noci.jpg\" \/>\n<meta name=\"author\" content=\"Redazione Comunicati Stampa\" \/>\n<meta name=\"twitter:card\" content=\"summary_large_image\" \/>\n<meta name=\"twitter:label1\" content=\"Scritto da\" \/>\n\t<meta name=\"twitter:data1\" content=\"Redazione Comunicati Stampa\" \/>\n\t<meta name=\"twitter:label2\" content=\"Tempo di lettura stimato\" \/>\n\t<meta name=\"twitter:data2\" content=\"2 minuti\" \/>\n<script type=\"application\/ld+json\" class=\"yoast-schema-graph\">{\"@context\":\"https:\/\/schema.org\",\"@graph\":[{\"@type\":\"Article\",\"@id\":\"https:\/\/www.article-marketing.eu\/comunicati\/salute-e-benessere\/dieta-e-nutrizione\/un-approccio-olistico-al-vizio-del-fumo\/#article\",\"isPartOf\":{\"@id\":\"https:\/\/www.article-marketing.eu\/comunicati\/salute-e-benessere\/dieta-e-nutrizione\/un-approccio-olistico-al-vizio-del-fumo\/\"},\"author\":{\"name\":\"Redazione Comunicati Stampa\",\"@id\":\"https:\/\/www.article-marketing.eu\/comunicati\/#\/schema\/person\/44372e4d4d0fa797b18e03ed1ace9017\"},\"headline\":\"Un approccio olistico al vizio del fumo\",\"datePublished\":\"2010-06-27T14:19:21+00:00\",\"mainEntityOfPage\":{\"@id\":\"https:\/\/www.article-marketing.eu\/comunicati\/salute-e-benessere\/dieta-e-nutrizione\/un-approccio-olistico-al-vizio-del-fumo\/\"},\"wordCount\":440,\"commentCount\":0,\"image\":{\"@id\":\"https:\/\/www.article-marketing.eu\/comunicati\/salute-e-benessere\/dieta-e-nutrizione\/un-approccio-olistico-al-vizio-del-fumo\/#primaryimage\"},\"thumbnailUrl\":\"http:\/\/4.bp.blogspot.com\/_6b_C4Lhkrd8\/S-x0LXN0PlI\/AAAAAAAAA0Y\/myXvsDdkXS0\/s200\/folati+fumo+noci.jpg\",\"keywords\":[\"fumo e alimentazione\",\"il sentiero della natura\",\"naturopatia\",\"nutrizione e fumo\"],\"articleSection\":[\"Dieta e Nutrizione\"],\"inLanguage\":\"it-IT\",\"potentialAction\":[{\"@type\":\"CommentAction\",\"name\":\"Comment\",\"target\":[\"https:\/\/www.article-marketing.eu\/comunicati\/salute-e-benessere\/dieta-e-nutrizione\/un-approccio-olistico-al-vizio-del-fumo\/#respond\"]}]},{\"@type\":\"WebPage\",\"@id\":\"https:\/\/www.article-marketing.eu\/comunicati\/salute-e-benessere\/dieta-e-nutrizione\/un-approccio-olistico-al-vizio-del-fumo\/\",\"url\":\"https:\/\/www.article-marketing.eu\/comunicati\/salute-e-benessere\/dieta-e-nutrizione\/un-approccio-olistico-al-vizio-del-fumo\/\",\"name\":\"Un approccio olistico al vizio del fumo - Article Marketing\",\"isPartOf\":{\"@id\":\"https:\/\/www.article-marketing.eu\/comunicati\/#website\"},\"primaryImageOfPage\":{\"@id\":\"https:\/\/www.article-marketing.eu\/comunicati\/salute-e-benessere\/dieta-e-nutrizione\/un-approccio-olistico-al-vizio-del-fumo\/#primaryimage\"},\"image\":{\"@id\":\"https:\/\/www.article-marketing.eu\/comunicati\/salute-e-benessere\/dieta-e-nutrizione\/un-approccio-olistico-al-vizio-del-fumo\/#primaryimage\"},\"thumbnailUrl\":\"http:\/\/4.bp.blogspot.com\/_6b_C4Lhkrd8\/S-x0LXN0PlI\/AAAAAAAAA0Y\/myXvsDdkXS0\/s200\/folati+fumo+noci.jpg\",\"datePublished\":\"2010-06-27T14:19:21+00:00\",\"author\":{\"@id\":\"https:\/\/www.article-marketing.eu\/comunicati\/#\/schema\/person\/44372e4d4d0fa797b18e03ed1ace9017\"},\"breadcrumb\":{\"@id\":\"https:\/\/www.article-marketing.eu\/comunicati\/salute-e-benessere\/dieta-e-nutrizione\/un-approccio-olistico-al-vizio-del-fumo\/#breadcrumb\"},\"inLanguage\":\"it-IT\",\"potentialAction\":[{\"@type\":\"ReadAction\",\"target\":[\"https:\/\/www.article-marketing.eu\/comunicati\/salute-e-benessere\/dieta-e-nutrizione\/un-approccio-olistico-al-vizio-del-fumo\/\"]}]},{\"@type\":\"ImageObject\",\"inLanguage\":\"it-IT\",\"@id\":\"https:\/\/www.article-marketing.eu\/comunicati\/salute-e-benessere\/dieta-e-nutrizione\/un-approccio-olistico-al-vizio-del-fumo\/#primaryimage\",\"url\":\"http:\/\/4.bp.blogspot.com\/_6b_C4Lhkrd8\/S-x0LXN0PlI\/AAAAAAAAA0Y\/myXvsDdkXS0\/s200\/folati+fumo+noci.jpg\",\"contentUrl\":\"http:\/\/4.bp.blogspot.com\/_6b_C4Lhkrd8\/S-x0LXN0PlI\/AAAAAAAAA0Y\/myXvsDdkXS0\/s200\/folati+fumo+noci.jpg\"},{\"@type\":\"BreadcrumbList\",\"@id\":\"https:\/\/www.article-marketing.eu\/comunicati\/salute-e-benessere\/dieta-e-nutrizione\/un-approccio-olistico-al-vizio-del-fumo\/#breadcrumb\",\"itemListElement\":[{\"@type\":\"ListItem\",\"position\":1,\"name\":\"Home\",\"item\":\"https:\/\/www.article-marketing.eu\/comunicati\/\"},{\"@type\":\"ListItem\",\"position\":2,\"name\":\"Un approccio olistico al vizio del fumo\"}]},{\"@type\":\"WebSite\",\"@id\":\"https:\/\/www.article-marketing.eu\/comunicati\/#website\",\"url\":\"https:\/\/www.article-marketing.eu\/comunicati\/\",\"name\":\"Article Marketing\",\"description\":\"article marketing &amp; press release\",\"potentialAction\":[{\"@type\":\"SearchAction\",\"target\":{\"@type\":\"EntryPoint\",\"urlTemplate\":\"https:\/\/www.article-marketing.eu\/comunicati\/?s={search_term_string}\"},\"query-input\":{\"@type\":\"PropertyValueSpecification\",\"valueRequired\":true,\"valueName\":\"search_term_string\"}}],\"inLanguage\":\"it-IT\"},{\"@type\":\"Person\",\"@id\":\"https:\/\/www.article-marketing.eu\/comunicati\/#\/schema\/person\/44372e4d4d0fa797b18e03ed1ace9017\",\"name\":\"Redazione Comunicati Stampa\",\"image\":{\"@type\":\"ImageObject\",\"inLanguage\":\"it-IT\",\"@id\":\"https:\/\/www.article-marketing.eu\/comunicati\/#\/schema\/person\/image\/\",\"url\":\"https:\/\/secure.gravatar.com\/avatar\/50e5c6421d3072f42e7ace803501602c60d75233d34e29fd05feb91c8760b792?s=96&d=mm&r=g\",\"contentUrl\":\"https:\/\/secure.gravatar.com\/avatar\/50e5c6421d3072f42e7ace803501602c60d75233d34e29fd05feb91c8760b792?s=96&d=mm&r=g\",\"caption\":\"Redazione Comunicati Stampa\"},\"url\":\"https:\/\/www.article-marketing.eu\/comunicati\/author\/redazione-comunicati-stampa\/\"}]}<\/script>\n<!-- \/ Yoast SEO plugin. -->","yoast_head_json":{"title":"Un approccio olistico al vizio del fumo - Article Marketing","robots":{"index":"index","follow":"follow","max-snippet":"max-snippet:-1","max-image-preview":"max-image-preview:large","max-video-preview":"max-video-preview:-1"},"canonical":"https:\/\/www.article-marketing.eu\/comunicati\/salute-e-benessere\/dieta-e-nutrizione\/un-approccio-olistico-al-vizio-del-fumo\/","og_locale":"it_IT","og_type":"article","og_title":"Un approccio olistico al vizio del fumo - Article Marketing","og_description":"Smettere di fumare con l'alimentazione? Come? Lavorando ogni giorno sulla relazione tra stile di vita e fumo. Secondo una visione olistica il fumo non va cosiderato un nemico da combattere: spesso si consuma buona parte dell'energia nello scontro frontale, con risultati che possono rivelarsi controproducenti.","og_url":"https:\/\/www.article-marketing.eu\/comunicati\/salute-e-benessere\/dieta-e-nutrizione\/un-approccio-olistico-al-vizio-del-fumo\/","og_site_name":"Article Marketing","article_published_time":"2010-06-27T14:19:21+00:00","og_image":[{"url":"http:\/\/4.bp.blogspot.com\/_6b_C4Lhkrd8\/S-x0LXN0PlI\/AAAAAAAAA0Y\/myXvsDdkXS0\/s200\/folati+fumo+noci.jpg","type":"","width":"","height":""}],"author":"Redazione Comunicati Stampa","twitter_card":"summary_large_image","twitter_misc":{"Scritto da":"Redazione Comunicati Stampa","Tempo di lettura stimato":"2 minuti"},"schema":{"@context":"https:\/\/schema.org","@graph":[{"@type":"Article","@id":"https:\/\/www.article-marketing.eu\/comunicati\/salute-e-benessere\/dieta-e-nutrizione\/un-approccio-olistico-al-vizio-del-fumo\/#article","isPartOf":{"@id":"https:\/\/www.article-marketing.eu\/comunicati\/salute-e-benessere\/dieta-e-nutrizione\/un-approccio-olistico-al-vizio-del-fumo\/"},"author":{"name":"Redazione Comunicati Stampa","@id":"https:\/\/www.article-marketing.eu\/comunicati\/#\/schema\/person\/44372e4d4d0fa797b18e03ed1ace9017"},"headline":"Un approccio olistico al vizio del fumo","datePublished":"2010-06-27T14:19:21+00:00","mainEntityOfPage":{"@id":"https:\/\/www.article-marketing.eu\/comunicati\/salute-e-benessere\/dieta-e-nutrizione\/un-approccio-olistico-al-vizio-del-fumo\/"},"wordCount":440,"commentCount":0,"image":{"@id":"https:\/\/www.article-marketing.eu\/comunicati\/salute-e-benessere\/dieta-e-nutrizione\/un-approccio-olistico-al-vizio-del-fumo\/#primaryimage"},"thumbnailUrl":"http:\/\/4.bp.blogspot.com\/_6b_C4Lhkrd8\/S-x0LXN0PlI\/AAAAAAAAA0Y\/myXvsDdkXS0\/s200\/folati+fumo+noci.jpg","keywords":["fumo e alimentazione","il sentiero della natura","naturopatia","nutrizione e fumo"],"articleSection":["Dieta e Nutrizione"],"inLanguage":"it-IT","potentialAction":[{"@type":"CommentAction","name":"Comment","target":["https:\/\/www.article-marketing.eu\/comunicati\/salute-e-benessere\/dieta-e-nutrizione\/un-approccio-olistico-al-vizio-del-fumo\/#respond"]}]},{"@type":"WebPage","@id":"https:\/\/www.article-marketing.eu\/comunicati\/salute-e-benessere\/dieta-e-nutrizione\/un-approccio-olistico-al-vizio-del-fumo\/","url":"https:\/\/www.article-marketing.eu\/comunicati\/salute-e-benessere\/dieta-e-nutrizione\/un-approccio-olistico-al-vizio-del-fumo\/","name":"Un approccio olistico al vizio del fumo - Article Marketing","isPartOf":{"@id":"https:\/\/www.article-marketing.eu\/comunicati\/#website"},"primaryImageOfPage":{"@id":"https:\/\/www.article-marketing.eu\/comunicati\/salute-e-benessere\/dieta-e-nutrizione\/un-approccio-olistico-al-vizio-del-fumo\/#primaryimage"},"image":{"@id":"https:\/\/www.article-marketing.eu\/comunicati\/salute-e-benessere\/dieta-e-nutrizione\/un-approccio-olistico-al-vizio-del-fumo\/#primaryimage"},"thumbnailUrl":"http:\/\/4.bp.blogspot.com\/_6b_C4Lhkrd8\/S-x0LXN0PlI\/AAAAAAAAA0Y\/myXvsDdkXS0\/s200\/folati+fumo+noci.jpg","datePublished":"2010-06-27T14:19:21+00:00","author":{"@id":"https:\/\/www.article-marketing.eu\/comunicati\/#\/schema\/person\/44372e4d4d0fa797b18e03ed1ace9017"},"breadcrumb":{"@id":"https:\/\/www.article-marketing.eu\/comunicati\/salute-e-benessere\/dieta-e-nutrizione\/un-approccio-olistico-al-vizio-del-fumo\/#breadcrumb"},"inLanguage":"it-IT","potentialAction":[{"@type":"ReadAction","target":["https:\/\/www.article-marketing.eu\/comunicati\/salute-e-benessere\/dieta-e-nutrizione\/un-approccio-olistico-al-vizio-del-fumo\/"]}]},{"@type":"ImageObject","inLanguage":"it-IT","@id":"https:\/\/www.article-marketing.eu\/comunicati\/salute-e-benessere\/dieta-e-nutrizione\/un-approccio-olistico-al-vizio-del-fumo\/#primaryimage","url":"http:\/\/4.bp.blogspot.com\/_6b_C4Lhkrd8\/S-x0LXN0PlI\/AAAAAAAAA0Y\/myXvsDdkXS0\/s200\/folati+fumo+noci.jpg","contentUrl":"http:\/\/4.bp.blogspot.com\/_6b_C4Lhkrd8\/S-x0LXN0PlI\/AAAAAAAAA0Y\/myXvsDdkXS0\/s200\/folati+fumo+noci.jpg"},{"@type":"BreadcrumbList","@id":"https:\/\/www.article-marketing.eu\/comunicati\/salute-e-benessere\/dieta-e-nutrizione\/un-approccio-olistico-al-vizio-del-fumo\/#breadcrumb","itemListElement":[{"@type":"ListItem","position":1,"name":"Home","item":"https:\/\/www.article-marketing.eu\/comunicati\/"},{"@type":"ListItem","position":2,"name":"Un approccio olistico al vizio del fumo"}]},{"@type":"WebSite","@id":"https:\/\/www.article-marketing.eu\/comunicati\/#website","url":"https:\/\/www.article-marketing.eu\/comunicati\/","name":"Article Marketing","description":"article marketing &amp; press release","potentialAction":[{"@type":"SearchAction","target":{"@type":"EntryPoint","urlTemplate":"https:\/\/www.article-marketing.eu\/comunicati\/?s={search_term_string}"},"query-input":{"@type":"PropertyValueSpecification","valueRequired":true,"valueName":"search_term_string"}}],"inLanguage":"it-IT"},{"@type":"Person","@id":"https:\/\/www.article-marketing.eu\/comunicati\/#\/schema\/person\/44372e4d4d0fa797b18e03ed1ace9017","name":"Redazione Comunicati Stampa","image":{"@type":"ImageObject","inLanguage":"it-IT","@id":"https:\/\/www.article-marketing.eu\/comunicati\/#\/schema\/person\/image\/","url":"https:\/\/secure.gravatar.com\/avatar\/50e5c6421d3072f42e7ace803501602c60d75233d34e29fd05feb91c8760b792?s=96&d=mm&r=g","contentUrl":"https:\/\/secure.gravatar.com\/avatar\/50e5c6421d3072f42e7ace803501602c60d75233d34e29fd05feb91c8760b792?s=96&d=mm&r=g","caption":"Redazione Comunicati Stampa"},"url":"https:\/\/www.article-marketing.eu\/comunicati\/author\/redazione-comunicati-stampa\/"}]}},"_links":{"self":[{"href":"https:\/\/www.article-marketing.eu\/comunicati\/wp-json\/wp\/v2\/posts\/5608","targetHints":{"allow":["GET"]}}],"collection":[{"href":"https:\/\/www.article-marketing.eu\/comunicati\/wp-json\/wp\/v2\/posts"}],"about":[{"href":"https:\/\/www.article-marketing.eu\/comunicati\/wp-json\/wp\/v2\/types\/post"}],"author":[{"embeddable":true,"href":"https:\/\/www.article-marketing.eu\/comunicati\/wp-json\/wp\/v2\/users\/10"}],"replies":[{"embeddable":true,"href":"https:\/\/www.article-marketing.eu\/comunicati\/wp-json\/wp\/v2\/comments?post=5608"}],"version-history":[{"count":0,"href":"https:\/\/www.article-marketing.eu\/comunicati\/wp-json\/wp\/v2\/posts\/5608\/revisions"}],"wp:attachment":[{"href":"https:\/\/www.article-marketing.eu\/comunicati\/wp-json\/wp\/v2\/media?parent=5608"}],"wp:term":[{"taxonomy":"category","embeddable":true,"href":"https:\/\/www.article-marketing.eu\/comunicati\/wp-json\/wp\/v2\/categories?post=5608"},{"taxonomy":"post_tag","embeddable":true,"href":"https:\/\/www.article-marketing.eu\/comunicati\/wp-json\/wp\/v2\/tags?post=5608"}],"curies":[{"name":"wp","href":"https:\/\/api.w.org\/{rel}","templated":true}]}}