{"id":5609,"date":"2010-06-27T16:28:00","date_gmt":"2010-06-27T14:28:00","guid":{"rendered":"http:\/\/www.article-marketing.eu\/comunicati\/senza-categoria\/coltivare-la-stevia-rabaudiana-in-casa-il-sentiero-della-natura\/"},"modified":"2010-06-27T16:28:00","modified_gmt":"2010-06-27T14:28:00","slug":"coltivare-la-stevia-rabaudiana-in-casa-il-sentiero-della-natura","status":"publish","type":"post","link":"https:\/\/www.article-marketing.eu\/comunicati\/salute-e-benessere\/dieta-e-nutrizione\/coltivare-la-stevia-rabaudiana-in-casa-il-sentiero-della-natura\/","title":{"rendered":"Coltivare la Stevia Rabaudiana in casa! Il Sentiero della Natura"},"content":{"rendered":"<p><strong>Da Il Sentiero della Natura:&nbsp;<\/strong><br \/>Recentemente, dopo qualche ricerca, &nbsp;abbiamo comprato i semi e al momento attendiamo di veder spuntare i primi germogli. Nel frattempo l&#8217;abbiamo gi\u00e0 provata in foglie secche e sbriciolate: leggete l&#8217;articolo sulla&nbsp;<a href=\"http:\/\/ilsentierodellanatura.blogspot.com\/2010\/04\/torta-con-la-stevia-al-posto-dello.html\" style=\"margin-top: 0px; margin-right: 0px; margin-bottom: 0px; margin-left: 0px; padding-top: 0px; padding-right: 0px; padding-bottom: 0px; padding-left: 0px; color: rgb(0, 0, 255); text-decoration: none; outline-style: none; outline-width: initial; outline-color: initial; background-color: transparent; \">Torta con la stevia al posto dello zucchero<\/a>.Sicuramente vi aggiorneremo su queste pagine sui progressi del &#8216;vivaio&#8217;: dal primo semino messo in terra all&#8217;essiccamento delle foglie.<br style=\"margin-top: 0px; margin-right: 0px; margin-bottom: 0px; margin-left: 0px; padding-top: 0px; padding-right: 0px; padding-bottom: 0px; padding-left: 0px; \" \/>Nel frattempo, in risposta a richieste pervenute via email e tramite il profilo facebook del Sentiero, riporto una<strong style=\"margin-top: 0px; margin-right: 0px; margin-bottom: 0px; margin-left: 0px; padding-top: 0px; padding-right: 0px; padding-bottom: 0px; padding-left: 0px; \">&nbsp;sintesi delle indicazioni<\/strong>&nbsp;che ho ricevuto da&nbsp;<strong style=\"margin-top: 0px; margin-right: 0px; margin-bottom: 0px; margin-left: 0px; padding-top: 0px; padding-right: 0px; padding-bottom: 0px; padding-left: 0px; \">chi mi ha venduto i semi<\/strong>, che ho integrato con alcune&nbsp;<strong style=\"margin-top: 0px; margin-right: 0px; margin-bottom: 0px; margin-left: 0px; padding-top: 0px; padding-right: 0px; padding-bottom: 0px; padding-left: 0px; \">preziose informazioni reperite in r<\/strong>ete, nonch\u00e9 con&nbsp;<strong style=\"margin-top: 0px; margin-right: 0px; margin-bottom: 0px; margin-left: 0px; padding-top: 0px; padding-right: 0px; padding-bottom: 0px; padding-left: 0px; \">la nostra prima personale esperienza di semina della Stevia Rabaudiana<\/strong>.Quello che segue \u00e8 di fatto il&nbsp;nostro &#8216;manuale operativo&#8217; della Stevia, ad oggi. \ud83d\ude42<br style=\"margin-top: 0px; margin-right: 0px; margin-bottom: 0px; margin-left: 0px; padding-top: 0px; padding-right: 0px; padding-bottom: 0px; padding-left: 0px; \" \/><strong style=\"margin-top: 0px; margin-right: 0px; margin-bottom: 0px; margin-left: 0px; padding-top: 0px; padding-right: 0px; padding-bottom: 0px; padding-left: 0px; \">CARATTERISTICHE&nbsp;DELLA STEVIA RABAUDIANA<\/strong><br style=\"margin-top: 0px; margin-right: 0px; margin-bottom: 0px; margin-left: 0px; padding-top: 0px; padding-right: 0px; padding-bottom: 0px; padding-left: 0px; \" \/>La Stevia&nbsp;rabaudiana&nbsp;\u00e8 una pianta rustica molto resistente, perenne o semiperenne a seconda del clima in cui viene coltivata. Con le dovute attenzioni la pianta si conserver\u00e0 in perfetta salute e ci gratificher\u00e0 con una generosa gustosissima produzione di foglie!<strong style=\"margin-top: 0px; margin-right: 0px; margin-bottom: 0px; margin-left: 0px; padding-top: 0px; padding-right: 0px; padding-bottom: 0px; padding-left: 0px; \">In Italia \u00e8 possibile coltivarla a qualsiasi latitudine<\/strong>, certamente nelle zone pi\u00f9 fredde sar\u00e0 opportuno usare maggiori accortezze specialmente in inverno quando \u00e8 consigliabile proteggere la parte basale (che germoglier\u00e0 in primavera) con pacciamature. Se in inverno le temperature scendono frequentemente sotto lo zero \u00e8 consigliabile ricoverare la pianta in ambienti protetti, almeno fino al termine delle gelate notturne.[&#8230;.continua sul Sentiero&#8230;]<br style=\"margin-top: 0px; margin-right: 0px; margin-bottom: 0px; margin-left: 0px; padding-top: 0px; padding-right: 0px; padding-bottom: 0px; padding-left: 0px; \" \/><img loading=\"lazy\" decoding=\"async\" border=\"0\" height=\"320\" src=\"http:\/\/1.bp.blogspot.com\/_6b_C4Lhkrd8\/S-rOLRZ1yAI\/AAAAAAAAAz8\/9WgalzlNgwE\/s320\/stevia+coltivata+in+casa+2.jpg\" width=\"308\" wt=\"true\" style=\"margin-top: 0px; margin-right: 0px; margin-bottom: 0px; margin-left: 0px; padding-top: 3px; padding-right: 3px; padding-bottom: 3px; padding-left: 3px; border-top-width: 0px; border-right-width: 0px; border-bottom-width: 0px; border-left-width: 0px; border-style: initial; border-color: initial; \" \/><strong>Nell&#8217;immagine:&nbsp;<\/strong><strong>La nostra prima piantina di Stevia a&nbsp;6 settimane dalla semina.<\/strong><br style=\"margin-top: 0px; margin-right: 0px; margin-bottom: 0px; margin-left: 0px; padding-top: 0px; padding-right: 0px; padding-bottom: 0px; padding-left: 0px; \" \/><strong style=\"margin-top: 0px; margin-right: 0px; margin-bottom: 0px; margin-left: 0px; padding-top: 0px; padding-right: 0px; padding-bottom: 0px; padding-left: 0px; \">REPERIRE I SEMI DI STEVIA<\/strong>Dove reperire i semi di Stevia Rabaudiana \u00e8 una delle questioni pi\u00f9 impegnative. Infatti non \u00e8 facilissimo trovare i semi di stevia.Sicuramente non negli alimenentari, nei supermarket, ma&nbsp;nemmeno in gran parte di erboristerie e dei vivai.Occorre cercare accuratamente e chiedere in giro.Cercare sia su internet tra commenti, forum e articoli che chiedendo agli amici e conoscenti, magari qualcuno lo sa!&nbsp;[&#8230;.continua sul Sentiero&#8230;]<br style=\"margin-top: 0px; margin-right: 0px; margin-bottom: 0px; margin-left: 0px; padding-top: 0px; padding-right: 0px; padding-bottom: 0px; padding-left: 0px; \" \/><strong style=\"margin-top: 0px; margin-right: 0px; margin-bottom: 0px; margin-left: 0px; padding-top: 0px; padding-right: 0px; padding-bottom: 0px; padding-left: 0px; \">LA SEMINA<\/strong><br style=\"margin-top: 0px; margin-right: 0px; margin-bottom: 0px; margin-left: 0px; padding-top: 0px; padding-right: 0px; padding-bottom: 0px; padding-left: 0px; \" \/>Se avete&nbsp;trovato finalmente i&nbsp;semi di Stevia&nbsp;e&nbsp;potete cimentarvi nella semina!&nbsp;E&#8217; necessario sapere come prima cosa che la germinazione \u00e8 molto bassa, i semi sono piccoli e leggerissimi, volano che \u00e8 un piacere!Vanno adagiati in un letto di terra sciolta e umida e quindi ricoperti con un sottile strato per far si che non scappino.. La terra va mantenuta umida e, data la delicatezza e la leggerezza del seme, \u00e8 consigliabile utilizzare un nebulizzatore fine. Il tempo di germinazione \u00e8 variabile, da una settimana a&#8230;.oltranza, ho sentito dire di semi dati per defunti germogliati dopo diverse settimane!<br style=\"margin-top: 0px; margin-right: 0px; margin-bottom: 0px; margin-left: 0px; padding-top: 0px; padding-right: 0px; padding-bottom: 0px; padding-left: 0px; \" \/><strong style=\"margin-top: 0px; margin-right: 0px; margin-bottom: 0px; margin-left: 0px; padding-top: 0px; padding-right: 0px; padding-bottom: 0px; padding-left: 0px; \">La semina si effettua all&#8217;inizio della primavera<\/strong>, possibilmente dentro casa e vicino a una finestra in modo da poter ricevere il calore del sole durante il giorno. Un suggerimento prezioso che mi \u00e8 stato dato \u00e8 quello di ricoprire la semina con un tessuto a mezz&#8217;ombra, lo si trova in qualsiasi vivaio.Le piantine vanno trapiantate non prima di aver messo il secondo paio di foglie vere (il terzo contando quello del germoglio). A&nbsp;questo punto, scongiurato il pericolo di ulteriori gelate, \u00e8 possibile metterle a dimora all&#8217;esterno avendo cura di proteggerle ancora sino a quando le piante non saranno ben avviate.<br style=\"margin-top: 0px; margin-right: 0px; margin-bottom: 0px; margin-left: 0px; padding-top: 0px; padding-right: 0px; padding-bottom: 0px; padding-left: 0px; \" \/><strong style=\"margin-top: 0px; margin-right: 0px; margin-bottom: 0px; margin-left: 0px; padding-top: 0px; padding-right: 0px; padding-bottom: 0px; padding-left: 0px; \">MOLTIPLICAZIONE PER TALEA<\/strong><br style=\"margin-top: 0px; margin-right: 0px; margin-bottom: 0px; margin-left: 0px; padding-top: 0px; padding-right: 0px; padding-bottom: 0px; padding-left: 0px; \" \/>La riproduzione per talea a partire da una pianta avviata \u00e8 molto pi\u00f9 semplice e ha un&#8217;elevata percentuale di successo. Per i dettagli di questa pratica, che non ho ancora sperimentato in prima persona, rimando al sito di&nbsp;Lucio Longo&nbsp;che mette a disposizione un accurato set fotografico che descrive meglio di tante parole la riproduzione per talea della Stevia.<br style=\"margin-top: 0px; margin-right: 0px; margin-bottom: 0px; margin-left: 0px; padding-top: 0px; padding-right: 0px; padding-bottom: 0px; padding-left: 0px; \" \/><strong style=\"margin-top: 0px; margin-right: 0px; margin-bottom: 0px; margin-left: 0px; padding-top: 0px; padding-right: 0px; padding-bottom: 0px; padding-left: 0px; \">PRODUTTIVITA&#8217; DELLA STEVIA<\/strong><br style=\"margin-top: 0px; margin-right: 0px; margin-bottom: 0px; margin-left: 0px; padding-top: 0px; padding-right: 0px; padding-bottom: 0px; padding-left: 0px; \" \/>Il periodo di maggior produttivit\u00e0 \u00e8 quello che va dalla tarda primavera all&#8217;inizio dell&#8217;autunno. Durante questo periodo la Stevia&nbsp;rabaudiana&nbsp;va innaffiata spesso e, avendo un &#8216;metabolismo&#8217; (crescita e fotosintesi) particolarmente veloce, anche concimata spesso (evitando accuratamente l&#8217;utilizzo di concimi chimici)[&#8230;.continua sul Sentiero&#8230;]<br \/><strong style=\"margin-top: 0px; margin-right: 0px; margin-bottom: 0px; margin-left: 0px; padding-top: 0px; padding-right: 0px; padding-bottom: 0px; padding-left: 0px; \">MALATTIE E INCONVENIENTI RISCONTRATI NELLA PIANTA<\/strong>[&#8230;.continua sul Sentiero&#8230;]<\/p>\n","protected":false},"excerpt":{"rendered":"<p>Coltivare la STEVIA RABAUDIANA \u00e8 possibile? La risposta \u00e8 si!<br \/>\nMentre non \u00e8 possibile commercializzare la stevia come dolcificante, nulla impedisce di coltivarla e commercializzarla come pianta ornamentale.<br \/>\nE cos\u00ec che la si pu\u00f2 trovare in commercio attualmente anche in Italia.<\/p>\n","protected":false},"author":10,"featured_media":0,"comment_status":"open","ping_status":"open","sticky":false,"template":"","format":"standard","meta":{"cybocfi_hide_featured_image":"","footnotes":""},"categories":[162],"tags":[2207,15560,15553,5897,15561],"class_list":["post-5609","post","type-post","status-publish","format-standard","hentry","category-dieta-e-nutrizione","tag-alimentazione","tag-coltivare-la-stevia-rabaudiana","tag-il-sentiero-della-natura","tag-naturopatia","tag-stevia"],"yoast_head":"<!-- This site is optimized with the Yoast SEO plugin v27.0 - https:\/\/yoast.com\/product\/yoast-seo-wordpress\/ -->\n<title>Coltivare la Stevia Rabaudiana in casa! Il Sentiero della Natura - Article Marketing<\/title>\n<meta name=\"robots\" content=\"index, follow, max-snippet:-1, max-image-preview:large, max-video-preview:-1\" \/>\n<link rel=\"canonical\" href=\"https:\/\/www.article-marketing.eu\/comunicati\/salute-e-benessere\/dieta-e-nutrizione\/coltivare-la-stevia-rabaudiana-in-casa-il-sentiero-della-natura\/\" \/>\n<meta property=\"og:locale\" content=\"it_IT\" \/>\n<meta property=\"og:type\" content=\"article\" \/>\n<meta property=\"og:title\" content=\"Coltivare la Stevia Rabaudiana in casa! Il Sentiero della Natura - Article Marketing\" \/>\n<meta property=\"og:description\" content=\"Coltivare la STEVIA RABAUDIANA \u00e8 possibile? La risposta \u00e8 si! Mentre non \u00e8 possibile commercializzare la stevia come dolcificante, nulla impedisce di coltivarla e commercializzarla come pianta ornamentale. E cos\u00ec che la si pu\u00f2 trovare in commercio attualmente anche in Italia.\" \/>\n<meta property=\"og:url\" content=\"https:\/\/www.article-marketing.eu\/comunicati\/salute-e-benessere\/dieta-e-nutrizione\/coltivare-la-stevia-rabaudiana-in-casa-il-sentiero-della-natura\/\" \/>\n<meta property=\"og:site_name\" content=\"Article Marketing\" \/>\n<meta property=\"article:published_time\" content=\"2010-06-27T14:28:00+00:00\" \/>\n<meta property=\"og:image\" content=\"http:\/\/1.bp.blogspot.com\/_6b_C4Lhkrd8\/S-rOLRZ1yAI\/AAAAAAAAAz8\/9WgalzlNgwE\/s320\/stevia+coltivata+in+casa+2.jpg\" \/>\n<meta name=\"author\" content=\"Redazione Comunicati Stampa\" \/>\n<meta name=\"twitter:card\" content=\"summary_large_image\" \/>\n<meta name=\"twitter:label1\" content=\"Scritto da\" \/>\n\t<meta name=\"twitter:data1\" content=\"Redazione Comunicati Stampa\" \/>\n\t<meta name=\"twitter:label2\" content=\"Tempo di lettura stimato\" \/>\n\t<meta name=\"twitter:data2\" content=\"3 minuti\" \/>\n<script type=\"application\/ld+json\" class=\"yoast-schema-graph\">{\"@context\":\"https:\/\/schema.org\",\"@graph\":[{\"@type\":\"Article\",\"@id\":\"https:\/\/www.article-marketing.eu\/comunicati\/salute-e-benessere\/dieta-e-nutrizione\/coltivare-la-stevia-rabaudiana-in-casa-il-sentiero-della-natura\/#article\",\"isPartOf\":{\"@id\":\"https:\/\/www.article-marketing.eu\/comunicati\/salute-e-benessere\/dieta-e-nutrizione\/coltivare-la-stevia-rabaudiana-in-casa-il-sentiero-della-natura\/\"},\"author\":{\"name\":\"Redazione Comunicati Stampa\",\"@id\":\"https:\/\/www.article-marketing.eu\/comunicati\/#\/schema\/person\/44372e4d4d0fa797b18e03ed1ace9017\"},\"headline\":\"Coltivare la Stevia Rabaudiana in casa! Il Sentiero della Natura\",\"datePublished\":\"2010-06-27T14:28:00+00:00\",\"mainEntityOfPage\":{\"@id\":\"https:\/\/www.article-marketing.eu\/comunicati\/salute-e-benessere\/dieta-e-nutrizione\/coltivare-la-stevia-rabaudiana-in-casa-il-sentiero-della-natura\/\"},\"wordCount\":664,\"commentCount\":0,\"image\":{\"@id\":\"https:\/\/www.article-marketing.eu\/comunicati\/salute-e-benessere\/dieta-e-nutrizione\/coltivare-la-stevia-rabaudiana-in-casa-il-sentiero-della-natura\/#primaryimage\"},\"thumbnailUrl\":\"http:\/\/1.bp.blogspot.com\/_6b_C4Lhkrd8\/S-rOLRZ1yAI\/AAAAAAAAAz8\/9WgalzlNgwE\/s320\/stevia+coltivata+in+casa+2.jpg\",\"keywords\":[\"alimentazione\",\"coltivare la stevia rabaudiana\",\"il sentiero della natura\",\"naturopatia\",\"stevia\"],\"articleSection\":[\"Dieta e Nutrizione\"],\"inLanguage\":\"it-IT\",\"potentialAction\":[{\"@type\":\"CommentAction\",\"name\":\"Comment\",\"target\":[\"https:\/\/www.article-marketing.eu\/comunicati\/salute-e-benessere\/dieta-e-nutrizione\/coltivare-la-stevia-rabaudiana-in-casa-il-sentiero-della-natura\/#respond\"]}]},{\"@type\":\"WebPage\",\"@id\":\"https:\/\/www.article-marketing.eu\/comunicati\/salute-e-benessere\/dieta-e-nutrizione\/coltivare-la-stevia-rabaudiana-in-casa-il-sentiero-della-natura\/\",\"url\":\"https:\/\/www.article-marketing.eu\/comunicati\/salute-e-benessere\/dieta-e-nutrizione\/coltivare-la-stevia-rabaudiana-in-casa-il-sentiero-della-natura\/\",\"name\":\"Coltivare la Stevia Rabaudiana in casa! Il Sentiero della Natura - Article Marketing\",\"isPartOf\":{\"@id\":\"https:\/\/www.article-marketing.eu\/comunicati\/#website\"},\"primaryImageOfPage\":{\"@id\":\"https:\/\/www.article-marketing.eu\/comunicati\/salute-e-benessere\/dieta-e-nutrizione\/coltivare-la-stevia-rabaudiana-in-casa-il-sentiero-della-natura\/#primaryimage\"},\"image\":{\"@id\":\"https:\/\/www.article-marketing.eu\/comunicati\/salute-e-benessere\/dieta-e-nutrizione\/coltivare-la-stevia-rabaudiana-in-casa-il-sentiero-della-natura\/#primaryimage\"},\"thumbnailUrl\":\"http:\/\/1.bp.blogspot.com\/_6b_C4Lhkrd8\/S-rOLRZ1yAI\/AAAAAAAAAz8\/9WgalzlNgwE\/s320\/stevia+coltivata+in+casa+2.jpg\",\"datePublished\":\"2010-06-27T14:28:00+00:00\",\"author\":{\"@id\":\"https:\/\/www.article-marketing.eu\/comunicati\/#\/schema\/person\/44372e4d4d0fa797b18e03ed1ace9017\"},\"breadcrumb\":{\"@id\":\"https:\/\/www.article-marketing.eu\/comunicati\/salute-e-benessere\/dieta-e-nutrizione\/coltivare-la-stevia-rabaudiana-in-casa-il-sentiero-della-natura\/#breadcrumb\"},\"inLanguage\":\"it-IT\",\"potentialAction\":[{\"@type\":\"ReadAction\",\"target\":[\"https:\/\/www.article-marketing.eu\/comunicati\/salute-e-benessere\/dieta-e-nutrizione\/coltivare-la-stevia-rabaudiana-in-casa-il-sentiero-della-natura\/\"]}]},{\"@type\":\"ImageObject\",\"inLanguage\":\"it-IT\",\"@id\":\"https:\/\/www.article-marketing.eu\/comunicati\/salute-e-benessere\/dieta-e-nutrizione\/coltivare-la-stevia-rabaudiana-in-casa-il-sentiero-della-natura\/#primaryimage\",\"url\":\"http:\/\/1.bp.blogspot.com\/_6b_C4Lhkrd8\/S-rOLRZ1yAI\/AAAAAAAAAz8\/9WgalzlNgwE\/s320\/stevia+coltivata+in+casa+2.jpg\",\"contentUrl\":\"http:\/\/1.bp.blogspot.com\/_6b_C4Lhkrd8\/S-rOLRZ1yAI\/AAAAAAAAAz8\/9WgalzlNgwE\/s320\/stevia+coltivata+in+casa+2.jpg\"},{\"@type\":\"BreadcrumbList\",\"@id\":\"https:\/\/www.article-marketing.eu\/comunicati\/salute-e-benessere\/dieta-e-nutrizione\/coltivare-la-stevia-rabaudiana-in-casa-il-sentiero-della-natura\/#breadcrumb\",\"itemListElement\":[{\"@type\":\"ListItem\",\"position\":1,\"name\":\"Home\",\"item\":\"https:\/\/www.article-marketing.eu\/comunicati\/\"},{\"@type\":\"ListItem\",\"position\":2,\"name\":\"Coltivare la Stevia Rabaudiana in casa! Il Sentiero della Natura\"}]},{\"@type\":\"WebSite\",\"@id\":\"https:\/\/www.article-marketing.eu\/comunicati\/#website\",\"url\":\"https:\/\/www.article-marketing.eu\/comunicati\/\",\"name\":\"Article Marketing\",\"description\":\"article marketing &amp; press release\",\"potentialAction\":[{\"@type\":\"SearchAction\",\"target\":{\"@type\":\"EntryPoint\",\"urlTemplate\":\"https:\/\/www.article-marketing.eu\/comunicati\/?s={search_term_string}\"},\"query-input\":{\"@type\":\"PropertyValueSpecification\",\"valueRequired\":true,\"valueName\":\"search_term_string\"}}],\"inLanguage\":\"it-IT\"},{\"@type\":\"Person\",\"@id\":\"https:\/\/www.article-marketing.eu\/comunicati\/#\/schema\/person\/44372e4d4d0fa797b18e03ed1ace9017\",\"name\":\"Redazione Comunicati Stampa\",\"image\":{\"@type\":\"ImageObject\",\"inLanguage\":\"it-IT\",\"@id\":\"https:\/\/www.article-marketing.eu\/comunicati\/#\/schema\/person\/image\/\",\"url\":\"https:\/\/secure.gravatar.com\/avatar\/50e5c6421d3072f42e7ace803501602c60d75233d34e29fd05feb91c8760b792?s=96&d=mm&r=g\",\"contentUrl\":\"https:\/\/secure.gravatar.com\/avatar\/50e5c6421d3072f42e7ace803501602c60d75233d34e29fd05feb91c8760b792?s=96&d=mm&r=g\",\"caption\":\"Redazione Comunicati Stampa\"},\"url\":\"https:\/\/www.article-marketing.eu\/comunicati\/author\/redazione-comunicati-stampa\/\"}]}<\/script>\n<!-- \/ Yoast SEO plugin. -->","yoast_head_json":{"title":"Coltivare la Stevia Rabaudiana in casa! Il Sentiero della Natura - Article Marketing","robots":{"index":"index","follow":"follow","max-snippet":"max-snippet:-1","max-image-preview":"max-image-preview:large","max-video-preview":"max-video-preview:-1"},"canonical":"https:\/\/www.article-marketing.eu\/comunicati\/salute-e-benessere\/dieta-e-nutrizione\/coltivare-la-stevia-rabaudiana-in-casa-il-sentiero-della-natura\/","og_locale":"it_IT","og_type":"article","og_title":"Coltivare la Stevia Rabaudiana in casa! Il Sentiero della Natura - Article Marketing","og_description":"Coltivare la STEVIA RABAUDIANA \u00e8 possibile? La risposta \u00e8 si! Mentre non \u00e8 possibile commercializzare la stevia come dolcificante, nulla impedisce di coltivarla e commercializzarla come pianta ornamentale. E cos\u00ec che la si pu\u00f2 trovare in commercio attualmente anche in Italia.","og_url":"https:\/\/www.article-marketing.eu\/comunicati\/salute-e-benessere\/dieta-e-nutrizione\/coltivare-la-stevia-rabaudiana-in-casa-il-sentiero-della-natura\/","og_site_name":"Article Marketing","article_published_time":"2010-06-27T14:28:00+00:00","og_image":[{"url":"http:\/\/1.bp.blogspot.com\/_6b_C4Lhkrd8\/S-rOLRZ1yAI\/AAAAAAAAAz8\/9WgalzlNgwE\/s320\/stevia+coltivata+in+casa+2.jpg","type":"","width":"","height":""}],"author":"Redazione Comunicati Stampa","twitter_card":"summary_large_image","twitter_misc":{"Scritto da":"Redazione Comunicati Stampa","Tempo di lettura stimato":"3 minuti"},"schema":{"@context":"https:\/\/schema.org","@graph":[{"@type":"Article","@id":"https:\/\/www.article-marketing.eu\/comunicati\/salute-e-benessere\/dieta-e-nutrizione\/coltivare-la-stevia-rabaudiana-in-casa-il-sentiero-della-natura\/#article","isPartOf":{"@id":"https:\/\/www.article-marketing.eu\/comunicati\/salute-e-benessere\/dieta-e-nutrizione\/coltivare-la-stevia-rabaudiana-in-casa-il-sentiero-della-natura\/"},"author":{"name":"Redazione Comunicati Stampa","@id":"https:\/\/www.article-marketing.eu\/comunicati\/#\/schema\/person\/44372e4d4d0fa797b18e03ed1ace9017"},"headline":"Coltivare la Stevia Rabaudiana in casa! Il Sentiero della Natura","datePublished":"2010-06-27T14:28:00+00:00","mainEntityOfPage":{"@id":"https:\/\/www.article-marketing.eu\/comunicati\/salute-e-benessere\/dieta-e-nutrizione\/coltivare-la-stevia-rabaudiana-in-casa-il-sentiero-della-natura\/"},"wordCount":664,"commentCount":0,"image":{"@id":"https:\/\/www.article-marketing.eu\/comunicati\/salute-e-benessere\/dieta-e-nutrizione\/coltivare-la-stevia-rabaudiana-in-casa-il-sentiero-della-natura\/#primaryimage"},"thumbnailUrl":"http:\/\/1.bp.blogspot.com\/_6b_C4Lhkrd8\/S-rOLRZ1yAI\/AAAAAAAAAz8\/9WgalzlNgwE\/s320\/stevia+coltivata+in+casa+2.jpg","keywords":["alimentazione","coltivare la stevia rabaudiana","il sentiero della natura","naturopatia","stevia"],"articleSection":["Dieta e Nutrizione"],"inLanguage":"it-IT","potentialAction":[{"@type":"CommentAction","name":"Comment","target":["https:\/\/www.article-marketing.eu\/comunicati\/salute-e-benessere\/dieta-e-nutrizione\/coltivare-la-stevia-rabaudiana-in-casa-il-sentiero-della-natura\/#respond"]}]},{"@type":"WebPage","@id":"https:\/\/www.article-marketing.eu\/comunicati\/salute-e-benessere\/dieta-e-nutrizione\/coltivare-la-stevia-rabaudiana-in-casa-il-sentiero-della-natura\/","url":"https:\/\/www.article-marketing.eu\/comunicati\/salute-e-benessere\/dieta-e-nutrizione\/coltivare-la-stevia-rabaudiana-in-casa-il-sentiero-della-natura\/","name":"Coltivare la Stevia Rabaudiana in casa! Il Sentiero della Natura - Article Marketing","isPartOf":{"@id":"https:\/\/www.article-marketing.eu\/comunicati\/#website"},"primaryImageOfPage":{"@id":"https:\/\/www.article-marketing.eu\/comunicati\/salute-e-benessere\/dieta-e-nutrizione\/coltivare-la-stevia-rabaudiana-in-casa-il-sentiero-della-natura\/#primaryimage"},"image":{"@id":"https:\/\/www.article-marketing.eu\/comunicati\/salute-e-benessere\/dieta-e-nutrizione\/coltivare-la-stevia-rabaudiana-in-casa-il-sentiero-della-natura\/#primaryimage"},"thumbnailUrl":"http:\/\/1.bp.blogspot.com\/_6b_C4Lhkrd8\/S-rOLRZ1yAI\/AAAAAAAAAz8\/9WgalzlNgwE\/s320\/stevia+coltivata+in+casa+2.jpg","datePublished":"2010-06-27T14:28:00+00:00","author":{"@id":"https:\/\/www.article-marketing.eu\/comunicati\/#\/schema\/person\/44372e4d4d0fa797b18e03ed1ace9017"},"breadcrumb":{"@id":"https:\/\/www.article-marketing.eu\/comunicati\/salute-e-benessere\/dieta-e-nutrizione\/coltivare-la-stevia-rabaudiana-in-casa-il-sentiero-della-natura\/#breadcrumb"},"inLanguage":"it-IT","potentialAction":[{"@type":"ReadAction","target":["https:\/\/www.article-marketing.eu\/comunicati\/salute-e-benessere\/dieta-e-nutrizione\/coltivare-la-stevia-rabaudiana-in-casa-il-sentiero-della-natura\/"]}]},{"@type":"ImageObject","inLanguage":"it-IT","@id":"https:\/\/www.article-marketing.eu\/comunicati\/salute-e-benessere\/dieta-e-nutrizione\/coltivare-la-stevia-rabaudiana-in-casa-il-sentiero-della-natura\/#primaryimage","url":"http:\/\/1.bp.blogspot.com\/_6b_C4Lhkrd8\/S-rOLRZ1yAI\/AAAAAAAAAz8\/9WgalzlNgwE\/s320\/stevia+coltivata+in+casa+2.jpg","contentUrl":"http:\/\/1.bp.blogspot.com\/_6b_C4Lhkrd8\/S-rOLRZ1yAI\/AAAAAAAAAz8\/9WgalzlNgwE\/s320\/stevia+coltivata+in+casa+2.jpg"},{"@type":"BreadcrumbList","@id":"https:\/\/www.article-marketing.eu\/comunicati\/salute-e-benessere\/dieta-e-nutrizione\/coltivare-la-stevia-rabaudiana-in-casa-il-sentiero-della-natura\/#breadcrumb","itemListElement":[{"@type":"ListItem","position":1,"name":"Home","item":"https:\/\/www.article-marketing.eu\/comunicati\/"},{"@type":"ListItem","position":2,"name":"Coltivare la Stevia Rabaudiana in casa! Il Sentiero della Natura"}]},{"@type":"WebSite","@id":"https:\/\/www.article-marketing.eu\/comunicati\/#website","url":"https:\/\/www.article-marketing.eu\/comunicati\/","name":"Article Marketing","description":"article marketing &amp; press release","potentialAction":[{"@type":"SearchAction","target":{"@type":"EntryPoint","urlTemplate":"https:\/\/www.article-marketing.eu\/comunicati\/?s={search_term_string}"},"query-input":{"@type":"PropertyValueSpecification","valueRequired":true,"valueName":"search_term_string"}}],"inLanguage":"it-IT"},{"@type":"Person","@id":"https:\/\/www.article-marketing.eu\/comunicati\/#\/schema\/person\/44372e4d4d0fa797b18e03ed1ace9017","name":"Redazione Comunicati Stampa","image":{"@type":"ImageObject","inLanguage":"it-IT","@id":"https:\/\/www.article-marketing.eu\/comunicati\/#\/schema\/person\/image\/","url":"https:\/\/secure.gravatar.com\/avatar\/50e5c6421d3072f42e7ace803501602c60d75233d34e29fd05feb91c8760b792?s=96&d=mm&r=g","contentUrl":"https:\/\/secure.gravatar.com\/avatar\/50e5c6421d3072f42e7ace803501602c60d75233d34e29fd05feb91c8760b792?s=96&d=mm&r=g","caption":"Redazione Comunicati Stampa"},"url":"https:\/\/www.article-marketing.eu\/comunicati\/author\/redazione-comunicati-stampa\/"}]}},"_links":{"self":[{"href":"https:\/\/www.article-marketing.eu\/comunicati\/wp-json\/wp\/v2\/posts\/5609","targetHints":{"allow":["GET"]}}],"collection":[{"href":"https:\/\/www.article-marketing.eu\/comunicati\/wp-json\/wp\/v2\/posts"}],"about":[{"href":"https:\/\/www.article-marketing.eu\/comunicati\/wp-json\/wp\/v2\/types\/post"}],"author":[{"embeddable":true,"href":"https:\/\/www.article-marketing.eu\/comunicati\/wp-json\/wp\/v2\/users\/10"}],"replies":[{"embeddable":true,"href":"https:\/\/www.article-marketing.eu\/comunicati\/wp-json\/wp\/v2\/comments?post=5609"}],"version-history":[{"count":0,"href":"https:\/\/www.article-marketing.eu\/comunicati\/wp-json\/wp\/v2\/posts\/5609\/revisions"}],"wp:attachment":[{"href":"https:\/\/www.article-marketing.eu\/comunicati\/wp-json\/wp\/v2\/media?parent=5609"}],"wp:term":[{"taxonomy":"category","embeddable":true,"href":"https:\/\/www.article-marketing.eu\/comunicati\/wp-json\/wp\/v2\/categories?post=5609"},{"taxonomy":"post_tag","embeddable":true,"href":"https:\/\/www.article-marketing.eu\/comunicati\/wp-json\/wp\/v2\/tags?post=5609"}],"curies":[{"name":"wp","href":"https:\/\/api.w.org\/{rel}","templated":true}]}}