{"id":5611,"date":"2010-06-28T08:12:24","date_gmt":"2010-06-28T06:12:24","guid":{"rendered":"http:\/\/www.article-marketing.eu\/comunicati\/senza-categoria\/ambien-per-quei-momenti-in-cui-hai-bisogno-di-dormire\/"},"modified":"2010-06-28T08:12:24","modified_gmt":"2010-06-28T06:12:24","slug":"ambien-per-quei-momenti-in-cui-hai-bisogno-di-dormire","status":"publish","type":"post","link":"https:\/\/www.article-marketing.eu\/comunicati\/salute-e-benessere\/ambien-per-quei-momenti-in-cui-hai-bisogno-di-dormire\/","title":{"rendered":"Ambien, per quei momenti in cui hai bisogno di dormire"},"content":{"rendered":"<p>Ambien \u00e8 un medicinale effettivo che va preso per via orale e usato come terapia a breve termine nei trattamenti contro l\u2019insonnia e altri disturbi del sonno.<\/p>\n<p>Ambien \u00e8 stato sintetizzato per la prima volta nei laboratori di una<br \/>\ncompagnia francese chiamata Sanofi-Aventis da scienziati e farmacisti<br \/>\nlocalizzati a Lione, Francia.<\/p>\n<p>Ambien \u00e8 un medicinale classificato come \u201cMedicina generale \u2013 Cura<br \/>\ndella salute\u201d, e significa che \u00e8 soggetto a prescrizione medica. Ma di<br \/>\nquesti giorni, con internet e le farmacie online, le ricette online<br \/>\npossono essere dispensate velocemente, in modo efficace e a un costo<br \/>\nconveniente.<\/p>\n<p>Quando compri Ambien online, fallo sempre tramite una farmacia<br \/>\nonline responsabile, per assicurarti di ricevere i tuoi medicinali in<br \/>\ntempo.<\/p>\n<p>Il principio attivo presente in Ambien \u00e8 un complesso chimico<br \/>\nidentificato come Zolpidem tartrato, la cui formula chimica \u00e8<br \/>\nC19H21N3O. Questo composto complesso proviene da una classe di<br \/>\nsofisticati chimici creati in laboratorio e chiamati imidazopyridine o,<br \/>\nper essere pi\u00f9 precisi, imidazopyridine non- benzodiazepina.<\/p>\n<p>Il Zolpidem tartrato funziona nel cervello su alcuni recettori<br \/>\nspecifici. Questi recettori sono conosciuti come recettori GABA e<br \/>\ncontengono un sostanza conosciuta come neutrotrasmettitore e chiamata<br \/>\nGABA-A<\/p>\n<p>I recettori dell\u2019acido gamma- amminobutirrico o recettori GABA sono<br \/>\ndi fatti responsabili di alcune aree di pensiero nel cervello, in<br \/>\nparticolare l\u2019area nella quale Ambien agisce, un\u2019area che causa ansiet\u00e0.<\/p>\n<p>Il Zolpiden tatrato contenuto nelle compresse di <a mce_href=\"http:\/\/it.pro-medics.com\/ambien-generico\/\" href=\"http:\/\/it.pro-medics.com\/ambien-generico\/\">Ambien<\/a> agisce inibendo (o bloccando) i recettori GABA-A, rilasciando cos\u00ec pi\u00f9 GABA nel cervello.<\/p>\n<p>Giacch\u00e9 il neurotrasmettitore GABA causa un effetto calmante nel<br \/>\ncervello quando siamo ansiosi, avere pi\u00f9 GABA nel cervello ci far\u00e0<br \/>\ncalmare pi\u00f9 velocemente e in modo naturale.<\/p>\n<p>Questo significa che se GABA viene rilasciato in maggiori quantit\u00e0,<br \/>\nfunzioner\u00e0 in modo migliore per assicurare che l\u2019 attivit\u00e0 nervosa del<br \/>\ncervello sia equilibrata tra ansiet\u00e0 e calma.<\/p>\n<p>Quando questo importante equilibrio si stabilisce, le condizioni nel<br \/>\ncervello diventano ottimali per il sonno e il paziente diventa<br \/>\nsonnolento. Questa condizione viene accompagnata da una diminuzione<br \/>\ndell\u2019ansiet\u00e0 e un rallentamento naturale de muscoli principali del<br \/>\ncorpo.<\/p>\n<p>Nella sua forma grezza, il Zolpidem tartrato \u00e8 una polvere<br \/>\ncristallina biancastra senza sapore ne odore. \u00c8 anche quasi<br \/>\ncompletamente insolubile nell\u2019acqua.<\/p>\n<p>Le compresse di Ambien sono fatte direttamente con questa polvere<br \/>\ncristallina biancastra. Le compresse di Ambien sono colorate di<br \/>\narancione e fatte a forma di pasticca. Come per la maggior parte delle<br \/>\ncompresse oggi giorno, Ambien \u00e8 ricoperta di una pellicola liscia che<br \/>\nla rende pi\u00f9 facile da inghiottire e la protegge prima di essere usata.<\/p>\n<p>Ambien si presenta in due versioni, di 5mg e 10mg, tuttavia il<br \/>\ndosaggio regolare \u00e8 di 10mg presi da 10 a 15 minuti prima di andare a<br \/>\nletto, per assicurare che il paziente ottenga dalle 6 alle 8 ore di<br \/>\nsonno.<\/p>\n<p>\u00c8 importante sapere che Ambien dovrebbe essere usato soltanto a<br \/>\nbreve termine giacch\u00e9, se usato per un tempo pi\u00f9 lungo, \u00e8 possibile che<br \/>\nil paziente esperimenti dipendenza o assuefazione.<\/p>\n<p>Per fortuna, dopo qualche giorno, di solito i pazienti sono in grado<br \/>\ndi dormire senza medicazione e di farne uso solo quando \u00e8 veramente<br \/>\nnecessario<\/p>\n","protected":false},"excerpt":{"rendered":"<p>Ambien, per quei momenti in cui hai bisogno di dormire ma il tuo cervello sembra non essere d\u2019accordo<\/p>\n","protected":false},"author":10,"featured_media":0,"comment_status":"open","ping_status":"open","sticky":false,"template":"","format":"standard","meta":{"cybocfi_hide_featured_image":"","footnotes":""},"categories":[265],"tags":[13134],"class_list":["post-5611","post","type-post","status-publish","format-standard","hentry","category-salute-e-benessere","tag-insonnia"],"yoast_head":"<!-- This site is optimized with the Yoast SEO plugin v27.0 - https:\/\/yoast.com\/product\/yoast-seo-wordpress\/ -->\n<title>Ambien, per quei momenti in cui hai bisogno di dormire - Article Marketing<\/title>\n<meta name=\"robots\" content=\"index, follow, max-snippet:-1, max-image-preview:large, max-video-preview:-1\" \/>\n<link rel=\"canonical\" href=\"https:\/\/www.article-marketing.eu\/comunicati\/salute-e-benessere\/ambien-per-quei-momenti-in-cui-hai-bisogno-di-dormire\/\" \/>\n<meta property=\"og:locale\" content=\"it_IT\" \/>\n<meta property=\"og:type\" content=\"article\" \/>\n<meta property=\"og:title\" content=\"Ambien, per quei momenti in cui hai bisogno di dormire - Article Marketing\" \/>\n<meta property=\"og:description\" content=\"Ambien, per quei momenti in cui hai bisogno di dormire ma il tuo cervello sembra non essere d\u2019accordo\" \/>\n<meta property=\"og:url\" content=\"https:\/\/www.article-marketing.eu\/comunicati\/salute-e-benessere\/ambien-per-quei-momenti-in-cui-hai-bisogno-di-dormire\/\" \/>\n<meta property=\"og:site_name\" content=\"Article Marketing\" \/>\n<meta property=\"article:published_time\" content=\"2010-06-28T06:12:24+00:00\" \/>\n<meta name=\"author\" content=\"Redazione Comunicati Stampa\" \/>\n<meta name=\"twitter:card\" content=\"summary_large_image\" \/>\n<meta name=\"twitter:label1\" content=\"Scritto da\" \/>\n\t<meta name=\"twitter:data1\" content=\"Redazione Comunicati Stampa\" \/>\n\t<meta name=\"twitter:label2\" content=\"Tempo di lettura stimato\" \/>\n\t<meta name=\"twitter:data2\" content=\"2 minuti\" \/>\n<script type=\"application\/ld+json\" class=\"yoast-schema-graph\">{\"@context\":\"https:\/\/schema.org\",\"@graph\":[{\"@type\":\"Article\",\"@id\":\"https:\/\/www.article-marketing.eu\/comunicati\/salute-e-benessere\/ambien-per-quei-momenti-in-cui-hai-bisogno-di-dormire\/#article\",\"isPartOf\":{\"@id\":\"https:\/\/www.article-marketing.eu\/comunicati\/salute-e-benessere\/ambien-per-quei-momenti-in-cui-hai-bisogno-di-dormire\/\"},\"author\":{\"name\":\"Redazione Comunicati Stampa\",\"@id\":\"https:\/\/www.article-marketing.eu\/comunicati\/#\/schema\/person\/44372e4d4d0fa797b18e03ed1ace9017\"},\"headline\":\"Ambien, per quei momenti in cui hai bisogno di dormire\",\"datePublished\":\"2010-06-28T06:12:24+00:00\",\"mainEntityOfPage\":{\"@id\":\"https:\/\/www.article-marketing.eu\/comunicati\/salute-e-benessere\/ambien-per-quei-momenti-in-cui-hai-bisogno-di-dormire\/\"},\"wordCount\":504,\"commentCount\":0,\"keywords\":[\"insonnia\"],\"articleSection\":[\"Salute e benessere\"],\"inLanguage\":\"it-IT\",\"potentialAction\":[{\"@type\":\"CommentAction\",\"name\":\"Comment\",\"target\":[\"https:\/\/www.article-marketing.eu\/comunicati\/salute-e-benessere\/ambien-per-quei-momenti-in-cui-hai-bisogno-di-dormire\/#respond\"]}]},{\"@type\":\"WebPage\",\"@id\":\"https:\/\/www.article-marketing.eu\/comunicati\/salute-e-benessere\/ambien-per-quei-momenti-in-cui-hai-bisogno-di-dormire\/\",\"url\":\"https:\/\/www.article-marketing.eu\/comunicati\/salute-e-benessere\/ambien-per-quei-momenti-in-cui-hai-bisogno-di-dormire\/\",\"name\":\"Ambien, per quei momenti in cui hai bisogno di dormire - Article Marketing\",\"isPartOf\":{\"@id\":\"https:\/\/www.article-marketing.eu\/comunicati\/#website\"},\"datePublished\":\"2010-06-28T06:12:24+00:00\",\"author\":{\"@id\":\"https:\/\/www.article-marketing.eu\/comunicati\/#\/schema\/person\/44372e4d4d0fa797b18e03ed1ace9017\"},\"breadcrumb\":{\"@id\":\"https:\/\/www.article-marketing.eu\/comunicati\/salute-e-benessere\/ambien-per-quei-momenti-in-cui-hai-bisogno-di-dormire\/#breadcrumb\"},\"inLanguage\":\"it-IT\",\"potentialAction\":[{\"@type\":\"ReadAction\",\"target\":[\"https:\/\/www.article-marketing.eu\/comunicati\/salute-e-benessere\/ambien-per-quei-momenti-in-cui-hai-bisogno-di-dormire\/\"]}]},{\"@type\":\"BreadcrumbList\",\"@id\":\"https:\/\/www.article-marketing.eu\/comunicati\/salute-e-benessere\/ambien-per-quei-momenti-in-cui-hai-bisogno-di-dormire\/#breadcrumb\",\"itemListElement\":[{\"@type\":\"ListItem\",\"position\":1,\"name\":\"Home\",\"item\":\"https:\/\/www.article-marketing.eu\/comunicati\/\"},{\"@type\":\"ListItem\",\"position\":2,\"name\":\"Ambien, per quei momenti in cui hai bisogno di dormire\"}]},{\"@type\":\"WebSite\",\"@id\":\"https:\/\/www.article-marketing.eu\/comunicati\/#website\",\"url\":\"https:\/\/www.article-marketing.eu\/comunicati\/\",\"name\":\"Article Marketing\",\"description\":\"article marketing &amp; press release\",\"potentialAction\":[{\"@type\":\"SearchAction\",\"target\":{\"@type\":\"EntryPoint\",\"urlTemplate\":\"https:\/\/www.article-marketing.eu\/comunicati\/?s={search_term_string}\"},\"query-input\":{\"@type\":\"PropertyValueSpecification\",\"valueRequired\":true,\"valueName\":\"search_term_string\"}}],\"inLanguage\":\"it-IT\"},{\"@type\":\"Person\",\"@id\":\"https:\/\/www.article-marketing.eu\/comunicati\/#\/schema\/person\/44372e4d4d0fa797b18e03ed1ace9017\",\"name\":\"Redazione Comunicati Stampa\",\"image\":{\"@type\":\"ImageObject\",\"inLanguage\":\"it-IT\",\"@id\":\"https:\/\/www.article-marketing.eu\/comunicati\/#\/schema\/person\/image\/\",\"url\":\"https:\/\/secure.gravatar.com\/avatar\/50e5c6421d3072f42e7ace803501602c60d75233d34e29fd05feb91c8760b792?s=96&d=mm&r=g\",\"contentUrl\":\"https:\/\/secure.gravatar.com\/avatar\/50e5c6421d3072f42e7ace803501602c60d75233d34e29fd05feb91c8760b792?s=96&d=mm&r=g\",\"caption\":\"Redazione Comunicati Stampa\"},\"url\":\"https:\/\/www.article-marketing.eu\/comunicati\/author\/redazione-comunicati-stampa\/\"}]}<\/script>\n<!-- \/ Yoast SEO plugin. -->","yoast_head_json":{"title":"Ambien, per quei momenti in cui hai bisogno di dormire - Article Marketing","robots":{"index":"index","follow":"follow","max-snippet":"max-snippet:-1","max-image-preview":"max-image-preview:large","max-video-preview":"max-video-preview:-1"},"canonical":"https:\/\/www.article-marketing.eu\/comunicati\/salute-e-benessere\/ambien-per-quei-momenti-in-cui-hai-bisogno-di-dormire\/","og_locale":"it_IT","og_type":"article","og_title":"Ambien, per quei momenti in cui hai bisogno di dormire - Article Marketing","og_description":"Ambien, per quei momenti in cui hai bisogno di dormire ma il tuo cervello sembra non essere d\u2019accordo","og_url":"https:\/\/www.article-marketing.eu\/comunicati\/salute-e-benessere\/ambien-per-quei-momenti-in-cui-hai-bisogno-di-dormire\/","og_site_name":"Article Marketing","article_published_time":"2010-06-28T06:12:24+00:00","author":"Redazione Comunicati Stampa","twitter_card":"summary_large_image","twitter_misc":{"Scritto da":"Redazione Comunicati Stampa","Tempo di lettura stimato":"2 minuti"},"schema":{"@context":"https:\/\/schema.org","@graph":[{"@type":"Article","@id":"https:\/\/www.article-marketing.eu\/comunicati\/salute-e-benessere\/ambien-per-quei-momenti-in-cui-hai-bisogno-di-dormire\/#article","isPartOf":{"@id":"https:\/\/www.article-marketing.eu\/comunicati\/salute-e-benessere\/ambien-per-quei-momenti-in-cui-hai-bisogno-di-dormire\/"},"author":{"name":"Redazione Comunicati Stampa","@id":"https:\/\/www.article-marketing.eu\/comunicati\/#\/schema\/person\/44372e4d4d0fa797b18e03ed1ace9017"},"headline":"Ambien, per quei momenti in cui hai bisogno di dormire","datePublished":"2010-06-28T06:12:24+00:00","mainEntityOfPage":{"@id":"https:\/\/www.article-marketing.eu\/comunicati\/salute-e-benessere\/ambien-per-quei-momenti-in-cui-hai-bisogno-di-dormire\/"},"wordCount":504,"commentCount":0,"keywords":["insonnia"],"articleSection":["Salute e benessere"],"inLanguage":"it-IT","potentialAction":[{"@type":"CommentAction","name":"Comment","target":["https:\/\/www.article-marketing.eu\/comunicati\/salute-e-benessere\/ambien-per-quei-momenti-in-cui-hai-bisogno-di-dormire\/#respond"]}]},{"@type":"WebPage","@id":"https:\/\/www.article-marketing.eu\/comunicati\/salute-e-benessere\/ambien-per-quei-momenti-in-cui-hai-bisogno-di-dormire\/","url":"https:\/\/www.article-marketing.eu\/comunicati\/salute-e-benessere\/ambien-per-quei-momenti-in-cui-hai-bisogno-di-dormire\/","name":"Ambien, per quei momenti in cui hai bisogno di dormire - Article Marketing","isPartOf":{"@id":"https:\/\/www.article-marketing.eu\/comunicati\/#website"},"datePublished":"2010-06-28T06:12:24+00:00","author":{"@id":"https:\/\/www.article-marketing.eu\/comunicati\/#\/schema\/person\/44372e4d4d0fa797b18e03ed1ace9017"},"breadcrumb":{"@id":"https:\/\/www.article-marketing.eu\/comunicati\/salute-e-benessere\/ambien-per-quei-momenti-in-cui-hai-bisogno-di-dormire\/#breadcrumb"},"inLanguage":"it-IT","potentialAction":[{"@type":"ReadAction","target":["https:\/\/www.article-marketing.eu\/comunicati\/salute-e-benessere\/ambien-per-quei-momenti-in-cui-hai-bisogno-di-dormire\/"]}]},{"@type":"BreadcrumbList","@id":"https:\/\/www.article-marketing.eu\/comunicati\/salute-e-benessere\/ambien-per-quei-momenti-in-cui-hai-bisogno-di-dormire\/#breadcrumb","itemListElement":[{"@type":"ListItem","position":1,"name":"Home","item":"https:\/\/www.article-marketing.eu\/comunicati\/"},{"@type":"ListItem","position":2,"name":"Ambien, per quei momenti in cui hai bisogno di dormire"}]},{"@type":"WebSite","@id":"https:\/\/www.article-marketing.eu\/comunicati\/#website","url":"https:\/\/www.article-marketing.eu\/comunicati\/","name":"Article Marketing","description":"article marketing &amp; press release","potentialAction":[{"@type":"SearchAction","target":{"@type":"EntryPoint","urlTemplate":"https:\/\/www.article-marketing.eu\/comunicati\/?s={search_term_string}"},"query-input":{"@type":"PropertyValueSpecification","valueRequired":true,"valueName":"search_term_string"}}],"inLanguage":"it-IT"},{"@type":"Person","@id":"https:\/\/www.article-marketing.eu\/comunicati\/#\/schema\/person\/44372e4d4d0fa797b18e03ed1ace9017","name":"Redazione Comunicati Stampa","image":{"@type":"ImageObject","inLanguage":"it-IT","@id":"https:\/\/www.article-marketing.eu\/comunicati\/#\/schema\/person\/image\/","url":"https:\/\/secure.gravatar.com\/avatar\/50e5c6421d3072f42e7ace803501602c60d75233d34e29fd05feb91c8760b792?s=96&d=mm&r=g","contentUrl":"https:\/\/secure.gravatar.com\/avatar\/50e5c6421d3072f42e7ace803501602c60d75233d34e29fd05feb91c8760b792?s=96&d=mm&r=g","caption":"Redazione Comunicati Stampa"},"url":"https:\/\/www.article-marketing.eu\/comunicati\/author\/redazione-comunicati-stampa\/"}]}},"_links":{"self":[{"href":"https:\/\/www.article-marketing.eu\/comunicati\/wp-json\/wp\/v2\/posts\/5611","targetHints":{"allow":["GET"]}}],"collection":[{"href":"https:\/\/www.article-marketing.eu\/comunicati\/wp-json\/wp\/v2\/posts"}],"about":[{"href":"https:\/\/www.article-marketing.eu\/comunicati\/wp-json\/wp\/v2\/types\/post"}],"author":[{"embeddable":true,"href":"https:\/\/www.article-marketing.eu\/comunicati\/wp-json\/wp\/v2\/users\/10"}],"replies":[{"embeddable":true,"href":"https:\/\/www.article-marketing.eu\/comunicati\/wp-json\/wp\/v2\/comments?post=5611"}],"version-history":[{"count":0,"href":"https:\/\/www.article-marketing.eu\/comunicati\/wp-json\/wp\/v2\/posts\/5611\/revisions"}],"wp:attachment":[{"href":"https:\/\/www.article-marketing.eu\/comunicati\/wp-json\/wp\/v2\/media?parent=5611"}],"wp:term":[{"taxonomy":"category","embeddable":true,"href":"https:\/\/www.article-marketing.eu\/comunicati\/wp-json\/wp\/v2\/categories?post=5611"},{"taxonomy":"post_tag","embeddable":true,"href":"https:\/\/www.article-marketing.eu\/comunicati\/wp-json\/wp\/v2\/tags?post=5611"}],"curies":[{"name":"wp","href":"https:\/\/api.w.org\/{rel}","templated":true}]}}