{"id":5616,"date":"2010-06-28T14:14:46","date_gmt":"2010-06-28T12:14:46","guid":{"rendered":"http:\/\/www.article-marketing.eu\/comunicati\/senza-categoria\/vacanze-in-romagna-la-cittadina-di-cervia\/"},"modified":"2010-06-28T14:14:46","modified_gmt":"2010-06-28T12:14:46","slug":"vacanze-in-romagna-la-cittadina-di-cervia","status":"publish","type":"post","link":"https:\/\/www.article-marketing.eu\/comunicati\/viaggi-e-vacanze\/hotels-ed-alberghi\/vacanze-in-romagna-la-cittadina-di-cervia\/","title":{"rendered":"Vacanze in Romagna: la cittadina di Cervia"},"content":{"rendered":"<p>Le localit\u00e0 che popolano i 110 chilometri di costa della Romagna sono<br \/>\nmolteplici, e tutte, nel complesso, sanno rivelarsi come mete<br \/>\nturistiche apprezzate dai turisti provenienti, al tempo stesso, da<br \/>\ntutta la penisola italiana e dal resto dell\u2019Europa. Parliamo di citt\u00e0<br \/>\nfamose ai giovani come Rimini e Riccione, di altre localit\u00e0, invece,<br \/>\npi\u00f9 adatte alle famiglie come Bellaria Igea Marina, Cesenatico e altre.<br \/>\nEd anche le meno note, comunque, sono in grado di assicurare<br \/>\ndivertimento, benessere e relax ai turisti, e di riservare, quindi, una<br \/>\nvacanza indimenticabile.<br \/>\nE\u2019 senz\u2019altro il caso di Cervia, o \u2018Ziria\u2019 secondo il nome locale,<br \/>\nquello legato al dialetto cittadino. Situata in provincia di Ravenna,<br \/>\nla localit\u00e0 di Cervia comprende al suo interno anche la frazione di<br \/>\nMilano Marittima, notissima meta di turisti provenienti davvero da ogni<br \/>\nparte del mondo, alcuni dei quali anche particolarmente celebri alla<br \/>\npopolazione, perch\u00e9 volti noti della televisione o dello sport.<br \/>\nTornando a Cervia, questa citt\u00e0 offre ai viaggiatori una vasta scelta<br \/>\ndi attrazioni a cui far riferimento per trascorrere una villeggiatura<br \/>\nindimenticabile. Ma cosa visitare, precisamente, in questa citt\u00e0,<br \/>\nalloggiando magari in uno dei tanti e lussuosi Hotel Cervia presenti.<br \/>\nEd allora, vi sono le Saline: la storia di Cervia \u00e8 fortemente legata<br \/>\nalla produzione del sale. La Riserva naturale Salina di Cervia \u00e8 la<br \/>\ntestimonianza del legame della citt\u00e0 alle sue Saline. All&#8217;interno del<br \/>\nParco si trova lo stabilimento di produzione del sale a raccolta<br \/>\nindustriale e l&#8217;antica Salina Camillone dove si continua a raccogliere<br \/>\nil sale artigianalmente con il &quot;metodo cervese&quot;. In tal senso, il<br \/>\nlegame con il sale si rafforza anche all\u2019interno del Museo del Sale, il<br \/>\nMUSA, dove si conservano documenti, fotografie, attrezzi utilizzati per<br \/>\nprodurre il sale, oltre che un plastico delle saline di Cervia. Qui \u00e8<br \/>\nconservato anche un cristallo di sale che pesa circa 15 kg.<br \/>\nE poi la pineta, di circa 260 ettari e comprende le zone di Milano<br \/>\nMarittima, Cervia, Pinarella e Tagliata. Qui si trovano pini, ginepri,<br \/>\nquerce, frassini, salici, con il sottobosco perlopi\u00f9 composto da rovi,<br \/>\nolivelle, ligustri, prugni, viti selvatiche e rose.<br \/>\nBasta una semplice descrizione per introdurre al meglio le bellezze di<br \/>\nCervia. Ma le parole non bastano per trasmetterne lo spirito, il quale<br \/>\npu\u00f2 essere colto solamente grazie ad una vacanza in questa localit\u00e0, in<br \/>\nuno degli <a href=\"http:\/\/www.guidahotel.com\/hotel\/cervia.html\">Hotel consigliati Cervia<\/a> da GuidaHotel, un portale che raccoglie tutte le migliori soluzioni ed offerte riguardanti la riviera romagnola. All&#8217;interno di GuidaHotel c&#8217;\u00e8 la possibilit\u00e0 di effettuare ricerche molto dettagliate, selezionando gli optionals che il cliente desidera presso la propria struttura alberghiera, oppure affidandosi ai suggerimenti del sito internet stesso, che presenta una serie di strutture ricettive consigliate, adeguate a tutte le esigenze, e conciliabili con le necessit\u00e0 economiche delle quali, purtroppo, \u00e8 impossibile fare a meno.<\/p>\n","protected":false},"excerpt":{"rendered":"<p>Cervia \u00e8 una localit\u00e0 particolarmente rinomata della riviera romagnola, soprattutto perch\u00e8 localit\u00e0 in cui si situa la frazione di Milano Marittima: eccone i punti pi\u00f9 turistici.<\/p>\n","protected":false},"author":10,"featured_media":0,"comment_status":"open","ping_status":"open","sticky":false,"template":"","format":"standard","meta":{"cybocfi_hide_featured_image":"","footnotes":""},"categories":[151],"tags":[11831],"class_list":["post-5616","post","type-post","status-publish","format-standard","hentry","category-hotels-ed-alberghi","tag-hotel-cervia"],"yoast_head":"<!-- This site is optimized with the Yoast SEO plugin v27.0 - https:\/\/yoast.com\/product\/yoast-seo-wordpress\/ -->\n<title>Vacanze in Romagna: la cittadina di Cervia - Article Marketing<\/title>\n<meta name=\"robots\" content=\"index, follow, max-snippet:-1, max-image-preview:large, max-video-preview:-1\" \/>\n<link rel=\"canonical\" href=\"https:\/\/www.article-marketing.eu\/comunicati\/viaggi-e-vacanze\/hotels-ed-alberghi\/vacanze-in-romagna-la-cittadina-di-cervia\/\" \/>\n<meta property=\"og:locale\" content=\"it_IT\" \/>\n<meta property=\"og:type\" content=\"article\" \/>\n<meta property=\"og:title\" content=\"Vacanze in Romagna: la cittadina di Cervia - Article Marketing\" \/>\n<meta property=\"og:description\" content=\"Cervia \u00e8 una localit\u00e0 particolarmente rinomata della riviera romagnola, soprattutto perch\u00e8 localit\u00e0 in cui si situa la frazione di Milano Marittima: eccone i punti pi\u00f9 turistici.\" \/>\n<meta property=\"og:url\" content=\"https:\/\/www.article-marketing.eu\/comunicati\/viaggi-e-vacanze\/hotels-ed-alberghi\/vacanze-in-romagna-la-cittadina-di-cervia\/\" \/>\n<meta property=\"og:site_name\" content=\"Article Marketing\" \/>\n<meta property=\"article:published_time\" content=\"2010-06-28T12:14:46+00:00\" \/>\n<meta name=\"author\" content=\"Redazione Comunicati Stampa\" \/>\n<meta name=\"twitter:card\" content=\"summary_large_image\" \/>\n<meta name=\"twitter:label1\" content=\"Scritto da\" \/>\n\t<meta name=\"twitter:data1\" content=\"Redazione Comunicati Stampa\" \/>\n\t<meta name=\"twitter:label2\" content=\"Tempo di lettura stimato\" \/>\n\t<meta name=\"twitter:data2\" content=\"2 minuti\" \/>\n<script type=\"application\/ld+json\" class=\"yoast-schema-graph\">{\"@context\":\"https:\/\/schema.org\",\"@graph\":[{\"@type\":\"Article\",\"@id\":\"https:\/\/www.article-marketing.eu\/comunicati\/viaggi-e-vacanze\/hotels-ed-alberghi\/vacanze-in-romagna-la-cittadina-di-cervia\/#article\",\"isPartOf\":{\"@id\":\"https:\/\/www.article-marketing.eu\/comunicati\/viaggi-e-vacanze\/hotels-ed-alberghi\/vacanze-in-romagna-la-cittadina-di-cervia\/\"},\"author\":{\"name\":\"Redazione Comunicati Stampa\",\"@id\":\"https:\/\/www.article-marketing.eu\/comunicati\/#\/schema\/person\/44372e4d4d0fa797b18e03ed1ace9017\"},\"headline\":\"Vacanze in Romagna: la cittadina di Cervia\",\"datePublished\":\"2010-06-28T12:14:46+00:00\",\"mainEntityOfPage\":{\"@id\":\"https:\/\/www.article-marketing.eu\/comunicati\/viaggi-e-vacanze\/hotels-ed-alberghi\/vacanze-in-romagna-la-cittadina-di-cervia\/\"},\"wordCount\":463,\"commentCount\":0,\"keywords\":[\"hotel cervia\"],\"articleSection\":[\"Hotels ed alberghi\"],\"inLanguage\":\"it-IT\",\"potentialAction\":[{\"@type\":\"CommentAction\",\"name\":\"Comment\",\"target\":[\"https:\/\/www.article-marketing.eu\/comunicati\/viaggi-e-vacanze\/hotels-ed-alberghi\/vacanze-in-romagna-la-cittadina-di-cervia\/#respond\"]}]},{\"@type\":\"WebPage\",\"@id\":\"https:\/\/www.article-marketing.eu\/comunicati\/viaggi-e-vacanze\/hotels-ed-alberghi\/vacanze-in-romagna-la-cittadina-di-cervia\/\",\"url\":\"https:\/\/www.article-marketing.eu\/comunicati\/viaggi-e-vacanze\/hotels-ed-alberghi\/vacanze-in-romagna-la-cittadina-di-cervia\/\",\"name\":\"Vacanze in Romagna: la cittadina di Cervia - Article Marketing\",\"isPartOf\":{\"@id\":\"https:\/\/www.article-marketing.eu\/comunicati\/#website\"},\"datePublished\":\"2010-06-28T12:14:46+00:00\",\"author\":{\"@id\":\"https:\/\/www.article-marketing.eu\/comunicati\/#\/schema\/person\/44372e4d4d0fa797b18e03ed1ace9017\"},\"breadcrumb\":{\"@id\":\"https:\/\/www.article-marketing.eu\/comunicati\/viaggi-e-vacanze\/hotels-ed-alberghi\/vacanze-in-romagna-la-cittadina-di-cervia\/#breadcrumb\"},\"inLanguage\":\"it-IT\",\"potentialAction\":[{\"@type\":\"ReadAction\",\"target\":[\"https:\/\/www.article-marketing.eu\/comunicati\/viaggi-e-vacanze\/hotels-ed-alberghi\/vacanze-in-romagna-la-cittadina-di-cervia\/\"]}]},{\"@type\":\"BreadcrumbList\",\"@id\":\"https:\/\/www.article-marketing.eu\/comunicati\/viaggi-e-vacanze\/hotels-ed-alberghi\/vacanze-in-romagna-la-cittadina-di-cervia\/#breadcrumb\",\"itemListElement\":[{\"@type\":\"ListItem\",\"position\":1,\"name\":\"Home\",\"item\":\"https:\/\/www.article-marketing.eu\/comunicati\/\"},{\"@type\":\"ListItem\",\"position\":2,\"name\":\"Vacanze in Romagna: la cittadina di Cervia\"}]},{\"@type\":\"WebSite\",\"@id\":\"https:\/\/www.article-marketing.eu\/comunicati\/#website\",\"url\":\"https:\/\/www.article-marketing.eu\/comunicati\/\",\"name\":\"Article Marketing\",\"description\":\"article marketing &amp; press release\",\"potentialAction\":[{\"@type\":\"SearchAction\",\"target\":{\"@type\":\"EntryPoint\",\"urlTemplate\":\"https:\/\/www.article-marketing.eu\/comunicati\/?s={search_term_string}\"},\"query-input\":{\"@type\":\"PropertyValueSpecification\",\"valueRequired\":true,\"valueName\":\"search_term_string\"}}],\"inLanguage\":\"it-IT\"},{\"@type\":\"Person\",\"@id\":\"https:\/\/www.article-marketing.eu\/comunicati\/#\/schema\/person\/44372e4d4d0fa797b18e03ed1ace9017\",\"name\":\"Redazione Comunicati Stampa\",\"image\":{\"@type\":\"ImageObject\",\"inLanguage\":\"it-IT\",\"@id\":\"https:\/\/www.article-marketing.eu\/comunicati\/#\/schema\/person\/image\/\",\"url\":\"https:\/\/secure.gravatar.com\/avatar\/50e5c6421d3072f42e7ace803501602c60d75233d34e29fd05feb91c8760b792?s=96&d=mm&r=g\",\"contentUrl\":\"https:\/\/secure.gravatar.com\/avatar\/50e5c6421d3072f42e7ace803501602c60d75233d34e29fd05feb91c8760b792?s=96&d=mm&r=g\",\"caption\":\"Redazione Comunicati Stampa\"},\"url\":\"https:\/\/www.article-marketing.eu\/comunicati\/author\/redazione-comunicati-stampa\/\"}]}<\/script>\n<!-- \/ Yoast SEO plugin. -->","yoast_head_json":{"title":"Vacanze in Romagna: la cittadina di Cervia - Article Marketing","robots":{"index":"index","follow":"follow","max-snippet":"max-snippet:-1","max-image-preview":"max-image-preview:large","max-video-preview":"max-video-preview:-1"},"canonical":"https:\/\/www.article-marketing.eu\/comunicati\/viaggi-e-vacanze\/hotels-ed-alberghi\/vacanze-in-romagna-la-cittadina-di-cervia\/","og_locale":"it_IT","og_type":"article","og_title":"Vacanze in Romagna: la cittadina di Cervia - Article Marketing","og_description":"Cervia \u00e8 una localit\u00e0 particolarmente rinomata della riviera romagnola, soprattutto perch\u00e8 localit\u00e0 in cui si situa la frazione di Milano Marittima: eccone i punti pi\u00f9 turistici.","og_url":"https:\/\/www.article-marketing.eu\/comunicati\/viaggi-e-vacanze\/hotels-ed-alberghi\/vacanze-in-romagna-la-cittadina-di-cervia\/","og_site_name":"Article Marketing","article_published_time":"2010-06-28T12:14:46+00:00","author":"Redazione Comunicati Stampa","twitter_card":"summary_large_image","twitter_misc":{"Scritto da":"Redazione Comunicati Stampa","Tempo di lettura stimato":"2 minuti"},"schema":{"@context":"https:\/\/schema.org","@graph":[{"@type":"Article","@id":"https:\/\/www.article-marketing.eu\/comunicati\/viaggi-e-vacanze\/hotels-ed-alberghi\/vacanze-in-romagna-la-cittadina-di-cervia\/#article","isPartOf":{"@id":"https:\/\/www.article-marketing.eu\/comunicati\/viaggi-e-vacanze\/hotels-ed-alberghi\/vacanze-in-romagna-la-cittadina-di-cervia\/"},"author":{"name":"Redazione Comunicati Stampa","@id":"https:\/\/www.article-marketing.eu\/comunicati\/#\/schema\/person\/44372e4d4d0fa797b18e03ed1ace9017"},"headline":"Vacanze in Romagna: la cittadina di Cervia","datePublished":"2010-06-28T12:14:46+00:00","mainEntityOfPage":{"@id":"https:\/\/www.article-marketing.eu\/comunicati\/viaggi-e-vacanze\/hotels-ed-alberghi\/vacanze-in-romagna-la-cittadina-di-cervia\/"},"wordCount":463,"commentCount":0,"keywords":["hotel cervia"],"articleSection":["Hotels ed alberghi"],"inLanguage":"it-IT","potentialAction":[{"@type":"CommentAction","name":"Comment","target":["https:\/\/www.article-marketing.eu\/comunicati\/viaggi-e-vacanze\/hotels-ed-alberghi\/vacanze-in-romagna-la-cittadina-di-cervia\/#respond"]}]},{"@type":"WebPage","@id":"https:\/\/www.article-marketing.eu\/comunicati\/viaggi-e-vacanze\/hotels-ed-alberghi\/vacanze-in-romagna-la-cittadina-di-cervia\/","url":"https:\/\/www.article-marketing.eu\/comunicati\/viaggi-e-vacanze\/hotels-ed-alberghi\/vacanze-in-romagna-la-cittadina-di-cervia\/","name":"Vacanze in Romagna: la cittadina di Cervia - Article Marketing","isPartOf":{"@id":"https:\/\/www.article-marketing.eu\/comunicati\/#website"},"datePublished":"2010-06-28T12:14:46+00:00","author":{"@id":"https:\/\/www.article-marketing.eu\/comunicati\/#\/schema\/person\/44372e4d4d0fa797b18e03ed1ace9017"},"breadcrumb":{"@id":"https:\/\/www.article-marketing.eu\/comunicati\/viaggi-e-vacanze\/hotels-ed-alberghi\/vacanze-in-romagna-la-cittadina-di-cervia\/#breadcrumb"},"inLanguage":"it-IT","potentialAction":[{"@type":"ReadAction","target":["https:\/\/www.article-marketing.eu\/comunicati\/viaggi-e-vacanze\/hotels-ed-alberghi\/vacanze-in-romagna-la-cittadina-di-cervia\/"]}]},{"@type":"BreadcrumbList","@id":"https:\/\/www.article-marketing.eu\/comunicati\/viaggi-e-vacanze\/hotels-ed-alberghi\/vacanze-in-romagna-la-cittadina-di-cervia\/#breadcrumb","itemListElement":[{"@type":"ListItem","position":1,"name":"Home","item":"https:\/\/www.article-marketing.eu\/comunicati\/"},{"@type":"ListItem","position":2,"name":"Vacanze in Romagna: la cittadina di Cervia"}]},{"@type":"WebSite","@id":"https:\/\/www.article-marketing.eu\/comunicati\/#website","url":"https:\/\/www.article-marketing.eu\/comunicati\/","name":"Article Marketing","description":"article marketing &amp; press release","potentialAction":[{"@type":"SearchAction","target":{"@type":"EntryPoint","urlTemplate":"https:\/\/www.article-marketing.eu\/comunicati\/?s={search_term_string}"},"query-input":{"@type":"PropertyValueSpecification","valueRequired":true,"valueName":"search_term_string"}}],"inLanguage":"it-IT"},{"@type":"Person","@id":"https:\/\/www.article-marketing.eu\/comunicati\/#\/schema\/person\/44372e4d4d0fa797b18e03ed1ace9017","name":"Redazione Comunicati Stampa","image":{"@type":"ImageObject","inLanguage":"it-IT","@id":"https:\/\/www.article-marketing.eu\/comunicati\/#\/schema\/person\/image\/","url":"https:\/\/secure.gravatar.com\/avatar\/50e5c6421d3072f42e7ace803501602c60d75233d34e29fd05feb91c8760b792?s=96&d=mm&r=g","contentUrl":"https:\/\/secure.gravatar.com\/avatar\/50e5c6421d3072f42e7ace803501602c60d75233d34e29fd05feb91c8760b792?s=96&d=mm&r=g","caption":"Redazione Comunicati Stampa"},"url":"https:\/\/www.article-marketing.eu\/comunicati\/author\/redazione-comunicati-stampa\/"}]}},"_links":{"self":[{"href":"https:\/\/www.article-marketing.eu\/comunicati\/wp-json\/wp\/v2\/posts\/5616","targetHints":{"allow":["GET"]}}],"collection":[{"href":"https:\/\/www.article-marketing.eu\/comunicati\/wp-json\/wp\/v2\/posts"}],"about":[{"href":"https:\/\/www.article-marketing.eu\/comunicati\/wp-json\/wp\/v2\/types\/post"}],"author":[{"embeddable":true,"href":"https:\/\/www.article-marketing.eu\/comunicati\/wp-json\/wp\/v2\/users\/10"}],"replies":[{"embeddable":true,"href":"https:\/\/www.article-marketing.eu\/comunicati\/wp-json\/wp\/v2\/comments?post=5616"}],"version-history":[{"count":0,"href":"https:\/\/www.article-marketing.eu\/comunicati\/wp-json\/wp\/v2\/posts\/5616\/revisions"}],"wp:attachment":[{"href":"https:\/\/www.article-marketing.eu\/comunicati\/wp-json\/wp\/v2\/media?parent=5616"}],"wp:term":[{"taxonomy":"category","embeddable":true,"href":"https:\/\/www.article-marketing.eu\/comunicati\/wp-json\/wp\/v2\/categories?post=5616"},{"taxonomy":"post_tag","embeddable":true,"href":"https:\/\/www.article-marketing.eu\/comunicati\/wp-json\/wp\/v2\/tags?post=5616"}],"curies":[{"name":"wp","href":"https:\/\/api.w.org\/{rel}","templated":true}]}}