{"id":5631,"date":"2010-06-29T15:05:31","date_gmt":"2010-06-29T13:05:31","guid":{"rendered":"http:\/\/www.article-marketing.eu\/comunicati\/senza-categoria\/il-1-luglio-snav-inaugura-ufficialmente-la-nuova-linea-per-la-corsica\/"},"modified":"2018-07-10T05:23:56","modified_gmt":"2018-07-10T03:23:56","slug":"il-1-luglio-snav-inaugura-ufficialmente-la-nuova-linea-per-la-corsica","status":"publish","type":"post","link":"https:\/\/www.article-marketing.eu\/comunicati\/viaggi-e-vacanze\/viaggi-e-turismo\/il-1-luglio-snav-inaugura-ufficialmente-la-nuova-linea-per-la-corsica\/","title":{"rendered":"Il 1 luglio Snav inaugura ufficialmente la nuova linea per la Corsica"},"content":{"rendered":"<p><em>29 giugno 2010 \u2013 <\/em><strong>Snav S.p.A<\/strong>., compagnia di navigazione  leader nei trasporti marittimi del Mediterraneo, presenta al pubblico la nuova  linea di collegamento con la Corsica, attiva a  partire dal <strong>1 luglio 2010<\/strong> sulla  rotta Civitavecchia  \u2013 Porto Vecchio. In occasione del primo viaggio Snav ha organizzato un <strong>evento speciale<\/strong> che vedr\u00e0 la  partecipazione di artisti e autorit\u00e0 francesi e italiani, oltre a una serie di iniziative  che renderanno pi\u00f9 gradevole la navigazione ai passeggeri a bordo.<\/p>\n<p>A bordo del <strong>Cruise  Ferry Snav Toscana<\/strong>, uno dei traghetti per la Corsica che effettueranno il servizio di trasporto verso le acque di Porto Vecchio fino al 2 settembre 2010, si svolger\u00e0 l\u2019intero programma di viaggio. La  partenza da Civitavecchia avverr\u00e0 per le ore <strong>13.00<\/strong>, ma l\u2019imbarco \u00e8 previsto alle ore 11.00. Nell\u2019arco delle 6  ore di navigazione che separano il porto laziale dall\u2019approdo in Corsica, gli  ospiti avranno modo di conoscere le gradite sorprese che Snav ha riservato loro.  Il \u201cClub Amici del Toscano\u201d proporr\u00e0 una degustazione di prodotti tipici e  sigari; l\u2019intrattenimento musicale sar\u00e0 curato prima da <strong>Kiu e Solea<\/strong> e poi dal dj <strong>Daniele  \u201cDecibel\u201d Bellini<\/strong>, mentre nel corso del viaggio la compagnia metter\u00e0 a  disposizione dei presenti pietanze caratteristiche della tradizione  gastronomica della Corsica. <\/p>\n<p>Il varo ufficiale dei traghetti  per la Corsica \u00e8 dunque la vera novit\u00e0 firmata Snav per questa estate 2010.  Per la prima volta, i turisti che hanno scelto di trascorrere le proprie  vacanze nell\u2019incanto paesaggistico della maggiore delle isole francesi potranno  affidarsi a Snav per il proprio viaggio. E come gi\u00e0 accade per tutte le altre  destinazioni, non potevano mancare le offerte speciali: con la promozione Tutto  Incluso Corsica, ad esempio, il costo del viaggio parte da un prezzo pari a <strong>25 euro<\/strong> a passeggero, con la  possibilit\u00e0 di portare la propria auto o moto al seguito.<\/p>\n<p>Snav ricorda che per prenotare il viaggio \u00e8 sufficiente  collegarsi al sito web www.snav.it e accedere  al percorso di  prenotazione seguendo pochi semplici passi. <\/p>\n<p>Snav S.p.A.<br \/>Ufficio  Booking<br \/>booking@snav.it<\/p>\n","protected":false},"excerpt":{"rendered":"<p>Dopo aver annunciato a febbraio l\u2019attivazione della linea Civitavecchia \u2013 Porto Vecchio, \u00e8 tutto pronto per il primo viaggio verso l\u2019isola francese.<\/p>\n","protected":false},"author":10,"featured_media":0,"comment_status":"open","ping_status":"open","sticky":false,"template":"","format":"standard","meta":{"cybocfi_hide_featured_image":"","footnotes":""},"categories":[2],"tags":[],"class_list":["post-5631","post","type-post","status-publish","format-standard","hentry","category-viaggi-e-turismo"],"yoast_head":"<!-- This site is optimized with the Yoast SEO plugin v27.0 - https:\/\/yoast.com\/product\/yoast-seo-wordpress\/ -->\n<title>Il 1 luglio Snav inaugura ufficialmente la nuova linea per la Corsica - Article Marketing<\/title>\n<meta name=\"robots\" content=\"index, follow, max-snippet:-1, max-image-preview:large, max-video-preview:-1\" \/>\n<link rel=\"canonical\" href=\"https:\/\/www.article-marketing.eu\/comunicati\/viaggi-e-vacanze\/viaggi-e-turismo\/il-1-luglio-snav-inaugura-ufficialmente-la-nuova-linea-per-la-corsica\/\" \/>\n<meta property=\"og:locale\" content=\"it_IT\" \/>\n<meta property=\"og:type\" content=\"article\" \/>\n<meta property=\"og:title\" content=\"Il 1 luglio Snav inaugura ufficialmente la nuova linea per la Corsica - Article Marketing\" \/>\n<meta property=\"og:description\" content=\"Dopo aver annunciato a febbraio l\u2019attivazione della linea Civitavecchia \u2013 Porto Vecchio, \u00e8 tutto pronto per il primo viaggio verso l\u2019isola francese.\" \/>\n<meta property=\"og:url\" content=\"https:\/\/www.article-marketing.eu\/comunicati\/viaggi-e-vacanze\/viaggi-e-turismo\/il-1-luglio-snav-inaugura-ufficialmente-la-nuova-linea-per-la-corsica\/\" \/>\n<meta property=\"og:site_name\" content=\"Article Marketing\" \/>\n<meta property=\"article:published_time\" content=\"2010-06-29T13:05:31+00:00\" \/>\n<meta property=\"article:modified_time\" content=\"2018-07-10T03:23:56+00:00\" \/>\n<meta name=\"author\" content=\"Redazione Comunicati Stampa\" \/>\n<meta name=\"twitter:card\" content=\"summary_large_image\" \/>\n<meta name=\"twitter:label1\" content=\"Scritto da\" \/>\n\t<meta name=\"twitter:data1\" content=\"Redazione Comunicati Stampa\" \/>\n\t<meta name=\"twitter:label2\" content=\"Tempo di lettura stimato\" \/>\n\t<meta name=\"twitter:data2\" content=\"2 minuti\" \/>\n<script type=\"application\/ld+json\" class=\"yoast-schema-graph\">{\"@context\":\"https:\/\/schema.org\",\"@graph\":[{\"@type\":\"Article\",\"@id\":\"https:\/\/www.article-marketing.eu\/comunicati\/viaggi-e-vacanze\/viaggi-e-turismo\/il-1-luglio-snav-inaugura-ufficialmente-la-nuova-linea-per-la-corsica\/#article\",\"isPartOf\":{\"@id\":\"https:\/\/www.article-marketing.eu\/comunicati\/viaggi-e-vacanze\/viaggi-e-turismo\/il-1-luglio-snav-inaugura-ufficialmente-la-nuova-linea-per-la-corsica\/\"},\"author\":{\"name\":\"Redazione Comunicati Stampa\",\"@id\":\"https:\/\/www.article-marketing.eu\/comunicati\/#\/schema\/person\/44372e4d4d0fa797b18e03ed1ace9017\"},\"headline\":\"Il 1 luglio Snav inaugura ufficialmente la nuova linea per la Corsica\",\"datePublished\":\"2010-06-29T13:05:31+00:00\",\"dateModified\":\"2018-07-10T03:23:56+00:00\",\"mainEntityOfPage\":{\"@id\":\"https:\/\/www.article-marketing.eu\/comunicati\/viaggi-e-vacanze\/viaggi-e-turismo\/il-1-luglio-snav-inaugura-ufficialmente-la-nuova-linea-per-la-corsica\/\"},\"wordCount\":339,\"commentCount\":0,\"articleSection\":[\"Viaggi e Turismo\"],\"inLanguage\":\"it-IT\",\"potentialAction\":[{\"@type\":\"CommentAction\",\"name\":\"Comment\",\"target\":[\"https:\/\/www.article-marketing.eu\/comunicati\/viaggi-e-vacanze\/viaggi-e-turismo\/il-1-luglio-snav-inaugura-ufficialmente-la-nuova-linea-per-la-corsica\/#respond\"]}]},{\"@type\":\"WebPage\",\"@id\":\"https:\/\/www.article-marketing.eu\/comunicati\/viaggi-e-vacanze\/viaggi-e-turismo\/il-1-luglio-snav-inaugura-ufficialmente-la-nuova-linea-per-la-corsica\/\",\"url\":\"https:\/\/www.article-marketing.eu\/comunicati\/viaggi-e-vacanze\/viaggi-e-turismo\/il-1-luglio-snav-inaugura-ufficialmente-la-nuova-linea-per-la-corsica\/\",\"name\":\"Il 1 luglio Snav inaugura ufficialmente la nuova linea per la Corsica - Article Marketing\",\"isPartOf\":{\"@id\":\"https:\/\/www.article-marketing.eu\/comunicati\/#website\"},\"datePublished\":\"2010-06-29T13:05:31+00:00\",\"dateModified\":\"2018-07-10T03:23:56+00:00\",\"author\":{\"@id\":\"https:\/\/www.article-marketing.eu\/comunicati\/#\/schema\/person\/44372e4d4d0fa797b18e03ed1ace9017\"},\"breadcrumb\":{\"@id\":\"https:\/\/www.article-marketing.eu\/comunicati\/viaggi-e-vacanze\/viaggi-e-turismo\/il-1-luglio-snav-inaugura-ufficialmente-la-nuova-linea-per-la-corsica\/#breadcrumb\"},\"inLanguage\":\"it-IT\",\"potentialAction\":[{\"@type\":\"ReadAction\",\"target\":[\"https:\/\/www.article-marketing.eu\/comunicati\/viaggi-e-vacanze\/viaggi-e-turismo\/il-1-luglio-snav-inaugura-ufficialmente-la-nuova-linea-per-la-corsica\/\"]}]},{\"@type\":\"BreadcrumbList\",\"@id\":\"https:\/\/www.article-marketing.eu\/comunicati\/viaggi-e-vacanze\/viaggi-e-turismo\/il-1-luglio-snav-inaugura-ufficialmente-la-nuova-linea-per-la-corsica\/#breadcrumb\",\"itemListElement\":[{\"@type\":\"ListItem\",\"position\":1,\"name\":\"Home\",\"item\":\"https:\/\/www.article-marketing.eu\/comunicati\/\"},{\"@type\":\"ListItem\",\"position\":2,\"name\":\"Il 1 luglio Snav inaugura ufficialmente la nuova linea per la Corsica\"}]},{\"@type\":\"WebSite\",\"@id\":\"https:\/\/www.article-marketing.eu\/comunicati\/#website\",\"url\":\"https:\/\/www.article-marketing.eu\/comunicati\/\",\"name\":\"Article Marketing\",\"description\":\"article marketing &amp; press release\",\"potentialAction\":[{\"@type\":\"SearchAction\",\"target\":{\"@type\":\"EntryPoint\",\"urlTemplate\":\"https:\/\/www.article-marketing.eu\/comunicati\/?s={search_term_string}\"},\"query-input\":{\"@type\":\"PropertyValueSpecification\",\"valueRequired\":true,\"valueName\":\"search_term_string\"}}],\"inLanguage\":\"it-IT\"},{\"@type\":\"Person\",\"@id\":\"https:\/\/www.article-marketing.eu\/comunicati\/#\/schema\/person\/44372e4d4d0fa797b18e03ed1ace9017\",\"name\":\"Redazione Comunicati Stampa\",\"image\":{\"@type\":\"ImageObject\",\"inLanguage\":\"it-IT\",\"@id\":\"https:\/\/www.article-marketing.eu\/comunicati\/#\/schema\/person\/image\/\",\"url\":\"https:\/\/secure.gravatar.com\/avatar\/50e5c6421d3072f42e7ace803501602c60d75233d34e29fd05feb91c8760b792?s=96&d=mm&r=g\",\"contentUrl\":\"https:\/\/secure.gravatar.com\/avatar\/50e5c6421d3072f42e7ace803501602c60d75233d34e29fd05feb91c8760b792?s=96&d=mm&r=g\",\"caption\":\"Redazione Comunicati Stampa\"},\"url\":\"https:\/\/www.article-marketing.eu\/comunicati\/author\/redazione-comunicati-stampa\/\"}]}<\/script>\n<!-- \/ Yoast SEO plugin. -->","yoast_head_json":{"title":"Il 1 luglio Snav inaugura ufficialmente la nuova linea per la Corsica - Article Marketing","robots":{"index":"index","follow":"follow","max-snippet":"max-snippet:-1","max-image-preview":"max-image-preview:large","max-video-preview":"max-video-preview:-1"},"canonical":"https:\/\/www.article-marketing.eu\/comunicati\/viaggi-e-vacanze\/viaggi-e-turismo\/il-1-luglio-snav-inaugura-ufficialmente-la-nuova-linea-per-la-corsica\/","og_locale":"it_IT","og_type":"article","og_title":"Il 1 luglio Snav inaugura ufficialmente la nuova linea per la Corsica - Article Marketing","og_description":"Dopo aver annunciato a febbraio l\u2019attivazione della linea Civitavecchia \u2013 Porto Vecchio, \u00e8 tutto pronto per il primo viaggio verso l\u2019isola francese.","og_url":"https:\/\/www.article-marketing.eu\/comunicati\/viaggi-e-vacanze\/viaggi-e-turismo\/il-1-luglio-snav-inaugura-ufficialmente-la-nuova-linea-per-la-corsica\/","og_site_name":"Article Marketing","article_published_time":"2010-06-29T13:05:31+00:00","article_modified_time":"2018-07-10T03:23:56+00:00","author":"Redazione Comunicati Stampa","twitter_card":"summary_large_image","twitter_misc":{"Scritto da":"Redazione Comunicati Stampa","Tempo di lettura stimato":"2 minuti"},"schema":{"@context":"https:\/\/schema.org","@graph":[{"@type":"Article","@id":"https:\/\/www.article-marketing.eu\/comunicati\/viaggi-e-vacanze\/viaggi-e-turismo\/il-1-luglio-snav-inaugura-ufficialmente-la-nuova-linea-per-la-corsica\/#article","isPartOf":{"@id":"https:\/\/www.article-marketing.eu\/comunicati\/viaggi-e-vacanze\/viaggi-e-turismo\/il-1-luglio-snav-inaugura-ufficialmente-la-nuova-linea-per-la-corsica\/"},"author":{"name":"Redazione Comunicati Stampa","@id":"https:\/\/www.article-marketing.eu\/comunicati\/#\/schema\/person\/44372e4d4d0fa797b18e03ed1ace9017"},"headline":"Il 1 luglio Snav inaugura ufficialmente la nuova linea per la Corsica","datePublished":"2010-06-29T13:05:31+00:00","dateModified":"2018-07-10T03:23:56+00:00","mainEntityOfPage":{"@id":"https:\/\/www.article-marketing.eu\/comunicati\/viaggi-e-vacanze\/viaggi-e-turismo\/il-1-luglio-snav-inaugura-ufficialmente-la-nuova-linea-per-la-corsica\/"},"wordCount":339,"commentCount":0,"articleSection":["Viaggi e Turismo"],"inLanguage":"it-IT","potentialAction":[{"@type":"CommentAction","name":"Comment","target":["https:\/\/www.article-marketing.eu\/comunicati\/viaggi-e-vacanze\/viaggi-e-turismo\/il-1-luglio-snav-inaugura-ufficialmente-la-nuova-linea-per-la-corsica\/#respond"]}]},{"@type":"WebPage","@id":"https:\/\/www.article-marketing.eu\/comunicati\/viaggi-e-vacanze\/viaggi-e-turismo\/il-1-luglio-snav-inaugura-ufficialmente-la-nuova-linea-per-la-corsica\/","url":"https:\/\/www.article-marketing.eu\/comunicati\/viaggi-e-vacanze\/viaggi-e-turismo\/il-1-luglio-snav-inaugura-ufficialmente-la-nuova-linea-per-la-corsica\/","name":"Il 1 luglio Snav inaugura ufficialmente la nuova linea per la Corsica - Article Marketing","isPartOf":{"@id":"https:\/\/www.article-marketing.eu\/comunicati\/#website"},"datePublished":"2010-06-29T13:05:31+00:00","dateModified":"2018-07-10T03:23:56+00:00","author":{"@id":"https:\/\/www.article-marketing.eu\/comunicati\/#\/schema\/person\/44372e4d4d0fa797b18e03ed1ace9017"},"breadcrumb":{"@id":"https:\/\/www.article-marketing.eu\/comunicati\/viaggi-e-vacanze\/viaggi-e-turismo\/il-1-luglio-snav-inaugura-ufficialmente-la-nuova-linea-per-la-corsica\/#breadcrumb"},"inLanguage":"it-IT","potentialAction":[{"@type":"ReadAction","target":["https:\/\/www.article-marketing.eu\/comunicati\/viaggi-e-vacanze\/viaggi-e-turismo\/il-1-luglio-snav-inaugura-ufficialmente-la-nuova-linea-per-la-corsica\/"]}]},{"@type":"BreadcrumbList","@id":"https:\/\/www.article-marketing.eu\/comunicati\/viaggi-e-vacanze\/viaggi-e-turismo\/il-1-luglio-snav-inaugura-ufficialmente-la-nuova-linea-per-la-corsica\/#breadcrumb","itemListElement":[{"@type":"ListItem","position":1,"name":"Home","item":"https:\/\/www.article-marketing.eu\/comunicati\/"},{"@type":"ListItem","position":2,"name":"Il 1 luglio Snav inaugura ufficialmente la nuova linea per la Corsica"}]},{"@type":"WebSite","@id":"https:\/\/www.article-marketing.eu\/comunicati\/#website","url":"https:\/\/www.article-marketing.eu\/comunicati\/","name":"Article Marketing","description":"article marketing &amp; press release","potentialAction":[{"@type":"SearchAction","target":{"@type":"EntryPoint","urlTemplate":"https:\/\/www.article-marketing.eu\/comunicati\/?s={search_term_string}"},"query-input":{"@type":"PropertyValueSpecification","valueRequired":true,"valueName":"search_term_string"}}],"inLanguage":"it-IT"},{"@type":"Person","@id":"https:\/\/www.article-marketing.eu\/comunicati\/#\/schema\/person\/44372e4d4d0fa797b18e03ed1ace9017","name":"Redazione Comunicati Stampa","image":{"@type":"ImageObject","inLanguage":"it-IT","@id":"https:\/\/www.article-marketing.eu\/comunicati\/#\/schema\/person\/image\/","url":"https:\/\/secure.gravatar.com\/avatar\/50e5c6421d3072f42e7ace803501602c60d75233d34e29fd05feb91c8760b792?s=96&d=mm&r=g","contentUrl":"https:\/\/secure.gravatar.com\/avatar\/50e5c6421d3072f42e7ace803501602c60d75233d34e29fd05feb91c8760b792?s=96&d=mm&r=g","caption":"Redazione Comunicati Stampa"},"url":"https:\/\/www.article-marketing.eu\/comunicati\/author\/redazione-comunicati-stampa\/"}]}},"_links":{"self":[{"href":"https:\/\/www.article-marketing.eu\/comunicati\/wp-json\/wp\/v2\/posts\/5631","targetHints":{"allow":["GET"]}}],"collection":[{"href":"https:\/\/www.article-marketing.eu\/comunicati\/wp-json\/wp\/v2\/posts"}],"about":[{"href":"https:\/\/www.article-marketing.eu\/comunicati\/wp-json\/wp\/v2\/types\/post"}],"author":[{"embeddable":true,"href":"https:\/\/www.article-marketing.eu\/comunicati\/wp-json\/wp\/v2\/users\/10"}],"replies":[{"embeddable":true,"href":"https:\/\/www.article-marketing.eu\/comunicati\/wp-json\/wp\/v2\/comments?post=5631"}],"version-history":[{"count":3,"href":"https:\/\/www.article-marketing.eu\/comunicati\/wp-json\/wp\/v2\/posts\/5631\/revisions"}],"predecessor-version":[{"id":61420,"href":"https:\/\/www.article-marketing.eu\/comunicati\/wp-json\/wp\/v2\/posts\/5631\/revisions\/61420"}],"wp:attachment":[{"href":"https:\/\/www.article-marketing.eu\/comunicati\/wp-json\/wp\/v2\/media?parent=5631"}],"wp:term":[{"taxonomy":"category","embeddable":true,"href":"https:\/\/www.article-marketing.eu\/comunicati\/wp-json\/wp\/v2\/categories?post=5631"},{"taxonomy":"post_tag","embeddable":true,"href":"https:\/\/www.article-marketing.eu\/comunicati\/wp-json\/wp\/v2\/tags?post=5631"}],"curies":[{"name":"wp","href":"https:\/\/api.w.org\/{rel}","templated":true}]}}