{"id":5651,"date":"2010-07-01T09:45:23","date_gmt":"2010-07-01T07:45:23","guid":{"rendered":"http:\/\/www.article-marketing.eu\/comunicati\/senza-categoria\/mercatinosub-la-subacquea-finalmente-e-per-tutte-le-tasche\/"},"modified":"2010-07-01T09:45:23","modified_gmt":"2010-07-01T07:45:23","slug":"mercatinosub-la-subacquea-finalmente-e-per-tutte-le-tasche","status":"publish","type":"post","link":"https:\/\/www.article-marketing.eu\/comunicati\/comunicati-stampa\/web\/mercatinosub-la-subacquea-finalmente-e-per-tutte-le-tasche\/","title":{"rendered":"Mercatinosub, la subacquea finalmente \u00e8 per tutte le tasche"},"content":{"rendered":"<p>Da oggi tutti i subacquei italiani potranno finalmente <u>vendere e comprare online<\/u> la propria attrezzatura subacquea usata in maniera <strong>semplice <\/strong>e <strong>gratuita<\/strong>; \u00e8 infatti da pochi giorni attivo il primo sito italiano di compravendita di attrezzatura subacquea usata, <a href=\"http:\/\/www.mercatinosub.com\" target=\"_blank\" title=\"Mercatinosub\"><strong>Mercatinosub.com<\/strong><\/a><br \/>L&#8217;idea nasce da alcuni amici appassionati di subacquea spesso sul web alla ricerca di un luogo nel quale poter vendere e comprare attrezzatura subacquea usata in modo <strong>semplice <\/strong>ed efficace <strong>senza costi di intermediazione<\/strong> ma una piattaforma web dedicata a questo argomento non esisteva, da qui l&#8217;idea di crearla da zero. &nbsp;Obiettivo dichiarato del sito \u00e8 quello di rendere sempre pi\u00f9 la subacquea uno sport con costi alla portata di tutti. <strong>Il metodo \u00e8 semplice<\/strong>: si mette in vendita attrezzatura usata, ma ancora perfettamente utilizzabile, a costi decisamente inferiori rispetto al nuovo.<br \/>Gli ideatori del sito hanno puntato in particolar modo sulla <strong>semplicit\u00e0 di utilizzo<\/strong> dello strumento con schede dettagliate e raggiungibili dall&#8217;utente mediante diversi criteri di ricerca (<em>testuale<\/em>, per <em>categorie<\/em>, per <em>provincia<\/em>, &#8230;); una strategia per facilitare la navigazione ai subacquei che potranno cos\u00ec trovare in modo <strong>rapido <\/strong>e mirato l&#8217;attrezzatura che stanno cercando.Vendere la propria attrezzatura sar\u00e0 altrettanto semplice: l&#8217;utente decide il prezzo, pubblica l&#8217;annuncio e quando qualcuno \u00e8 interessato all&#8217;acquisto il suo oggetto lo contatter\u00e0 direttamente tramite gli strumenti messi a disposizione dal sito e definir\u00e0 in assoluta autonomia con l&#8217;acquirente i termini della compravendita.&nbsp;<br \/>Da evidenziare il largo uso che \u00e8 stato fatto di strumenti di condivisione dei contenuti del sito sui <strong>social network<\/strong> pi\u00f9 popolari (Facebook e Twitter) e l&#8217;interessante servizio <em>&quot;Avvisami&quot;<\/em>, che notifica automaticamente all&#8217;utente quando un oggetto che stava cercando viene messo in vendita.<br \/>Il sito \u00e8 gi\u00e0 <strong>online <\/strong>e <strong>pienamente attivo<\/strong>; per iniziare ad utilizzare il servizio \u00e8 necessaria una semplice registrazione.<\/p>\n","protected":false},"excerpt":{"rendered":"<p>Nasce anche in Italia il primo mercatino online dell&#8217;usato per subacquei, mercatinosub.com<\/p>\n","protected":false},"author":10,"featured_media":0,"comment_status":"open","ping_status":"open","sticky":false,"template":"","format":"standard","meta":{"cybocfi_hide_featured_image":"","footnotes":""},"categories":[154],"tags":[15644,15652,15669,15638,15637,15639,15642,15641,15636,15643,15659,15675,15673,15653,15672,15674,15647,15645,15648,15649,15646,15666,15651,4159,4158,447,4157,15635,15654,15640,15650,15668,15656,15671,15655,15657,15658,15660,15661,15662,15663,15667,15664,15665,2731,15634,15670],"class_list":["post-5651","post","type-post","status-publish","format-standard","hentry","category-web","tag-accessori-sub","tag-annunci-usato","tag-articoli-sub","tag-attrezzatura-da-sub","tag-attrezzatura-sub","tag-attrezzatura-sub-usata","tag-attrezzatura-subacquea","tag-attrezzatura-subacquea-usata","tag-attrezzature-sub","tag-attrezzature-subacquee","tag-bombole-sub","tag-borsa-sub","tag-coltelli-sub","tag-computer-sub","tag-erogatore-mares","tag-erogatori-scubapro","tag-erogatori-sub","tag-fucile-subacqueo","tag-fucili-subacquei","tag-gav-mares","tag-gav-sub","tag-mares-abyss","tag-maschere-sub","tag-mercatini-dellusato","tag-mercatini-usato","tag-mercatino","tag-mercatino-usato","tag-mercato-usato","tag-muta-da-sub","tag-muta-stagna","tag-muta-sub","tag-mute-apnea","tag-mute-da-sub","tag-mute-semistagne","tag-mute-stagne","tag-mute-sub","tag-mute-umide","tag-negozi-sub","tag-negozi-usato","tag-orologi-sub","tag-pinne-cressi","tag-pinne-mares","tag-torcia-sub","tag-torcia-subacquea","tag-usato","tag-vendita-usato","tag-windsurf-muta"],"yoast_head":"<!-- This site is optimized with the Yoast SEO plugin v27.0 - https:\/\/yoast.com\/product\/yoast-seo-wordpress\/ -->\n<title>Mercatinosub, la subacquea finalmente \u00e8 per tutte le tasche - Article Marketing<\/title>\n<meta name=\"robots\" content=\"index, follow, max-snippet:-1, max-image-preview:large, max-video-preview:-1\" \/>\n<link rel=\"canonical\" href=\"https:\/\/www.article-marketing.eu\/comunicati\/comunicati-stampa\/web\/mercatinosub-la-subacquea-finalmente-e-per-tutte-le-tasche\/\" \/>\n<meta property=\"og:locale\" content=\"it_IT\" \/>\n<meta property=\"og:type\" content=\"article\" \/>\n<meta property=\"og:title\" content=\"Mercatinosub, la subacquea finalmente \u00e8 per tutte le tasche - Article Marketing\" \/>\n<meta property=\"og:description\" content=\"Nasce anche in Italia il primo mercatino online dell&#039;usato per subacquei, mercatinosub.com\" \/>\n<meta property=\"og:url\" content=\"https:\/\/www.article-marketing.eu\/comunicati\/comunicati-stampa\/web\/mercatinosub-la-subacquea-finalmente-e-per-tutte-le-tasche\/\" \/>\n<meta property=\"og:site_name\" content=\"Article Marketing\" \/>\n<meta property=\"article:published_time\" content=\"2010-07-01T07:45:23+00:00\" \/>\n<meta name=\"author\" content=\"Redazione Comunicati Stampa\" \/>\n<meta name=\"twitter:card\" content=\"summary_large_image\" \/>\n<meta name=\"twitter:label1\" content=\"Scritto da\" \/>\n\t<meta name=\"twitter:data1\" content=\"Redazione Comunicati Stampa\" \/>\n\t<meta name=\"twitter:label2\" content=\"Tempo di lettura stimato\" \/>\n\t<meta name=\"twitter:data2\" content=\"1 minuto\" \/>\n<script type=\"application\/ld+json\" class=\"yoast-schema-graph\">{\"@context\":\"https:\/\/schema.org\",\"@graph\":[{\"@type\":\"Article\",\"@id\":\"https:\/\/www.article-marketing.eu\/comunicati\/comunicati-stampa\/web\/mercatinosub-la-subacquea-finalmente-e-per-tutte-le-tasche\/#article\",\"isPartOf\":{\"@id\":\"https:\/\/www.article-marketing.eu\/comunicati\/comunicati-stampa\/web\/mercatinosub-la-subacquea-finalmente-e-per-tutte-le-tasche\/\"},\"author\":{\"name\":\"Redazione Comunicati Stampa\",\"@id\":\"https:\/\/www.article-marketing.eu\/comunicati\/#\/schema\/person\/44372e4d4d0fa797b18e03ed1ace9017\"},\"headline\":\"Mercatinosub, la subacquea finalmente \u00e8 per tutte le tasche\",\"datePublished\":\"2010-07-01T07:45:23+00:00\",\"mainEntityOfPage\":{\"@id\":\"https:\/\/www.article-marketing.eu\/comunicati\/comunicati-stampa\/web\/mercatinosub-la-subacquea-finalmente-e-per-tutte-le-tasche\/\"},\"wordCount\":295,\"commentCount\":0,\"keywords\":[\"accessori sub\",\"annunci usato\",\"articoli sub\",\"attrezzatura da sub\",\"attrezzatura sub\",\"attrezzatura sub usata\",\"attrezzatura subacquea\",\"attrezzatura subacquea usata\",\"attrezzature sub\",\"attrezzature subacquee\",\"bombole sub\",\"borsa sub\",\"coltelli sub\",\"computer sub\",\"erogatore mares\",\"erogatori scubapro\",\"erogatori sub\",\"fucile subacqueo\",\"fucili subacquei\",\"gav mares\",\"gav sub\",\"mares abyss\",\"maschere sub\",\"mercatini dell'usato\",\"mercatini usato\",\"mercatino\",\"mercatino usato\",\"mercato usato\",\"muta da sub\",\"muta stagna\",\"muta sub\",\"mute apnea\",\"mute da sub\",\"mute semistagne\",\"mute stagne\",\"mute sub\",\"mute umide\",\"negozi sub\",\"negozi usato\",\"orologi sub\",\"pinne cressi\",\"pinne mares\",\"torcia sub\",\"torcia subacquea\",\"usato\",\"vendita usato\",\"windsurf muta\"],\"articleSection\":[\"Web\"],\"inLanguage\":\"it-IT\",\"potentialAction\":[{\"@type\":\"CommentAction\",\"name\":\"Comment\",\"target\":[\"https:\/\/www.article-marketing.eu\/comunicati\/comunicati-stampa\/web\/mercatinosub-la-subacquea-finalmente-e-per-tutte-le-tasche\/#respond\"]}]},{\"@type\":\"WebPage\",\"@id\":\"https:\/\/www.article-marketing.eu\/comunicati\/comunicati-stampa\/web\/mercatinosub-la-subacquea-finalmente-e-per-tutte-le-tasche\/\",\"url\":\"https:\/\/www.article-marketing.eu\/comunicati\/comunicati-stampa\/web\/mercatinosub-la-subacquea-finalmente-e-per-tutte-le-tasche\/\",\"name\":\"Mercatinosub, la subacquea finalmente \u00e8 per tutte le tasche - Article Marketing\",\"isPartOf\":{\"@id\":\"https:\/\/www.article-marketing.eu\/comunicati\/#website\"},\"datePublished\":\"2010-07-01T07:45:23+00:00\",\"author\":{\"@id\":\"https:\/\/www.article-marketing.eu\/comunicati\/#\/schema\/person\/44372e4d4d0fa797b18e03ed1ace9017\"},\"breadcrumb\":{\"@id\":\"https:\/\/www.article-marketing.eu\/comunicati\/comunicati-stampa\/web\/mercatinosub-la-subacquea-finalmente-e-per-tutte-le-tasche\/#breadcrumb\"},\"inLanguage\":\"it-IT\",\"potentialAction\":[{\"@type\":\"ReadAction\",\"target\":[\"https:\/\/www.article-marketing.eu\/comunicati\/comunicati-stampa\/web\/mercatinosub-la-subacquea-finalmente-e-per-tutte-le-tasche\/\"]}]},{\"@type\":\"BreadcrumbList\",\"@id\":\"https:\/\/www.article-marketing.eu\/comunicati\/comunicati-stampa\/web\/mercatinosub-la-subacquea-finalmente-e-per-tutte-le-tasche\/#breadcrumb\",\"itemListElement\":[{\"@type\":\"ListItem\",\"position\":1,\"name\":\"Home\",\"item\":\"https:\/\/www.article-marketing.eu\/comunicati\/\"},{\"@type\":\"ListItem\",\"position\":2,\"name\":\"Mercatinosub, la subacquea finalmente \u00e8 per tutte le tasche\"}]},{\"@type\":\"WebSite\",\"@id\":\"https:\/\/www.article-marketing.eu\/comunicati\/#website\",\"url\":\"https:\/\/www.article-marketing.eu\/comunicati\/\",\"name\":\"Article Marketing\",\"description\":\"article marketing &amp; press release\",\"potentialAction\":[{\"@type\":\"SearchAction\",\"target\":{\"@type\":\"EntryPoint\",\"urlTemplate\":\"https:\/\/www.article-marketing.eu\/comunicati\/?s={search_term_string}\"},\"query-input\":{\"@type\":\"PropertyValueSpecification\",\"valueRequired\":true,\"valueName\":\"search_term_string\"}}],\"inLanguage\":\"it-IT\"},{\"@type\":\"Person\",\"@id\":\"https:\/\/www.article-marketing.eu\/comunicati\/#\/schema\/person\/44372e4d4d0fa797b18e03ed1ace9017\",\"name\":\"Redazione Comunicati Stampa\",\"image\":{\"@type\":\"ImageObject\",\"inLanguage\":\"it-IT\",\"@id\":\"https:\/\/www.article-marketing.eu\/comunicati\/#\/schema\/person\/image\/\",\"url\":\"https:\/\/secure.gravatar.com\/avatar\/50e5c6421d3072f42e7ace803501602c60d75233d34e29fd05feb91c8760b792?s=96&d=mm&r=g\",\"contentUrl\":\"https:\/\/secure.gravatar.com\/avatar\/50e5c6421d3072f42e7ace803501602c60d75233d34e29fd05feb91c8760b792?s=96&d=mm&r=g\",\"caption\":\"Redazione Comunicati Stampa\"},\"url\":\"https:\/\/www.article-marketing.eu\/comunicati\/author\/redazione-comunicati-stampa\/\"}]}<\/script>\n<!-- \/ Yoast SEO plugin. -->","yoast_head_json":{"title":"Mercatinosub, la subacquea finalmente \u00e8 per tutte le tasche - Article Marketing","robots":{"index":"index","follow":"follow","max-snippet":"max-snippet:-1","max-image-preview":"max-image-preview:large","max-video-preview":"max-video-preview:-1"},"canonical":"https:\/\/www.article-marketing.eu\/comunicati\/comunicati-stampa\/web\/mercatinosub-la-subacquea-finalmente-e-per-tutte-le-tasche\/","og_locale":"it_IT","og_type":"article","og_title":"Mercatinosub, la subacquea finalmente \u00e8 per tutte le tasche - Article Marketing","og_description":"Nasce anche in Italia il primo mercatino online dell'usato per subacquei, mercatinosub.com","og_url":"https:\/\/www.article-marketing.eu\/comunicati\/comunicati-stampa\/web\/mercatinosub-la-subacquea-finalmente-e-per-tutte-le-tasche\/","og_site_name":"Article Marketing","article_published_time":"2010-07-01T07:45:23+00:00","author":"Redazione Comunicati Stampa","twitter_card":"summary_large_image","twitter_misc":{"Scritto da":"Redazione Comunicati Stampa","Tempo di lettura stimato":"1 minuto"},"schema":{"@context":"https:\/\/schema.org","@graph":[{"@type":"Article","@id":"https:\/\/www.article-marketing.eu\/comunicati\/comunicati-stampa\/web\/mercatinosub-la-subacquea-finalmente-e-per-tutte-le-tasche\/#article","isPartOf":{"@id":"https:\/\/www.article-marketing.eu\/comunicati\/comunicati-stampa\/web\/mercatinosub-la-subacquea-finalmente-e-per-tutte-le-tasche\/"},"author":{"name":"Redazione Comunicati Stampa","@id":"https:\/\/www.article-marketing.eu\/comunicati\/#\/schema\/person\/44372e4d4d0fa797b18e03ed1ace9017"},"headline":"Mercatinosub, la subacquea finalmente \u00e8 per tutte le tasche","datePublished":"2010-07-01T07:45:23+00:00","mainEntityOfPage":{"@id":"https:\/\/www.article-marketing.eu\/comunicati\/comunicati-stampa\/web\/mercatinosub-la-subacquea-finalmente-e-per-tutte-le-tasche\/"},"wordCount":295,"commentCount":0,"keywords":["accessori sub","annunci usato","articoli sub","attrezzatura da sub","attrezzatura sub","attrezzatura sub usata","attrezzatura subacquea","attrezzatura subacquea usata","attrezzature sub","attrezzature subacquee","bombole sub","borsa sub","coltelli sub","computer sub","erogatore mares","erogatori scubapro","erogatori sub","fucile subacqueo","fucili subacquei","gav mares","gav sub","mares abyss","maschere sub","mercatini dell'usato","mercatini usato","mercatino","mercatino usato","mercato usato","muta da sub","muta stagna","muta sub","mute apnea","mute da sub","mute semistagne","mute stagne","mute sub","mute umide","negozi sub","negozi usato","orologi sub","pinne cressi","pinne mares","torcia sub","torcia subacquea","usato","vendita usato","windsurf muta"],"articleSection":["Web"],"inLanguage":"it-IT","potentialAction":[{"@type":"CommentAction","name":"Comment","target":["https:\/\/www.article-marketing.eu\/comunicati\/comunicati-stampa\/web\/mercatinosub-la-subacquea-finalmente-e-per-tutte-le-tasche\/#respond"]}]},{"@type":"WebPage","@id":"https:\/\/www.article-marketing.eu\/comunicati\/comunicati-stampa\/web\/mercatinosub-la-subacquea-finalmente-e-per-tutte-le-tasche\/","url":"https:\/\/www.article-marketing.eu\/comunicati\/comunicati-stampa\/web\/mercatinosub-la-subacquea-finalmente-e-per-tutte-le-tasche\/","name":"Mercatinosub, la subacquea finalmente \u00e8 per tutte le tasche - Article Marketing","isPartOf":{"@id":"https:\/\/www.article-marketing.eu\/comunicati\/#website"},"datePublished":"2010-07-01T07:45:23+00:00","author":{"@id":"https:\/\/www.article-marketing.eu\/comunicati\/#\/schema\/person\/44372e4d4d0fa797b18e03ed1ace9017"},"breadcrumb":{"@id":"https:\/\/www.article-marketing.eu\/comunicati\/comunicati-stampa\/web\/mercatinosub-la-subacquea-finalmente-e-per-tutte-le-tasche\/#breadcrumb"},"inLanguage":"it-IT","potentialAction":[{"@type":"ReadAction","target":["https:\/\/www.article-marketing.eu\/comunicati\/comunicati-stampa\/web\/mercatinosub-la-subacquea-finalmente-e-per-tutte-le-tasche\/"]}]},{"@type":"BreadcrumbList","@id":"https:\/\/www.article-marketing.eu\/comunicati\/comunicati-stampa\/web\/mercatinosub-la-subacquea-finalmente-e-per-tutte-le-tasche\/#breadcrumb","itemListElement":[{"@type":"ListItem","position":1,"name":"Home","item":"https:\/\/www.article-marketing.eu\/comunicati\/"},{"@type":"ListItem","position":2,"name":"Mercatinosub, la subacquea finalmente \u00e8 per tutte le tasche"}]},{"@type":"WebSite","@id":"https:\/\/www.article-marketing.eu\/comunicati\/#website","url":"https:\/\/www.article-marketing.eu\/comunicati\/","name":"Article Marketing","description":"article marketing &amp; press release","potentialAction":[{"@type":"SearchAction","target":{"@type":"EntryPoint","urlTemplate":"https:\/\/www.article-marketing.eu\/comunicati\/?s={search_term_string}"},"query-input":{"@type":"PropertyValueSpecification","valueRequired":true,"valueName":"search_term_string"}}],"inLanguage":"it-IT"},{"@type":"Person","@id":"https:\/\/www.article-marketing.eu\/comunicati\/#\/schema\/person\/44372e4d4d0fa797b18e03ed1ace9017","name":"Redazione Comunicati Stampa","image":{"@type":"ImageObject","inLanguage":"it-IT","@id":"https:\/\/www.article-marketing.eu\/comunicati\/#\/schema\/person\/image\/","url":"https:\/\/secure.gravatar.com\/avatar\/50e5c6421d3072f42e7ace803501602c60d75233d34e29fd05feb91c8760b792?s=96&d=mm&r=g","contentUrl":"https:\/\/secure.gravatar.com\/avatar\/50e5c6421d3072f42e7ace803501602c60d75233d34e29fd05feb91c8760b792?s=96&d=mm&r=g","caption":"Redazione Comunicati Stampa"},"url":"https:\/\/www.article-marketing.eu\/comunicati\/author\/redazione-comunicati-stampa\/"}]}},"_links":{"self":[{"href":"https:\/\/www.article-marketing.eu\/comunicati\/wp-json\/wp\/v2\/posts\/5651","targetHints":{"allow":["GET"]}}],"collection":[{"href":"https:\/\/www.article-marketing.eu\/comunicati\/wp-json\/wp\/v2\/posts"}],"about":[{"href":"https:\/\/www.article-marketing.eu\/comunicati\/wp-json\/wp\/v2\/types\/post"}],"author":[{"embeddable":true,"href":"https:\/\/www.article-marketing.eu\/comunicati\/wp-json\/wp\/v2\/users\/10"}],"replies":[{"embeddable":true,"href":"https:\/\/www.article-marketing.eu\/comunicati\/wp-json\/wp\/v2\/comments?post=5651"}],"version-history":[{"count":0,"href":"https:\/\/www.article-marketing.eu\/comunicati\/wp-json\/wp\/v2\/posts\/5651\/revisions"}],"wp:attachment":[{"href":"https:\/\/www.article-marketing.eu\/comunicati\/wp-json\/wp\/v2\/media?parent=5651"}],"wp:term":[{"taxonomy":"category","embeddable":true,"href":"https:\/\/www.article-marketing.eu\/comunicati\/wp-json\/wp\/v2\/categories?post=5651"},{"taxonomy":"post_tag","embeddable":true,"href":"https:\/\/www.article-marketing.eu\/comunicati\/wp-json\/wp\/v2\/tags?post=5651"}],"curies":[{"name":"wp","href":"https:\/\/api.w.org\/{rel}","templated":true}]}}